{"id":44194,"date":"2023-03-24T14:54:59","date_gmt":"2023-03-24T13:54:59","guid":{"rendered":"https:\/\/dignitynews.eu\/?p=44194"},"modified":"2023-03-24T14:54:59","modified_gmt":"2023-03-24T13:54:59","slug":"jeder-in-meinem-haus-hatte-seine-aufgabe-wie-jadwiga-grzymala-dobiecka-juden-in-warschau-versteckte","status":"publish","type":"post","link":"https:\/\/dignitynews.eu\/de\/jeder-in-meinem-haus-hatte-seine-aufgabe-wie-jadwiga-grzymala-dobiecka-juden-in-warschau-versteckte\/","title":{"rendered":"\u00a0\u201eJeder in meinem Haus hatte seine Aufgabe\u201d. Wie Jadwiga Grzyma\u0142a-Dobiecka Juden in Warschau versteckte"},"content":{"rendered":"<p><b>Ab Mai 1942 versteckte Jadwiga Grzyma\u0142a-Dobiecka vier Juden in ihrer Warschauer Wohnung in der Madali\u0144skiego-Stra\u00dfe 42\/76. Zwei Monate sp\u00e4ter \u2014 in der zweiten Julih\u00e4lfte desselben Jahres \u2014 starteten die Deutschen eine \u201egro\u00dfe Liquidierungsaktion\u201d im Ghetto. Insgesamt versteckten sich bis zum Warschauer Aufstand bis zu acht Personen in ihrer Wohnung.\u00a0<\/b><\/p>\n<p><span style=\"font-weight: 400;\">Die Wohnung von Jadwiga Grzyma\u0142a-Dobiecka in der Madali\u0144skiego-Stra\u00dfe bestand aus drei Zimmern. In einem wohnten die versteckten Juden: Dr. Stefan Vargesslich und seine Frau Judyta, Roman Warszawski und Aleksander Pomper. Im Sp\u00e4therbst 1943 wandte sich Bronis\u0142awa Maria Feinmesser-Warman, Pseudonym \u201eMarysia\u201d, eine Meldeg\u00e4ngerin des Bundes, an die im Untergrund t\u00e4tige Polin und bat sie, zwei j\u00fcdische Frauen zu verstecken. Sie hatten die grausame Liquidierung eines Zwangsarbeitslagers f\u00fcr Juden in Poniatowa in der Region Lublin \u00fcberlebt. Eine der beiden Frauen war verwundet. Die Frauen wurden vor\u00fcbergehend unter sehr schwierigen Bedingungen im Stadtteil Muran\u00f3w untergebracht und in einer Wachstube versteckt.\u00a0\u00a0<\/span><\/p>\n<p><span style=\"font-weight: 400;\">Grzyma\u0142a-Dobiecka nahm sie auf. Als eine der \u00dcberlebenden nach dem Baden ein gemachtes Bett vor sich sah, bekam sie einen Weinkrampf und fiel in Ohnmacht. Bald wurde deutlich, dass die Genesung der beiden ausgemergelten J\u00fcdinnen nicht gut verlief. Leider musste eine von ihnen unter Narkose schwer operiert werden. Diese Aufgabe wurde von einem jungen Chirurgen, W\u0142odzimierz Mizgir-Chojnacki, \u00fcbernommen. Die Operation verlief gut.\u00a0<\/span><\/p>\n<p><span style=\"font-weight: 400;\">Zu den sechs Fl\u00fcchtlingen gesellten sich dann noch zwei Jungen im Alter von 8 und 9 Jahren. Die gesamte Gruppe hatte streng festgelegte Hausaufgaben zu erledigen. Die Kinder erhielten Hausunterricht von Roman Warszawski. Ein wichtiger Teil ihres Lebens war die st\u00e4ndige Beobachtung des Fensters. Bis 12.00 Uhr hatten die j\u00fcdischen Sch\u00fctzlinge Dienst und zwischen 12.00 und 3.00 Uhr nachts die Polin, die manchmal von den versteckten Juden begleitet wurde. Der Grund daf\u00fcr war, dass die Ankunft der Deutschen jeden Moment erwartet wurde und man hoffte, dass es dank des Dienstes m\u00f6glich sein w\u00fcrde, rechtzeitig aus dem Mietshaus zu verschwinden.\u00a0<\/span><\/p>\n<p><span style=\"font-weight: 400;\">Ende Mai 1944 gab es einen \u201eBesuch\u201d der deutschen Besatzer. Er fand in der Abwesenheit von Grzyma\u0142a-Dobiecka statt. Obwohl die Deutschen sehr intensiv an die Wohnung klopften, gaben sie nach einiger Zeit auf, da sie die Wohnung f\u00fcr leer hielten. Kurze Zeit sp\u00e4ter \u00fcberlebte die Polin einen Raub\u00fcberfall, bei dem ihre Wohnung ausgeraubt wurde. Zu dieser Zeit lebten die Juden aus Sicherheitsgr\u00fcnden in der Waschk\u00fcche desselben Mietshauses. Bis auf Pomper \u00fcberlebten alle den Krieg.<\/span><\/p>\n","protected":false},"excerpt":{"rendered":"<p>Ab Mai 1942 versteckte Jadwiga Grzyma\u0142a-Dobiecka vier Juden in ihrer Warschauer Wohnung in der Madali\u0144skiego-Stra\u00dfe 42\/76. Zwei Monate sp\u00e4ter \u2014 in der zweiten Julih\u00e4lfte desselben Jahres \u2014 starteten die Deutschen&hellip;<\/p>\n","protected":false},"author":3,"featured_media":44097,"comment_status":"closed","ping_status":"open","sticky":false,"template":"","format":"standard","meta":{"_mi_skip_tracking":false,"footnotes":""},"categories":[52],"tags":[],"class_list":["post-44194","post","type-post","status-publish","format-standard","has-post-thumbnail","hentry","category-geschichte"],"yoast_head":"<!-- This site is optimized with the Yoast SEO plugin v19.4 - https:\/\/yoast.com\/wordpress\/plugins\/seo\/ -->\n<title>\u00a0\u201eJeder in meinem Haus hatte seine Aufgabe\u201d. Wie Jadwiga Grzyma\u0142a-Dobiecka Juden in Warschau versteckte - W\u00fcrde - DignityNews.eu<\/title>\n<meta name=\"robots\" content=\"index, follow, max-snippet:-1, max-image-preview:large, max-video-preview:-1\" \/>\n<link rel=\"canonical\" href=\"https:\/\/dignitynews.eu\/de\/jeder-in-meinem-haus-hatte-seine-aufgabe-wie-jadwiga-grzymala-dobiecka-juden-in-warschau-versteckte\/\" \/>\n<meta property=\"og:locale\" content=\"de_DE\" \/>\n<meta property=\"og:type\" content=\"article\" \/>\n<meta property=\"og:title\" content=\"\u00a0\u201eJeder in meinem Haus hatte seine Aufgabe\u201d. Wie Jadwiga Grzyma\u0142a-Dobiecka Juden in Warschau versteckte - W\u00fcrde - DignityNews.eu\" \/>\n<meta property=\"og:description\" content=\"Ab Mai 1942 versteckte Jadwiga Grzyma\u0142a-Dobiecka vier Juden in ihrer Warschauer Wohnung in der Madali\u0144skiego-Stra\u00dfe 42\/76. Zwei Monate sp\u00e4ter \u2014 in der zweiten Julih\u00e4lfte desselben Jahres \u2014 starteten die Deutschen&hellip;\" \/>\n<meta property=\"og:url\" content=\"https:\/\/dignitynews.eu\/de\/jeder-in-meinem-haus-hatte-seine-aufgabe-wie-jadwiga-grzymala-dobiecka-juden-in-warschau-versteckte\/\" \/>\n<meta property=\"og:site_name\" content=\"W\u00fcrde - DignityNews.eu\" \/>\n<meta property=\"article:published_time\" content=\"2023-03-24T13:54:59+00:00\" \/>\n<meta property=\"og:image\" content=\"https:\/\/dignitynews.eu\/wp-content\/uploads\/2023\/03\/Ulica_Madalinskiego-scaled.jpg\" \/>\n\t<meta property=\"og:image:width\" content=\"2560\" \/>\n\t<meta property=\"og:image:height\" content=\"1707\" \/>\n\t<meta property=\"og:image:type\" content=\"image\/jpeg\" \/>\n<meta name=\"author\" content=\"DignityNews.eu\" \/>\n<meta name=\"twitter:card\" content=\"summary_large_image\" \/>\n<meta name=\"twitter:label1\" content=\"Verfasst von\" \/>\n\t<meta name=\"twitter:data1\" content=\"DignityNews.eu\" \/>\n\t<meta name=\"twitter:label2\" content=\"Gesch\u00e4tzte Lesezeit\" \/>\n\t<meta name=\"twitter:data2\" content=\"2\u00a0Minuten\" \/>\n<script type=\"application\/ld+json\" class=\"yoast-schema-graph\">{\"@context\":\"https:\/\/schema.org\",\"@graph\":[{\"@type\":\"WebSite\",\"@id\":\"https:\/\/dignitynews.eu\/pl\/#website\",\"url\":\"https:\/\/dignitynews.eu\/pl\/\",\"name\":\"W\u00fcrde - DignityNews.eu\",\"description\":\"\",\"potentialAction\":[{\"@type\":\"SearchAction\",\"target\":{\"@type\":\"EntryPoint\",\"urlTemplate\":\"https:\/\/dignitynews.eu\/pl\/?s={search_term_string}\"},\"query-input\":\"required name=search_term_string\"}],\"inLanguage\":\"de\"},{\"@type\":\"WebPage\",\"@id\":\"https:\/\/dignitynews.eu\/de\/jeder-in-meinem-haus-hatte-seine-aufgabe-wie-jadwiga-grzymala-dobiecka-juden-in-warschau-versteckte\/\",\"url\":\"https:\/\/dignitynews.eu\/de\/jeder-in-meinem-haus-hatte-seine-aufgabe-wie-jadwiga-grzymala-dobiecka-juden-in-warschau-versteckte\/\",\"name\":\"\u00a0\u201eJeder in meinem Haus hatte seine Aufgabe\u201d. Wie Jadwiga Grzyma\u0142a-Dobiecka Juden in Warschau versteckte - W\u00fcrde - DignityNews.eu\",\"isPartOf\":{\"@id\":\"https:\/\/dignitynews.eu\/pl\/#website\"},\"datePublished\":\"2023-03-24T13:54:59+00:00\",\"dateModified\":\"2023-03-24T13:54:59+00:00\",\"author\":{\"@id\":\"https:\/\/dignitynews.eu\/pl\/#\/schema\/person\/4d8f570a0fd5c310685d78d9e520982c\"},\"breadcrumb\":{\"@id\":\"https:\/\/dignitynews.eu\/de\/jeder-in-meinem-haus-hatte-seine-aufgabe-wie-jadwiga-grzymala-dobiecka-juden-in-warschau-versteckte\/#breadcrumb\"},\"inLanguage\":\"de\",\"potentialAction\":[{\"@type\":\"ReadAction\",\"target\":[\"https:\/\/dignitynews.eu\/de\/jeder-in-meinem-haus-hatte-seine-aufgabe-wie-jadwiga-grzymala-dobiecka-juden-in-warschau-versteckte\/\"]}]},{\"@type\":\"BreadcrumbList\",\"@id\":\"https:\/\/dignitynews.eu\/de\/jeder-in-meinem-haus-hatte-seine-aufgabe-wie-jadwiga-grzymala-dobiecka-juden-in-warschau-versteckte\/#breadcrumb\",\"itemListElement\":[{\"@type\":\"ListItem\",\"position\":1,\"name\":\"Strona g\u0142\u00f3wna\",\"item\":\"https:\/\/dignitynews.eu\/de\/\"},{\"@type\":\"ListItem\",\"position\":2,\"name\":\"\u00a0\u201eJeder in meinem Haus hatte seine Aufgabe\u201d. Wie Jadwiga Grzyma\u0142a-Dobiecka Juden in Warschau versteckte\"}]},{\"@type\":\"Person\",\"@id\":\"https:\/\/dignitynews.eu\/pl\/#\/schema\/person\/4d8f570a0fd5c310685d78d9e520982c\",\"name\":\"DignityNews.eu\",\"image\":{\"@type\":\"ImageObject\",\"inLanguage\":\"de\",\"@id\":\"https:\/\/dignitynews.eu\/pl\/#\/schema\/person\/image\/\",\"url\":\"https:\/\/secure.gravatar.com\/avatar\/b9fb3aa3cd2d5d3a6d24e67a6b58bc2980bf0c7f7bd3657a6322b8df227da3d9?s=96&d=mm&r=g\",\"contentUrl\":\"https:\/\/secure.gravatar.com\/avatar\/b9fb3aa3cd2d5d3a6d24e67a6b58bc2980bf0c7f7bd3657a6322b8df227da3d9?s=96&d=mm&r=g\",\"caption\":\"DignityNews.eu\"},\"sameAs\":[\"aleksandra\"],\"url\":\"https:\/\/dignitynews.eu\/de\/author\/aleksandra\/\"}]}<\/script>\n<!-- \/ Yoast SEO plugin. -->","yoast_head_json":{"title":"\u00a0\u201eJeder in meinem Haus hatte seine Aufgabe\u201d. Wie Jadwiga Grzyma\u0142a-Dobiecka Juden in Warschau versteckte - W\u00fcrde - DignityNews.eu","robots":{"index":"index","follow":"follow","max-snippet":"max-snippet:-1","max-image-preview":"max-image-preview:large","max-video-preview":"max-video-preview:-1"},"canonical":"https:\/\/dignitynews.eu\/de\/jeder-in-meinem-haus-hatte-seine-aufgabe-wie-jadwiga-grzymala-dobiecka-juden-in-warschau-versteckte\/","og_locale":"de_DE","og_type":"article","og_title":"\u00a0\u201eJeder in meinem Haus hatte seine Aufgabe\u201d. Wie Jadwiga Grzyma\u0142a-Dobiecka Juden in Warschau versteckte - W\u00fcrde - DignityNews.eu","og_description":"Ab Mai 1942 versteckte Jadwiga Grzyma\u0142a-Dobiecka vier Juden in ihrer Warschauer Wohnung in der Madali\u0144skiego-Stra\u00dfe 42\/76. Zwei Monate sp\u00e4ter \u2014 in der zweiten Julih\u00e4lfte desselben Jahres \u2014 starteten die Deutschen&hellip;","og_url":"https:\/\/dignitynews.eu\/de\/jeder-in-meinem-haus-hatte-seine-aufgabe-wie-jadwiga-grzymala-dobiecka-juden-in-warschau-versteckte\/","og_site_name":"W\u00fcrde - DignityNews.eu","article_published_time":"2023-03-24T13:54:59+00:00","og_image":[{"width":2560,"height":1707,"url":"https:\/\/dignitynews.eu\/wp-content\/uploads\/2023\/03\/Ulica_Madalinskiego-scaled.jpg","type":"image\/jpeg"}],"author":"DignityNews.eu","twitter_card":"summary_large_image","twitter_misc":{"Verfasst von":"DignityNews.eu","Gesch\u00e4tzte Lesezeit":"2\u00a0Minuten"},"schema":{"@context":"https:\/\/schema.org","@graph":[{"@type":"WebSite","@id":"https:\/\/dignitynews.eu\/pl\/#website","url":"https:\/\/dignitynews.eu\/pl\/","name":"W\u00fcrde - DignityNews.eu","description":"","potentialAction":[{"@type":"SearchAction","target":{"@type":"EntryPoint","urlTemplate":"https:\/\/dignitynews.eu\/pl\/?s={search_term_string}"},"query-input":"required name=search_term_string"}],"inLanguage":"de"},{"@type":"WebPage","@id":"https:\/\/dignitynews.eu\/de\/jeder-in-meinem-haus-hatte-seine-aufgabe-wie-jadwiga-grzymala-dobiecka-juden-in-warschau-versteckte\/","url":"https:\/\/dignitynews.eu\/de\/jeder-in-meinem-haus-hatte-seine-aufgabe-wie-jadwiga-grzymala-dobiecka-juden-in-warschau-versteckte\/","name":"\u00a0\u201eJeder in meinem Haus hatte seine Aufgabe\u201d. Wie Jadwiga Grzyma\u0142a-Dobiecka Juden in Warschau versteckte - W\u00fcrde - DignityNews.eu","isPartOf":{"@id":"https:\/\/dignitynews.eu\/pl\/#website"},"datePublished":"2023-03-24T13:54:59+00:00","dateModified":"2023-03-24T13:54:59+00:00","author":{"@id":"https:\/\/dignitynews.eu\/pl\/#\/schema\/person\/4d8f570a0fd5c310685d78d9e520982c"},"breadcrumb":{"@id":"https:\/\/dignitynews.eu\/de\/jeder-in-meinem-haus-hatte-seine-aufgabe-wie-jadwiga-grzymala-dobiecka-juden-in-warschau-versteckte\/#breadcrumb"},"inLanguage":"de","potentialAction":[{"@type":"ReadAction","target":["https:\/\/dignitynews.eu\/de\/jeder-in-meinem-haus-hatte-seine-aufgabe-wie-jadwiga-grzymala-dobiecka-juden-in-warschau-versteckte\/"]}]},{"@type":"BreadcrumbList","@id":"https:\/\/dignitynews.eu\/de\/jeder-in-meinem-haus-hatte-seine-aufgabe-wie-jadwiga-grzymala-dobiecka-juden-in-warschau-versteckte\/#breadcrumb","itemListElement":[{"@type":"ListItem","position":1,"name":"Strona g\u0142\u00f3wna","item":"https:\/\/dignitynews.eu\/de\/"},{"@type":"ListItem","position":2,"name":"\u00a0\u201eJeder in meinem Haus hatte seine Aufgabe\u201d. Wie Jadwiga Grzyma\u0142a-Dobiecka Juden in Warschau versteckte"}]},{"@type":"Person","@id":"https:\/\/dignitynews.eu\/pl\/#\/schema\/person\/4d8f570a0fd5c310685d78d9e520982c","name":"DignityNews.eu","image":{"@type":"ImageObject","inLanguage":"de","@id":"https:\/\/dignitynews.eu\/pl\/#\/schema\/person\/image\/","url":"https:\/\/secure.gravatar.com\/avatar\/b9fb3aa3cd2d5d3a6d24e67a6b58bc2980bf0c7f7bd3657a6322b8df227da3d9?s=96&d=mm&r=g","contentUrl":"https:\/\/secure.gravatar.com\/avatar\/b9fb3aa3cd2d5d3a6d24e67a6b58bc2980bf0c7f7bd3657a6322b8df227da3d9?s=96&d=mm&r=g","caption":"DignityNews.eu"},"sameAs":["aleksandra"],"url":"https:\/\/dignitynews.eu\/de\/author\/aleksandra\/"}]}},"_links":{"self":[{"href":"https:\/\/dignitynews.eu\/de\/wp-json\/wp\/v2\/posts\/44194","targetHints":{"allow":["GET"]}}],"collection":[{"href":"https:\/\/dignitynews.eu\/de\/wp-json\/wp\/v2\/posts"}],"about":[{"href":"https:\/\/dignitynews.eu\/de\/wp-json\/wp\/v2\/types\/post"}],"author":[{"embeddable":true,"href":"https:\/\/dignitynews.eu\/de\/wp-json\/wp\/v2\/users\/3"}],"replies":[{"embeddable":true,"href":"https:\/\/dignitynews.eu\/de\/wp-json\/wp\/v2\/comments?post=44194"}],"version-history":[{"count":1,"href":"https:\/\/dignitynews.eu\/de\/wp-json\/wp\/v2\/posts\/44194\/revisions"}],"predecessor-version":[{"id":44195,"href":"https:\/\/dignitynews.eu\/de\/wp-json\/wp\/v2\/posts\/44194\/revisions\/44195"}],"wp:featuredmedia":[{"embeddable":true,"href":"https:\/\/dignitynews.eu\/de\/wp-json\/wp\/v2\/media\/44097"}],"wp:attachment":[{"href":"https:\/\/dignitynews.eu\/de\/wp-json\/wp\/v2\/media?parent=44194"}],"wp:term":[{"taxonomy":"category","embeddable":true,"href":"https:\/\/dignitynews.eu\/de\/wp-json\/wp\/v2\/categories?post=44194"},{"taxonomy":"post_tag","embeddable":true,"href":"https:\/\/dignitynews.eu\/de\/wp-json\/wp\/v2\/tags?post=44194"}],"curies":[{"name":"wp","href":"https:\/\/api.w.org\/{rel}","templated":true}]}}