{"id":43609,"date":"2023-03-19T08:58:48","date_gmt":"2023-03-19T07:58:48","guid":{"rendered":"https:\/\/dignitynews.eu\/?p=43609"},"modified":"2023-03-19T08:59:18","modified_gmt":"2023-03-19T07:59:18","slug":"adampol-polnische-oase-in-der-tuerkei","status":"publish","type":"post","link":"https:\/\/dignitynews.eu\/de\/adampol-polnische-oase-in-der-tuerkei\/","title":{"rendered":"Adampol \u2014 polnische Oase in der T\u00fcrkei"},"content":{"rendered":"<p><b>Polonezk\u00f6y (t\u00fcrkisch f\u00fcr \u201epolnisches Dorf\u201d) ist ein Dorf in der N\u00e4he von Istanbul, das auch als Adampol bekannt ist. Es wurde im 19. Jahrhundert von polnischen Auswanderern gegr\u00fcndet. Das Amt des B\u00fcrgermeisters wird traditionell von einer Person polnischer Abstammung bekleidet.\u00a0<\/b><\/p>\n<p><span style=\"font-weight: 400;\">Im Jahr 1841 kam Micha\u0142 Czajkowski, ein polnischer Unabh\u00e4ngigkeitsaktivist, in die T\u00fcrkei. Sein Heimatland gab es damals nicht auf den Karten Europas. Im 18. Jahrhundert teilten die Gro\u00dfm\u00e4chte Russland, Preu\u00dfen und \u00d6sterreich Polen unter sich auf und hielten die polnische Gesellschaft 123 Jahre lang gefangen. Czajkowski war ein Vertreter des politischen Lagers \u201eHotel Lambert\u201d, das im Exil gegr\u00fcndet wurde, nachdem die Polen den antirussischen Unabh\u00e4ngigkeitsaufstand \u2014 den Novemberaufstand (1830-1831) \u2014 verloren hatten.<\/span><\/p>\n<p><span style=\"font-weight: 400;\">Der Pole kam in die T\u00fcrkei, um sich dort dem russischen Einfluss zu widersetzen. Er hatte n\u00e4mlich bemerkt, dass in diesem Land viele Teilnehmer des Novemberaufstands lebten, die aus Angst vor russischer Verfolgung an den Bosporus geflohen waren. F\u00fcrst Adam Czartoryski, der Leiter des politischen Lagers \u201eHotel Lambert\u201d, beauftragte ihn daher, Land zu kaufen und eine Siedlung zu gr\u00fcnden, in der polnische Patrioten leben konnten. Am 19. M\u00e4rz 1842 wurde die erste H\u00fctte des Dorfes, das zu Ehren des F\u00fcrsten Czartoryski Adampol genannt wurde, eingeweiht.\u00a0<\/span><\/p>\n<p><span style=\"font-weight: 400;\">Auch andere, mit den Polen verwandte V\u00f6lker, die von den Russen verfolgt wurden, fanden in dem Dorf Zuflucht. Es gab dort eine polnische Schule, und man hat haupts\u00e4chlich Polnisch gesprochen.\u00a0<\/span><\/p>\n<p><span style=\"font-weight: 400;\">Nachdem Polen 1918 seine Unabh\u00e4ngigkeit wiedererlangt hatte, kehrten einige Einwohner von Adampol in die freie Heimat zur\u00fcck. Im Jahr 1937 besuchte sogar Mustafa Kemal Atat\u00fcrk, der \u201eVater der T\u00fcrken\u201d, der erste Pr\u00e4sident und einer der Gr\u00fcnder der Republik T\u00fcrkei, den Ort.\u00a0<\/span><\/p>\n<p><span style=\"font-weight: 400;\">Der von Deutschland und der Sowjetunion entfesselte Zweite Weltkrieg brachte f\u00fcr Adampol keine leichten Zeiten. Obwohl die T\u00fcrkei ein neutraler Staat war, wollten die t\u00fcrkischen Beh\u00f6rden die deutschen Nazis nicht ver\u00e4rgern und f\u00fchrten daher bestimmte Beschr\u00e4nkungen f\u00fcr polnische Einwanderer ein, die auf t\u00fcrkischem Boden lebten. Unter anderem war es den Polen verboten, den Jahrestag der Verabschiedung der Verfassung vom 3. Mai zu feiern, und polnische Fahnen wurden beschlagnahmt. Nach dem Ende des Zweiten Weltkriegs wurden die Kontakte zwischen Adampol und seinem Heimatland immer schw\u00e4cher, da das kommunistische Polen kein Interesse an der Aufrechterhaltung der Beziehungen zum polnischen Dorf in der T\u00fcrkei hatte.\u00a0\u00a0<\/span><\/p>\n<p><span style=\"font-weight: 400;\">Heute ist Adampol eine Art Oase der altpolnischen Kultur. Die Menschen polnischer Herkunft sind derzeit in dem Dorf in der Minderheit (1\/3 der Einwohner). Sie sind die Nachkommen derjenigen, die f\u00fcr die polnische Unabh\u00e4ngigkeit gek\u00e4mpft und ihr Leben riskiert haben. Im Sommer findet in dem Dorf ein Festival der polnischen Kultur statt.<\/span><\/p>\n<p>&nbsp;<\/p>\n","protected":false},"excerpt":{"rendered":"<p>Polonezk\u00f6y (t\u00fcrkisch f\u00fcr \u201epolnisches Dorf\u201d) ist ein Dorf in der N\u00e4he von Istanbul, das auch als Adampol bekannt ist. Es wurde im 19. Jahrhundert von polnischen Auswanderern gegr\u00fcndet. Das Amt&hellip;<\/p>\n","protected":false},"author":3,"featured_media":43605,"comment_status":"closed","ping_status":"open","sticky":false,"template":"","format":"standard","meta":{"_mi_skip_tracking":false,"footnotes":""},"categories":[52],"tags":[],"class_list":["post-43609","post","type-post","status-publish","format-standard","has-post-thumbnail","hentry","category-geschichte"],"yoast_head":"<!-- This site is optimized with the Yoast SEO plugin v19.4 - https:\/\/yoast.com\/wordpress\/plugins\/seo\/ -->\n<title>Adampol \u2014 polnische Oase in der T\u00fcrkei - W\u00fcrde - DignityNews.eu<\/title>\n<meta name=\"robots\" content=\"index, follow, max-snippet:-1, max-image-preview:large, max-video-preview:-1\" \/>\n<link rel=\"canonical\" href=\"https:\/\/dignitynews.eu\/de\/adampol-polnische-oase-in-der-tuerkei\/\" \/>\n<meta property=\"og:locale\" content=\"de_DE\" \/>\n<meta property=\"og:type\" content=\"article\" \/>\n<meta property=\"og:title\" content=\"Adampol \u2014 polnische Oase in der T\u00fcrkei - W\u00fcrde - DignityNews.eu\" \/>\n<meta property=\"og:description\" content=\"Polonezk\u00f6y (t\u00fcrkisch f\u00fcr \u201epolnisches Dorf\u201d) ist ein Dorf in der N\u00e4he von Istanbul, das auch als Adampol bekannt ist. Es wurde im 19. Jahrhundert von polnischen Auswanderern gegr\u00fcndet. Das Amt&hellip;\" \/>\n<meta property=\"og:url\" content=\"https:\/\/dignitynews.eu\/de\/adampol-polnische-oase-in-der-tuerkei\/\" \/>\n<meta property=\"og:site_name\" content=\"W\u00fcrde - DignityNews.eu\" \/>\n<meta property=\"article:published_time\" content=\"2023-03-19T07:58:48+00:00\" \/>\n<meta property=\"article:modified_time\" content=\"2023-03-19T07:59:18+00:00\" \/>\n<meta property=\"og:image\" content=\"https:\/\/dignitynews.eu\/wp-content\/uploads\/2023\/03\/Polonezkoy_08883_nevit-scaled.jpg\" \/>\n\t<meta property=\"og:image:width\" content=\"2560\" \/>\n\t<meta property=\"og:image:height\" content=\"1920\" \/>\n\t<meta property=\"og:image:type\" content=\"image\/jpeg\" \/>\n<meta name=\"author\" content=\"DignityNews.eu\" \/>\n<meta name=\"twitter:card\" content=\"summary_large_image\" \/>\n<meta name=\"twitter:label1\" content=\"Verfasst von\" \/>\n\t<meta name=\"twitter:data1\" content=\"DignityNews.eu\" \/>\n\t<meta name=\"twitter:label2\" content=\"Gesch\u00e4tzte Lesezeit\" \/>\n\t<meta name=\"twitter:data2\" content=\"2\u00a0Minuten\" \/>\n<script type=\"application\/ld+json\" class=\"yoast-schema-graph\">{\"@context\":\"https:\/\/schema.org\",\"@graph\":[{\"@type\":\"WebSite\",\"@id\":\"https:\/\/dignitynews.eu\/pl\/#website\",\"url\":\"https:\/\/dignitynews.eu\/pl\/\",\"name\":\"W\u00fcrde - DignityNews.eu\",\"description\":\"\",\"potentialAction\":[{\"@type\":\"SearchAction\",\"target\":{\"@type\":\"EntryPoint\",\"urlTemplate\":\"https:\/\/dignitynews.eu\/pl\/?s={search_term_string}\"},\"query-input\":\"required name=search_term_string\"}],\"inLanguage\":\"de\"},{\"@type\":\"WebPage\",\"@id\":\"https:\/\/dignitynews.eu\/de\/adampol-polnische-oase-in-der-tuerkei\/\",\"url\":\"https:\/\/dignitynews.eu\/de\/adampol-polnische-oase-in-der-tuerkei\/\",\"name\":\"Adampol \u2014 polnische Oase in der T\u00fcrkei - W\u00fcrde - DignityNews.eu\",\"isPartOf\":{\"@id\":\"https:\/\/dignitynews.eu\/pl\/#website\"},\"datePublished\":\"2023-03-19T07:58:48+00:00\",\"dateModified\":\"2023-03-19T07:59:18+00:00\",\"author\":{\"@id\":\"https:\/\/dignitynews.eu\/pl\/#\/schema\/person\/4d8f570a0fd5c310685d78d9e520982c\"},\"breadcrumb\":{\"@id\":\"https:\/\/dignitynews.eu\/de\/adampol-polnische-oase-in-der-tuerkei\/#breadcrumb\"},\"inLanguage\":\"de\",\"potentialAction\":[{\"@type\":\"ReadAction\",\"target\":[\"https:\/\/dignitynews.eu\/de\/adampol-polnische-oase-in-der-tuerkei\/\"]}]},{\"@type\":\"BreadcrumbList\",\"@id\":\"https:\/\/dignitynews.eu\/de\/adampol-polnische-oase-in-der-tuerkei\/#breadcrumb\",\"itemListElement\":[{\"@type\":\"ListItem\",\"position\":1,\"name\":\"Strona g\u0142\u00f3wna\",\"item\":\"https:\/\/dignitynews.eu\/de\/\"},{\"@type\":\"ListItem\",\"position\":2,\"name\":\"Adampol \u2014 polnische Oase in der T\u00fcrkei\"}]},{\"@type\":\"Person\",\"@id\":\"https:\/\/dignitynews.eu\/pl\/#\/schema\/person\/4d8f570a0fd5c310685d78d9e520982c\",\"name\":\"DignityNews.eu\",\"image\":{\"@type\":\"ImageObject\",\"inLanguage\":\"de\",\"@id\":\"https:\/\/dignitynews.eu\/pl\/#\/schema\/person\/image\/\",\"url\":\"https:\/\/secure.gravatar.com\/avatar\/b9fb3aa3cd2d5d3a6d24e67a6b58bc2980bf0c7f7bd3657a6322b8df227da3d9?s=96&d=mm&r=g\",\"contentUrl\":\"https:\/\/secure.gravatar.com\/avatar\/b9fb3aa3cd2d5d3a6d24e67a6b58bc2980bf0c7f7bd3657a6322b8df227da3d9?s=96&d=mm&r=g\",\"caption\":\"DignityNews.eu\"},\"sameAs\":[\"aleksandra\"],\"url\":\"https:\/\/dignitynews.eu\/de\/author\/aleksandra\/\"}]}<\/script>\n<!-- \/ Yoast SEO plugin. -->","yoast_head_json":{"title":"Adampol \u2014 polnische Oase in der T\u00fcrkei - W\u00fcrde - DignityNews.eu","robots":{"index":"index","follow":"follow","max-snippet":"max-snippet:-1","max-image-preview":"max-image-preview:large","max-video-preview":"max-video-preview:-1"},"canonical":"https:\/\/dignitynews.eu\/de\/adampol-polnische-oase-in-der-tuerkei\/","og_locale":"de_DE","og_type":"article","og_title":"Adampol \u2014 polnische Oase in der T\u00fcrkei - W\u00fcrde - DignityNews.eu","og_description":"Polonezk\u00f6y (t\u00fcrkisch f\u00fcr \u201epolnisches Dorf\u201d) ist ein Dorf in der N\u00e4he von Istanbul, das auch als Adampol bekannt ist. Es wurde im 19. Jahrhundert von polnischen Auswanderern gegr\u00fcndet. Das Amt&hellip;","og_url":"https:\/\/dignitynews.eu\/de\/adampol-polnische-oase-in-der-tuerkei\/","og_site_name":"W\u00fcrde - DignityNews.eu","article_published_time":"2023-03-19T07:58:48+00:00","article_modified_time":"2023-03-19T07:59:18+00:00","og_image":[{"width":2560,"height":1920,"url":"https:\/\/dignitynews.eu\/wp-content\/uploads\/2023\/03\/Polonezkoy_08883_nevit-scaled.jpg","type":"image\/jpeg"}],"author":"DignityNews.eu","twitter_card":"summary_large_image","twitter_misc":{"Verfasst von":"DignityNews.eu","Gesch\u00e4tzte Lesezeit":"2\u00a0Minuten"},"schema":{"@context":"https:\/\/schema.org","@graph":[{"@type":"WebSite","@id":"https:\/\/dignitynews.eu\/pl\/#website","url":"https:\/\/dignitynews.eu\/pl\/","name":"W\u00fcrde - DignityNews.eu","description":"","potentialAction":[{"@type":"SearchAction","target":{"@type":"EntryPoint","urlTemplate":"https:\/\/dignitynews.eu\/pl\/?s={search_term_string}"},"query-input":"required name=search_term_string"}],"inLanguage":"de"},{"@type":"WebPage","@id":"https:\/\/dignitynews.eu\/de\/adampol-polnische-oase-in-der-tuerkei\/","url":"https:\/\/dignitynews.eu\/de\/adampol-polnische-oase-in-der-tuerkei\/","name":"Adampol \u2014 polnische Oase in der T\u00fcrkei - W\u00fcrde - DignityNews.eu","isPartOf":{"@id":"https:\/\/dignitynews.eu\/pl\/#website"},"datePublished":"2023-03-19T07:58:48+00:00","dateModified":"2023-03-19T07:59:18+00:00","author":{"@id":"https:\/\/dignitynews.eu\/pl\/#\/schema\/person\/4d8f570a0fd5c310685d78d9e520982c"},"breadcrumb":{"@id":"https:\/\/dignitynews.eu\/de\/adampol-polnische-oase-in-der-tuerkei\/#breadcrumb"},"inLanguage":"de","potentialAction":[{"@type":"ReadAction","target":["https:\/\/dignitynews.eu\/de\/adampol-polnische-oase-in-der-tuerkei\/"]}]},{"@type":"BreadcrumbList","@id":"https:\/\/dignitynews.eu\/de\/adampol-polnische-oase-in-der-tuerkei\/#breadcrumb","itemListElement":[{"@type":"ListItem","position":1,"name":"Strona g\u0142\u00f3wna","item":"https:\/\/dignitynews.eu\/de\/"},{"@type":"ListItem","position":2,"name":"Adampol \u2014 polnische Oase in der T\u00fcrkei"}]},{"@type":"Person","@id":"https:\/\/dignitynews.eu\/pl\/#\/schema\/person\/4d8f570a0fd5c310685d78d9e520982c","name":"DignityNews.eu","image":{"@type":"ImageObject","inLanguage":"de","@id":"https:\/\/dignitynews.eu\/pl\/#\/schema\/person\/image\/","url":"https:\/\/secure.gravatar.com\/avatar\/b9fb3aa3cd2d5d3a6d24e67a6b58bc2980bf0c7f7bd3657a6322b8df227da3d9?s=96&d=mm&r=g","contentUrl":"https:\/\/secure.gravatar.com\/avatar\/b9fb3aa3cd2d5d3a6d24e67a6b58bc2980bf0c7f7bd3657a6322b8df227da3d9?s=96&d=mm&r=g","caption":"DignityNews.eu"},"sameAs":["aleksandra"],"url":"https:\/\/dignitynews.eu\/de\/author\/aleksandra\/"}]}},"_links":{"self":[{"href":"https:\/\/dignitynews.eu\/de\/wp-json\/wp\/v2\/posts\/43609","targetHints":{"allow":["GET"]}}],"collection":[{"href":"https:\/\/dignitynews.eu\/de\/wp-json\/wp\/v2\/posts"}],"about":[{"href":"https:\/\/dignitynews.eu\/de\/wp-json\/wp\/v2\/types\/post"}],"author":[{"embeddable":true,"href":"https:\/\/dignitynews.eu\/de\/wp-json\/wp\/v2\/users\/3"}],"replies":[{"embeddable":true,"href":"https:\/\/dignitynews.eu\/de\/wp-json\/wp\/v2\/comments?post=43609"}],"version-history":[{"count":1,"href":"https:\/\/dignitynews.eu\/de\/wp-json\/wp\/v2\/posts\/43609\/revisions"}],"predecessor-version":[{"id":43611,"href":"https:\/\/dignitynews.eu\/de\/wp-json\/wp\/v2\/posts\/43609\/revisions\/43611"}],"wp:featuredmedia":[{"embeddable":true,"href":"https:\/\/dignitynews.eu\/de\/wp-json\/wp\/v2\/media\/43605"}],"wp:attachment":[{"href":"https:\/\/dignitynews.eu\/de\/wp-json\/wp\/v2\/media?parent=43609"}],"wp:term":[{"taxonomy":"category","embeddable":true,"href":"https:\/\/dignitynews.eu\/de\/wp-json\/wp\/v2\/categories?post=43609"},{"taxonomy":"post_tag","embeddable":true,"href":"https:\/\/dignitynews.eu\/de\/wp-json\/wp\/v2\/tags?post=43609"}],"curies":[{"name":"wp","href":"https:\/\/api.w.org\/{rel}","templated":true}]}}