{"id":42963,"date":"2023-03-10T15:08:04","date_gmt":"2023-03-10T14:08:04","guid":{"rendered":"https:\/\/dignitynews.eu\/?p=42963"},"modified":"2023-03-10T15:08:04","modified_gmt":"2023-03-10T14:08:04","slug":"ansprache-der-sejm-marschallin-johannes-paul-ii-ist-das-was-uns-vereinigt-und-zusammenschweisst","status":"publish","type":"post","link":"https:\/\/dignitynews.eu\/de\/ansprache-der-sejm-marschallin-johannes-paul-ii-ist-das-was-uns-vereinigt-und-zusammenschweisst\/","title":{"rendered":"Ansprache der Sejm-Marschallin: \u201eJohannes Paul II. ist das, was uns vereinigt und zusammenschwei\u00dft\u201d"},"content":{"rendered":"<p><b>\u201eDie heutige Welt versucht, unsere Fundamente zu untergraben, stellt sie auf die Probe, kehrt Konzepte um und baut falsche G\u00f6tzen auf. Sie sch\u00f6pft aus den schlechten Seiten der Geschichte. Doch wer glaubt, dass wir uns manipulieren lassen, irrt sich gewaltig. F\u00fcr uns Polen ist Johannes Paul II. das, was uns vereinigt und zusammenschwei\u00dft. Er ist das wesentliche Bindeglied, das Licht der Freiheit. Wer versucht, dieses Feuer zu l\u00f6schen, wird ein klares und entschiedenes Nein h\u00f6ren\u201d, sagte Sejm-Marschallin El\u017cbieta Witek in einer Fernsehansprache am Donnerstag, dem 9. M\u00e4rz 2023.<\/b><\/p>\n<p><span style=\"font-weight: 400;\">Die Sejm-Marschallin wies darauf hin, dass es ungeachtet des Glaubens und der Ansichten \u201egemeinsame Insignien der Identit\u00e4t\u201d gebe. \u201eEs gibt unseren wei\u00dfen Adler, die wei\u00df-rote Flagge, das Bild der Muttergottes von Cz\u0119stochowa und das Portr\u00e4t von Johannes Paul II. In den schwierigsten Zeiten waren es diese Symbole, die uns am Leben erhielten, uns zusammenhielten und uns Hoffnung auf ein freies, unabh\u00e4ngiges Polen gaben. Heute wollen sie uns auf der Grundlage erfundener kommunistischer Denunziationen eines dieser Symbole wegnehmen, weil sie glauben, dass uns das spalten wird\u201d, sagte El\u017cbieta Witek.<\/span><\/p>\n<p><span style=\"font-weight: 400;\">\u201eDer Sicherheitsdienst hat versucht, Karol Wojty\u0142a zu vernichten. Das KGB hat versucht, ihn zu t\u00f6ten. Das ist damals nicht gelungen, und es wird auch heute nicht gelingen. Johannes Paul II. ist unsere Identit\u00e4t, unser Fundament und unser Bindemittel. Die Kommunisten wussten das ganz genau, deshalb haben sie zu seinen Lebzeiten versucht, ihn zu vernichten\u201d, erinnerte El\u017cbieta Witek.<\/span><\/p>\n<p><span style=\"font-weight: 400;\">Die Sejm-Marschallin erw\u00e4hnte auch einen speziellen Beschluss, den der Sejm am Donnerstag \u201eals Ausdruck des Widerstandes gegen die sch\u00e4ndlichen Versuche, den heiligen Johannes Paul II. zu vernichten\u201d, verabschiedet hat.\u00a0<\/span><\/p>\n<p><span style=\"font-weight: 400;\">\u201eIch danke den Parlamentariern, die daf\u00fcr gestimmt haben, von ganzem Herzen. Sie haben sich damit auf die Seite des Guten gestellt. Lassen wir uns nicht spalten. Es lebe Polen und das Andenken an den gro\u00dfen Polen, den Helden unserer Freiheit, den heiligen Johannes Paul II\u201d, schloss Marschallin Witek.<\/span><\/p>\n<p><span style=\"font-weight: 400;\">Adrian Andrzejewski<\/span><\/p>\n","protected":false},"excerpt":{"rendered":"<p>\u201eDie heutige Welt versucht, unsere Fundamente zu untergraben, stellt sie auf die Probe, kehrt Konzepte um und baut falsche G\u00f6tzen auf. Sie sch\u00f6pft aus den schlechten Seiten der Geschichte. Doch&hellip;<\/p>\n","protected":false},"author":3,"featured_media":42889,"comment_status":"closed","ping_status":"open","sticky":false,"template":"","format":"standard","meta":{"_mi_skip_tracking":false,"footnotes":""},"categories":[53],"tags":[],"class_list":["post-42963","post","type-post","status-publish","format-standard","has-post-thumbnail","hentry","category-nachrichten"],"yoast_head":"<!-- This site is optimized with the Yoast SEO plugin v19.4 - https:\/\/yoast.com\/wordpress\/plugins\/seo\/ -->\n<title>Ansprache der Sejm-Marschallin: \u201eJohannes Paul II. ist das, was uns vereinigt und zusammenschwei\u00dft\u201d - W\u00fcrde - DignityNews.eu<\/title>\n<meta name=\"robots\" content=\"index, follow, max-snippet:-1, max-image-preview:large, max-video-preview:-1\" \/>\n<link rel=\"canonical\" href=\"https:\/\/dignitynews.eu\/de\/ansprache-der-sejm-marschallin-johannes-paul-ii-ist-das-was-uns-vereinigt-und-zusammenschweisst\/\" \/>\n<meta property=\"og:locale\" content=\"de_DE\" \/>\n<meta property=\"og:type\" content=\"article\" \/>\n<meta property=\"og:title\" content=\"Ansprache der Sejm-Marschallin: \u201eJohannes Paul II. ist das, was uns vereinigt und zusammenschwei\u00dft\u201d - W\u00fcrde - DignityNews.eu\" \/>\n<meta property=\"og:description\" content=\"\u201eDie heutige Welt versucht, unsere Fundamente zu untergraben, stellt sie auf die Probe, kehrt Konzepte um und baut falsche G\u00f6tzen auf. Sie sch\u00f6pft aus den schlechten Seiten der Geschichte. Doch&hellip;\" \/>\n<meta property=\"og:url\" content=\"https:\/\/dignitynews.eu\/de\/ansprache-der-sejm-marschallin-johannes-paul-ii-ist-das-was-uns-vereinigt-und-zusammenschweisst\/\" \/>\n<meta property=\"og:site_name\" content=\"W\u00fcrde - DignityNews.eu\" \/>\n<meta property=\"article:published_time\" content=\"2023-03-10T14:08:04+00:00\" \/>\n<meta property=\"og:image\" content=\"https:\/\/dignitynews.eu\/wp-content\/uploads\/2023\/03\/Marszalek-Sejmu-E-Witek-fot.-Wojciech-Olkusnik-East-News.jpg\" \/>\n\t<meta property=\"og:image:width\" content=\"1500\" \/>\n\t<meta property=\"og:image:height\" content=\"1000\" \/>\n\t<meta property=\"og:image:type\" content=\"image\/jpeg\" \/>\n<meta name=\"author\" content=\"DignityNews.eu\" \/>\n<meta name=\"twitter:card\" content=\"summary_large_image\" \/>\n<meta name=\"twitter:label1\" content=\"Verfasst von\" \/>\n\t<meta name=\"twitter:data1\" content=\"DignityNews.eu\" \/>\n\t<meta name=\"twitter:label2\" content=\"Gesch\u00e4tzte Lesezeit\" \/>\n\t<meta name=\"twitter:data2\" content=\"2\u00a0Minuten\" \/>\n<script type=\"application\/ld+json\" class=\"yoast-schema-graph\">{\"@context\":\"https:\/\/schema.org\",\"@graph\":[{\"@type\":\"WebSite\",\"@id\":\"https:\/\/dignitynews.eu\/pl\/#website\",\"url\":\"https:\/\/dignitynews.eu\/pl\/\",\"name\":\"W\u00fcrde - DignityNews.eu\",\"description\":\"\",\"potentialAction\":[{\"@type\":\"SearchAction\",\"target\":{\"@type\":\"EntryPoint\",\"urlTemplate\":\"https:\/\/dignitynews.eu\/pl\/?s={search_term_string}\"},\"query-input\":\"required name=search_term_string\"}],\"inLanguage\":\"de\"},{\"@type\":\"WebPage\",\"@id\":\"https:\/\/dignitynews.eu\/de\/ansprache-der-sejm-marschallin-johannes-paul-ii-ist-das-was-uns-vereinigt-und-zusammenschweisst\/\",\"url\":\"https:\/\/dignitynews.eu\/de\/ansprache-der-sejm-marschallin-johannes-paul-ii-ist-das-was-uns-vereinigt-und-zusammenschweisst\/\",\"name\":\"Ansprache der Sejm-Marschallin: \u201eJohannes Paul II. ist das, was uns vereinigt und zusammenschwei\u00dft\u201d - W\u00fcrde - DignityNews.eu\",\"isPartOf\":{\"@id\":\"https:\/\/dignitynews.eu\/pl\/#website\"},\"datePublished\":\"2023-03-10T14:08:04+00:00\",\"dateModified\":\"2023-03-10T14:08:04+00:00\",\"author\":{\"@id\":\"https:\/\/dignitynews.eu\/pl\/#\/schema\/person\/4d8f570a0fd5c310685d78d9e520982c\"},\"breadcrumb\":{\"@id\":\"https:\/\/dignitynews.eu\/de\/ansprache-der-sejm-marschallin-johannes-paul-ii-ist-das-was-uns-vereinigt-und-zusammenschweisst\/#breadcrumb\"},\"inLanguage\":\"de\",\"potentialAction\":[{\"@type\":\"ReadAction\",\"target\":[\"https:\/\/dignitynews.eu\/de\/ansprache-der-sejm-marschallin-johannes-paul-ii-ist-das-was-uns-vereinigt-und-zusammenschweisst\/\"]}]},{\"@type\":\"BreadcrumbList\",\"@id\":\"https:\/\/dignitynews.eu\/de\/ansprache-der-sejm-marschallin-johannes-paul-ii-ist-das-was-uns-vereinigt-und-zusammenschweisst\/#breadcrumb\",\"itemListElement\":[{\"@type\":\"ListItem\",\"position\":1,\"name\":\"Strona g\u0142\u00f3wna\",\"item\":\"https:\/\/dignitynews.eu\/de\/\"},{\"@type\":\"ListItem\",\"position\":2,\"name\":\"Ansprache der Sejm-Marschallin: \u201eJohannes Paul II. ist das, was uns vereinigt und zusammenschwei\u00dft\u201d\"}]},{\"@type\":\"Person\",\"@id\":\"https:\/\/dignitynews.eu\/pl\/#\/schema\/person\/4d8f570a0fd5c310685d78d9e520982c\",\"name\":\"DignityNews.eu\",\"image\":{\"@type\":\"ImageObject\",\"inLanguage\":\"de\",\"@id\":\"https:\/\/dignitynews.eu\/pl\/#\/schema\/person\/image\/\",\"url\":\"https:\/\/secure.gravatar.com\/avatar\/b9fb3aa3cd2d5d3a6d24e67a6b58bc2980bf0c7f7bd3657a6322b8df227da3d9?s=96&d=mm&r=g\",\"contentUrl\":\"https:\/\/secure.gravatar.com\/avatar\/b9fb3aa3cd2d5d3a6d24e67a6b58bc2980bf0c7f7bd3657a6322b8df227da3d9?s=96&d=mm&r=g\",\"caption\":\"DignityNews.eu\"},\"sameAs\":[\"aleksandra\"],\"url\":\"https:\/\/dignitynews.eu\/de\/author\/aleksandra\/\"}]}<\/script>\n<!-- \/ Yoast SEO plugin. -->","yoast_head_json":{"title":"Ansprache der Sejm-Marschallin: \u201eJohannes Paul II. ist das, was uns vereinigt und zusammenschwei\u00dft\u201d - W\u00fcrde - DignityNews.eu","robots":{"index":"index","follow":"follow","max-snippet":"max-snippet:-1","max-image-preview":"max-image-preview:large","max-video-preview":"max-video-preview:-1"},"canonical":"https:\/\/dignitynews.eu\/de\/ansprache-der-sejm-marschallin-johannes-paul-ii-ist-das-was-uns-vereinigt-und-zusammenschweisst\/","og_locale":"de_DE","og_type":"article","og_title":"Ansprache der Sejm-Marschallin: \u201eJohannes Paul II. ist das, was uns vereinigt und zusammenschwei\u00dft\u201d - W\u00fcrde - DignityNews.eu","og_description":"\u201eDie heutige Welt versucht, unsere Fundamente zu untergraben, stellt sie auf die Probe, kehrt Konzepte um und baut falsche G\u00f6tzen auf. Sie sch\u00f6pft aus den schlechten Seiten der Geschichte. Doch&hellip;","og_url":"https:\/\/dignitynews.eu\/de\/ansprache-der-sejm-marschallin-johannes-paul-ii-ist-das-was-uns-vereinigt-und-zusammenschweisst\/","og_site_name":"W\u00fcrde - DignityNews.eu","article_published_time":"2023-03-10T14:08:04+00:00","og_image":[{"width":1500,"height":1000,"url":"https:\/\/dignitynews.eu\/wp-content\/uploads\/2023\/03\/Marszalek-Sejmu-E-Witek-fot.-Wojciech-Olkusnik-East-News.jpg","type":"image\/jpeg"}],"author":"DignityNews.eu","twitter_card":"summary_large_image","twitter_misc":{"Verfasst von":"DignityNews.eu","Gesch\u00e4tzte Lesezeit":"2\u00a0Minuten"},"schema":{"@context":"https:\/\/schema.org","@graph":[{"@type":"WebSite","@id":"https:\/\/dignitynews.eu\/pl\/#website","url":"https:\/\/dignitynews.eu\/pl\/","name":"W\u00fcrde - DignityNews.eu","description":"","potentialAction":[{"@type":"SearchAction","target":{"@type":"EntryPoint","urlTemplate":"https:\/\/dignitynews.eu\/pl\/?s={search_term_string}"},"query-input":"required name=search_term_string"}],"inLanguage":"de"},{"@type":"WebPage","@id":"https:\/\/dignitynews.eu\/de\/ansprache-der-sejm-marschallin-johannes-paul-ii-ist-das-was-uns-vereinigt-und-zusammenschweisst\/","url":"https:\/\/dignitynews.eu\/de\/ansprache-der-sejm-marschallin-johannes-paul-ii-ist-das-was-uns-vereinigt-und-zusammenschweisst\/","name":"Ansprache der Sejm-Marschallin: \u201eJohannes Paul II. ist das, was uns vereinigt und zusammenschwei\u00dft\u201d - W\u00fcrde - DignityNews.eu","isPartOf":{"@id":"https:\/\/dignitynews.eu\/pl\/#website"},"datePublished":"2023-03-10T14:08:04+00:00","dateModified":"2023-03-10T14:08:04+00:00","author":{"@id":"https:\/\/dignitynews.eu\/pl\/#\/schema\/person\/4d8f570a0fd5c310685d78d9e520982c"},"breadcrumb":{"@id":"https:\/\/dignitynews.eu\/de\/ansprache-der-sejm-marschallin-johannes-paul-ii-ist-das-was-uns-vereinigt-und-zusammenschweisst\/#breadcrumb"},"inLanguage":"de","potentialAction":[{"@type":"ReadAction","target":["https:\/\/dignitynews.eu\/de\/ansprache-der-sejm-marschallin-johannes-paul-ii-ist-das-was-uns-vereinigt-und-zusammenschweisst\/"]}]},{"@type":"BreadcrumbList","@id":"https:\/\/dignitynews.eu\/de\/ansprache-der-sejm-marschallin-johannes-paul-ii-ist-das-was-uns-vereinigt-und-zusammenschweisst\/#breadcrumb","itemListElement":[{"@type":"ListItem","position":1,"name":"Strona g\u0142\u00f3wna","item":"https:\/\/dignitynews.eu\/de\/"},{"@type":"ListItem","position":2,"name":"Ansprache der Sejm-Marschallin: \u201eJohannes Paul II. ist das, was uns vereinigt und zusammenschwei\u00dft\u201d"}]},{"@type":"Person","@id":"https:\/\/dignitynews.eu\/pl\/#\/schema\/person\/4d8f570a0fd5c310685d78d9e520982c","name":"DignityNews.eu","image":{"@type":"ImageObject","inLanguage":"de","@id":"https:\/\/dignitynews.eu\/pl\/#\/schema\/person\/image\/","url":"https:\/\/secure.gravatar.com\/avatar\/b9fb3aa3cd2d5d3a6d24e67a6b58bc2980bf0c7f7bd3657a6322b8df227da3d9?s=96&d=mm&r=g","contentUrl":"https:\/\/secure.gravatar.com\/avatar\/b9fb3aa3cd2d5d3a6d24e67a6b58bc2980bf0c7f7bd3657a6322b8df227da3d9?s=96&d=mm&r=g","caption":"DignityNews.eu"},"sameAs":["aleksandra"],"url":"https:\/\/dignitynews.eu\/de\/author\/aleksandra\/"}]}},"_links":{"self":[{"href":"https:\/\/dignitynews.eu\/de\/wp-json\/wp\/v2\/posts\/42963","targetHints":{"allow":["GET"]}}],"collection":[{"href":"https:\/\/dignitynews.eu\/de\/wp-json\/wp\/v2\/posts"}],"about":[{"href":"https:\/\/dignitynews.eu\/de\/wp-json\/wp\/v2\/types\/post"}],"author":[{"embeddable":true,"href":"https:\/\/dignitynews.eu\/de\/wp-json\/wp\/v2\/users\/3"}],"replies":[{"embeddable":true,"href":"https:\/\/dignitynews.eu\/de\/wp-json\/wp\/v2\/comments?post=42963"}],"version-history":[{"count":1,"href":"https:\/\/dignitynews.eu\/de\/wp-json\/wp\/v2\/posts\/42963\/revisions"}],"predecessor-version":[{"id":42965,"href":"https:\/\/dignitynews.eu\/de\/wp-json\/wp\/v2\/posts\/42963\/revisions\/42965"}],"wp:featuredmedia":[{"embeddable":true,"href":"https:\/\/dignitynews.eu\/de\/wp-json\/wp\/v2\/media\/42889"}],"wp:attachment":[{"href":"https:\/\/dignitynews.eu\/de\/wp-json\/wp\/v2\/media?parent=42963"}],"wp:term":[{"taxonomy":"category","embeddable":true,"href":"https:\/\/dignitynews.eu\/de\/wp-json\/wp\/v2\/categories?post=42963"},{"taxonomy":"post_tag","embeddable":true,"href":"https:\/\/dignitynews.eu\/de\/wp-json\/wp\/v2\/tags?post=42963"}],"curies":[{"name":"wp","href":"https:\/\/api.w.org\/{rel}","templated":true}]}}