{"id":39468,"date":"2023-01-30T15:20:58","date_gmt":"2023-01-30T14:20:58","guid":{"rendered":"https:\/\/dignitynews.eu\/?p=39468"},"modified":"2023-01-30T15:20:58","modified_gmt":"2023-01-30T14:20:58","slug":"einweihung-der-masowischen-volksuniversitaet","status":"publish","type":"post","link":"https:\/\/dignitynews.eu\/de\/einweihung-der-masowischen-volksuniversitaet\/","title":{"rendered":"Einweihung der Masowischen Volksuniversit\u00e4t"},"content":{"rendered":"<p><b>Der Minister f\u00fcr Bildung und Wissenschaft, Przemys\u0142aw Czarnek, nahm an der Einweihung der Masowischen Volksuniversit\u00e4t teil. Es handelt sich um eine soziale Initiative, die dem Konzept des lebenslangen Lernens folgt. Die Teilnehmer an dem Projekt k\u00f6nnen ihre Kenntnisse vertiefen und ihre Interessen und F\u00e4higkeiten weiterentwickeln.<\/b><\/p>\n<p><span style=\"font-weight: 400;\">Anl\u00e4sslich der Einweihung der Masowischen Volksuniversit\u00e4t hielt der Leiter des Ministeriums f\u00fcr Bildung und Wissenschaft einen Vortrag mit dem Titel \u201eErbe f\u00fcr die Zukunft\u201d. An dem Treffen, das im Dorf D\u0119be Wielkie stattfand, nahmen Einwohner der Landkreise Mi\u0144sk, W\u0119gr\u00f3w und Garwolin teil. Sie nahmen auch an einem Workshop zum Thema \u201eWie kann man Tradition mit den Herausforderungen der Moderne verbinden?\u201d teil.<\/span><\/p>\n<p><span style=\"font-weight: 400;\">Im Rahmen der Masowischen Volksuniversit\u00e4t werden in der ersten H\u00e4lfte des Jahres 2023 eine Reihe von Treffen und Vorlesungen in den Landkreisen Mi\u0144sk, W\u0119gr\u00f3w und Garwolin stattfinden. Zu den Rednern geh\u00f6ren Professor Rafa\u0142 Wi\u015bniewski, Direktor des Nationalen Kulturzentrums, Professor W\u0142adys\u0142aw T. Bartoszewski, Manager, Hochschullehrer, Historiker und Politiker, Anna Popek, Radio- und Fernsehjournalistin, und Katarzyna Saks, Direktorin des Nationalen Instituts f\u00fcr Kultur und l\u00e4ndliches Erbe.\u00a0<\/span><\/p>\n<p><span style=\"font-weight: 400;\">Die Universit\u00e4t ist eine soziale Bildungsinitiative. Sie wird nach dem Konzept des lebenslangen Lernens funktionieren und aktive Mitglieder l\u00e4ndlicher Gemeinschaften zusammenbringen. Dabei handelt es sich vor allem um Senioren und Mitglieder l\u00e4ndlicher Hausfrauenverb\u00e4nde. Die Universit\u00e4t ist eine Gelegenheit, Wissen zu vertiefen, F\u00e4higkeiten und Interessen zu entwickeln. Die Sitzungen werden nach dem Vorbild der Seniorenuniversit\u00e4ten abgehalten.\u00a0<\/span><\/p>\n<p><span style=\"font-weight: 400;\">Die Masowische Volksuniversit\u00e4t wurde von den Volksuniversit\u00e4ten inspiriert, deren Aktivit\u00e4ten in Polen in der Zwischenkriegszeit ihren H\u00f6hepunkt erreichten. Sie verfolgten ihre Ziele mit Hilfe der im Laufe der Jahre entwickelten Methoden der Erwachsenenbildung, hei\u00dft es auf der Website des Ministeriums f\u00fcr Bildung und Wissenschaft.<\/span><\/p>\n<p>&nbsp;<\/p>\n<p><span style=\"font-weight: 400;\">Arkadiusz S\u0142omczy\u0144ski<\/span><\/p>\n","protected":false},"excerpt":{"rendered":"<p>Der Minister f\u00fcr Bildung und Wissenschaft, Przemys\u0142aw Czarnek, nahm an der Einweihung der Masowischen Volksuniversit\u00e4t teil. Es handelt sich um eine soziale Initiative, die dem Konzept des lebenslangen Lernens folgt.&hellip;<\/p>\n","protected":false},"author":3,"featured_media":39385,"comment_status":"closed","ping_status":"open","sticky":false,"template":"","format":"standard","meta":{"_mi_skip_tracking":false,"footnotes":""},"categories":[55],"tags":[],"class_list":["post-39468","post","type-post","status-publish","format-standard","has-post-thumbnail","hentry","category-wissenschaft"],"yoast_head":"<!-- This site is optimized with the Yoast SEO plugin v19.4 - https:\/\/yoast.com\/wordpress\/plugins\/seo\/ -->\n<title>Einweihung der Masowischen Volksuniversit\u00e4t - W\u00fcrde - DignityNews.eu<\/title>\n<meta name=\"robots\" content=\"index, follow, max-snippet:-1, max-image-preview:large, max-video-preview:-1\" \/>\n<link rel=\"canonical\" href=\"https:\/\/dignitynews.eu\/de\/einweihung-der-masowischen-volksuniversitaet\/\" \/>\n<meta property=\"og:locale\" content=\"de_DE\" \/>\n<meta property=\"og:type\" content=\"article\" \/>\n<meta property=\"og:title\" content=\"Einweihung der Masowischen Volksuniversit\u00e4t - W\u00fcrde - DignityNews.eu\" \/>\n<meta property=\"og:description\" content=\"Der Minister f\u00fcr Bildung und Wissenschaft, Przemys\u0142aw Czarnek, nahm an der Einweihung der Masowischen Volksuniversit\u00e4t teil. Es handelt sich um eine soziale Initiative, die dem Konzept des lebenslangen Lernens folgt.&hellip;\" \/>\n<meta property=\"og:url\" content=\"https:\/\/dignitynews.eu\/de\/einweihung-der-masowischen-volksuniversitaet\/\" \/>\n<meta property=\"og:site_name\" content=\"W\u00fcrde - DignityNews.eu\" \/>\n<meta property=\"article:published_time\" content=\"2023-01-30T14:20:58+00:00\" \/>\n<meta property=\"og:image\" content=\"https:\/\/dignitynews.eu\/wp-content\/uploads\/2023\/01\/mazowiecki-uniwersytet-ludowy-fot.-Ministerstwo-Edukacji-i-Nauki.jpg\" \/>\n\t<meta property=\"og:image:width\" content=\"1500\" \/>\n\t<meta property=\"og:image:height\" content=\"1000\" \/>\n\t<meta property=\"og:image:type\" content=\"image\/jpeg\" \/>\n<meta name=\"author\" content=\"DignityNews.eu\" \/>\n<meta name=\"twitter:card\" content=\"summary_large_image\" \/>\n<meta name=\"twitter:label1\" content=\"Verfasst von\" \/>\n\t<meta name=\"twitter:data1\" content=\"DignityNews.eu\" \/>\n\t<meta name=\"twitter:label2\" content=\"Gesch\u00e4tzte Lesezeit\" \/>\n\t<meta name=\"twitter:data2\" content=\"2\u00a0Minuten\" \/>\n<script type=\"application\/ld+json\" class=\"yoast-schema-graph\">{\"@context\":\"https:\/\/schema.org\",\"@graph\":[{\"@type\":\"WebSite\",\"@id\":\"https:\/\/dignitynews.eu\/pl\/#website\",\"url\":\"https:\/\/dignitynews.eu\/pl\/\",\"name\":\"W\u00fcrde - DignityNews.eu\",\"description\":\"\",\"potentialAction\":[{\"@type\":\"SearchAction\",\"target\":{\"@type\":\"EntryPoint\",\"urlTemplate\":\"https:\/\/dignitynews.eu\/pl\/?s={search_term_string}\"},\"query-input\":\"required name=search_term_string\"}],\"inLanguage\":\"de\"},{\"@type\":\"WebPage\",\"@id\":\"https:\/\/dignitynews.eu\/de\/einweihung-der-masowischen-volksuniversitaet\/\",\"url\":\"https:\/\/dignitynews.eu\/de\/einweihung-der-masowischen-volksuniversitaet\/\",\"name\":\"Einweihung der Masowischen Volksuniversit\u00e4t - W\u00fcrde - DignityNews.eu\",\"isPartOf\":{\"@id\":\"https:\/\/dignitynews.eu\/pl\/#website\"},\"datePublished\":\"2023-01-30T14:20:58+00:00\",\"dateModified\":\"2023-01-30T14:20:58+00:00\",\"author\":{\"@id\":\"https:\/\/dignitynews.eu\/pl\/#\/schema\/person\/4d8f570a0fd5c310685d78d9e520982c\"},\"breadcrumb\":{\"@id\":\"https:\/\/dignitynews.eu\/de\/einweihung-der-masowischen-volksuniversitaet\/#breadcrumb\"},\"inLanguage\":\"de\",\"potentialAction\":[{\"@type\":\"ReadAction\",\"target\":[\"https:\/\/dignitynews.eu\/de\/einweihung-der-masowischen-volksuniversitaet\/\"]}]},{\"@type\":\"BreadcrumbList\",\"@id\":\"https:\/\/dignitynews.eu\/de\/einweihung-der-masowischen-volksuniversitaet\/#breadcrumb\",\"itemListElement\":[{\"@type\":\"ListItem\",\"position\":1,\"name\":\"Strona g\u0142\u00f3wna\",\"item\":\"https:\/\/dignitynews.eu\/de\/\"},{\"@type\":\"ListItem\",\"position\":2,\"name\":\"Einweihung der Masowischen Volksuniversit\u00e4t\"}]},{\"@type\":\"Person\",\"@id\":\"https:\/\/dignitynews.eu\/pl\/#\/schema\/person\/4d8f570a0fd5c310685d78d9e520982c\",\"name\":\"DignityNews.eu\",\"image\":{\"@type\":\"ImageObject\",\"inLanguage\":\"de\",\"@id\":\"https:\/\/dignitynews.eu\/pl\/#\/schema\/person\/image\/\",\"url\":\"https:\/\/secure.gravatar.com\/avatar\/b9fb3aa3cd2d5d3a6d24e67a6b58bc2980bf0c7f7bd3657a6322b8df227da3d9?s=96&d=mm&r=g\",\"contentUrl\":\"https:\/\/secure.gravatar.com\/avatar\/b9fb3aa3cd2d5d3a6d24e67a6b58bc2980bf0c7f7bd3657a6322b8df227da3d9?s=96&d=mm&r=g\",\"caption\":\"DignityNews.eu\"},\"sameAs\":[\"aleksandra\"],\"url\":\"https:\/\/dignitynews.eu\/de\/author\/aleksandra\/\"}]}<\/script>\n<!-- \/ Yoast SEO plugin. -->","yoast_head_json":{"title":"Einweihung der Masowischen Volksuniversit\u00e4t - W\u00fcrde - DignityNews.eu","robots":{"index":"index","follow":"follow","max-snippet":"max-snippet:-1","max-image-preview":"max-image-preview:large","max-video-preview":"max-video-preview:-1"},"canonical":"https:\/\/dignitynews.eu\/de\/einweihung-der-masowischen-volksuniversitaet\/","og_locale":"de_DE","og_type":"article","og_title":"Einweihung der Masowischen Volksuniversit\u00e4t - W\u00fcrde - DignityNews.eu","og_description":"Der Minister f\u00fcr Bildung und Wissenschaft, Przemys\u0142aw Czarnek, nahm an der Einweihung der Masowischen Volksuniversit\u00e4t teil. Es handelt sich um eine soziale Initiative, die dem Konzept des lebenslangen Lernens folgt.&hellip;","og_url":"https:\/\/dignitynews.eu\/de\/einweihung-der-masowischen-volksuniversitaet\/","og_site_name":"W\u00fcrde - DignityNews.eu","article_published_time":"2023-01-30T14:20:58+00:00","og_image":[{"width":1500,"height":1000,"url":"https:\/\/dignitynews.eu\/wp-content\/uploads\/2023\/01\/mazowiecki-uniwersytet-ludowy-fot.-Ministerstwo-Edukacji-i-Nauki.jpg","type":"image\/jpeg"}],"author":"DignityNews.eu","twitter_card":"summary_large_image","twitter_misc":{"Verfasst von":"DignityNews.eu","Gesch\u00e4tzte Lesezeit":"2\u00a0Minuten"},"schema":{"@context":"https:\/\/schema.org","@graph":[{"@type":"WebSite","@id":"https:\/\/dignitynews.eu\/pl\/#website","url":"https:\/\/dignitynews.eu\/pl\/","name":"W\u00fcrde - DignityNews.eu","description":"","potentialAction":[{"@type":"SearchAction","target":{"@type":"EntryPoint","urlTemplate":"https:\/\/dignitynews.eu\/pl\/?s={search_term_string}"},"query-input":"required name=search_term_string"}],"inLanguage":"de"},{"@type":"WebPage","@id":"https:\/\/dignitynews.eu\/de\/einweihung-der-masowischen-volksuniversitaet\/","url":"https:\/\/dignitynews.eu\/de\/einweihung-der-masowischen-volksuniversitaet\/","name":"Einweihung der Masowischen Volksuniversit\u00e4t - W\u00fcrde - DignityNews.eu","isPartOf":{"@id":"https:\/\/dignitynews.eu\/pl\/#website"},"datePublished":"2023-01-30T14:20:58+00:00","dateModified":"2023-01-30T14:20:58+00:00","author":{"@id":"https:\/\/dignitynews.eu\/pl\/#\/schema\/person\/4d8f570a0fd5c310685d78d9e520982c"},"breadcrumb":{"@id":"https:\/\/dignitynews.eu\/de\/einweihung-der-masowischen-volksuniversitaet\/#breadcrumb"},"inLanguage":"de","potentialAction":[{"@type":"ReadAction","target":["https:\/\/dignitynews.eu\/de\/einweihung-der-masowischen-volksuniversitaet\/"]}]},{"@type":"BreadcrumbList","@id":"https:\/\/dignitynews.eu\/de\/einweihung-der-masowischen-volksuniversitaet\/#breadcrumb","itemListElement":[{"@type":"ListItem","position":1,"name":"Strona g\u0142\u00f3wna","item":"https:\/\/dignitynews.eu\/de\/"},{"@type":"ListItem","position":2,"name":"Einweihung der Masowischen Volksuniversit\u00e4t"}]},{"@type":"Person","@id":"https:\/\/dignitynews.eu\/pl\/#\/schema\/person\/4d8f570a0fd5c310685d78d9e520982c","name":"DignityNews.eu","image":{"@type":"ImageObject","inLanguage":"de","@id":"https:\/\/dignitynews.eu\/pl\/#\/schema\/person\/image\/","url":"https:\/\/secure.gravatar.com\/avatar\/b9fb3aa3cd2d5d3a6d24e67a6b58bc2980bf0c7f7bd3657a6322b8df227da3d9?s=96&d=mm&r=g","contentUrl":"https:\/\/secure.gravatar.com\/avatar\/b9fb3aa3cd2d5d3a6d24e67a6b58bc2980bf0c7f7bd3657a6322b8df227da3d9?s=96&d=mm&r=g","caption":"DignityNews.eu"},"sameAs":["aleksandra"],"url":"https:\/\/dignitynews.eu\/de\/author\/aleksandra\/"}]}},"_links":{"self":[{"href":"https:\/\/dignitynews.eu\/de\/wp-json\/wp\/v2\/posts\/39468","targetHints":{"allow":["GET"]}}],"collection":[{"href":"https:\/\/dignitynews.eu\/de\/wp-json\/wp\/v2\/posts"}],"about":[{"href":"https:\/\/dignitynews.eu\/de\/wp-json\/wp\/v2\/types\/post"}],"author":[{"embeddable":true,"href":"https:\/\/dignitynews.eu\/de\/wp-json\/wp\/v2\/users\/3"}],"replies":[{"embeddable":true,"href":"https:\/\/dignitynews.eu\/de\/wp-json\/wp\/v2\/comments?post=39468"}],"version-history":[{"count":2,"href":"https:\/\/dignitynews.eu\/de\/wp-json\/wp\/v2\/posts\/39468\/revisions"}],"predecessor-version":[{"id":39472,"href":"https:\/\/dignitynews.eu\/de\/wp-json\/wp\/v2\/posts\/39468\/revisions\/39472"}],"wp:featuredmedia":[{"embeddable":true,"href":"https:\/\/dignitynews.eu\/de\/wp-json\/wp\/v2\/media\/39385"}],"wp:attachment":[{"href":"https:\/\/dignitynews.eu\/de\/wp-json\/wp\/v2\/media?parent=39468"}],"wp:term":[{"taxonomy":"category","embeddable":true,"href":"https:\/\/dignitynews.eu\/de\/wp-json\/wp\/v2\/categories?post=39468"},{"taxonomy":"post_tag","embeddable":true,"href":"https:\/\/dignitynews.eu\/de\/wp-json\/wp\/v2\/tags?post=39468"}],"curies":[{"name":"wp","href":"https:\/\/api.w.org\/{rel}","templated":true}]}}