{"id":36620,"date":"2022-12-22T13:21:09","date_gmt":"2022-12-22T12:21:09","guid":{"rendered":"https:\/\/dignitynews.eu\/?p=36620"},"modified":"2022-12-22T20:31:43","modified_gmt":"2022-12-22T19:31:43","slug":"gesichter-der-demokratischen-partei-1938-1944","status":"publish","type":"post","link":"https:\/\/dignitynews.eu\/de\/gesichter-der-demokratischen-partei-1938-1944\/","title":{"rendered":"Gesichter der Demokratischen Partei 1938-1944"},"content":{"rendered":"<h5><strong>Eine politische Gruppierung, in der sich die Demokraten zusammenschlossen, wurde in Polen erst 1938 gegr\u00fcndet. In der Zwischenkriegszeit bestand das Hauptziel der Demokratischen Partei (<em>Stronnictwo Demokratyczne<\/em>, SD) darin, die parlamentarische Demokratie im Lande zu st\u00e4rken und sehr fortschrittliche soziale und wirtschaftliche Reformen durchzuf\u00fchren. W\u00e4hrend des Zweiten Weltkriegs unterst\u00fctzte die Mehrheit der Mitglieder die polnische Exilregierung, w\u00e4hrend der Rest die Polnische Arbeiterpartei (<em>Polska<\/em><\/strong><strong><em> Partia Robotnicza<\/em>, PPR) unterst\u00fctzte. <\/strong><\/h5>\n<p>Es wird angenommen, dass die Demokraten ihre ersten informellen Gruppen in der Zweiten Polnischen Republik in Warschau und sp\u00e4ter in mehreren anderen St\u00e4dten bildeten. Sie trafen sich in den so genannten Demokratischen Clubs, bis in Lemberg ein Kongress der Demokratischen Clubs organisiert wurde, auf dem die Demokratische Partei gegr\u00fcndet wurde.<\/p>\n<p>Kurz vor dem Ausbruch des Zweiten Weltkriegs, im April 1939, legte die Partei ihr offizielles Programm vor. Es war f\u00fcr die damalige Zeit sehr fortschrittlich, vor allem in wirtschaftlicher Hinsicht. Es versprach: Planwirtschaft, Verstaatlichung der wichtigsten Industriezweige, Landreform und volle Handlungsfreiheit f\u00fcr die Gewerkschaften. Die Demokraten zeigten sich auch im rein politischen Bereich ausdrucksstark. Als Gegner des Sanacja-Regimes, das Polen von 1926 bis 1939 regierte, wollten sie die Diktatur abschaffen. In Anbetracht der politischen Tendenzen in Westeuropa und jenseits der \u00f6stlichen Grenzen sprachen sie sich gegen alle Erscheinungsformen von Totalitarismus und Nationalismus aus.<\/p>\n<p>Die SD setzte sich haupts\u00e4chlich aus Vertretern der polnischen Intelligenz und Handwerkern zusammen. Die f\u00fchrenden Aktivisten der Gruppe waren Mieczys\u0142aw Micha\u0142owicz (Arzt der polnischen Armee, Rektor der Warschauer Universit\u00e4t, Senator und Abgeordneter) und Miko\u0142aj Kwa\u015bniewski (stellvertretender Marschall des Senats, Woiwode von Tarnopol, Krakau und Pozna\u0144, Arzt der polnischen Armee). Beide waren urspr\u00fcnglich Unterst\u00fctzer der Sanacja.<\/p>\n<p>W\u00e4hrend des Zweiten Weltkriegs agierte die SD konspirativ unter dem Decknamen \u201eProstok\u0105t\u201d (dt. <em>Rechteck<\/em>) und ihre Mitglieder schlossen sich der Regierungsdelegation f\u00fcr Polen (<em>Delegatura Rz\u0105du na Kraj<\/em>) und dem Rat der Nationalen Einheit (<em>Rada Jedno\u015b<\/em><em>ci Narodowej<\/em>) an. Viele ihrer Aktivisten geh\u00f6rten zum engen Kreis der Organisatoren des Provisorisches Komitees f\u00fcr die Judenhilfe \u201e\u017begota\u201d.<\/p>\n<p>Das ideologische Gesicht der SD begann sich 1943 zu ver\u00e4ndern, als die Gruppe der\u00a0 Bef\u00fcrworter von Kommunismus beschloss, sich von der Partei zu l\u00f6sen und die Partei der Polnischen Demokratie (<em>Stronnictwo Polskiej Demokracji<\/em>) unter der F\u00fchrung von Romuald Miller zu gr\u00fcnden.<\/p>\n<p>1945, nach dem Einmarsch der Roten Armee in Polen, war das Schicksal der SD besiegelt. Die kommunistischen Beh\u00f6rden machten sie zu einer Satellitenpartei der PPR und sp\u00e4ter der PZPR (<em>Polska Zjednoczona Partia Robotnicza<\/em>).<\/p>\n","protected":false},"excerpt":{"rendered":"<p>Eine politische Gruppierung, in der sich die Demokraten zusammenschlossen, wurde in Polen erst 1938 gegr\u00fcndet. In der Zwischenkriegszeit bestand das Hauptziel der Demokratischen Partei (Stronnictwo Demokratyczne, SD) darin, die parlamentarische&hellip;<\/p>\n","protected":false},"author":7,"featured_media":36585,"comment_status":"closed","ping_status":"open","sticky":false,"template":"","format":"standard","meta":{"_mi_skip_tracking":false,"footnotes":""},"categories":[52],"tags":[],"class_list":["post-36620","post","type-post","status-publish","format-standard","has-post-thumbnail","hentry","category-geschichte"],"yoast_head":"<!-- This site is optimized with the Yoast SEO plugin v19.4 - https:\/\/yoast.com\/wordpress\/plugins\/seo\/ -->\n<title>Gesichter der Demokratischen Partei 1938-1944 - W\u00fcrde - DignityNews.eu<\/title>\n<meta name=\"robots\" content=\"index, follow, max-snippet:-1, max-image-preview:large, max-video-preview:-1\" \/>\n<link rel=\"canonical\" href=\"https:\/\/dignitynews.eu\/de\/gesichter-der-demokratischen-partei-1938-1944\/\" \/>\n<meta property=\"og:locale\" content=\"de_DE\" \/>\n<meta property=\"og:type\" content=\"article\" \/>\n<meta property=\"og:title\" content=\"Gesichter der Demokratischen Partei 1938-1944 - W\u00fcrde - DignityNews.eu\" \/>\n<meta property=\"og:description\" content=\"Eine politische Gruppierung, in der sich die Demokraten zusammenschlossen, wurde in Polen erst 1938 gegr\u00fcndet. In der Zwischenkriegszeit bestand das Hauptziel der Demokratischen Partei (Stronnictwo Demokratyczne, SD) darin, die parlamentarische&hellip;\" \/>\n<meta property=\"og:url\" content=\"https:\/\/dignitynews.eu\/de\/gesichter-der-demokratischen-partei-1938-1944\/\" \/>\n<meta property=\"og:site_name\" content=\"W\u00fcrde - DignityNews.eu\" \/>\n<meta property=\"article:published_time\" content=\"2022-12-22T12:21:09+00:00\" \/>\n<meta property=\"article:modified_time\" content=\"2022-12-22T19:31:43+00:00\" \/>\n<meta property=\"og:image\" content=\"https:\/\/dignitynews.eu\/wp-content\/uploads\/2022\/12\/Mieczyslaw_Jan_Michalowicz.jpg\" \/>\n\t<meta property=\"og:image:width\" content=\"947\" \/>\n\t<meta property=\"og:image:height\" content=\"715\" \/>\n\t<meta property=\"og:image:type\" content=\"image\/jpeg\" \/>\n<meta name=\"author\" content=\"Dignity News\" \/>\n<meta name=\"twitter:card\" content=\"summary_large_image\" \/>\n<meta name=\"twitter:label1\" content=\"Verfasst von\" \/>\n\t<meta name=\"twitter:data1\" content=\"Dignity News\" \/>\n\t<meta name=\"twitter:label2\" content=\"Gesch\u00e4tzte Lesezeit\" \/>\n\t<meta name=\"twitter:data2\" content=\"2\u00a0Minuten\" \/>\n<script type=\"application\/ld+json\" class=\"yoast-schema-graph\">{\"@context\":\"https:\/\/schema.org\",\"@graph\":[{\"@type\":\"WebSite\",\"@id\":\"https:\/\/dignitynews.eu\/pl\/#website\",\"url\":\"https:\/\/dignitynews.eu\/pl\/\",\"name\":\"W\u00fcrde - DignityNews.eu\",\"description\":\"\",\"potentialAction\":[{\"@type\":\"SearchAction\",\"target\":{\"@type\":\"EntryPoint\",\"urlTemplate\":\"https:\/\/dignitynews.eu\/pl\/?s={search_term_string}\"},\"query-input\":\"required name=search_term_string\"}],\"inLanguage\":\"de\"},{\"@type\":\"WebPage\",\"@id\":\"https:\/\/dignitynews.eu\/de\/gesichter-der-demokratischen-partei-1938-1944\/\",\"url\":\"https:\/\/dignitynews.eu\/de\/gesichter-der-demokratischen-partei-1938-1944\/\",\"name\":\"Gesichter der Demokratischen Partei 1938-1944 - W\u00fcrde - DignityNews.eu\",\"isPartOf\":{\"@id\":\"https:\/\/dignitynews.eu\/pl\/#website\"},\"datePublished\":\"2022-12-22T12:21:09+00:00\",\"dateModified\":\"2022-12-22T19:31:43+00:00\",\"author\":{\"@id\":\"https:\/\/dignitynews.eu\/pl\/#\/schema\/person\/0b62b762b8174802fabc81a3ecb1bfcb\"},\"breadcrumb\":{\"@id\":\"https:\/\/dignitynews.eu\/de\/gesichter-der-demokratischen-partei-1938-1944\/#breadcrumb\"},\"inLanguage\":\"de\",\"potentialAction\":[{\"@type\":\"ReadAction\",\"target\":[\"https:\/\/dignitynews.eu\/de\/gesichter-der-demokratischen-partei-1938-1944\/\"]}]},{\"@type\":\"BreadcrumbList\",\"@id\":\"https:\/\/dignitynews.eu\/de\/gesichter-der-demokratischen-partei-1938-1944\/#breadcrumb\",\"itemListElement\":[{\"@type\":\"ListItem\",\"position\":1,\"name\":\"Strona g\u0142\u00f3wna\",\"item\":\"https:\/\/dignitynews.eu\/de\/\"},{\"@type\":\"ListItem\",\"position\":2,\"name\":\"Gesichter der Demokratischen Partei 1938-1944\"}]},{\"@type\":\"Person\",\"@id\":\"https:\/\/dignitynews.eu\/pl\/#\/schema\/person\/0b62b762b8174802fabc81a3ecb1bfcb\",\"name\":\"Dignity News\",\"image\":{\"@type\":\"ImageObject\",\"inLanguage\":\"de\",\"@id\":\"https:\/\/dignitynews.eu\/pl\/#\/schema\/person\/image\/\",\"url\":\"https:\/\/secure.gravatar.com\/avatar\/97963171a6d9108f8381bbefb1c6b150c445b6ddd9e3077b96c86cf5892c85dc?s=96&d=mm&r=g\",\"contentUrl\":\"https:\/\/secure.gravatar.com\/avatar\/97963171a6d9108f8381bbefb1c6b150c445b6ddd9e3077b96c86cf5892c85dc?s=96&d=mm&r=g\",\"caption\":\"Dignity News\"},\"url\":\"https:\/\/dignitynews.eu\/de\/author\/mikolaj-palade\/\"}]}<\/script>\n<!-- \/ Yoast SEO plugin. -->","yoast_head_json":{"title":"Gesichter der Demokratischen Partei 1938-1944 - W\u00fcrde - DignityNews.eu","robots":{"index":"index","follow":"follow","max-snippet":"max-snippet:-1","max-image-preview":"max-image-preview:large","max-video-preview":"max-video-preview:-1"},"canonical":"https:\/\/dignitynews.eu\/de\/gesichter-der-demokratischen-partei-1938-1944\/","og_locale":"de_DE","og_type":"article","og_title":"Gesichter der Demokratischen Partei 1938-1944 - W\u00fcrde - DignityNews.eu","og_description":"Eine politische Gruppierung, in der sich die Demokraten zusammenschlossen, wurde in Polen erst 1938 gegr\u00fcndet. In der Zwischenkriegszeit bestand das Hauptziel der Demokratischen Partei (Stronnictwo Demokratyczne, SD) darin, die parlamentarische&hellip;","og_url":"https:\/\/dignitynews.eu\/de\/gesichter-der-demokratischen-partei-1938-1944\/","og_site_name":"W\u00fcrde - DignityNews.eu","article_published_time":"2022-12-22T12:21:09+00:00","article_modified_time":"2022-12-22T19:31:43+00:00","og_image":[{"width":947,"height":715,"url":"https:\/\/dignitynews.eu\/wp-content\/uploads\/2022\/12\/Mieczyslaw_Jan_Michalowicz.jpg","type":"image\/jpeg"}],"author":"Dignity News","twitter_card":"summary_large_image","twitter_misc":{"Verfasst von":"Dignity News","Gesch\u00e4tzte Lesezeit":"2\u00a0Minuten"},"schema":{"@context":"https:\/\/schema.org","@graph":[{"@type":"WebSite","@id":"https:\/\/dignitynews.eu\/pl\/#website","url":"https:\/\/dignitynews.eu\/pl\/","name":"W\u00fcrde - DignityNews.eu","description":"","potentialAction":[{"@type":"SearchAction","target":{"@type":"EntryPoint","urlTemplate":"https:\/\/dignitynews.eu\/pl\/?s={search_term_string}"},"query-input":"required name=search_term_string"}],"inLanguage":"de"},{"@type":"WebPage","@id":"https:\/\/dignitynews.eu\/de\/gesichter-der-demokratischen-partei-1938-1944\/","url":"https:\/\/dignitynews.eu\/de\/gesichter-der-demokratischen-partei-1938-1944\/","name":"Gesichter der Demokratischen Partei 1938-1944 - W\u00fcrde - DignityNews.eu","isPartOf":{"@id":"https:\/\/dignitynews.eu\/pl\/#website"},"datePublished":"2022-12-22T12:21:09+00:00","dateModified":"2022-12-22T19:31:43+00:00","author":{"@id":"https:\/\/dignitynews.eu\/pl\/#\/schema\/person\/0b62b762b8174802fabc81a3ecb1bfcb"},"breadcrumb":{"@id":"https:\/\/dignitynews.eu\/de\/gesichter-der-demokratischen-partei-1938-1944\/#breadcrumb"},"inLanguage":"de","potentialAction":[{"@type":"ReadAction","target":["https:\/\/dignitynews.eu\/de\/gesichter-der-demokratischen-partei-1938-1944\/"]}]},{"@type":"BreadcrumbList","@id":"https:\/\/dignitynews.eu\/de\/gesichter-der-demokratischen-partei-1938-1944\/#breadcrumb","itemListElement":[{"@type":"ListItem","position":1,"name":"Strona g\u0142\u00f3wna","item":"https:\/\/dignitynews.eu\/de\/"},{"@type":"ListItem","position":2,"name":"Gesichter der Demokratischen Partei 1938-1944"}]},{"@type":"Person","@id":"https:\/\/dignitynews.eu\/pl\/#\/schema\/person\/0b62b762b8174802fabc81a3ecb1bfcb","name":"Dignity News","image":{"@type":"ImageObject","inLanguage":"de","@id":"https:\/\/dignitynews.eu\/pl\/#\/schema\/person\/image\/","url":"https:\/\/secure.gravatar.com\/avatar\/97963171a6d9108f8381bbefb1c6b150c445b6ddd9e3077b96c86cf5892c85dc?s=96&d=mm&r=g","contentUrl":"https:\/\/secure.gravatar.com\/avatar\/97963171a6d9108f8381bbefb1c6b150c445b6ddd9e3077b96c86cf5892c85dc?s=96&d=mm&r=g","caption":"Dignity News"},"url":"https:\/\/dignitynews.eu\/de\/author\/mikolaj-palade\/"}]}},"_links":{"self":[{"href":"https:\/\/dignitynews.eu\/de\/wp-json\/wp\/v2\/posts\/36620","targetHints":{"allow":["GET"]}}],"collection":[{"href":"https:\/\/dignitynews.eu\/de\/wp-json\/wp\/v2\/posts"}],"about":[{"href":"https:\/\/dignitynews.eu\/de\/wp-json\/wp\/v2\/types\/post"}],"author":[{"embeddable":true,"href":"https:\/\/dignitynews.eu\/de\/wp-json\/wp\/v2\/users\/7"}],"replies":[{"embeddable":true,"href":"https:\/\/dignitynews.eu\/de\/wp-json\/wp\/v2\/comments?post=36620"}],"version-history":[{"count":1,"href":"https:\/\/dignitynews.eu\/de\/wp-json\/wp\/v2\/posts\/36620\/revisions"}],"predecessor-version":[{"id":36621,"href":"https:\/\/dignitynews.eu\/de\/wp-json\/wp\/v2\/posts\/36620\/revisions\/36621"}],"wp:featuredmedia":[{"embeddable":true,"href":"https:\/\/dignitynews.eu\/de\/wp-json\/wp\/v2\/media\/36585"}],"wp:attachment":[{"href":"https:\/\/dignitynews.eu\/de\/wp-json\/wp\/v2\/media?parent=36620"}],"wp:term":[{"taxonomy":"category","embeddable":true,"href":"https:\/\/dignitynews.eu\/de\/wp-json\/wp\/v2\/categories?post=36620"},{"taxonomy":"post_tag","embeddable":true,"href":"https:\/\/dignitynews.eu\/de\/wp-json\/wp\/v2\/tags?post=36620"}],"curies":[{"name":"wp","href":"https:\/\/api.w.org\/{rel}","templated":true}]}}