{"id":35987,"date":"2022-12-14T17:20:04","date_gmt":"2022-12-14T16:20:04","guid":{"rendered":"https:\/\/dignitynews.eu\/?p=35987"},"modified":"2022-12-14T20:35:42","modified_gmt":"2022-12-14T19:35:42","slug":"wer-war-stefan-czarniecki-von-dem-wir-in-der-polnischen-hymne-hoeren-dass-er-uebers-meer-zurueckkehrte","status":"publish","type":"post","link":"https:\/\/dignitynews.eu\/de\/wer-war-stefan-czarniecki-von-dem-wir-in-der-polnischen-hymne-hoeren-dass-er-uebers-meer-zurueckkehrte\/","title":{"rendered":"Wer war Stefan Czarniecki, von dem wir in der polnischen Hymne h\u00f6ren, dass er \u201e\u00fcbers Meer zur\u00fcckkehrte\u201d?"},"content":{"rendered":"<h5><strong>Czarnecki warf sich effektvoll \u00fcber das Meer \u2014 weil mit Pferden; und effektiv \u2014 weil er die Schweden von der d\u00e4nischen Insel Als vertrieb. Wie kam es dazu, und wie der polnische Befehlshaber dorthin gekommen war<\/strong><strong>?<\/strong><\/h5>\n<p>Im Jahr 1655 unternahm das K\u00f6nigreich Schweden unter Karl X. Gustav eine Invasion in Polen. Dieser Krieg wurde von den Polen als \u201eschwedische Sintflut\u201d bezeichnet, da die schwedische Armee das polnische K\u00f6nigreich buchst\u00e4blich \u00fcberschwemmte. Die Armee von Karl X. besetzte polnische Gebiete und pl\u00fcnderte das ganze Land, wobei sie viele Kulturg\u00fcter mitnahm, die bis heute in Schweden geblieben sind.<\/p>\n<p>Der Erfolg der Schweden in ihrem Krieg gegen die Polen beunruhigte ihre Nachbarn, die D\u00e4nen. Der dortige Herrscher, Friedrich III. von Oldenburg, beschloss daher, ein B\u00fcndnis mit Polen einzugehen. Leider erwies sich auch sein Heer gegen die schwedischen Truppen als unwirksam und es brauchte Hilfe.<\/p>\n<p>Unter anderem kamen ihm polnische Truppen zu Hilfe, etwa 5000 Mann, die auf Befehl des polnischen K\u00f6nigs Jan Kazimierz des Gro\u00dfen den D\u00e4nen Entsatz brachten. Die polnische Armee landete auf der Insel Als, die von der Armee Karls X. besetzt war. Zuvor waren die Schweden, die sich auf der Insel verteidigten, von den Brandenburgern angegriffen worden, die aber keinen Sieg errungen. Dann waren die Polen an der Reihe, aber bis jetzt wissen wir nicht, ob die Kavallerie unter Stefan Czarniecki, dem damaligen Woiwoden von Ruthenien, die \u00dcberquerung schwimmend oder zu Pferd schaffte. Eines ist sicher: Am 14. Dezember 1658 erreichten die polnischen Truppen die Insel Als und vertrieben die schwedische Armee von dort.<\/p>\n<p>F\u00fcr den Sieg zeichnete der d\u00e4nische K\u00f6nig Friedrich III. Stefan Czarniecki aus, und Papst Alexander VII. und Kaiser Leopold schickten ihm ein Gl\u00fcckwunschschreiben.<\/p>\n<p>Das Lied der Polnischen Legionen\u00a0 aus dem Jahr 1797 erinnert an Czarnieckis Tat und stammt aus der Feder von J\u00f3zef Wybicki, der eine Zeile \u00fcber den Nationalhelden schrieb:<\/p>\n<p>&nbsp;<\/p>\n<p>\u201eWie Czarnecki nach Pozna\u0144<\/p>\n<p>\u00fcber das Meer zur\u00fcckkehrte<\/p>\n<p>um sein Heimatland zu retten<\/p>\n<p>nach der schwedischen Besatzung.\u201d<\/p>\n<p>&nbsp;<\/p>\n<p>Das Lied wurde 1927 die offizielle Nationalhymne der Republik Polen.<\/p>\n","protected":false},"excerpt":{"rendered":"<p>Czarnecki warf sich effektvoll \u00fcber das Meer \u2014 weil mit Pferden; und effektiv \u2014 weil er die Schweden von der d\u00e4nischen Insel Als vertrieb. Wie kam es dazu, und wie&hellip;<\/p>\n","protected":false},"author":7,"featured_media":35965,"comment_status":"closed","ping_status":"open","sticky":false,"template":"","format":"standard","meta":{"_mi_skip_tracking":false,"footnotes":""},"categories":[53],"tags":[],"class_list":["post-35987","post","type-post","status-publish","format-standard","has-post-thumbnail","hentry","category-nachrichten"],"yoast_head":"<!-- This site is optimized with the Yoast SEO plugin v19.4 - https:\/\/yoast.com\/wordpress\/plugins\/seo\/ -->\n<title>Wer war Stefan Czarniecki, von dem wir in der polnischen Hymne h\u00f6ren, dass er \u201e\u00fcbers Meer zur\u00fcckkehrte\u201d? - W\u00fcrde - DignityNews.eu<\/title>\n<meta name=\"robots\" content=\"index, follow, max-snippet:-1, max-image-preview:large, max-video-preview:-1\" \/>\n<link rel=\"canonical\" href=\"https:\/\/dignitynews.eu\/de\/wer-war-stefan-czarniecki-von-dem-wir-in-der-polnischen-hymne-hoeren-dass-er-uebers-meer-zurueckkehrte\/\" \/>\n<meta property=\"og:locale\" content=\"de_DE\" \/>\n<meta property=\"og:type\" content=\"article\" \/>\n<meta property=\"og:title\" content=\"Wer war Stefan Czarniecki, von dem wir in der polnischen Hymne h\u00f6ren, dass er \u201e\u00fcbers Meer zur\u00fcckkehrte\u201d? - W\u00fcrde - DignityNews.eu\" \/>\n<meta property=\"og:description\" content=\"Czarnecki warf sich effektvoll \u00fcber das Meer \u2014 weil mit Pferden; und effektiv \u2014 weil er die Schweden von der d\u00e4nischen Insel Als vertrieb. Wie kam es dazu, und wie&hellip;\" \/>\n<meta property=\"og:url\" content=\"https:\/\/dignitynews.eu\/de\/wer-war-stefan-czarniecki-von-dem-wir-in-der-polnischen-hymne-hoeren-dass-er-uebers-meer-zurueckkehrte\/\" \/>\n<meta property=\"og:site_name\" content=\"W\u00fcrde - DignityNews.eu\" \/>\n<meta property=\"article:published_time\" content=\"2022-12-14T16:20:04+00:00\" \/>\n<meta property=\"article:modified_time\" content=\"2022-12-14T19:35:42+00:00\" \/>\n<meta property=\"og:image\" content=\"https:\/\/dignitynews.eu\/wp-content\/uploads\/2022\/12\/275px-Stefan_Czarniecki.png\" \/>\n\t<meta property=\"og:image:width\" content=\"275\" \/>\n\t<meta property=\"og:image:height\" content=\"360\" \/>\n\t<meta property=\"og:image:type\" content=\"image\/png\" \/>\n<meta name=\"author\" content=\"Dignity News\" \/>\n<meta name=\"twitter:card\" content=\"summary_large_image\" \/>\n<meta name=\"twitter:label1\" content=\"Verfasst von\" \/>\n\t<meta name=\"twitter:data1\" content=\"Dignity News\" \/>\n\t<meta name=\"twitter:label2\" content=\"Gesch\u00e4tzte Lesezeit\" \/>\n\t<meta name=\"twitter:data2\" content=\"2\u00a0Minuten\" \/>\n<script type=\"application\/ld+json\" class=\"yoast-schema-graph\">{\"@context\":\"https:\/\/schema.org\",\"@graph\":[{\"@type\":\"WebSite\",\"@id\":\"https:\/\/dignitynews.eu\/pl\/#website\",\"url\":\"https:\/\/dignitynews.eu\/pl\/\",\"name\":\"W\u00fcrde - DignityNews.eu\",\"description\":\"\",\"potentialAction\":[{\"@type\":\"SearchAction\",\"target\":{\"@type\":\"EntryPoint\",\"urlTemplate\":\"https:\/\/dignitynews.eu\/pl\/?s={search_term_string}\"},\"query-input\":\"required name=search_term_string\"}],\"inLanguage\":\"de\"},{\"@type\":\"WebPage\",\"@id\":\"https:\/\/dignitynews.eu\/de\/wer-war-stefan-czarniecki-von-dem-wir-in-der-polnischen-hymne-hoeren-dass-er-uebers-meer-zurueckkehrte\/\",\"url\":\"https:\/\/dignitynews.eu\/de\/wer-war-stefan-czarniecki-von-dem-wir-in-der-polnischen-hymne-hoeren-dass-er-uebers-meer-zurueckkehrte\/\",\"name\":\"Wer war Stefan Czarniecki, von dem wir in der polnischen Hymne h\u00f6ren, dass er \u201e\u00fcbers Meer zur\u00fcckkehrte\u201d? - W\u00fcrde - DignityNews.eu\",\"isPartOf\":{\"@id\":\"https:\/\/dignitynews.eu\/pl\/#website\"},\"datePublished\":\"2022-12-14T16:20:04+00:00\",\"dateModified\":\"2022-12-14T19:35:42+00:00\",\"author\":{\"@id\":\"https:\/\/dignitynews.eu\/pl\/#\/schema\/person\/0b62b762b8174802fabc81a3ecb1bfcb\"},\"breadcrumb\":{\"@id\":\"https:\/\/dignitynews.eu\/de\/wer-war-stefan-czarniecki-von-dem-wir-in-der-polnischen-hymne-hoeren-dass-er-uebers-meer-zurueckkehrte\/#breadcrumb\"},\"inLanguage\":\"de\",\"potentialAction\":[{\"@type\":\"ReadAction\",\"target\":[\"https:\/\/dignitynews.eu\/de\/wer-war-stefan-czarniecki-von-dem-wir-in-der-polnischen-hymne-hoeren-dass-er-uebers-meer-zurueckkehrte\/\"]}]},{\"@type\":\"BreadcrumbList\",\"@id\":\"https:\/\/dignitynews.eu\/de\/wer-war-stefan-czarniecki-von-dem-wir-in-der-polnischen-hymne-hoeren-dass-er-uebers-meer-zurueckkehrte\/#breadcrumb\",\"itemListElement\":[{\"@type\":\"ListItem\",\"position\":1,\"name\":\"Strona g\u0142\u00f3wna\",\"item\":\"https:\/\/dignitynews.eu\/de\/\"},{\"@type\":\"ListItem\",\"position\":2,\"name\":\"Wer war Stefan Czarniecki, von dem wir in der polnischen Hymne h\u00f6ren, dass er \u201e\u00fcbers Meer zur\u00fcckkehrte\u201d?\"}]},{\"@type\":\"Person\",\"@id\":\"https:\/\/dignitynews.eu\/pl\/#\/schema\/person\/0b62b762b8174802fabc81a3ecb1bfcb\",\"name\":\"Dignity News\",\"image\":{\"@type\":\"ImageObject\",\"inLanguage\":\"de\",\"@id\":\"https:\/\/dignitynews.eu\/pl\/#\/schema\/person\/image\/\",\"url\":\"https:\/\/secure.gravatar.com\/avatar\/97963171a6d9108f8381bbefb1c6b150c445b6ddd9e3077b96c86cf5892c85dc?s=96&d=mm&r=g\",\"contentUrl\":\"https:\/\/secure.gravatar.com\/avatar\/97963171a6d9108f8381bbefb1c6b150c445b6ddd9e3077b96c86cf5892c85dc?s=96&d=mm&r=g\",\"caption\":\"Dignity News\"},\"url\":\"https:\/\/dignitynews.eu\/de\/author\/mikolaj-palade\/\"}]}<\/script>\n<!-- \/ Yoast SEO plugin. -->","yoast_head_json":{"title":"Wer war Stefan Czarniecki, von dem wir in der polnischen Hymne h\u00f6ren, dass er \u201e\u00fcbers Meer zur\u00fcckkehrte\u201d? - W\u00fcrde - DignityNews.eu","robots":{"index":"index","follow":"follow","max-snippet":"max-snippet:-1","max-image-preview":"max-image-preview:large","max-video-preview":"max-video-preview:-1"},"canonical":"https:\/\/dignitynews.eu\/de\/wer-war-stefan-czarniecki-von-dem-wir-in-der-polnischen-hymne-hoeren-dass-er-uebers-meer-zurueckkehrte\/","og_locale":"de_DE","og_type":"article","og_title":"Wer war Stefan Czarniecki, von dem wir in der polnischen Hymne h\u00f6ren, dass er \u201e\u00fcbers Meer zur\u00fcckkehrte\u201d? - W\u00fcrde - DignityNews.eu","og_description":"Czarnecki warf sich effektvoll \u00fcber das Meer \u2014 weil mit Pferden; und effektiv \u2014 weil er die Schweden von der d\u00e4nischen Insel Als vertrieb. Wie kam es dazu, und wie&hellip;","og_url":"https:\/\/dignitynews.eu\/de\/wer-war-stefan-czarniecki-von-dem-wir-in-der-polnischen-hymne-hoeren-dass-er-uebers-meer-zurueckkehrte\/","og_site_name":"W\u00fcrde - DignityNews.eu","article_published_time":"2022-12-14T16:20:04+00:00","article_modified_time":"2022-12-14T19:35:42+00:00","og_image":[{"width":275,"height":360,"url":"https:\/\/dignitynews.eu\/wp-content\/uploads\/2022\/12\/275px-Stefan_Czarniecki.png","type":"image\/png"}],"author":"Dignity News","twitter_card":"summary_large_image","twitter_misc":{"Verfasst von":"Dignity News","Gesch\u00e4tzte Lesezeit":"2\u00a0Minuten"},"schema":{"@context":"https:\/\/schema.org","@graph":[{"@type":"WebSite","@id":"https:\/\/dignitynews.eu\/pl\/#website","url":"https:\/\/dignitynews.eu\/pl\/","name":"W\u00fcrde - DignityNews.eu","description":"","potentialAction":[{"@type":"SearchAction","target":{"@type":"EntryPoint","urlTemplate":"https:\/\/dignitynews.eu\/pl\/?s={search_term_string}"},"query-input":"required name=search_term_string"}],"inLanguage":"de"},{"@type":"WebPage","@id":"https:\/\/dignitynews.eu\/de\/wer-war-stefan-czarniecki-von-dem-wir-in-der-polnischen-hymne-hoeren-dass-er-uebers-meer-zurueckkehrte\/","url":"https:\/\/dignitynews.eu\/de\/wer-war-stefan-czarniecki-von-dem-wir-in-der-polnischen-hymne-hoeren-dass-er-uebers-meer-zurueckkehrte\/","name":"Wer war Stefan Czarniecki, von dem wir in der polnischen Hymne h\u00f6ren, dass er \u201e\u00fcbers Meer zur\u00fcckkehrte\u201d? - W\u00fcrde - DignityNews.eu","isPartOf":{"@id":"https:\/\/dignitynews.eu\/pl\/#website"},"datePublished":"2022-12-14T16:20:04+00:00","dateModified":"2022-12-14T19:35:42+00:00","author":{"@id":"https:\/\/dignitynews.eu\/pl\/#\/schema\/person\/0b62b762b8174802fabc81a3ecb1bfcb"},"breadcrumb":{"@id":"https:\/\/dignitynews.eu\/de\/wer-war-stefan-czarniecki-von-dem-wir-in-der-polnischen-hymne-hoeren-dass-er-uebers-meer-zurueckkehrte\/#breadcrumb"},"inLanguage":"de","potentialAction":[{"@type":"ReadAction","target":["https:\/\/dignitynews.eu\/de\/wer-war-stefan-czarniecki-von-dem-wir-in-der-polnischen-hymne-hoeren-dass-er-uebers-meer-zurueckkehrte\/"]}]},{"@type":"BreadcrumbList","@id":"https:\/\/dignitynews.eu\/de\/wer-war-stefan-czarniecki-von-dem-wir-in-der-polnischen-hymne-hoeren-dass-er-uebers-meer-zurueckkehrte\/#breadcrumb","itemListElement":[{"@type":"ListItem","position":1,"name":"Strona g\u0142\u00f3wna","item":"https:\/\/dignitynews.eu\/de\/"},{"@type":"ListItem","position":2,"name":"Wer war Stefan Czarniecki, von dem wir in der polnischen Hymne h\u00f6ren, dass er \u201e\u00fcbers Meer zur\u00fcckkehrte\u201d?"}]},{"@type":"Person","@id":"https:\/\/dignitynews.eu\/pl\/#\/schema\/person\/0b62b762b8174802fabc81a3ecb1bfcb","name":"Dignity News","image":{"@type":"ImageObject","inLanguage":"de","@id":"https:\/\/dignitynews.eu\/pl\/#\/schema\/person\/image\/","url":"https:\/\/secure.gravatar.com\/avatar\/97963171a6d9108f8381bbefb1c6b150c445b6ddd9e3077b96c86cf5892c85dc?s=96&d=mm&r=g","contentUrl":"https:\/\/secure.gravatar.com\/avatar\/97963171a6d9108f8381bbefb1c6b150c445b6ddd9e3077b96c86cf5892c85dc?s=96&d=mm&r=g","caption":"Dignity News"},"url":"https:\/\/dignitynews.eu\/de\/author\/mikolaj-palade\/"}]}},"_links":{"self":[{"href":"https:\/\/dignitynews.eu\/de\/wp-json\/wp\/v2\/posts\/35987","targetHints":{"allow":["GET"]}}],"collection":[{"href":"https:\/\/dignitynews.eu\/de\/wp-json\/wp\/v2\/posts"}],"about":[{"href":"https:\/\/dignitynews.eu\/de\/wp-json\/wp\/v2\/types\/post"}],"author":[{"embeddable":true,"href":"https:\/\/dignitynews.eu\/de\/wp-json\/wp\/v2\/users\/7"}],"replies":[{"embeddable":true,"href":"https:\/\/dignitynews.eu\/de\/wp-json\/wp\/v2\/comments?post=35987"}],"version-history":[{"count":1,"href":"https:\/\/dignitynews.eu\/de\/wp-json\/wp\/v2\/posts\/35987\/revisions"}],"predecessor-version":[{"id":35988,"href":"https:\/\/dignitynews.eu\/de\/wp-json\/wp\/v2\/posts\/35987\/revisions\/35988"}],"wp:featuredmedia":[{"embeddable":true,"href":"https:\/\/dignitynews.eu\/de\/wp-json\/wp\/v2\/media\/35965"}],"wp:attachment":[{"href":"https:\/\/dignitynews.eu\/de\/wp-json\/wp\/v2\/media?parent=35987"}],"wp:term":[{"taxonomy":"category","embeddable":true,"href":"https:\/\/dignitynews.eu\/de\/wp-json\/wp\/v2\/categories?post=35987"},{"taxonomy":"post_tag","embeddable":true,"href":"https:\/\/dignitynews.eu\/de\/wp-json\/wp\/v2\/tags?post=35987"}],"curies":[{"name":"wp","href":"https:\/\/api.w.org\/{rel}","templated":true}]}}