{"id":35651,"date":"2022-12-09T15:44:19","date_gmt":"2022-12-09T14:44:19","guid":{"rendered":"https:\/\/dignitynews.eu\/?p=35651"},"modified":"2022-12-09T18:00:49","modified_gmt":"2022-12-09T17:00:49","slug":"pater-boduen-haus-in-warschau-bot-juedischen-kindern-waehrend-des-zweiten-weltkriegs-schutz","status":"publish","type":"post","link":"https:\/\/dignitynews.eu\/de\/pater-boduen-haus-in-warschau-bot-juedischen-kindern-waehrend-des-zweiten-weltkriegs-schutz\/","title":{"rendered":"Pater-Boduen-Haus in Warschau bot j\u00fcdischen Kindern w\u00e4hrend des Zweiten Weltkriegs Schutz"},"content":{"rendered":"<h5>In der Zweiten Polnischen Republik war die Erziehungsanstalt, die gemeinhin als Pater-Boduen-Haus bezeichnet wurde, eine selbstverwaltete Einrichtung, die von der Warschauer Stadtverwaltung geleitet wurde. M\u00fctter und Kinder wurden dort untergebracht. W\u00e4hrend des Krieges waren auch j\u00fcdische Kinder unter den Sch\u00fctzlingen. Das Haus besteht ununterbrochen seit dem 18. Jahrhundert bis heute.<\/h5>\n<p>Die Einrichtung gilt als das erste Waisenhaus auf polnischem Boden. Sie wurde um 1732 von Pater Gabriel Baudouin gegr\u00fcndet. Der franz\u00f6sische katholische Priester geh\u00f6rte der Kongregation der Missionare.<\/p>\n<p>Die Einwohner von Warschau wussten, dass im Tor des Geb\u00e4udes eine \u00d6ffnung mit einem Trog angebracht war. Wenn man an der Schnur zog, rutschte der Trog aus dem Tor und man konnte das Baby darin lassen. Als der Trog mit Hilfe der Schnur im Tor verschwand, l\u00e4utete eine Glocke, um das Hauspersonal zu alarmieren. Dies bedeutete, dass ein neuer M\u00fcndel angekommen war.<\/p>\n<p>Im Jahr 1838 ging das Waisenhaus in weltliche H\u00e4nde \u00fcber \u2014 es stand unter der Verwaltung verschiedener Einrichtungen: zuerst des Allgemeinen Medizinischen Rates (poln. Rada Og\u00f3lna Lekarska), dann der Warschauer Wohlt\u00e4tigkeitsgesellschaft (<em>Warszawskie Towarzystwo Dobroczynno\u015bci<\/em>), sp\u00e4ter des Hauptrates f\u00fcr F\u00fcrsorge (<em>Rada G\u0142\u00f3wna Opieku\u0144cza<\/em>) und schlie\u00dflich des Stadtrates f\u00fcr \u00f6ffentliche Wohlt\u00e4tigkeit (<em>Rada Miejska Dobroczynno\u015bci Publicznej<\/em>). In der Zweiten Polnischen Republik war das Kinderheim der Warschauer Stadtverwaltung unterstellt.<\/p>\n<p>Nach der Besetzung Polens durch die Deutschen im Jahr 1939 musste sich die Einrichtung der antij\u00fcdischen Politik der Besatzer stellen. Ihre Mitarbeiter retteten j\u00fcdische Kinder vor dem Holocaust. Diese M\u00fcndel, die sich durch ihr ausgepr\u00e4gtes semitisches Aussehen auszeichneten, wurden in die Vororte von Warschau gebracht \u2014 nach Klarysewo, G\u00f3ra Kalwaria, Ignacowo, Otwock und Pruszk\u00f3w, wo es Pflegeheime gab. Einige Kinder reisten ein wenig weiter, zum Beispiel nach Turkowice. Dort gab es ein Waisenhaus, das von der <a href=\"https:\/\/de.wikipedia.org\/wiki\/Ordensgemeinschaft\">Ordensgemeinschaft<\/a> der Schwestern M\u00e4gde <a href=\"https:\/\/de.wikipedia.org\/wiki\/Maria_(Mutter_Jesu)\">Mariens<\/a> von der Unbefleckten Empf\u00e4ngnis geleitet wurde.<\/p>\n<p>Die Leiterin des Heims w\u00e4hrend des Krieges war Maria Prokopowicz-Wierzbowska, eine \u00c4rztin, die Ludwik und Hanna Hirszfeld und andere w\u00e4hrend des Krieges vor\u00fcbergehend unterbrachte. Um j\u00fcdische Kinder zu retten, arbeitete sie mit Jan Dobraczy\u0144ski zusammen, dem Leiter der Abteilung f\u00fcr geschlossene Gesundheitseinrichtungen im Referat f\u00fcr Pflege und Gesundheit der Warschauer Stadtverwaltung. Diese beiden sowie eine Reihe anderer Personen, die an der Rettung der j\u00fcdischen Kinder in der Einrichtung beteiligt waren, mussten streng konspirativ handeln. Kinder, die in die Einrichtung aufgenommen wurden, mussten \u201earische Papiere\u201d vorweisen, da die Deutschen systematisch Kontrollen im Heim durchf\u00fchrten und nach j\u00fcdischen Sch\u00fctzlingen suchten.<\/p>\n<p>Mit der Zeit erweiterte sich der Kreis der Mitarbeiter, darunter um Irena Sendler. Die Zahl der Kinder, die gerettet wurden, ist nicht genau bekannt. Es waren wahrscheinlich etwa zweihundert j\u00fcdische Kinder.<\/p>\n","protected":false},"excerpt":{"rendered":"<p>In der Zweiten Polnischen Republik war die Erziehungsanstalt, die gemeinhin als Pater-Boduen-Haus bezeichnet wurde, eine selbstverwaltete Einrichtung, die von der Warschauer Stadtverwaltung geleitet wurde. M\u00fctter und Kinder wurden dort untergebracht.&hellip;<\/p>\n","protected":false},"author":7,"featured_media":35593,"comment_status":"closed","ping_status":"open","sticky":false,"template":"","format":"standard","meta":{"_mi_skip_tracking":false,"footnotes":""},"categories":[52],"tags":[],"class_list":["post-35651","post","type-post","status-publish","format-standard","has-post-thumbnail","hentry","category-geschichte"],"yoast_head":"<!-- This site is optimized with the Yoast SEO plugin v19.4 - https:\/\/yoast.com\/wordpress\/plugins\/seo\/ -->\n<title>Pater-Boduen-Haus in Warschau bot j\u00fcdischen Kindern w\u00e4hrend des Zweiten Weltkriegs Schutz - W\u00fcrde - DignityNews.eu<\/title>\n<meta name=\"robots\" content=\"index, follow, max-snippet:-1, max-image-preview:large, max-video-preview:-1\" \/>\n<link rel=\"canonical\" href=\"https:\/\/dignitynews.eu\/de\/pater-boduen-haus-in-warschau-bot-juedischen-kindern-waehrend-des-zweiten-weltkriegs-schutz\/\" \/>\n<meta property=\"og:locale\" content=\"de_DE\" \/>\n<meta property=\"og:type\" content=\"article\" \/>\n<meta property=\"og:title\" content=\"Pater-Boduen-Haus in Warschau bot j\u00fcdischen Kindern w\u00e4hrend des Zweiten Weltkriegs Schutz - W\u00fcrde - DignityNews.eu\" \/>\n<meta property=\"og:description\" content=\"In der Zweiten Polnischen Republik war die Erziehungsanstalt, die gemeinhin als Pater-Boduen-Haus bezeichnet wurde, eine selbstverwaltete Einrichtung, die von der Warschauer Stadtverwaltung geleitet wurde. M\u00fctter und Kinder wurden dort untergebracht.&hellip;\" \/>\n<meta property=\"og:url\" content=\"https:\/\/dignitynews.eu\/de\/pater-boduen-haus-in-warschau-bot-juedischen-kindern-waehrend-des-zweiten-weltkriegs-schutz\/\" \/>\n<meta property=\"og:site_name\" content=\"W\u00fcrde - DignityNews.eu\" \/>\n<meta property=\"article:published_time\" content=\"2022-12-09T14:44:19+00:00\" \/>\n<meta property=\"article:modified_time\" content=\"2022-12-09T17:00:49+00:00\" \/>\n<meta property=\"og:image\" content=\"https:\/\/dignitynews.eu\/wp-content\/uploads\/2022\/12\/1280px-Otwarcie_ochrony_ubogich_dzieci_pod_nazwa_ksiedza_Baudouina_w_Warszawie_43530.jpg\" \/>\n\t<meta property=\"og:image:width\" content=\"1280\" \/>\n\t<meta property=\"og:image:height\" content=\"912\" \/>\n\t<meta property=\"og:image:type\" content=\"image\/jpeg\" \/>\n<meta name=\"author\" content=\"Dignity News\" \/>\n<meta name=\"twitter:card\" content=\"summary_large_image\" \/>\n<meta name=\"twitter:label1\" content=\"Verfasst von\" \/>\n\t<meta name=\"twitter:data1\" content=\"Dignity News\" \/>\n\t<meta name=\"twitter:label2\" content=\"Gesch\u00e4tzte Lesezeit\" \/>\n\t<meta name=\"twitter:data2\" content=\"2\u00a0Minuten\" \/>\n<script type=\"application\/ld+json\" class=\"yoast-schema-graph\">{\"@context\":\"https:\/\/schema.org\",\"@graph\":[{\"@type\":\"WebSite\",\"@id\":\"https:\/\/dignitynews.eu\/pl\/#website\",\"url\":\"https:\/\/dignitynews.eu\/pl\/\",\"name\":\"W\u00fcrde - DignityNews.eu\",\"description\":\"\",\"potentialAction\":[{\"@type\":\"SearchAction\",\"target\":{\"@type\":\"EntryPoint\",\"urlTemplate\":\"https:\/\/dignitynews.eu\/pl\/?s={search_term_string}\"},\"query-input\":\"required name=search_term_string\"}],\"inLanguage\":\"de\"},{\"@type\":\"WebPage\",\"@id\":\"https:\/\/dignitynews.eu\/de\/pater-boduen-haus-in-warschau-bot-juedischen-kindern-waehrend-des-zweiten-weltkriegs-schutz\/\",\"url\":\"https:\/\/dignitynews.eu\/de\/pater-boduen-haus-in-warschau-bot-juedischen-kindern-waehrend-des-zweiten-weltkriegs-schutz\/\",\"name\":\"Pater-Boduen-Haus in Warschau bot j\u00fcdischen Kindern w\u00e4hrend des Zweiten Weltkriegs Schutz - W\u00fcrde - DignityNews.eu\",\"isPartOf\":{\"@id\":\"https:\/\/dignitynews.eu\/pl\/#website\"},\"datePublished\":\"2022-12-09T14:44:19+00:00\",\"dateModified\":\"2022-12-09T17:00:49+00:00\",\"author\":{\"@id\":\"https:\/\/dignitynews.eu\/pl\/#\/schema\/person\/0b62b762b8174802fabc81a3ecb1bfcb\"},\"breadcrumb\":{\"@id\":\"https:\/\/dignitynews.eu\/de\/pater-boduen-haus-in-warschau-bot-juedischen-kindern-waehrend-des-zweiten-weltkriegs-schutz\/#breadcrumb\"},\"inLanguage\":\"de\",\"potentialAction\":[{\"@type\":\"ReadAction\",\"target\":[\"https:\/\/dignitynews.eu\/de\/pater-boduen-haus-in-warschau-bot-juedischen-kindern-waehrend-des-zweiten-weltkriegs-schutz\/\"]}]},{\"@type\":\"BreadcrumbList\",\"@id\":\"https:\/\/dignitynews.eu\/de\/pater-boduen-haus-in-warschau-bot-juedischen-kindern-waehrend-des-zweiten-weltkriegs-schutz\/#breadcrumb\",\"itemListElement\":[{\"@type\":\"ListItem\",\"position\":1,\"name\":\"Strona g\u0142\u00f3wna\",\"item\":\"https:\/\/dignitynews.eu\/de\/\"},{\"@type\":\"ListItem\",\"position\":2,\"name\":\"Pater-Boduen-Haus in Warschau bot j\u00fcdischen Kindern w\u00e4hrend des Zweiten Weltkriegs Schutz\"}]},{\"@type\":\"Person\",\"@id\":\"https:\/\/dignitynews.eu\/pl\/#\/schema\/person\/0b62b762b8174802fabc81a3ecb1bfcb\",\"name\":\"Dignity News\",\"image\":{\"@type\":\"ImageObject\",\"inLanguage\":\"de\",\"@id\":\"https:\/\/dignitynews.eu\/pl\/#\/schema\/person\/image\/\",\"url\":\"https:\/\/secure.gravatar.com\/avatar\/97963171a6d9108f8381bbefb1c6b150c445b6ddd9e3077b96c86cf5892c85dc?s=96&d=mm&r=g\",\"contentUrl\":\"https:\/\/secure.gravatar.com\/avatar\/97963171a6d9108f8381bbefb1c6b150c445b6ddd9e3077b96c86cf5892c85dc?s=96&d=mm&r=g\",\"caption\":\"Dignity News\"},\"url\":\"https:\/\/dignitynews.eu\/de\/author\/mikolaj-palade\/\"}]}<\/script>\n<!-- \/ Yoast SEO plugin. -->","yoast_head_json":{"title":"Pater-Boduen-Haus in Warschau bot j\u00fcdischen Kindern w\u00e4hrend des Zweiten Weltkriegs Schutz - W\u00fcrde - DignityNews.eu","robots":{"index":"index","follow":"follow","max-snippet":"max-snippet:-1","max-image-preview":"max-image-preview:large","max-video-preview":"max-video-preview:-1"},"canonical":"https:\/\/dignitynews.eu\/de\/pater-boduen-haus-in-warschau-bot-juedischen-kindern-waehrend-des-zweiten-weltkriegs-schutz\/","og_locale":"de_DE","og_type":"article","og_title":"Pater-Boduen-Haus in Warschau bot j\u00fcdischen Kindern w\u00e4hrend des Zweiten Weltkriegs Schutz - W\u00fcrde - DignityNews.eu","og_description":"In der Zweiten Polnischen Republik war die Erziehungsanstalt, die gemeinhin als Pater-Boduen-Haus bezeichnet wurde, eine selbstverwaltete Einrichtung, die von der Warschauer Stadtverwaltung geleitet wurde. M\u00fctter und Kinder wurden dort untergebracht.&hellip;","og_url":"https:\/\/dignitynews.eu\/de\/pater-boduen-haus-in-warschau-bot-juedischen-kindern-waehrend-des-zweiten-weltkriegs-schutz\/","og_site_name":"W\u00fcrde - DignityNews.eu","article_published_time":"2022-12-09T14:44:19+00:00","article_modified_time":"2022-12-09T17:00:49+00:00","og_image":[{"width":1280,"height":912,"url":"https:\/\/dignitynews.eu\/wp-content\/uploads\/2022\/12\/1280px-Otwarcie_ochrony_ubogich_dzieci_pod_nazwa_ksiedza_Baudouina_w_Warszawie_43530.jpg","type":"image\/jpeg"}],"author":"Dignity News","twitter_card":"summary_large_image","twitter_misc":{"Verfasst von":"Dignity News","Gesch\u00e4tzte Lesezeit":"2\u00a0Minuten"},"schema":{"@context":"https:\/\/schema.org","@graph":[{"@type":"WebSite","@id":"https:\/\/dignitynews.eu\/pl\/#website","url":"https:\/\/dignitynews.eu\/pl\/","name":"W\u00fcrde - DignityNews.eu","description":"","potentialAction":[{"@type":"SearchAction","target":{"@type":"EntryPoint","urlTemplate":"https:\/\/dignitynews.eu\/pl\/?s={search_term_string}"},"query-input":"required name=search_term_string"}],"inLanguage":"de"},{"@type":"WebPage","@id":"https:\/\/dignitynews.eu\/de\/pater-boduen-haus-in-warschau-bot-juedischen-kindern-waehrend-des-zweiten-weltkriegs-schutz\/","url":"https:\/\/dignitynews.eu\/de\/pater-boduen-haus-in-warschau-bot-juedischen-kindern-waehrend-des-zweiten-weltkriegs-schutz\/","name":"Pater-Boduen-Haus in Warschau bot j\u00fcdischen Kindern w\u00e4hrend des Zweiten Weltkriegs Schutz - W\u00fcrde - DignityNews.eu","isPartOf":{"@id":"https:\/\/dignitynews.eu\/pl\/#website"},"datePublished":"2022-12-09T14:44:19+00:00","dateModified":"2022-12-09T17:00:49+00:00","author":{"@id":"https:\/\/dignitynews.eu\/pl\/#\/schema\/person\/0b62b762b8174802fabc81a3ecb1bfcb"},"breadcrumb":{"@id":"https:\/\/dignitynews.eu\/de\/pater-boduen-haus-in-warschau-bot-juedischen-kindern-waehrend-des-zweiten-weltkriegs-schutz\/#breadcrumb"},"inLanguage":"de","potentialAction":[{"@type":"ReadAction","target":["https:\/\/dignitynews.eu\/de\/pater-boduen-haus-in-warschau-bot-juedischen-kindern-waehrend-des-zweiten-weltkriegs-schutz\/"]}]},{"@type":"BreadcrumbList","@id":"https:\/\/dignitynews.eu\/de\/pater-boduen-haus-in-warschau-bot-juedischen-kindern-waehrend-des-zweiten-weltkriegs-schutz\/#breadcrumb","itemListElement":[{"@type":"ListItem","position":1,"name":"Strona g\u0142\u00f3wna","item":"https:\/\/dignitynews.eu\/de\/"},{"@type":"ListItem","position":2,"name":"Pater-Boduen-Haus in Warschau bot j\u00fcdischen Kindern w\u00e4hrend des Zweiten Weltkriegs Schutz"}]},{"@type":"Person","@id":"https:\/\/dignitynews.eu\/pl\/#\/schema\/person\/0b62b762b8174802fabc81a3ecb1bfcb","name":"Dignity News","image":{"@type":"ImageObject","inLanguage":"de","@id":"https:\/\/dignitynews.eu\/pl\/#\/schema\/person\/image\/","url":"https:\/\/secure.gravatar.com\/avatar\/97963171a6d9108f8381bbefb1c6b150c445b6ddd9e3077b96c86cf5892c85dc?s=96&d=mm&r=g","contentUrl":"https:\/\/secure.gravatar.com\/avatar\/97963171a6d9108f8381bbefb1c6b150c445b6ddd9e3077b96c86cf5892c85dc?s=96&d=mm&r=g","caption":"Dignity News"},"url":"https:\/\/dignitynews.eu\/de\/author\/mikolaj-palade\/"}]}},"_links":{"self":[{"href":"https:\/\/dignitynews.eu\/de\/wp-json\/wp\/v2\/posts\/35651","targetHints":{"allow":["GET"]}}],"collection":[{"href":"https:\/\/dignitynews.eu\/de\/wp-json\/wp\/v2\/posts"}],"about":[{"href":"https:\/\/dignitynews.eu\/de\/wp-json\/wp\/v2\/types\/post"}],"author":[{"embeddable":true,"href":"https:\/\/dignitynews.eu\/de\/wp-json\/wp\/v2\/users\/7"}],"replies":[{"embeddable":true,"href":"https:\/\/dignitynews.eu\/de\/wp-json\/wp\/v2\/comments?post=35651"}],"version-history":[{"count":1,"href":"https:\/\/dignitynews.eu\/de\/wp-json\/wp\/v2\/posts\/35651\/revisions"}],"predecessor-version":[{"id":35652,"href":"https:\/\/dignitynews.eu\/de\/wp-json\/wp\/v2\/posts\/35651\/revisions\/35652"}],"wp:featuredmedia":[{"embeddable":true,"href":"https:\/\/dignitynews.eu\/de\/wp-json\/wp\/v2\/media\/35593"}],"wp:attachment":[{"href":"https:\/\/dignitynews.eu\/de\/wp-json\/wp\/v2\/media?parent=35651"}],"wp:term":[{"taxonomy":"category","embeddable":true,"href":"https:\/\/dignitynews.eu\/de\/wp-json\/wp\/v2\/categories?post=35651"},{"taxonomy":"post_tag","embeddable":true,"href":"https:\/\/dignitynews.eu\/de\/wp-json\/wp\/v2\/tags?post=35651"}],"curies":[{"name":"wp","href":"https:\/\/api.w.org\/{rel}","templated":true}]}}