{"id":33831,"date":"2022-11-16T15:00:59","date_gmt":"2022-11-16T14:00:59","guid":{"rendered":"https:\/\/dignitynews.eu\/?p=33831"},"modified":"2022-11-18T05:31:27","modified_gmt":"2022-11-18T04:31:27","slug":"goralenvolk-gescheitertes-projekt-von-hitler","status":"publish","type":"post","link":"https:\/\/dignitynews.eu\/de\/goralenvolk-gescheitertes-projekt-von-hitler\/","title":{"rendered":"Goralenvolk \u2014 gescheitertes Projekt von Hitler"},"content":{"rendered":"<h5><strong>Rassentheorien spielten in der nationalsozialistischen Ideologie eine sehr wichtige Rolle. Auf <\/strong><strong>d<\/strong><strong>er Grundlage <\/strong><strong>dieser Theorien f\u00fc<\/strong><strong>hrten die meisten deutschen Forscher pseudo-wissenschaftliche Studien durch, um den Beh<\/strong><strong>\u00f6<\/strong><strong>rden zu gefallen. Sie kamen unter anderem zu dem Schluss, dass die Bergbewohner <\/strong><strong>\u00fc<\/strong><strong>ber spezifische Veranlagungen verf<\/strong><strong>\u00fc<\/strong><strong>gen, die sie von anderen Menschen positiv unterscheiden. Auf diese Weise wurden die polnischen <\/strong><strong>Berg<\/strong><strong>bewohner mit den mythischen Nachfahren der Arier <\/strong><strong>\u2014<\/strong><strong> nach Ansicht der Nazis die Vorfahren der wei\u00dfen Rasse<\/strong><strong> \u2014 <\/strong><strong>identifiziert.<\/strong><\/h5>\n<p>Nach der deutschen Besetzung Polens nahmen Nazi-Forscher auf Initiative von Gouverneur Hans Frank die Bewohner von Podhale und anderen Bergregionen ins Visier. Die deutsche Propaganda begann, die falsche Theorie zu verbreiten, dass sie von den Goten abstammten und daher ein mit den Deutschen verwandtes Volk seien. Damit war die Idee des Goralenvolks geboren. Eine solche Klassifizierung der mehr als 150\u00a0000 Einwohner der besetzten Podhale-Region hatte weitreichende politische Folgen.<\/p>\n<p>Als Ausdruck des deutschen Wohlwollens gegen\u00fcber den Bergbewohnern empfing Frank in Krakau eine \u201eDelegation der gesamten Podhale-Region\u201d in traditionellen Goralen-Trachten. An ihrer Spitze stand Wac\u0142aw Krzeptowski, der den Gouverneur bescheiden bat, Zakopane zu besuchen. Frank nahm die Einladung rasch an und besuchte die Stadt bereits Mitte November 1939. In der Hauptstadt der Tatra verk\u00fcndete er die Notwendigkeit, ein Goralenland zu schaffen. \u00dcber den Besuch wurde in der Presse ausf\u00fchrlich berichtet, und die besiegte polnische Bev\u00f6lkerung erinnerte sich an die besonders sch\u00e4ndlichen Worte Krzeptowskis gegen\u00fcber Frank, der ihn als \u201eFreund\u201d begr\u00fc\u00dfte.<\/p>\n<p>Historiker haben immer wieder \u00fcber die Volte von Krzeptowski, der von den Beh\u00f6rden der Zweiten Polnischen Republik geh\u00e4tschelt wurde, und seinen Mitarbeitern ger\u00e4tselt. Nach ihren Erkenntnissen war er wahrscheinlich ein Opfer der T\u00e4tigkeit deutscher Abwehragenten, eines Einflussagenten (Dr. Henryk Szatkowski) und seines eigenen Hangs zu einem extrem ausschweifenden Leben.<\/p>\n<p>Obwohl eine Kartei mit blauen Erkennungskarten mit dem Buchstaben \u201eG\u201d nicht erhalten geblieben ist, besteht kein Zweifel daran, dass es den Deutschen nicht gelungen ist, die Bergbewohner zu germanisieren. Sch\u00e4tzungen zufolge haben nur etwa 30\u00a0000 Menschen diese akzeptiert, viele von ihnen unter Zwang.<\/p>\n<p>Auch die deutschen Pl\u00e4ne zur Schaffung einer Kollaborationsarmee aus Einwohnern von Podhale scheiterten v\u00f6llig. Die Rede ist von der Goralischen Waffen-SS-Legion. Etwa 300 Personen meldeten sich daf\u00fcr, von denen 200 diensttauglich waren, aber die meisten desertierten bereits in der Ausbildungsphase.<\/p>\n<p>Am 20. Januar 1945 wurde Krzeptowski aufgrund eines Urteils des polnischen Untergrundstaates von Partisanen aus einer Einheit der Heimatarmee geh\u00e4ngt.<\/p>\n","protected":false},"excerpt":{"rendered":"<p>Rassentheorien spielten in der nationalsozialistischen Ideologie eine sehr wichtige Rolle. Auf der Grundlage dieser Theorien f\u00fchrten die meisten deutschen Forscher pseudo-wissenschaftliche Studien durch, um den Beh\u00f6rden zu gefallen. Sie kamen&hellip;<\/p>\n","protected":false},"author":7,"featured_media":33719,"comment_status":"closed","ping_status":"open","sticky":false,"template":"","format":"standard","meta":{"_mi_skip_tracking":false,"footnotes":""},"categories":[52],"tags":[],"class_list":["post-33831","post","type-post","status-publish","format-standard","has-post-thumbnail","hentry","category-geschichte"],"yoast_head":"<!-- This site is optimized with the Yoast SEO plugin v19.4 - https:\/\/yoast.com\/wordpress\/plugins\/seo\/ -->\n<title>Goralenvolk \u2014 gescheitertes Projekt von Hitler - W\u00fcrde - DignityNews.eu<\/title>\n<meta name=\"robots\" content=\"index, follow, max-snippet:-1, max-image-preview:large, max-video-preview:-1\" \/>\n<link rel=\"canonical\" href=\"https:\/\/dignitynews.eu\/de\/goralenvolk-gescheitertes-projekt-von-hitler\/\" \/>\n<meta property=\"og:locale\" content=\"de_DE\" \/>\n<meta property=\"og:type\" content=\"article\" \/>\n<meta property=\"og:title\" content=\"Goralenvolk \u2014 gescheitertes Projekt von Hitler - W\u00fcrde - DignityNews.eu\" \/>\n<meta property=\"og:description\" content=\"Rassentheorien spielten in der nationalsozialistischen Ideologie eine sehr wichtige Rolle. Auf der Grundlage dieser Theorien f\u00fchrten die meisten deutschen Forscher pseudo-wissenschaftliche Studien durch, um den Beh\u00f6rden zu gefallen. Sie kamen&hellip;\" \/>\n<meta property=\"og:url\" content=\"https:\/\/dignitynews.eu\/de\/goralenvolk-gescheitertes-projekt-von-hitler\/\" \/>\n<meta property=\"og:site_name\" content=\"W\u00fcrde - DignityNews.eu\" \/>\n<meta property=\"article:published_time\" content=\"2022-11-16T14:00:59+00:00\" \/>\n<meta property=\"article:modified_time\" content=\"2022-11-18T04:31:27+00:00\" \/>\n<meta property=\"og:image\" content=\"https:\/\/dignitynews.eu\/wp-content\/uploads\/2022\/11\/1045px-Goralische_Volksmusik_und_Tanz_in_1940.jpg\" \/>\n\t<meta property=\"og:image:width\" content=\"1045\" \/>\n\t<meta property=\"og:image:height\" content=\"720\" \/>\n\t<meta property=\"og:image:type\" content=\"image\/jpeg\" \/>\n<meta name=\"author\" content=\"Dignity News\" \/>\n<meta name=\"twitter:card\" content=\"summary_large_image\" \/>\n<meta name=\"twitter:label1\" content=\"Verfasst von\" \/>\n\t<meta name=\"twitter:data1\" content=\"Dignity News\" \/>\n\t<meta name=\"twitter:label2\" content=\"Gesch\u00e4tzte Lesezeit\" \/>\n\t<meta name=\"twitter:data2\" content=\"2\u00a0Minuten\" \/>\n<script type=\"application\/ld+json\" class=\"yoast-schema-graph\">{\"@context\":\"https:\/\/schema.org\",\"@graph\":[{\"@type\":\"WebSite\",\"@id\":\"https:\/\/dignitynews.eu\/pl\/#website\",\"url\":\"https:\/\/dignitynews.eu\/pl\/\",\"name\":\"W\u00fcrde - DignityNews.eu\",\"description\":\"\",\"potentialAction\":[{\"@type\":\"SearchAction\",\"target\":{\"@type\":\"EntryPoint\",\"urlTemplate\":\"https:\/\/dignitynews.eu\/pl\/?s={search_term_string}\"},\"query-input\":\"required name=search_term_string\"}],\"inLanguage\":\"de\"},{\"@type\":\"WebPage\",\"@id\":\"https:\/\/dignitynews.eu\/de\/goralenvolk-gescheitertes-projekt-von-hitler\/\",\"url\":\"https:\/\/dignitynews.eu\/de\/goralenvolk-gescheitertes-projekt-von-hitler\/\",\"name\":\"Goralenvolk \u2014 gescheitertes Projekt von Hitler - W\u00fcrde - DignityNews.eu\",\"isPartOf\":{\"@id\":\"https:\/\/dignitynews.eu\/pl\/#website\"},\"datePublished\":\"2022-11-16T14:00:59+00:00\",\"dateModified\":\"2022-11-18T04:31:27+00:00\",\"author\":{\"@id\":\"https:\/\/dignitynews.eu\/pl\/#\/schema\/person\/0b62b762b8174802fabc81a3ecb1bfcb\"},\"breadcrumb\":{\"@id\":\"https:\/\/dignitynews.eu\/de\/goralenvolk-gescheitertes-projekt-von-hitler\/#breadcrumb\"},\"inLanguage\":\"de\",\"potentialAction\":[{\"@type\":\"ReadAction\",\"target\":[\"https:\/\/dignitynews.eu\/de\/goralenvolk-gescheitertes-projekt-von-hitler\/\"]}]},{\"@type\":\"BreadcrumbList\",\"@id\":\"https:\/\/dignitynews.eu\/de\/goralenvolk-gescheitertes-projekt-von-hitler\/#breadcrumb\",\"itemListElement\":[{\"@type\":\"ListItem\",\"position\":1,\"name\":\"Strona g\u0142\u00f3wna\",\"item\":\"https:\/\/dignitynews.eu\/de\/\"},{\"@type\":\"ListItem\",\"position\":2,\"name\":\"Goralenvolk \u2014 gescheitertes Projekt von Hitler\"}]},{\"@type\":\"Person\",\"@id\":\"https:\/\/dignitynews.eu\/pl\/#\/schema\/person\/0b62b762b8174802fabc81a3ecb1bfcb\",\"name\":\"Dignity News\",\"image\":{\"@type\":\"ImageObject\",\"inLanguage\":\"de\",\"@id\":\"https:\/\/dignitynews.eu\/pl\/#\/schema\/person\/image\/\",\"url\":\"https:\/\/secure.gravatar.com\/avatar\/97963171a6d9108f8381bbefb1c6b150c445b6ddd9e3077b96c86cf5892c85dc?s=96&d=mm&r=g\",\"contentUrl\":\"https:\/\/secure.gravatar.com\/avatar\/97963171a6d9108f8381bbefb1c6b150c445b6ddd9e3077b96c86cf5892c85dc?s=96&d=mm&r=g\",\"caption\":\"Dignity News\"},\"url\":\"https:\/\/dignitynews.eu\/de\/author\/mikolaj-palade\/\"}]}<\/script>\n<!-- \/ Yoast SEO plugin. -->","yoast_head_json":{"title":"Goralenvolk \u2014 gescheitertes Projekt von Hitler - W\u00fcrde - DignityNews.eu","robots":{"index":"index","follow":"follow","max-snippet":"max-snippet:-1","max-image-preview":"max-image-preview:large","max-video-preview":"max-video-preview:-1"},"canonical":"https:\/\/dignitynews.eu\/de\/goralenvolk-gescheitertes-projekt-von-hitler\/","og_locale":"de_DE","og_type":"article","og_title":"Goralenvolk \u2014 gescheitertes Projekt von Hitler - W\u00fcrde - DignityNews.eu","og_description":"Rassentheorien spielten in der nationalsozialistischen Ideologie eine sehr wichtige Rolle. Auf der Grundlage dieser Theorien f\u00fchrten die meisten deutschen Forscher pseudo-wissenschaftliche Studien durch, um den Beh\u00f6rden zu gefallen. Sie kamen&hellip;","og_url":"https:\/\/dignitynews.eu\/de\/goralenvolk-gescheitertes-projekt-von-hitler\/","og_site_name":"W\u00fcrde - DignityNews.eu","article_published_time":"2022-11-16T14:00:59+00:00","article_modified_time":"2022-11-18T04:31:27+00:00","og_image":[{"width":1045,"height":720,"url":"https:\/\/dignitynews.eu\/wp-content\/uploads\/2022\/11\/1045px-Goralische_Volksmusik_und_Tanz_in_1940.jpg","type":"image\/jpeg"}],"author":"Dignity News","twitter_card":"summary_large_image","twitter_misc":{"Verfasst von":"Dignity News","Gesch\u00e4tzte Lesezeit":"2\u00a0Minuten"},"schema":{"@context":"https:\/\/schema.org","@graph":[{"@type":"WebSite","@id":"https:\/\/dignitynews.eu\/pl\/#website","url":"https:\/\/dignitynews.eu\/pl\/","name":"W\u00fcrde - DignityNews.eu","description":"","potentialAction":[{"@type":"SearchAction","target":{"@type":"EntryPoint","urlTemplate":"https:\/\/dignitynews.eu\/pl\/?s={search_term_string}"},"query-input":"required name=search_term_string"}],"inLanguage":"de"},{"@type":"WebPage","@id":"https:\/\/dignitynews.eu\/de\/goralenvolk-gescheitertes-projekt-von-hitler\/","url":"https:\/\/dignitynews.eu\/de\/goralenvolk-gescheitertes-projekt-von-hitler\/","name":"Goralenvolk \u2014 gescheitertes Projekt von Hitler - W\u00fcrde - DignityNews.eu","isPartOf":{"@id":"https:\/\/dignitynews.eu\/pl\/#website"},"datePublished":"2022-11-16T14:00:59+00:00","dateModified":"2022-11-18T04:31:27+00:00","author":{"@id":"https:\/\/dignitynews.eu\/pl\/#\/schema\/person\/0b62b762b8174802fabc81a3ecb1bfcb"},"breadcrumb":{"@id":"https:\/\/dignitynews.eu\/de\/goralenvolk-gescheitertes-projekt-von-hitler\/#breadcrumb"},"inLanguage":"de","potentialAction":[{"@type":"ReadAction","target":["https:\/\/dignitynews.eu\/de\/goralenvolk-gescheitertes-projekt-von-hitler\/"]}]},{"@type":"BreadcrumbList","@id":"https:\/\/dignitynews.eu\/de\/goralenvolk-gescheitertes-projekt-von-hitler\/#breadcrumb","itemListElement":[{"@type":"ListItem","position":1,"name":"Strona g\u0142\u00f3wna","item":"https:\/\/dignitynews.eu\/de\/"},{"@type":"ListItem","position":2,"name":"Goralenvolk \u2014 gescheitertes Projekt von Hitler"}]},{"@type":"Person","@id":"https:\/\/dignitynews.eu\/pl\/#\/schema\/person\/0b62b762b8174802fabc81a3ecb1bfcb","name":"Dignity News","image":{"@type":"ImageObject","inLanguage":"de","@id":"https:\/\/dignitynews.eu\/pl\/#\/schema\/person\/image\/","url":"https:\/\/secure.gravatar.com\/avatar\/97963171a6d9108f8381bbefb1c6b150c445b6ddd9e3077b96c86cf5892c85dc?s=96&d=mm&r=g","contentUrl":"https:\/\/secure.gravatar.com\/avatar\/97963171a6d9108f8381bbefb1c6b150c445b6ddd9e3077b96c86cf5892c85dc?s=96&d=mm&r=g","caption":"Dignity News"},"url":"https:\/\/dignitynews.eu\/de\/author\/mikolaj-palade\/"}]}},"_links":{"self":[{"href":"https:\/\/dignitynews.eu\/de\/wp-json\/wp\/v2\/posts\/33831","targetHints":{"allow":["GET"]}}],"collection":[{"href":"https:\/\/dignitynews.eu\/de\/wp-json\/wp\/v2\/posts"}],"about":[{"href":"https:\/\/dignitynews.eu\/de\/wp-json\/wp\/v2\/types\/post"}],"author":[{"embeddable":true,"href":"https:\/\/dignitynews.eu\/de\/wp-json\/wp\/v2\/users\/7"}],"replies":[{"embeddable":true,"href":"https:\/\/dignitynews.eu\/de\/wp-json\/wp\/v2\/comments?post=33831"}],"version-history":[{"count":1,"href":"https:\/\/dignitynews.eu\/de\/wp-json\/wp\/v2\/posts\/33831\/revisions"}],"predecessor-version":[{"id":33832,"href":"https:\/\/dignitynews.eu\/de\/wp-json\/wp\/v2\/posts\/33831\/revisions\/33832"}],"wp:featuredmedia":[{"embeddable":true,"href":"https:\/\/dignitynews.eu\/de\/wp-json\/wp\/v2\/media\/33719"}],"wp:attachment":[{"href":"https:\/\/dignitynews.eu\/de\/wp-json\/wp\/v2\/media?parent=33831"}],"wp:term":[{"taxonomy":"category","embeddable":true,"href":"https:\/\/dignitynews.eu\/de\/wp-json\/wp\/v2\/categories?post=33831"},{"taxonomy":"post_tag","embeddable":true,"href":"https:\/\/dignitynews.eu\/de\/wp-json\/wp\/v2\/tags?post=33831"}],"curies":[{"name":"wp","href":"https:\/\/api.w.org\/{rel}","templated":true}]}}