{"id":33435,"date":"2022-11-11T09:50:25","date_gmt":"2022-11-11T08:50:25","guid":{"rendered":"https:\/\/dignitynews.eu\/?p=33435"},"modified":"2022-11-14T16:42:57","modified_gmt":"2022-11-14T15:42:57","slug":"11-november-polnischer-unabhaengigkeitstag","status":"publish","type":"post","link":"https:\/\/dignitynews.eu\/de\/11-november-polnischer-unabhaengigkeitstag\/","title":{"rendered":"11. November \u2014 Polnischer Unabh\u00e4ngigkeitstag"},"content":{"rendered":"<h5><strong>Jedes Jahr wird in Polen der 11. November als nationaler Unabh<\/strong><strong>\u00e4<\/strong><strong>ngigkeitstag gefeiert. Der Feiertag erinnert an die Wiedererlangung der Unabh<\/strong><strong>\u00e4<\/strong><strong>ngigkeit vom polnischen Staate im Jahr 1918 nach 123 Jahren der Teilung, in denen Generationen von Polen unerm<\/strong><strong>\u00fc<\/strong><strong>dlich f<\/strong><strong>\u00fc<\/strong><strong>r die Wiedererlangung der Freiheit gek<\/strong><strong>\u00e4<\/strong><strong>mpft haben.<\/strong><\/h5>\n<p>Im weltweiten Bewusstsein ist der 11. November 1918 das Datum, an dem die Feindseligkeiten des Ersten Weltkriegs beendet wurden. An diesem Tag unterzeichneten die Deutschen in einem Eisenbahnwagen im Wald bei Compi\u00e8gne (Frankreich) einen Waffenstillstand und stimmten den Bedingungen zu, die ihnen von der Entente auferlegt wurden.<\/p>\n<p>In Polen hingegen \u00fcbertrug der Regentschaftsrat (poln. <em>Rada Regencyjna<\/em>) genau an diesem Tag die Macht an J\u00f3zef Pi\u0142sudski, der am Tag zuvor in Warschau eingetroffen war und mit der Organisation der staatlichen Beh\u00f6rden betraut wurde. Die Wiedererlangung der Unabh\u00e4ngigkeit und die Gr\u00fcndung eines Staates erwiesen sich als ein langwieriger Prozess. In dieser Zeit ging der Kampf um die Grenzen weiter, es wurden Volksabstimmungen und Aufst\u00e4nde organisiert. Es dauerten auch die heute nicht von allen gew\u00fcrdigten diplomatischen Bem\u00fchungen von Roman Dmowski w\u00e4hrend der Friedensverhandlungen, die in der Unterzeichnung des Versailler Vertrags gipfelten.<\/p>\n<p>In Polen wurden die Feierlichkeiten zum Gedenken an den 11. November zun\u00e4chst in Form von milit\u00e4rischen Zeremonien am ersten Sonntag nach diesem Datum abgehalten. Im Jahr 1920 wurden sie jedoch am 14. November abgehalten, und J\u00f3zef Pi\u0142sudski erhielt den h\u00f6chstm\u00f6glichen milit\u00e4rischen Rang \u2014 Marschall. In den folgenden Jahren, insbesondere nach dem Mai-Putsch von Pi\u0142sudski, nahm der Feiertag einen allgemeineren Charakter an. Mit dem Gesetz vom 23. April 1937 wurde er zum gesetzlichen Feiertag erhoben, der vor dem Ausbruch des Zweiten Weltkriegs nur in den Jahren 1937 und 1938 begangen wurde.<\/p>\n<p>W\u00e4hrend der Besatzung versuchten die F\u00fchrer des polnischen Untergrundstaates trotz der drohenden Repressionen, ihre Landsleute an den Jahrestag der Wiedererlangung der Unabh\u00e4ngigkeit zu erinnern. Orte, die mit der Wiedererlangung der Freiheit verbunden waren, wurden mit wei\u00dfen und roten Fahnen und Blumen geschm\u00fcckt. In der Untergrundpresse erschienen Gedenkartikel und an den W\u00e4nden von Geb\u00e4uden und anderen Orten in den besetzten St\u00e4dten wurden folgende Aufschriften angebracht: \u201e11 XI 1918\u201d, \u201ePolen lebt!\u201d und \u201ePolen wird siegen!\u201d.<\/p>\n","protected":false},"excerpt":{"rendered":"<p>Jedes Jahr wird in Polen der 11. November als nationaler Unabh\u00e4ngigkeitstag gefeiert. Der Feiertag erinnert an die Wiedererlangung der Unabh\u00e4ngigkeit vom polnischen Staate im Jahr 1918 nach 123 Jahren der&hellip;<\/p>\n","protected":false},"author":7,"featured_media":33372,"comment_status":"closed","ping_status":"open","sticky":false,"template":"","format":"standard","meta":{"_mi_skip_tracking":false,"footnotes":""},"categories":[52],"tags":[],"class_list":["post-33435","post","type-post","status-publish","format-standard","has-post-thumbnail","hentry","category-geschichte"],"yoast_head":"<!-- This site is optimized with the Yoast SEO plugin v19.4 - https:\/\/yoast.com\/wordpress\/plugins\/seo\/ -->\n<title>11. November \u2014 Polnischer Unabh\u00e4ngigkeitstag - W\u00fcrde - DignityNews.eu<\/title>\n<meta name=\"robots\" content=\"index, follow, max-snippet:-1, max-image-preview:large, max-video-preview:-1\" \/>\n<link rel=\"canonical\" href=\"https:\/\/dignitynews.eu\/de\/11-november-polnischer-unabhaengigkeitstag\/\" \/>\n<meta property=\"og:locale\" content=\"de_DE\" \/>\n<meta property=\"og:type\" content=\"article\" \/>\n<meta property=\"og:title\" content=\"11. November \u2014 Polnischer Unabh\u00e4ngigkeitstag - W\u00fcrde - DignityNews.eu\" \/>\n<meta property=\"og:description\" content=\"Jedes Jahr wird in Polen der 11. November als nationaler Unabh\u00e4ngigkeitstag gefeiert. Der Feiertag erinnert an die Wiedererlangung der Unabh\u00e4ngigkeit vom polnischen Staate im Jahr 1918 nach 123 Jahren der&hellip;\" \/>\n<meta property=\"og:url\" content=\"https:\/\/dignitynews.eu\/de\/11-november-polnischer-unabhaengigkeitstag\/\" \/>\n<meta property=\"og:site_name\" content=\"W\u00fcrde - DignityNews.eu\" \/>\n<meta property=\"article:published_time\" content=\"2022-11-11T08:50:25+00:00\" \/>\n<meta property=\"article:modified_time\" content=\"2022-11-14T15:42:57+00:00\" \/>\n<meta property=\"og:image\" content=\"https:\/\/dignitynews.eu\/wp-content\/uploads\/2022\/11\/1190px-Obchody_swieta_11_listopada_w_Warszawie_22-260-14.jpg\" \/>\n\t<meta property=\"og:image:width\" content=\"1190\" \/>\n\t<meta property=\"og:image:height\" content=\"899\" \/>\n\t<meta property=\"og:image:type\" content=\"image\/jpeg\" \/>\n<meta name=\"author\" content=\"Dignity News\" \/>\n<meta name=\"twitter:card\" content=\"summary_large_image\" \/>\n<meta name=\"twitter:label1\" content=\"Verfasst von\" \/>\n\t<meta name=\"twitter:data1\" content=\"Dignity News\" \/>\n\t<meta name=\"twitter:label2\" content=\"Gesch\u00e4tzte Lesezeit\" \/>\n\t<meta name=\"twitter:data2\" content=\"2\u00a0Minuten\" \/>\n<script type=\"application\/ld+json\" class=\"yoast-schema-graph\">{\"@context\":\"https:\/\/schema.org\",\"@graph\":[{\"@type\":\"WebSite\",\"@id\":\"https:\/\/dignitynews.eu\/pl\/#website\",\"url\":\"https:\/\/dignitynews.eu\/pl\/\",\"name\":\"W\u00fcrde - DignityNews.eu\",\"description\":\"\",\"potentialAction\":[{\"@type\":\"SearchAction\",\"target\":{\"@type\":\"EntryPoint\",\"urlTemplate\":\"https:\/\/dignitynews.eu\/pl\/?s={search_term_string}\"},\"query-input\":\"required name=search_term_string\"}],\"inLanguage\":\"de\"},{\"@type\":\"WebPage\",\"@id\":\"https:\/\/dignitynews.eu\/de\/11-november-polnischer-unabhaengigkeitstag\/\",\"url\":\"https:\/\/dignitynews.eu\/de\/11-november-polnischer-unabhaengigkeitstag\/\",\"name\":\"11. November \u2014 Polnischer Unabh\u00e4ngigkeitstag - W\u00fcrde - DignityNews.eu\",\"isPartOf\":{\"@id\":\"https:\/\/dignitynews.eu\/pl\/#website\"},\"datePublished\":\"2022-11-11T08:50:25+00:00\",\"dateModified\":\"2022-11-14T15:42:57+00:00\",\"author\":{\"@id\":\"https:\/\/dignitynews.eu\/pl\/#\/schema\/person\/0b62b762b8174802fabc81a3ecb1bfcb\"},\"breadcrumb\":{\"@id\":\"https:\/\/dignitynews.eu\/de\/11-november-polnischer-unabhaengigkeitstag\/#breadcrumb\"},\"inLanguage\":\"de\",\"potentialAction\":[{\"@type\":\"ReadAction\",\"target\":[\"https:\/\/dignitynews.eu\/de\/11-november-polnischer-unabhaengigkeitstag\/\"]}]},{\"@type\":\"BreadcrumbList\",\"@id\":\"https:\/\/dignitynews.eu\/de\/11-november-polnischer-unabhaengigkeitstag\/#breadcrumb\",\"itemListElement\":[{\"@type\":\"ListItem\",\"position\":1,\"name\":\"Strona g\u0142\u00f3wna\",\"item\":\"https:\/\/dignitynews.eu\/de\/\"},{\"@type\":\"ListItem\",\"position\":2,\"name\":\"11. November \u2014 Polnischer Unabh\u00e4ngigkeitstag\"}]},{\"@type\":\"Person\",\"@id\":\"https:\/\/dignitynews.eu\/pl\/#\/schema\/person\/0b62b762b8174802fabc81a3ecb1bfcb\",\"name\":\"Dignity News\",\"image\":{\"@type\":\"ImageObject\",\"inLanguage\":\"de\",\"@id\":\"https:\/\/dignitynews.eu\/pl\/#\/schema\/person\/image\/\",\"url\":\"https:\/\/secure.gravatar.com\/avatar\/97963171a6d9108f8381bbefb1c6b150c445b6ddd9e3077b96c86cf5892c85dc?s=96&d=mm&r=g\",\"contentUrl\":\"https:\/\/secure.gravatar.com\/avatar\/97963171a6d9108f8381bbefb1c6b150c445b6ddd9e3077b96c86cf5892c85dc?s=96&d=mm&r=g\",\"caption\":\"Dignity News\"},\"url\":\"https:\/\/dignitynews.eu\/de\/author\/mikolaj-palade\/\"}]}<\/script>\n<!-- \/ Yoast SEO plugin. -->","yoast_head_json":{"title":"11. November \u2014 Polnischer Unabh\u00e4ngigkeitstag - W\u00fcrde - DignityNews.eu","robots":{"index":"index","follow":"follow","max-snippet":"max-snippet:-1","max-image-preview":"max-image-preview:large","max-video-preview":"max-video-preview:-1"},"canonical":"https:\/\/dignitynews.eu\/de\/11-november-polnischer-unabhaengigkeitstag\/","og_locale":"de_DE","og_type":"article","og_title":"11. November \u2014 Polnischer Unabh\u00e4ngigkeitstag - W\u00fcrde - DignityNews.eu","og_description":"Jedes Jahr wird in Polen der 11. November als nationaler Unabh\u00e4ngigkeitstag gefeiert. Der Feiertag erinnert an die Wiedererlangung der Unabh\u00e4ngigkeit vom polnischen Staate im Jahr 1918 nach 123 Jahren der&hellip;","og_url":"https:\/\/dignitynews.eu\/de\/11-november-polnischer-unabhaengigkeitstag\/","og_site_name":"W\u00fcrde - DignityNews.eu","article_published_time":"2022-11-11T08:50:25+00:00","article_modified_time":"2022-11-14T15:42:57+00:00","og_image":[{"width":1190,"height":899,"url":"https:\/\/dignitynews.eu\/wp-content\/uploads\/2022\/11\/1190px-Obchody_swieta_11_listopada_w_Warszawie_22-260-14.jpg","type":"image\/jpeg"}],"author":"Dignity News","twitter_card":"summary_large_image","twitter_misc":{"Verfasst von":"Dignity News","Gesch\u00e4tzte Lesezeit":"2\u00a0Minuten"},"schema":{"@context":"https:\/\/schema.org","@graph":[{"@type":"WebSite","@id":"https:\/\/dignitynews.eu\/pl\/#website","url":"https:\/\/dignitynews.eu\/pl\/","name":"W\u00fcrde - DignityNews.eu","description":"","potentialAction":[{"@type":"SearchAction","target":{"@type":"EntryPoint","urlTemplate":"https:\/\/dignitynews.eu\/pl\/?s={search_term_string}"},"query-input":"required name=search_term_string"}],"inLanguage":"de"},{"@type":"WebPage","@id":"https:\/\/dignitynews.eu\/de\/11-november-polnischer-unabhaengigkeitstag\/","url":"https:\/\/dignitynews.eu\/de\/11-november-polnischer-unabhaengigkeitstag\/","name":"11. November \u2014 Polnischer Unabh\u00e4ngigkeitstag - W\u00fcrde - DignityNews.eu","isPartOf":{"@id":"https:\/\/dignitynews.eu\/pl\/#website"},"datePublished":"2022-11-11T08:50:25+00:00","dateModified":"2022-11-14T15:42:57+00:00","author":{"@id":"https:\/\/dignitynews.eu\/pl\/#\/schema\/person\/0b62b762b8174802fabc81a3ecb1bfcb"},"breadcrumb":{"@id":"https:\/\/dignitynews.eu\/de\/11-november-polnischer-unabhaengigkeitstag\/#breadcrumb"},"inLanguage":"de","potentialAction":[{"@type":"ReadAction","target":["https:\/\/dignitynews.eu\/de\/11-november-polnischer-unabhaengigkeitstag\/"]}]},{"@type":"BreadcrumbList","@id":"https:\/\/dignitynews.eu\/de\/11-november-polnischer-unabhaengigkeitstag\/#breadcrumb","itemListElement":[{"@type":"ListItem","position":1,"name":"Strona g\u0142\u00f3wna","item":"https:\/\/dignitynews.eu\/de\/"},{"@type":"ListItem","position":2,"name":"11. November \u2014 Polnischer Unabh\u00e4ngigkeitstag"}]},{"@type":"Person","@id":"https:\/\/dignitynews.eu\/pl\/#\/schema\/person\/0b62b762b8174802fabc81a3ecb1bfcb","name":"Dignity News","image":{"@type":"ImageObject","inLanguage":"de","@id":"https:\/\/dignitynews.eu\/pl\/#\/schema\/person\/image\/","url":"https:\/\/secure.gravatar.com\/avatar\/97963171a6d9108f8381bbefb1c6b150c445b6ddd9e3077b96c86cf5892c85dc?s=96&d=mm&r=g","contentUrl":"https:\/\/secure.gravatar.com\/avatar\/97963171a6d9108f8381bbefb1c6b150c445b6ddd9e3077b96c86cf5892c85dc?s=96&d=mm&r=g","caption":"Dignity News"},"url":"https:\/\/dignitynews.eu\/de\/author\/mikolaj-palade\/"}]}},"_links":{"self":[{"href":"https:\/\/dignitynews.eu\/de\/wp-json\/wp\/v2\/posts\/33435","targetHints":{"allow":["GET"]}}],"collection":[{"href":"https:\/\/dignitynews.eu\/de\/wp-json\/wp\/v2\/posts"}],"about":[{"href":"https:\/\/dignitynews.eu\/de\/wp-json\/wp\/v2\/types\/post"}],"author":[{"embeddable":true,"href":"https:\/\/dignitynews.eu\/de\/wp-json\/wp\/v2\/users\/7"}],"replies":[{"embeddable":true,"href":"https:\/\/dignitynews.eu\/de\/wp-json\/wp\/v2\/comments?post=33435"}],"version-history":[{"count":1,"href":"https:\/\/dignitynews.eu\/de\/wp-json\/wp\/v2\/posts\/33435\/revisions"}],"predecessor-version":[{"id":33436,"href":"https:\/\/dignitynews.eu\/de\/wp-json\/wp\/v2\/posts\/33435\/revisions\/33436"}],"wp:featuredmedia":[{"embeddable":true,"href":"https:\/\/dignitynews.eu\/de\/wp-json\/wp\/v2\/media\/33372"}],"wp:attachment":[{"href":"https:\/\/dignitynews.eu\/de\/wp-json\/wp\/v2\/media?parent=33435"}],"wp:term":[{"taxonomy":"category","embeddable":true,"href":"https:\/\/dignitynews.eu\/de\/wp-json\/wp\/v2\/categories?post=33435"},{"taxonomy":"post_tag","embeddable":true,"href":"https:\/\/dignitynews.eu\/de\/wp-json\/wp\/v2\/tags?post=33435"}],"curies":[{"name":"wp","href":"https:\/\/api.w.org\/{rel}","templated":true}]}}