{"id":33000,"date":"2022-11-05T11:50:04","date_gmt":"2022-11-05T10:50:04","guid":{"rendered":"https:\/\/dignitynews.eu\/?p=33000"},"modified":"2022-11-07T14:57:50","modified_gmt":"2022-11-07T13:57:50","slug":"sonderaktion-krakau","status":"publish","type":"post","link":"https:\/\/dignitynews.eu\/de\/sonderaktion-krakau\/","title":{"rendered":"Sonderaktion Krakau"},"content":{"rendered":"<h5>Am 6. November 1939 verhafteten die Deutschen in Krakau 183 polnische Professoren und Wissenschaftler. Die \u00fcberwiegende Mehrheit von ihnen wurde in das deutsche Lager Sachsenhausen transportiert. Einige von ihnen \u00fcberlebten ihren Aufenthalt dort nicht.<\/h5>\n<p>Nach dem \u00dcberfall des Dritten Reiches auf Polen wurde Krakau am 6. September 1939 von den Deutschen besetzt. Von Anfang an gingen die Besatzer mit Terror gegen die Bewohner der Stadt vor. Gem\u00e4\u00df der nationalsozialistischen Politik sollte Polen ein Reservoir billiger oder sogar kostenloser Arbeitskr\u00e4fte sein, die f\u00fcr das Funktionieren der Kriegsmaschinerie unerl\u00e4sslich waren. Ein Teil der vom Dritten Reich besetzten polnischen Gebiete wurde direkt in das Reich eingegliedert, und aus den \u00fcbrigen Gebieten wurde im Oktober 1939 das Generalgouvernement (GG) gebildet. Dieser Quasi-Staat wurde von Hans Frank geleitet. Krakau, das vor Warschau viele Jahre lang die Hauptstadt Polens gewesen war, wurde zum Sitz der Besatzungsbeh\u00f6rden gew\u00e4hlt. In dieser Stadt war auch die \u00e4lteste polnische Universit\u00e4t t\u00e4tig, die Jagiellonen-Universit\u00e4t (UJ), die seit 1364 jahrhundertelang Generationen von Polen ausbildete und viele hervorragende und international angesehene Wissenschaftler besch\u00e4ftigte.<\/p>\n<p>In der zweiten Oktoberh\u00e4lfte 1939 beschloss die Universit\u00e4tsleitung die Wiederer\u00f6ffnung der Universit\u00e4t und legte fest, dass das neue akademische Jahr am Montag, dem 6. November, beginnen sollte (das Datum wurde sp\u00e4ter um eine Woche auf den 13. November verschoben). Der Er\u00f6ffnung des akademischen Jahres sollte traditionell eine Messe am 4. November in der akademischen Kirche St. Anna vorausgehen. Der Rektor der Jagiellonen-Universit\u00e4t, Professor Tadeusz Lehr-Sp\u0142awi\u0144ski, informierte dar\u00fcber den Besatzungskommissar der Stadt, Ernst Z\u00f6rner, der seit dem 27. September 1939 im Amt war und sich den Pl\u00e4nen nicht widersetzte.<\/p>\n<p>Eine ganz andere Haltung vertrat jedoch der deutsche Minister f\u00fcr Wissenschaft, Erziehung und Volksbildung, Bernhard Rust, der in einem Schreiben vom 31. Oktober 1939 an den Generalgouverneur Hans Frank diesen dazu verpflichtete, die Wiederaufnahme des Unterrichts an der Jagiellonen-Universit\u00e4t vollst\u00e4ndig zu verhindern. Um dies zu erreichen, beschlossen die Deutschen, Professoren und anderes Universit\u00e4tspersonal zu verhaften. Sie taten dies im Rahmen einer Operation, die sp\u00e4ter von Historikern als Sonderaktion Krakau bezeichnet wurde, w\u00e4hrend die Besatzer selbst sie als Aktion gegen Universit\u00e4tsprofessoren bezeichneten. So wurde n\u00e4mlich die Grundlage f\u00fcr die Verhaftungen in den Karten der Gefangenen genannt.<\/p>\n<p>Am 3. November 1939 wurde Professor Tadeusz Lehr-Sp\u0142awi\u0144ski von dem SS-Offizier Bruno M\u00fcller empfangen, der den Rektor beauftragte, f\u00fcr den 6. November ein Treffen mit dem Universit\u00e4tspersonal zu organisieren. M\u00fcller sollte einen Vortrag \u00fcber die deutsche Einstellung zu Wissenschaft und Hochschulbildung halten. Der Rektor, der nicht ahnte, dass es sich um eine Falle handelte, teilte dem wissenschaftlichen Personal der Universit\u00e4t in aller Eile den Termin der Sitzung mit.<\/p>\n<p>W\u00e4hrend der Kriegsanstrengungen im September war der SS-Mann Kommandeur des Einsatzkommandos 2\/I, einer Einheit, die im hinteren Teil der Front in Oberschlesien und Kleinpolen operierte. Ihre Mitglieder waren f\u00fcr die Ermordung der polnischen Intelligenz auf der Grundlage von Proskriptionslisten in Oberschlesien verantwortlich. M\u00fcller war sp\u00e4ter auch pers\u00f6nlich an der Ausrottung der j\u00fcdischen Bev\u00f6lkerung beteiligt. Nach dem Ende des Zweiten Weltkriegs wurde er von den Briten verhaftet und zu 20 Jahren Gef\u00e4ngnis verurteilt. 1953 wurde er freigelassen und musste sich f\u00fcr die meisten der von ihm begangenen Verbrechen nicht verantworten.<\/p>\n<p>M\u00fcllers Vortrag war f\u00fcr den 6. November 1939 im H\u00f6rsaal 66 des Colegium Novum der Jagiellonen-Universit\u00e4t geplant. Die Geb\u00e4ude der Universit\u00e4t waren zuvor von deutschen Sicherheitskr\u00e4ften umstellt worden, und viele SS-Offiziere befanden sich im Geb\u00e4ude. P\u00fcnktlich um 12.00 Uhr betrat Bruno M\u00fcller den Saal und gab eine kurze Mitteilung ab. So wurde der Inhalt von den im Auditorium anwesenden Hochschullehrern in Erinnerung behalten: \u201eDie hiesige Universit\u00e4t hat das akademische Jahr begonnen, ohne vorher die Genehmigung der deutschen Beh\u00f6rden einzuholen. Das ist b\u00f6ser Wille. Au\u00dferdem ist bekannt, dass die Hochschullehrer schon immer der deutschen Wissenschaft gegen\u00fcber feindlich eingestellt waren. Aus diesem Grund werden Sie alle, mit Ausnahme der drei anwesenden Frauen, in ein Konzentrationslager gebracht. Jegliche Diskussion oder gar \u00c4u\u00dferung zu diesem Thema ist ausgeschlossen. Wer sich der Ausf\u00fchrung meines Befehls widersetzt, wird erschossen\u201d.<\/p>\n<p>Auf ein von M\u00fcller gegebenes Signal hin betraten SS-Offiziere den H\u00f6rsaal und begannen, die anwesenden Wissenschaftler hinauszuf\u00fchren. Einige von ihnen versuchten zu protestieren und Erkl\u00e4rungen abzugeben. Die Deutschen reagierten darauf jedoch brutal und schlugen und traten unter anderem den 70-j\u00e4hrigen Professor Stanis\u0142aw Estreicher, den ehemaligen Rektor der Jagiellonen-Universit\u00e4t.<\/p>\n<p>Infolge der Sonderaktion Krakau verhafteten die Nazis insgesamt 183 Personen, die meisten von ihnen waren Mitarbeiter der Jagiellonen-Universit\u00e4t. Unter den Verhafteten befanden sich auch Wissenschaftler von anderen Krakauer Universit\u00e4ten, aber auch von der Stefan-Batory-Universit\u00e4t Vilnius oder der Katholischen Universit\u00e4t Lublin. Viele von ihnen waren Wissenschaftler, die weltweit angesehen waren.<\/p>\n<p>Die Verhafteten wurden in ein Gef\u00e4ngnis in der Montelupich-Stra\u00dfe in Krakau gebracht und anschlie\u00dfend in einem Geb\u00e4ude der ehemaligen Kaserne in der Mazowiecka-Stra\u00dfe inhaftiert. Ende November 1939 wurden sie in das Lager Sachsenchausen bei Berlin gebracht. Hier sollten sie Rudolf H\u00f6ss treffen, der damals f\u00fcr dieses Lager verantwortlich war. H\u00f6ss wurde im Fr\u00fchjahr 1940 Kommandant des neu errichteten Konzentrationslagers Auschwitz. Aufgrund des diplomatischen Drucks und der Appelle ausl\u00e4ndischer akademischer Kreise lie\u00dfen die Deutschen die vor 1900 geborenen Professoren im Februar 1940 frei; einige der anderen wurden in das Konzentrationslager Dachau \u00fcberf\u00fchrt, von wo aus sie nach und nach entlassen wurden. Leider erlebten 20 von ihnen die Freiheit nicht mehr. Unter anderem starben der bereits erw\u00e4hnte Professor Estreicher und viele andere im Dezember 1939 im KL Sachsenhausen. Die Deutschen ermordeten sp\u00e4ter die Professoren Leon Sternbach und Joachim Mettalmann, die j\u00fcdischer Herkunft waren.<\/p>\n","protected":false},"excerpt":{"rendered":"<p>Am 6. November 1939 verhafteten die Deutschen in Krakau 183 polnische Professoren und Wissenschaftler. Die \u00fcberwiegende Mehrheit von ihnen wurde in das deutsche Lager Sachsenhausen transportiert. Einige von ihnen \u00fcberlebten&hellip;<\/p>\n","protected":false},"author":7,"featured_media":32996,"comment_status":"closed","ping_status":"open","sticky":false,"template":"","format":"standard","meta":{"_mi_skip_tracking":false,"footnotes":""},"categories":[52],"tags":[],"class_list":["post-33000","post","type-post","status-publish","format-standard","has-post-thumbnail","hentry","category-geschichte"],"yoast_head":"<!-- This site is optimized with the Yoast SEO plugin v19.4 - https:\/\/yoast.com\/wordpress\/plugins\/seo\/ -->\n<title>Sonderaktion Krakau - W\u00fcrde - DignityNews.eu<\/title>\n<meta name=\"robots\" content=\"index, follow, max-snippet:-1, max-image-preview:large, max-video-preview:-1\" \/>\n<link rel=\"canonical\" href=\"https:\/\/dignitynews.eu\/de\/sonderaktion-krakau\/\" \/>\n<meta property=\"og:locale\" content=\"de_DE\" \/>\n<meta property=\"og:type\" content=\"article\" \/>\n<meta property=\"og:title\" content=\"Sonderaktion Krakau - W\u00fcrde - DignityNews.eu\" \/>\n<meta property=\"og:description\" content=\"Am 6. November 1939 verhafteten die Deutschen in Krakau 183 polnische Professoren und Wissenschaftler. Die \u00fcberwiegende Mehrheit von ihnen wurde in das deutsche Lager Sachsenhausen transportiert. Einige von ihnen \u00fcberlebten&hellip;\" \/>\n<meta property=\"og:url\" content=\"https:\/\/dignitynews.eu\/de\/sonderaktion-krakau\/\" \/>\n<meta property=\"og:site_name\" content=\"W\u00fcrde - DignityNews.eu\" \/>\n<meta property=\"article:published_time\" content=\"2022-11-05T10:50:04+00:00\" \/>\n<meta property=\"article:modified_time\" content=\"2022-11-07T13:57:50+00:00\" \/>\n<meta property=\"og:image\" content=\"https:\/\/dignitynews.eu\/wp-content\/uploads\/2022\/11\/5690879075960596560945605956069076966.jpg\" \/>\n\t<meta property=\"og:image:width\" content=\"815\" \/>\n\t<meta property=\"og:image:height\" content=\"533\" \/>\n\t<meta property=\"og:image:type\" content=\"image\/jpeg\" \/>\n<meta name=\"author\" content=\"Dignity News\" \/>\n<meta name=\"twitter:card\" content=\"summary_large_image\" \/>\n<meta name=\"twitter:label1\" content=\"Verfasst von\" \/>\n\t<meta name=\"twitter:data1\" content=\"Dignity News\" \/>\n\t<meta name=\"twitter:label2\" content=\"Gesch\u00e4tzte Lesezeit\" \/>\n\t<meta name=\"twitter:data2\" content=\"5\u00a0Minuten\" \/>\n<script type=\"application\/ld+json\" class=\"yoast-schema-graph\">{\"@context\":\"https:\/\/schema.org\",\"@graph\":[{\"@type\":\"WebSite\",\"@id\":\"https:\/\/dignitynews.eu\/pl\/#website\",\"url\":\"https:\/\/dignitynews.eu\/pl\/\",\"name\":\"W\u00fcrde - DignityNews.eu\",\"description\":\"\",\"potentialAction\":[{\"@type\":\"SearchAction\",\"target\":{\"@type\":\"EntryPoint\",\"urlTemplate\":\"https:\/\/dignitynews.eu\/pl\/?s={search_term_string}\"},\"query-input\":\"required name=search_term_string\"}],\"inLanguage\":\"de\"},{\"@type\":\"WebPage\",\"@id\":\"https:\/\/dignitynews.eu\/de\/sonderaktion-krakau\/\",\"url\":\"https:\/\/dignitynews.eu\/de\/sonderaktion-krakau\/\",\"name\":\"Sonderaktion Krakau - W\u00fcrde - DignityNews.eu\",\"isPartOf\":{\"@id\":\"https:\/\/dignitynews.eu\/pl\/#website\"},\"datePublished\":\"2022-11-05T10:50:04+00:00\",\"dateModified\":\"2022-11-07T13:57:50+00:00\",\"author\":{\"@id\":\"https:\/\/dignitynews.eu\/pl\/#\/schema\/person\/0b62b762b8174802fabc81a3ecb1bfcb\"},\"breadcrumb\":{\"@id\":\"https:\/\/dignitynews.eu\/de\/sonderaktion-krakau\/#breadcrumb\"},\"inLanguage\":\"de\",\"potentialAction\":[{\"@type\":\"ReadAction\",\"target\":[\"https:\/\/dignitynews.eu\/de\/sonderaktion-krakau\/\"]}]},{\"@type\":\"BreadcrumbList\",\"@id\":\"https:\/\/dignitynews.eu\/de\/sonderaktion-krakau\/#breadcrumb\",\"itemListElement\":[{\"@type\":\"ListItem\",\"position\":1,\"name\":\"Strona g\u0142\u00f3wna\",\"item\":\"https:\/\/dignitynews.eu\/de\/\"},{\"@type\":\"ListItem\",\"position\":2,\"name\":\"Sonderaktion Krakau\"}]},{\"@type\":\"Person\",\"@id\":\"https:\/\/dignitynews.eu\/pl\/#\/schema\/person\/0b62b762b8174802fabc81a3ecb1bfcb\",\"name\":\"Dignity News\",\"image\":{\"@type\":\"ImageObject\",\"inLanguage\":\"de\",\"@id\":\"https:\/\/dignitynews.eu\/pl\/#\/schema\/person\/image\/\",\"url\":\"https:\/\/secure.gravatar.com\/avatar\/97963171a6d9108f8381bbefb1c6b150c445b6ddd9e3077b96c86cf5892c85dc?s=96&d=mm&r=g\",\"contentUrl\":\"https:\/\/secure.gravatar.com\/avatar\/97963171a6d9108f8381bbefb1c6b150c445b6ddd9e3077b96c86cf5892c85dc?s=96&d=mm&r=g\",\"caption\":\"Dignity News\"},\"url\":\"https:\/\/dignitynews.eu\/de\/author\/mikolaj-palade\/\"}]}<\/script>\n<!-- \/ Yoast SEO plugin. -->","yoast_head_json":{"title":"Sonderaktion Krakau - W\u00fcrde - DignityNews.eu","robots":{"index":"index","follow":"follow","max-snippet":"max-snippet:-1","max-image-preview":"max-image-preview:large","max-video-preview":"max-video-preview:-1"},"canonical":"https:\/\/dignitynews.eu\/de\/sonderaktion-krakau\/","og_locale":"de_DE","og_type":"article","og_title":"Sonderaktion Krakau - W\u00fcrde - DignityNews.eu","og_description":"Am 6. November 1939 verhafteten die Deutschen in Krakau 183 polnische Professoren und Wissenschaftler. Die \u00fcberwiegende Mehrheit von ihnen wurde in das deutsche Lager Sachsenhausen transportiert. Einige von ihnen \u00fcberlebten&hellip;","og_url":"https:\/\/dignitynews.eu\/de\/sonderaktion-krakau\/","og_site_name":"W\u00fcrde - DignityNews.eu","article_published_time":"2022-11-05T10:50:04+00:00","article_modified_time":"2022-11-07T13:57:50+00:00","og_image":[{"width":815,"height":533,"url":"https:\/\/dignitynews.eu\/wp-content\/uploads\/2022\/11\/5690879075960596560945605956069076966.jpg","type":"image\/jpeg"}],"author":"Dignity News","twitter_card":"summary_large_image","twitter_misc":{"Verfasst von":"Dignity News","Gesch\u00e4tzte Lesezeit":"5\u00a0Minuten"},"schema":{"@context":"https:\/\/schema.org","@graph":[{"@type":"WebSite","@id":"https:\/\/dignitynews.eu\/pl\/#website","url":"https:\/\/dignitynews.eu\/pl\/","name":"W\u00fcrde - DignityNews.eu","description":"","potentialAction":[{"@type":"SearchAction","target":{"@type":"EntryPoint","urlTemplate":"https:\/\/dignitynews.eu\/pl\/?s={search_term_string}"},"query-input":"required name=search_term_string"}],"inLanguage":"de"},{"@type":"WebPage","@id":"https:\/\/dignitynews.eu\/de\/sonderaktion-krakau\/","url":"https:\/\/dignitynews.eu\/de\/sonderaktion-krakau\/","name":"Sonderaktion Krakau - W\u00fcrde - DignityNews.eu","isPartOf":{"@id":"https:\/\/dignitynews.eu\/pl\/#website"},"datePublished":"2022-11-05T10:50:04+00:00","dateModified":"2022-11-07T13:57:50+00:00","author":{"@id":"https:\/\/dignitynews.eu\/pl\/#\/schema\/person\/0b62b762b8174802fabc81a3ecb1bfcb"},"breadcrumb":{"@id":"https:\/\/dignitynews.eu\/de\/sonderaktion-krakau\/#breadcrumb"},"inLanguage":"de","potentialAction":[{"@type":"ReadAction","target":["https:\/\/dignitynews.eu\/de\/sonderaktion-krakau\/"]}]},{"@type":"BreadcrumbList","@id":"https:\/\/dignitynews.eu\/de\/sonderaktion-krakau\/#breadcrumb","itemListElement":[{"@type":"ListItem","position":1,"name":"Strona g\u0142\u00f3wna","item":"https:\/\/dignitynews.eu\/de\/"},{"@type":"ListItem","position":2,"name":"Sonderaktion Krakau"}]},{"@type":"Person","@id":"https:\/\/dignitynews.eu\/pl\/#\/schema\/person\/0b62b762b8174802fabc81a3ecb1bfcb","name":"Dignity News","image":{"@type":"ImageObject","inLanguage":"de","@id":"https:\/\/dignitynews.eu\/pl\/#\/schema\/person\/image\/","url":"https:\/\/secure.gravatar.com\/avatar\/97963171a6d9108f8381bbefb1c6b150c445b6ddd9e3077b96c86cf5892c85dc?s=96&d=mm&r=g","contentUrl":"https:\/\/secure.gravatar.com\/avatar\/97963171a6d9108f8381bbefb1c6b150c445b6ddd9e3077b96c86cf5892c85dc?s=96&d=mm&r=g","caption":"Dignity News"},"url":"https:\/\/dignitynews.eu\/de\/author\/mikolaj-palade\/"}]}},"_links":{"self":[{"href":"https:\/\/dignitynews.eu\/de\/wp-json\/wp\/v2\/posts\/33000","targetHints":{"allow":["GET"]}}],"collection":[{"href":"https:\/\/dignitynews.eu\/de\/wp-json\/wp\/v2\/posts"}],"about":[{"href":"https:\/\/dignitynews.eu\/de\/wp-json\/wp\/v2\/types\/post"}],"author":[{"embeddable":true,"href":"https:\/\/dignitynews.eu\/de\/wp-json\/wp\/v2\/users\/7"}],"replies":[{"embeddable":true,"href":"https:\/\/dignitynews.eu\/de\/wp-json\/wp\/v2\/comments?post=33000"}],"version-history":[{"count":1,"href":"https:\/\/dignitynews.eu\/de\/wp-json\/wp\/v2\/posts\/33000\/revisions"}],"predecessor-version":[{"id":33001,"href":"https:\/\/dignitynews.eu\/de\/wp-json\/wp\/v2\/posts\/33000\/revisions\/33001"}],"wp:featuredmedia":[{"embeddable":true,"href":"https:\/\/dignitynews.eu\/de\/wp-json\/wp\/v2\/media\/32996"}],"wp:attachment":[{"href":"https:\/\/dignitynews.eu\/de\/wp-json\/wp\/v2\/media?parent=33000"}],"wp:term":[{"taxonomy":"category","embeddable":true,"href":"https:\/\/dignitynews.eu\/de\/wp-json\/wp\/v2\/categories?post=33000"},{"taxonomy":"post_tag","embeddable":true,"href":"https:\/\/dignitynews.eu\/de\/wp-json\/wp\/v2\/tags?post=33000"}],"curies":[{"name":"wp","href":"https:\/\/api.w.org\/{rel}","templated":true}]}}