{"id":30571,"date":"2022-10-05T11:10:53","date_gmt":"2022-10-05T09:10:53","guid":{"rendered":"https:\/\/dignitynews.eu\/?p=30571"},"modified":"2022-10-05T14:34:27","modified_gmt":"2022-10-05T12:34:27","slug":"schlacht-bei-kock-die-letzte-schlacht-des-septemberfeldzugs-1939","status":"publish","type":"post","link":"https:\/\/dignitynews.eu\/de\/schlacht-bei-kock-die-letzte-schlacht-des-septemberfeldzugs-1939\/","title":{"rendered":"Schlacht bei Kock \u2014 die letzte Schlacht des Septemberfeldzugs 1939"},"content":{"rendered":"<h5><strong>Am sp\u00e4ten Nachmittag des 5. Oktober 1939 traf General Franciszek Kleeberg in der N\u00e4he von Kock, weniger als f\u00fcnfzig Kilometer n<\/strong><strong>\u00f6<\/strong><strong>rdlich von Lublin, die Entscheidung, seine unterstellten Einheiten aufzugeben. Er war einer der wenigen polnischen Kommandeure im Verteidigungskrieg von 1939, die siegreich gegen deutsche und sowjetische Truppen gek\u00e4mpft hatten.<\/strong><\/h5>\n<p>Vor dem deutschen Angriff auf Polen im September 1939 befehligte General Franciszek Kleeberg einen Milit\u00e4rbezirk in Brest (heute Wei\u00dfrussland), wo er die Aufgabe hatte, Reservetruppen zu organisieren, um die Verteidigung der umliegenden Gebiete vorzubereiten.<\/p>\n<p>Dank seiner Energie und seinem Engagement konnte der Angriff des deutschen Panzerkorps von General Heinz Guderian auf Brest abgewehrt werden. Nach dem Angriff der Sowjetunion auf Polen am 17. September 1939 beschloss Kleeberg, sich in die Richtung Rum\u00e4nien zu begeben. Er k\u00e4mpfte mit beiden Angreifern und nahm weitere polnische Einheiten unter sein Kommando. Mit der Einnahme von Kowel durch die Sowjets war dieser Weg f\u00fcr ihn abgeschnitten. Daraufhin beschloss er, den Fluss Bug auf der H\u00f6he von W\u0142odawa zu \u00fcberqueren und in die Richtung Warschau zu marschieren. Hier reorganisierte er die ihm unterstellten Einheiten und schuf die Unabh\u00e4ngige Operationsgruppe (<em>Samodziela Grupa Operacyjna<\/em>, SGO) \u201ePolesie\u201d, die fast 20.000 Soldaten umfasste.<\/p>\n<p>Die Nachricht von der Kapitulation Warschaus am 28. September 1939 veranlasste ihn, seine Pl\u00e4ne zu \u00e4ndern. Er befahl einen Marsch in die N\u00e4he von D\u0119blin, wo er Waffen und Munition aus den Magazinen auff\u00fcllen und dann versuchen wollte, in die Region des Heiligkreuzgebirges durchzubrechen. W\u00e4hrend des Marsches traf die Gruppe auf sowjetische Truppen, die sie bei Jab\u0142o\u0144 und in der N\u00e4he von Milan\u00f3w zerschlug.<\/p>\n<p>Zwischen dem 2. und 5. Oktober lieferten sich die Einheiten der SGO \u201ePolesie\u201d heftige K\u00e4mpfe mit den Truppen der 13. motorisierten Infanterie-Division und der 29. motorisierten Infanterie-Division in der Umgebung von Kock, Serokomla, Adam\u00f3w, Krzywda und Wola Gu\u0142owska, die mit der Zur\u00fcckweisung der Deutschen aus ihren Stellungen endeten. Leider war General Kleeberg aufgrund der ersch\u00f6pften Munition gezwungen, mit den Deutschen \u00fcber die Bedingungen der Kapitulation zu verhandeln.<\/p>\n<p>General Franciszek Kleeberg und die ihm unterstellten Soldaten gerieten in deutsche Gefangenschaft, wo er am 5. April 1941 im Krankenhaus starb und auf dem Neust\u00e4dter Soldatenfriedhof in Dresden beigesetzt wurde. Im Jahr 1969 wurden seine sterblichen \u00dcberreste exhumiert und nach Polen \u00fcberf\u00fchrt. Er wurde in Kock neben seinen in der Schlacht bei Kock gefallenen Soldaten beigesetzt.<\/p>\n","protected":false},"excerpt":{"rendered":"<p>Am sp\u00e4ten Nachmittag des 5. Oktober 1939 traf General Franciszek Kleeberg in der N\u00e4he von Kock, weniger als f\u00fcnfzig Kilometer n\u00f6rdlich von Lublin, die Entscheidung, seine unterstellten Einheiten aufzugeben. Er&hellip;<\/p>\n","protected":false},"author":7,"featured_media":30562,"comment_status":"closed","ping_status":"open","sticky":false,"template":"","format":"standard","meta":{"_mi_skip_tracking":false,"footnotes":""},"categories":[52],"tags":[],"class_list":["post-30571","post","type-post","status-publish","format-standard","has-post-thumbnail","hentry","category-geschichte"],"yoast_head":"<!-- This site is optimized with the Yoast SEO plugin v19.4 - https:\/\/yoast.com\/wordpress\/plugins\/seo\/ -->\n<title>Schlacht bei Kock \u2014 die letzte Schlacht des Septemberfeldzugs 1939 - W\u00fcrde - DignityNews.eu<\/title>\n<meta name=\"robots\" content=\"index, follow, max-snippet:-1, max-image-preview:large, max-video-preview:-1\" \/>\n<link rel=\"canonical\" href=\"https:\/\/dignitynews.eu\/de\/schlacht-bei-kock-die-letzte-schlacht-des-septemberfeldzugs-1939\/\" \/>\n<meta property=\"og:locale\" content=\"de_DE\" \/>\n<meta property=\"og:type\" content=\"article\" \/>\n<meta property=\"og:title\" content=\"Schlacht bei Kock \u2014 die letzte Schlacht des Septemberfeldzugs 1939 - W\u00fcrde - DignityNews.eu\" \/>\n<meta property=\"og:description\" content=\"Am sp\u00e4ten Nachmittag des 5. Oktober 1939 traf General Franciszek Kleeberg in der N\u00e4he von Kock, weniger als f\u00fcnfzig Kilometer n\u00f6rdlich von Lublin, die Entscheidung, seine unterstellten Einheiten aufzugeben. Er&hellip;\" \/>\n<meta property=\"og:url\" content=\"https:\/\/dignitynews.eu\/de\/schlacht-bei-kock-die-letzte-schlacht-des-septemberfeldzugs-1939\/\" \/>\n<meta property=\"og:site_name\" content=\"W\u00fcrde - DignityNews.eu\" \/>\n<meta property=\"article:published_time\" content=\"2022-10-05T09:10:53+00:00\" \/>\n<meta property=\"article:modified_time\" content=\"2022-10-05T12:34:27+00:00\" \/>\n<meta property=\"og:image\" content=\"https:\/\/dignitynews.eu\/wp-content\/uploads\/2022\/10\/Kleeberg.jpg\" \/>\n\t<meta property=\"og:image:width\" content=\"457\" \/>\n\t<meta property=\"og:image:height\" content=\"550\" \/>\n\t<meta property=\"og:image:type\" content=\"image\/jpeg\" \/>\n<meta name=\"author\" content=\"Dignity News\" \/>\n<meta name=\"twitter:card\" content=\"summary_large_image\" \/>\n<meta name=\"twitter:label1\" content=\"Verfasst von\" \/>\n\t<meta name=\"twitter:data1\" content=\"Dignity News\" \/>\n\t<meta name=\"twitter:label2\" content=\"Gesch\u00e4tzte Lesezeit\" \/>\n\t<meta name=\"twitter:data2\" content=\"2\u00a0Minuten\" \/>\n<script type=\"application\/ld+json\" class=\"yoast-schema-graph\">{\"@context\":\"https:\/\/schema.org\",\"@graph\":[{\"@type\":\"WebSite\",\"@id\":\"https:\/\/dignitynews.eu\/pl\/#website\",\"url\":\"https:\/\/dignitynews.eu\/pl\/\",\"name\":\"W\u00fcrde - DignityNews.eu\",\"description\":\"\",\"potentialAction\":[{\"@type\":\"SearchAction\",\"target\":{\"@type\":\"EntryPoint\",\"urlTemplate\":\"https:\/\/dignitynews.eu\/pl\/?s={search_term_string}\"},\"query-input\":\"required name=search_term_string\"}],\"inLanguage\":\"de\"},{\"@type\":\"WebPage\",\"@id\":\"https:\/\/dignitynews.eu\/de\/schlacht-bei-kock-die-letzte-schlacht-des-septemberfeldzugs-1939\/\",\"url\":\"https:\/\/dignitynews.eu\/de\/schlacht-bei-kock-die-letzte-schlacht-des-septemberfeldzugs-1939\/\",\"name\":\"Schlacht bei Kock \u2014 die letzte Schlacht des Septemberfeldzugs 1939 - W\u00fcrde - DignityNews.eu\",\"isPartOf\":{\"@id\":\"https:\/\/dignitynews.eu\/pl\/#website\"},\"datePublished\":\"2022-10-05T09:10:53+00:00\",\"dateModified\":\"2022-10-05T12:34:27+00:00\",\"author\":{\"@id\":\"https:\/\/dignitynews.eu\/pl\/#\/schema\/person\/0b62b762b8174802fabc81a3ecb1bfcb\"},\"breadcrumb\":{\"@id\":\"https:\/\/dignitynews.eu\/de\/schlacht-bei-kock-die-letzte-schlacht-des-septemberfeldzugs-1939\/#breadcrumb\"},\"inLanguage\":\"de\",\"potentialAction\":[{\"@type\":\"ReadAction\",\"target\":[\"https:\/\/dignitynews.eu\/de\/schlacht-bei-kock-die-letzte-schlacht-des-septemberfeldzugs-1939\/\"]}]},{\"@type\":\"BreadcrumbList\",\"@id\":\"https:\/\/dignitynews.eu\/de\/schlacht-bei-kock-die-letzte-schlacht-des-septemberfeldzugs-1939\/#breadcrumb\",\"itemListElement\":[{\"@type\":\"ListItem\",\"position\":1,\"name\":\"Strona g\u0142\u00f3wna\",\"item\":\"https:\/\/dignitynews.eu\/de\/\"},{\"@type\":\"ListItem\",\"position\":2,\"name\":\"Schlacht bei Kock \u2014 die letzte Schlacht des Septemberfeldzugs 1939\"}]},{\"@type\":\"Person\",\"@id\":\"https:\/\/dignitynews.eu\/pl\/#\/schema\/person\/0b62b762b8174802fabc81a3ecb1bfcb\",\"name\":\"Dignity News\",\"image\":{\"@type\":\"ImageObject\",\"inLanguage\":\"de\",\"@id\":\"https:\/\/dignitynews.eu\/pl\/#\/schema\/person\/image\/\",\"url\":\"https:\/\/secure.gravatar.com\/avatar\/97963171a6d9108f8381bbefb1c6b150c445b6ddd9e3077b96c86cf5892c85dc?s=96&d=mm&r=g\",\"contentUrl\":\"https:\/\/secure.gravatar.com\/avatar\/97963171a6d9108f8381bbefb1c6b150c445b6ddd9e3077b96c86cf5892c85dc?s=96&d=mm&r=g\",\"caption\":\"Dignity News\"},\"url\":\"https:\/\/dignitynews.eu\/de\/author\/mikolaj-palade\/\"}]}<\/script>\n<!-- \/ Yoast SEO plugin. -->","yoast_head_json":{"title":"Schlacht bei Kock \u2014 die letzte Schlacht des Septemberfeldzugs 1939 - W\u00fcrde - DignityNews.eu","robots":{"index":"index","follow":"follow","max-snippet":"max-snippet:-1","max-image-preview":"max-image-preview:large","max-video-preview":"max-video-preview:-1"},"canonical":"https:\/\/dignitynews.eu\/de\/schlacht-bei-kock-die-letzte-schlacht-des-septemberfeldzugs-1939\/","og_locale":"de_DE","og_type":"article","og_title":"Schlacht bei Kock \u2014 die letzte Schlacht des Septemberfeldzugs 1939 - W\u00fcrde - DignityNews.eu","og_description":"Am sp\u00e4ten Nachmittag des 5. Oktober 1939 traf General Franciszek Kleeberg in der N\u00e4he von Kock, weniger als f\u00fcnfzig Kilometer n\u00f6rdlich von Lublin, die Entscheidung, seine unterstellten Einheiten aufzugeben. Er&hellip;","og_url":"https:\/\/dignitynews.eu\/de\/schlacht-bei-kock-die-letzte-schlacht-des-septemberfeldzugs-1939\/","og_site_name":"W\u00fcrde - DignityNews.eu","article_published_time":"2022-10-05T09:10:53+00:00","article_modified_time":"2022-10-05T12:34:27+00:00","og_image":[{"width":457,"height":550,"url":"https:\/\/dignitynews.eu\/wp-content\/uploads\/2022\/10\/Kleeberg.jpg","type":"image\/jpeg"}],"author":"Dignity News","twitter_card":"summary_large_image","twitter_misc":{"Verfasst von":"Dignity News","Gesch\u00e4tzte Lesezeit":"2\u00a0Minuten"},"schema":{"@context":"https:\/\/schema.org","@graph":[{"@type":"WebSite","@id":"https:\/\/dignitynews.eu\/pl\/#website","url":"https:\/\/dignitynews.eu\/pl\/","name":"W\u00fcrde - DignityNews.eu","description":"","potentialAction":[{"@type":"SearchAction","target":{"@type":"EntryPoint","urlTemplate":"https:\/\/dignitynews.eu\/pl\/?s={search_term_string}"},"query-input":"required name=search_term_string"}],"inLanguage":"de"},{"@type":"WebPage","@id":"https:\/\/dignitynews.eu\/de\/schlacht-bei-kock-die-letzte-schlacht-des-septemberfeldzugs-1939\/","url":"https:\/\/dignitynews.eu\/de\/schlacht-bei-kock-die-letzte-schlacht-des-septemberfeldzugs-1939\/","name":"Schlacht bei Kock \u2014 die letzte Schlacht des Septemberfeldzugs 1939 - W\u00fcrde - DignityNews.eu","isPartOf":{"@id":"https:\/\/dignitynews.eu\/pl\/#website"},"datePublished":"2022-10-05T09:10:53+00:00","dateModified":"2022-10-05T12:34:27+00:00","author":{"@id":"https:\/\/dignitynews.eu\/pl\/#\/schema\/person\/0b62b762b8174802fabc81a3ecb1bfcb"},"breadcrumb":{"@id":"https:\/\/dignitynews.eu\/de\/schlacht-bei-kock-die-letzte-schlacht-des-septemberfeldzugs-1939\/#breadcrumb"},"inLanguage":"de","potentialAction":[{"@type":"ReadAction","target":["https:\/\/dignitynews.eu\/de\/schlacht-bei-kock-die-letzte-schlacht-des-septemberfeldzugs-1939\/"]}]},{"@type":"BreadcrumbList","@id":"https:\/\/dignitynews.eu\/de\/schlacht-bei-kock-die-letzte-schlacht-des-septemberfeldzugs-1939\/#breadcrumb","itemListElement":[{"@type":"ListItem","position":1,"name":"Strona g\u0142\u00f3wna","item":"https:\/\/dignitynews.eu\/de\/"},{"@type":"ListItem","position":2,"name":"Schlacht bei Kock \u2014 die letzte Schlacht des Septemberfeldzugs 1939"}]},{"@type":"Person","@id":"https:\/\/dignitynews.eu\/pl\/#\/schema\/person\/0b62b762b8174802fabc81a3ecb1bfcb","name":"Dignity News","image":{"@type":"ImageObject","inLanguage":"de","@id":"https:\/\/dignitynews.eu\/pl\/#\/schema\/person\/image\/","url":"https:\/\/secure.gravatar.com\/avatar\/97963171a6d9108f8381bbefb1c6b150c445b6ddd9e3077b96c86cf5892c85dc?s=96&d=mm&r=g","contentUrl":"https:\/\/secure.gravatar.com\/avatar\/97963171a6d9108f8381bbefb1c6b150c445b6ddd9e3077b96c86cf5892c85dc?s=96&d=mm&r=g","caption":"Dignity News"},"url":"https:\/\/dignitynews.eu\/de\/author\/mikolaj-palade\/"}]}},"_links":{"self":[{"href":"https:\/\/dignitynews.eu\/de\/wp-json\/wp\/v2\/posts\/30571","targetHints":{"allow":["GET"]}}],"collection":[{"href":"https:\/\/dignitynews.eu\/de\/wp-json\/wp\/v2\/posts"}],"about":[{"href":"https:\/\/dignitynews.eu\/de\/wp-json\/wp\/v2\/types\/post"}],"author":[{"embeddable":true,"href":"https:\/\/dignitynews.eu\/de\/wp-json\/wp\/v2\/users\/7"}],"replies":[{"embeddable":true,"href":"https:\/\/dignitynews.eu\/de\/wp-json\/wp\/v2\/comments?post=30571"}],"version-history":[{"count":1,"href":"https:\/\/dignitynews.eu\/de\/wp-json\/wp\/v2\/posts\/30571\/revisions"}],"predecessor-version":[{"id":30572,"href":"https:\/\/dignitynews.eu\/de\/wp-json\/wp\/v2\/posts\/30571\/revisions\/30572"}],"wp:featuredmedia":[{"embeddable":true,"href":"https:\/\/dignitynews.eu\/de\/wp-json\/wp\/v2\/media\/30562"}],"wp:attachment":[{"href":"https:\/\/dignitynews.eu\/de\/wp-json\/wp\/v2\/media?parent=30571"}],"wp:term":[{"taxonomy":"category","embeddable":true,"href":"https:\/\/dignitynews.eu\/de\/wp-json\/wp\/v2\/categories?post=30571"},{"taxonomy":"post_tag","embeddable":true,"href":"https:\/\/dignitynews.eu\/de\/wp-json\/wp\/v2\/tags?post=30571"}],"curies":[{"name":"wp","href":"https:\/\/api.w.org\/{rel}","templated":true}]}}