{"id":30353,"date":"2022-10-03T11:50:03","date_gmt":"2022-10-03T09:50:03","guid":{"rendered":"https:\/\/dignitynews.eu\/?p=30353"},"modified":"2022-10-03T13:52:30","modified_gmt":"2022-10-03T11:52:30","slug":"die-deutschen-fuehrten-an-ihm-pseudomedizinische-experimente-durch-er-ueberlebte-auschwitz-und-kaempfte-gegen-den-falschen-begriff-polnische-todeslager","status":"publish","type":"post","link":"https:\/\/dignitynews.eu\/de\/die-deutschen-fuehrten-an-ihm-pseudomedizinische-experimente-durch-er-ueberlebte-auschwitz-und-kaempfte-gegen-den-falschen-begriff-polnische-todeslager\/","title":{"rendered":"Die Deutschen f\u00fchrten an ihm pseudomedizinische Experimente durch. Er \u00fcberlebte Auschwitz und k\u00e4mpfte gegen den falschen Begriff \u201epolnische Todeslager\u201d"},"content":{"rendered":"<h5>Karol Tendera \u00fcberlebte die H\u00f6lle im deutschen Konzentrationslager Auschwitz-Birkenau. Die deutschen Nazis f\u00fchrten Experimente an ihm durch. Jahre sp\u00e4ter k\u00e4mpfte er gegen den falschen Begriff \u201epolnische Todeslager\u201d. Er hat sogar das deutsche Fernsehen verklagt.<\/h5>\n<p>Es war im Fr\u00fchjahr 1940, Polen war damals von Deutschland und der Sowjetunion besetzt.\u00a0 Ein junger Pole, Karol Tendera, wurde zusammen mit anderen Sch\u00fclern einer Berufsschule in Krakau von den Deutschen als Zwangsarbeiter nach Hannover geschickt. Er wurde dort im Flugzeugbau eingesetzt. Karol gelang es, von dort zu fliehen, aber die Deutschen erwischten ihn und schickten ihn zu einem anderen Ort der Zwangsarbeit. Von dort floh er ebenfalls und kehrte in seine Heimatstadt Krakau zur\u00fcck.<\/p>\n<p><strong>In der H<\/strong><strong>\u00f6<\/strong><strong>lle <\/strong><strong>von Auschwitz<\/strong><\/p>\n<p>Leider wurde er 1943 von der deutschen Geheimpolizei Gestapo festgenommen, die ihn w\u00e4hrend der Ermittlungen brutal verh\u00f6rte. Von dort aus wurde er in eine andere H\u00f6lle geschickt \u2014 in das deutsche Konzentrationslager Auschwitz. Dort f\u00fchrten die Deutschen pseudomedizinische Experimente an ihm durch, aber er brach jedoch nicht zusammen und schloss sich der von polnischen H\u00e4ftlingen gegr\u00fcndeten Widerstandsbewegung im Lager an. Er war unter anderem f\u00fcr die Vorbereitung von Paketen f\u00fcr diejenigen zust\u00e4ndig, die sich auf die Flucht aus dem Lager vorbereiteten.<\/p>\n<p>Bei Kriegsende befand sich Tendera in einem anderen Lager \u2014 in Litomierzyce (heute Tschechische Republik). Wegen eines fr\u00fcheren Fluchtversuchs drohte ihm die Todesstrafe. Er entging jedoch dem schrecklichen Schicksal.<\/p>\n<p>Nach dem Krieg engagierte sich Karol Tendera intensiv f\u00fcr die Verbreitung der Wahrheit \u00fcber die Geschehnisse in Auschwitz-Birkenau. Er ver\u00f6ffentlichte unter anderem das Buch \u201ePolacy i \u017bydzi w KL Auschwitz 1940-1945\u201d (dt. <em>Polen und Juden im KL Auschwitz 1940-1945<\/em>) und arbeitete mit der Stiftung f\u00fcr das Gedenken an die Opfer von Auschwitz-Birkenau und dem Zentrum f\u00fcr Dialog und Gebet in O\u015bwi\u0119cim zusammen.<\/p>\n<p><strong>Deutsche, nicht polnische, Todeslager<\/strong><\/p>\n<p>Im Jahr 2013 reichte er Klage gegen das ZDF ein, das durch die Verwendung des Begriffs \u201epolnische Todeslager\u201d eine L\u00fcge begangen hatte. Das Berufungsgericht Krakau stimmte dem Polen 2016 zu. Es stellte fest, dass diese Bezeichnung falsch war und Tenderas individuelle Rechte verletzte.<\/p>\n<p>Trotz der Tatsache, dass die Deutschen einige der Lager auf dem Territorium der besetzten polnischen Gebiete errichteten, k\u00f6nnen sie nicht als \u201epolnisch\u201d bezeichnet werden, da die Lager von den Deutschen errichtet und betrieben wurden. Ihre Verantwortung f\u00fcr die dort begangenen Verbrechen ist unbestreitbar.<\/p>\n<p>Karol Tendera starb am 1. Oktober 2019.<\/p>\n","protected":false},"excerpt":{"rendered":"<p>Karol Tendera \u00fcberlebte die H\u00f6lle im deutschen Konzentrationslager Auschwitz-Birkenau. Die deutschen Nazis f\u00fchrten Experimente an ihm durch. Jahre sp\u00e4ter k\u00e4mpfte er gegen den falschen Begriff \u201epolnische Todeslager\u201d. Er hat sogar&hellip;<\/p>\n","protected":false},"author":7,"featured_media":30345,"comment_status":"closed","ping_status":"open","sticky":false,"template":"","format":"standard","meta":{"_mi_skip_tracking":false,"footnotes":""},"categories":[52],"tags":[],"class_list":["post-30353","post","type-post","status-publish","format-standard","has-post-thumbnail","hentry","category-geschichte"],"yoast_head":"<!-- This site is optimized with the Yoast SEO plugin v19.4 - https:\/\/yoast.com\/wordpress\/plugins\/seo\/ -->\n<title>Die Deutschen f\u00fchrten an ihm pseudomedizinische Experimente durch. Er \u00fcberlebte Auschwitz und k\u00e4mpfte gegen den falschen Begriff \u201epolnische Todeslager\u201d - W\u00fcrde - DignityNews.eu<\/title>\n<meta name=\"robots\" content=\"index, follow, max-snippet:-1, max-image-preview:large, max-video-preview:-1\" \/>\n<link rel=\"canonical\" href=\"https:\/\/dignitynews.eu\/de\/die-deutschen-fuehrten-an-ihm-pseudomedizinische-experimente-durch-er-ueberlebte-auschwitz-und-kaempfte-gegen-den-falschen-begriff-polnische-todeslager\/\" \/>\n<meta property=\"og:locale\" content=\"de_DE\" \/>\n<meta property=\"og:type\" content=\"article\" \/>\n<meta property=\"og:title\" content=\"Die Deutschen f\u00fchrten an ihm pseudomedizinische Experimente durch. Er \u00fcberlebte Auschwitz und k\u00e4mpfte gegen den falschen Begriff \u201epolnische Todeslager\u201d - W\u00fcrde - DignityNews.eu\" \/>\n<meta property=\"og:description\" content=\"Karol Tendera \u00fcberlebte die H\u00f6lle im deutschen Konzentrationslager Auschwitz-Birkenau. Die deutschen Nazis f\u00fchrten Experimente an ihm durch. Jahre sp\u00e4ter k\u00e4mpfte er gegen den falschen Begriff \u201epolnische Todeslager\u201d. Er hat sogar&hellip;\" \/>\n<meta property=\"og:url\" content=\"https:\/\/dignitynews.eu\/de\/die-deutschen-fuehrten-an-ihm-pseudomedizinische-experimente-durch-er-ueberlebte-auschwitz-und-kaempfte-gegen-den-falschen-begriff-polnische-todeslager\/\" \/>\n<meta property=\"og:site_name\" content=\"W\u00fcrde - DignityNews.eu\" \/>\n<meta property=\"article:published_time\" content=\"2022-10-03T09:50:03+00:00\" \/>\n<meta property=\"article:modified_time\" content=\"2022-10-03T11:52:30+00:00\" \/>\n<meta property=\"og:image\" content=\"https:\/\/dignitynews.eu\/wp-content\/uploads\/2022\/10\/tendera.jpg\" \/>\n\t<meta property=\"og:image:width\" content=\"750\" \/>\n\t<meta property=\"og:image:height\" content=\"515\" \/>\n\t<meta property=\"og:image:type\" content=\"image\/jpeg\" \/>\n<meta name=\"author\" content=\"Dignity News\" \/>\n<meta name=\"twitter:card\" content=\"summary_large_image\" \/>\n<meta name=\"twitter:label1\" content=\"Verfasst von\" \/>\n\t<meta name=\"twitter:data1\" content=\"Dignity News\" \/>\n\t<meta name=\"twitter:label2\" content=\"Gesch\u00e4tzte Lesezeit\" \/>\n\t<meta name=\"twitter:data2\" content=\"2\u00a0Minuten\" \/>\n<script type=\"application\/ld+json\" class=\"yoast-schema-graph\">{\"@context\":\"https:\/\/schema.org\",\"@graph\":[{\"@type\":\"WebSite\",\"@id\":\"https:\/\/dignitynews.eu\/pl\/#website\",\"url\":\"https:\/\/dignitynews.eu\/pl\/\",\"name\":\"W\u00fcrde - DignityNews.eu\",\"description\":\"\",\"potentialAction\":[{\"@type\":\"SearchAction\",\"target\":{\"@type\":\"EntryPoint\",\"urlTemplate\":\"https:\/\/dignitynews.eu\/pl\/?s={search_term_string}\"},\"query-input\":\"required name=search_term_string\"}],\"inLanguage\":\"de\"},{\"@type\":\"WebPage\",\"@id\":\"https:\/\/dignitynews.eu\/de\/die-deutschen-fuehrten-an-ihm-pseudomedizinische-experimente-durch-er-ueberlebte-auschwitz-und-kaempfte-gegen-den-falschen-begriff-polnische-todeslager\/\",\"url\":\"https:\/\/dignitynews.eu\/de\/die-deutschen-fuehrten-an-ihm-pseudomedizinische-experimente-durch-er-ueberlebte-auschwitz-und-kaempfte-gegen-den-falschen-begriff-polnische-todeslager\/\",\"name\":\"Die Deutschen f\u00fchrten an ihm pseudomedizinische Experimente durch. Er \u00fcberlebte Auschwitz und k\u00e4mpfte gegen den falschen Begriff \u201epolnische Todeslager\u201d - W\u00fcrde - DignityNews.eu\",\"isPartOf\":{\"@id\":\"https:\/\/dignitynews.eu\/pl\/#website\"},\"datePublished\":\"2022-10-03T09:50:03+00:00\",\"dateModified\":\"2022-10-03T11:52:30+00:00\",\"author\":{\"@id\":\"https:\/\/dignitynews.eu\/pl\/#\/schema\/person\/0b62b762b8174802fabc81a3ecb1bfcb\"},\"breadcrumb\":{\"@id\":\"https:\/\/dignitynews.eu\/de\/die-deutschen-fuehrten-an-ihm-pseudomedizinische-experimente-durch-er-ueberlebte-auschwitz-und-kaempfte-gegen-den-falschen-begriff-polnische-todeslager\/#breadcrumb\"},\"inLanguage\":\"de\",\"potentialAction\":[{\"@type\":\"ReadAction\",\"target\":[\"https:\/\/dignitynews.eu\/de\/die-deutschen-fuehrten-an-ihm-pseudomedizinische-experimente-durch-er-ueberlebte-auschwitz-und-kaempfte-gegen-den-falschen-begriff-polnische-todeslager\/\"]}]},{\"@type\":\"BreadcrumbList\",\"@id\":\"https:\/\/dignitynews.eu\/de\/die-deutschen-fuehrten-an-ihm-pseudomedizinische-experimente-durch-er-ueberlebte-auschwitz-und-kaempfte-gegen-den-falschen-begriff-polnische-todeslager\/#breadcrumb\",\"itemListElement\":[{\"@type\":\"ListItem\",\"position\":1,\"name\":\"Strona g\u0142\u00f3wna\",\"item\":\"https:\/\/dignitynews.eu\/de\/\"},{\"@type\":\"ListItem\",\"position\":2,\"name\":\"Die Deutschen f\u00fchrten an ihm pseudomedizinische Experimente durch. Er \u00fcberlebte Auschwitz und k\u00e4mpfte gegen den falschen Begriff \u201epolnische Todeslager\u201d\"}]},{\"@type\":\"Person\",\"@id\":\"https:\/\/dignitynews.eu\/pl\/#\/schema\/person\/0b62b762b8174802fabc81a3ecb1bfcb\",\"name\":\"Dignity News\",\"image\":{\"@type\":\"ImageObject\",\"inLanguage\":\"de\",\"@id\":\"https:\/\/dignitynews.eu\/pl\/#\/schema\/person\/image\/\",\"url\":\"https:\/\/secure.gravatar.com\/avatar\/97963171a6d9108f8381bbefb1c6b150c445b6ddd9e3077b96c86cf5892c85dc?s=96&d=mm&r=g\",\"contentUrl\":\"https:\/\/secure.gravatar.com\/avatar\/97963171a6d9108f8381bbefb1c6b150c445b6ddd9e3077b96c86cf5892c85dc?s=96&d=mm&r=g\",\"caption\":\"Dignity News\"},\"url\":\"https:\/\/dignitynews.eu\/de\/author\/mikolaj-palade\/\"}]}<\/script>\n<!-- \/ Yoast SEO plugin. -->","yoast_head_json":{"title":"Die Deutschen f\u00fchrten an ihm pseudomedizinische Experimente durch. Er \u00fcberlebte Auschwitz und k\u00e4mpfte gegen den falschen Begriff \u201epolnische Todeslager\u201d - W\u00fcrde - DignityNews.eu","robots":{"index":"index","follow":"follow","max-snippet":"max-snippet:-1","max-image-preview":"max-image-preview:large","max-video-preview":"max-video-preview:-1"},"canonical":"https:\/\/dignitynews.eu\/de\/die-deutschen-fuehrten-an-ihm-pseudomedizinische-experimente-durch-er-ueberlebte-auschwitz-und-kaempfte-gegen-den-falschen-begriff-polnische-todeslager\/","og_locale":"de_DE","og_type":"article","og_title":"Die Deutschen f\u00fchrten an ihm pseudomedizinische Experimente durch. Er \u00fcberlebte Auschwitz und k\u00e4mpfte gegen den falschen Begriff \u201epolnische Todeslager\u201d - W\u00fcrde - DignityNews.eu","og_description":"Karol Tendera \u00fcberlebte die H\u00f6lle im deutschen Konzentrationslager Auschwitz-Birkenau. Die deutschen Nazis f\u00fchrten Experimente an ihm durch. Jahre sp\u00e4ter k\u00e4mpfte er gegen den falschen Begriff \u201epolnische Todeslager\u201d. Er hat sogar&hellip;","og_url":"https:\/\/dignitynews.eu\/de\/die-deutschen-fuehrten-an-ihm-pseudomedizinische-experimente-durch-er-ueberlebte-auschwitz-und-kaempfte-gegen-den-falschen-begriff-polnische-todeslager\/","og_site_name":"W\u00fcrde - DignityNews.eu","article_published_time":"2022-10-03T09:50:03+00:00","article_modified_time":"2022-10-03T11:52:30+00:00","og_image":[{"width":750,"height":515,"url":"https:\/\/dignitynews.eu\/wp-content\/uploads\/2022\/10\/tendera.jpg","type":"image\/jpeg"}],"author":"Dignity News","twitter_card":"summary_large_image","twitter_misc":{"Verfasst von":"Dignity News","Gesch\u00e4tzte Lesezeit":"2\u00a0Minuten"},"schema":{"@context":"https:\/\/schema.org","@graph":[{"@type":"WebSite","@id":"https:\/\/dignitynews.eu\/pl\/#website","url":"https:\/\/dignitynews.eu\/pl\/","name":"W\u00fcrde - DignityNews.eu","description":"","potentialAction":[{"@type":"SearchAction","target":{"@type":"EntryPoint","urlTemplate":"https:\/\/dignitynews.eu\/pl\/?s={search_term_string}"},"query-input":"required name=search_term_string"}],"inLanguage":"de"},{"@type":"WebPage","@id":"https:\/\/dignitynews.eu\/de\/die-deutschen-fuehrten-an-ihm-pseudomedizinische-experimente-durch-er-ueberlebte-auschwitz-und-kaempfte-gegen-den-falschen-begriff-polnische-todeslager\/","url":"https:\/\/dignitynews.eu\/de\/die-deutschen-fuehrten-an-ihm-pseudomedizinische-experimente-durch-er-ueberlebte-auschwitz-und-kaempfte-gegen-den-falschen-begriff-polnische-todeslager\/","name":"Die Deutschen f\u00fchrten an ihm pseudomedizinische Experimente durch. Er \u00fcberlebte Auschwitz und k\u00e4mpfte gegen den falschen Begriff \u201epolnische Todeslager\u201d - W\u00fcrde - DignityNews.eu","isPartOf":{"@id":"https:\/\/dignitynews.eu\/pl\/#website"},"datePublished":"2022-10-03T09:50:03+00:00","dateModified":"2022-10-03T11:52:30+00:00","author":{"@id":"https:\/\/dignitynews.eu\/pl\/#\/schema\/person\/0b62b762b8174802fabc81a3ecb1bfcb"},"breadcrumb":{"@id":"https:\/\/dignitynews.eu\/de\/die-deutschen-fuehrten-an-ihm-pseudomedizinische-experimente-durch-er-ueberlebte-auschwitz-und-kaempfte-gegen-den-falschen-begriff-polnische-todeslager\/#breadcrumb"},"inLanguage":"de","potentialAction":[{"@type":"ReadAction","target":["https:\/\/dignitynews.eu\/de\/die-deutschen-fuehrten-an-ihm-pseudomedizinische-experimente-durch-er-ueberlebte-auschwitz-und-kaempfte-gegen-den-falschen-begriff-polnische-todeslager\/"]}]},{"@type":"BreadcrumbList","@id":"https:\/\/dignitynews.eu\/de\/die-deutschen-fuehrten-an-ihm-pseudomedizinische-experimente-durch-er-ueberlebte-auschwitz-und-kaempfte-gegen-den-falschen-begriff-polnische-todeslager\/#breadcrumb","itemListElement":[{"@type":"ListItem","position":1,"name":"Strona g\u0142\u00f3wna","item":"https:\/\/dignitynews.eu\/de\/"},{"@type":"ListItem","position":2,"name":"Die Deutschen f\u00fchrten an ihm pseudomedizinische Experimente durch. Er \u00fcberlebte Auschwitz und k\u00e4mpfte gegen den falschen Begriff \u201epolnische Todeslager\u201d"}]},{"@type":"Person","@id":"https:\/\/dignitynews.eu\/pl\/#\/schema\/person\/0b62b762b8174802fabc81a3ecb1bfcb","name":"Dignity News","image":{"@type":"ImageObject","inLanguage":"de","@id":"https:\/\/dignitynews.eu\/pl\/#\/schema\/person\/image\/","url":"https:\/\/secure.gravatar.com\/avatar\/97963171a6d9108f8381bbefb1c6b150c445b6ddd9e3077b96c86cf5892c85dc?s=96&d=mm&r=g","contentUrl":"https:\/\/secure.gravatar.com\/avatar\/97963171a6d9108f8381bbefb1c6b150c445b6ddd9e3077b96c86cf5892c85dc?s=96&d=mm&r=g","caption":"Dignity News"},"url":"https:\/\/dignitynews.eu\/de\/author\/mikolaj-palade\/"}]}},"_links":{"self":[{"href":"https:\/\/dignitynews.eu\/de\/wp-json\/wp\/v2\/posts\/30353","targetHints":{"allow":["GET"]}}],"collection":[{"href":"https:\/\/dignitynews.eu\/de\/wp-json\/wp\/v2\/posts"}],"about":[{"href":"https:\/\/dignitynews.eu\/de\/wp-json\/wp\/v2\/types\/post"}],"author":[{"embeddable":true,"href":"https:\/\/dignitynews.eu\/de\/wp-json\/wp\/v2\/users\/7"}],"replies":[{"embeddable":true,"href":"https:\/\/dignitynews.eu\/de\/wp-json\/wp\/v2\/comments?post=30353"}],"version-history":[{"count":1,"href":"https:\/\/dignitynews.eu\/de\/wp-json\/wp\/v2\/posts\/30353\/revisions"}],"predecessor-version":[{"id":30354,"href":"https:\/\/dignitynews.eu\/de\/wp-json\/wp\/v2\/posts\/30353\/revisions\/30354"}],"wp:featuredmedia":[{"embeddable":true,"href":"https:\/\/dignitynews.eu\/de\/wp-json\/wp\/v2\/media\/30345"}],"wp:attachment":[{"href":"https:\/\/dignitynews.eu\/de\/wp-json\/wp\/v2\/media?parent=30353"}],"wp:term":[{"taxonomy":"category","embeddable":true,"href":"https:\/\/dignitynews.eu\/de\/wp-json\/wp\/v2\/categories?post=30353"},{"taxonomy":"post_tag","embeddable":true,"href":"https:\/\/dignitynews.eu\/de\/wp-json\/wp\/v2\/tags?post=30353"}],"curies":[{"name":"wp","href":"https:\/\/api.w.org\/{rel}","templated":true}]}}