{"id":29354,"date":"2022-09-20T11:02:35","date_gmt":"2022-09-20T09:02:35","guid":{"rendered":"https:\/\/dignitynews.eu\/?p=29354"},"modified":"2022-09-20T17:32:01","modified_gmt":"2022-09-20T15:32:01","slug":"polnischer-praesident-bei-der-beerdigung-von-koenigin-elisabeth-ii","status":"publish","type":"post","link":"https:\/\/dignitynews.eu\/de\/polnischer-praesident-bei-der-beerdigung-von-koenigin-elisabeth-ii\/","title":{"rendered":"Polnischer Pr\u00e4sident bei der Beerdigung von K\u00f6nigin Elisabeth II"},"content":{"rendered":"<h5><strong>Am Montag, dem 19. September, nahmen der polnische Pr\u00e4sident Andrzej Duda und seine Frau Agata Kornhauser-Duda in der Westminster Abbey an der Trauerfeier f\u00fcr die britische K<\/strong><strong>\u00f6<\/strong><strong>nigin Elisabeth II. teil. An der Zeremonie nahmen 2000 Menschen teil, darunter etwa 500 ausl\u00e4ndische G\u00e4<\/strong><strong>ste.<\/strong><\/h5>\n<p>Am Sonntag, dem 18. September, haben der polnische Pr\u00e4sident und die First Lady in der Westminster Hall im Westminsterpalast die verstorbene K\u00f6nigin Elisabeth II. geehrt. Andrzej Duda erinnerte an die verstorbene K\u00f6nigin und betonte, dass sie vor allem eine sehr warmherzige Person gewesen sei, die nach au\u00dfen hin Ruhe ausstrahlte und \u00fcber eine au\u00dfergew\u00f6hnliche pers\u00f6nliche Kultur und ein ungew\u00f6hnliches Taktgef\u00fchl verf\u00fcgt habe.<\/p>\n<p>Am selben Tag traf Pr\u00e4sident Andrzej Duda mit der neuen britischen Premierministerin Liz Truss zusammen.\u00a0Hauptgespr\u00e4chsthemen waren die Sicherheit, die Unterst\u00fctzung der Ukraine und die wirtschaftliche Zusammenarbeit, einschlie\u00dflich der Rohstoffversorgung.<\/p>\n<p>Der polnische Staatspr\u00e4sident wurde als einer von f\u00fcnf ausl\u00e4ndischen Staatsoberh\u00e4uptern zu einem Treffen mit der neuen Premierministerin eingeladen, wobei er der einzige war, der nicht dem britischen Commonwealth angeh\u00f6rte.<\/p>\n<p>\u201eEs war ein sehr gutes Gespr\u00e4ch \u00fcber Sicherheitsfragen, \u00fcber den Aufbau einer Sicherheitszone, \u00fcber die Sicherheit Polens, \u00fcber unsere gemeinsame Unterst\u00fctzung, die wir und das Vereinigte K\u00f6nigreich der k\u00e4mpfenden Ukraine zukommen lassen, \u00fcber unsere Zusammenarbeit mit den Vereinigten Staaten und \u00fcber unsere Kooperation bei der Unterst\u00fctzung der baltischen Staaten\u201d, sagte Andrzej Duda bei einem sp\u00e4teren Pressegespr\u00e4ch.<\/p>\n<p>Er teilte auch mit, dass er mit der britischen Regierungschefin \u00fcber eine ganze Reihe von Sicherheitsaspekten gesprochen habe\u00a0 \u2014 \u201ediesem direkten, dem milit\u00e4rischen sowie dem im Zusammenhang mit der trilateralen polnisch-ukrainisch-britische Zusammenarbeit\u201d.<\/p>\n<p>\u201eWir haben auch \u00fcber wirtschaftliche Fragen gesprochen, \u00fcber Fragen, die mit dem Energiemarkt verbunden sind\u201d, sagte Andrzej Duda und betonte \u201edie sehr gute Atmosph\u00e4re dieses Treffens, wenn man das in dieser traurigen Zeit, in der sich das Vereinigte K\u00f6nigreich und die Premierministerin selbst heute befinden, \u00fcberhaupt sagen kann\u201d. Der polnische Pr\u00e4sident gab zu, dass ein Teil des Gespr\u00e4chs dem Gedenken an die britische Monarchin gewidmet gewesen sei.<\/p>\n<p>Adrian Andrzejewski<\/p>\n","protected":false},"excerpt":{"rendered":"<p>Am Montag, dem 19. September, nahmen der polnische Pr\u00e4sident Andrzej Duda und seine Frau Agata Kornhauser-Duda in der Westminster Abbey an der Trauerfeier f\u00fcr die britische K\u00f6nigin Elisabeth II. teil.&hellip;<\/p>\n","protected":false},"author":7,"featured_media":29302,"comment_status":"closed","ping_status":"open","sticky":false,"template":"","format":"standard","meta":{"_mi_skip_tracking":false,"footnotes":""},"categories":[53],"tags":[],"class_list":["post-29354","post","type-post","status-publish","format-standard","has-post-thumbnail","hentry","category-nachrichten"],"yoast_head":"<!-- This site is optimized with the Yoast SEO plugin v19.4 - https:\/\/yoast.com\/wordpress\/plugins\/seo\/ -->\n<title>Polnischer Pr\u00e4sident bei der Beerdigung von K\u00f6nigin Elisabeth II - W\u00fcrde - DignityNews.eu<\/title>\n<meta name=\"robots\" content=\"index, follow, max-snippet:-1, max-image-preview:large, max-video-preview:-1\" \/>\n<link rel=\"canonical\" href=\"https:\/\/dignitynews.eu\/de\/polnischer-praesident-bei-der-beerdigung-von-koenigin-elisabeth-ii\/\" \/>\n<meta property=\"og:locale\" content=\"de_DE\" \/>\n<meta property=\"og:type\" content=\"article\" \/>\n<meta property=\"og:title\" content=\"Polnischer Pr\u00e4sident bei der Beerdigung von K\u00f6nigin Elisabeth II - W\u00fcrde - DignityNews.eu\" \/>\n<meta property=\"og:description\" content=\"Am Montag, dem 19. September, nahmen der polnische Pr\u00e4sident Andrzej Duda und seine Frau Agata Kornhauser-Duda in der Westminster Abbey an der Trauerfeier f\u00fcr die britische K\u00f6nigin Elisabeth II. teil.&hellip;\" \/>\n<meta property=\"og:url\" content=\"https:\/\/dignitynews.eu\/de\/polnischer-praesident-bei-der-beerdigung-von-koenigin-elisabeth-ii\/\" \/>\n<meta property=\"og:site_name\" content=\"W\u00fcrde - DignityNews.eu\" \/>\n<meta property=\"article:published_time\" content=\"2022-09-20T09:02:35+00:00\" \/>\n<meta property=\"article:modified_time\" content=\"2022-09-20T15:32:01+00:00\" \/>\n<meta property=\"og:image\" content=\"https:\/\/dignitynews.eu\/wp-content\/uploads\/2022\/09\/Prezydent-Polski-pozegnanie-Elzbiety-II-fot.-SkyNews.jpg\" \/>\n\t<meta property=\"og:image:width\" content=\"1600\" \/>\n\t<meta property=\"og:image:height\" content=\"1066\" \/>\n\t<meta property=\"og:image:type\" content=\"image\/jpeg\" \/>\n<meta name=\"author\" content=\"Dignity News\" \/>\n<meta name=\"twitter:card\" content=\"summary_large_image\" \/>\n<meta name=\"twitter:label1\" content=\"Verfasst von\" \/>\n\t<meta name=\"twitter:data1\" content=\"Dignity News\" \/>\n\t<meta name=\"twitter:label2\" content=\"Gesch\u00e4tzte Lesezeit\" \/>\n\t<meta name=\"twitter:data2\" content=\"2\u00a0Minuten\" \/>\n<script type=\"application\/ld+json\" class=\"yoast-schema-graph\">{\"@context\":\"https:\/\/schema.org\",\"@graph\":[{\"@type\":\"WebSite\",\"@id\":\"https:\/\/dignitynews.eu\/pl\/#website\",\"url\":\"https:\/\/dignitynews.eu\/pl\/\",\"name\":\"W\u00fcrde - DignityNews.eu\",\"description\":\"\",\"potentialAction\":[{\"@type\":\"SearchAction\",\"target\":{\"@type\":\"EntryPoint\",\"urlTemplate\":\"https:\/\/dignitynews.eu\/pl\/?s={search_term_string}\"},\"query-input\":\"required name=search_term_string\"}],\"inLanguage\":\"de\"},{\"@type\":\"WebPage\",\"@id\":\"https:\/\/dignitynews.eu\/de\/polnischer-praesident-bei-der-beerdigung-von-koenigin-elisabeth-ii\/\",\"url\":\"https:\/\/dignitynews.eu\/de\/polnischer-praesident-bei-der-beerdigung-von-koenigin-elisabeth-ii\/\",\"name\":\"Polnischer Pr\u00e4sident bei der Beerdigung von K\u00f6nigin Elisabeth II - W\u00fcrde - DignityNews.eu\",\"isPartOf\":{\"@id\":\"https:\/\/dignitynews.eu\/pl\/#website\"},\"datePublished\":\"2022-09-20T09:02:35+00:00\",\"dateModified\":\"2022-09-20T15:32:01+00:00\",\"author\":{\"@id\":\"https:\/\/dignitynews.eu\/pl\/#\/schema\/person\/0b62b762b8174802fabc81a3ecb1bfcb\"},\"breadcrumb\":{\"@id\":\"https:\/\/dignitynews.eu\/de\/polnischer-praesident-bei-der-beerdigung-von-koenigin-elisabeth-ii\/#breadcrumb\"},\"inLanguage\":\"de\",\"potentialAction\":[{\"@type\":\"ReadAction\",\"target\":[\"https:\/\/dignitynews.eu\/de\/polnischer-praesident-bei-der-beerdigung-von-koenigin-elisabeth-ii\/\"]}]},{\"@type\":\"BreadcrumbList\",\"@id\":\"https:\/\/dignitynews.eu\/de\/polnischer-praesident-bei-der-beerdigung-von-koenigin-elisabeth-ii\/#breadcrumb\",\"itemListElement\":[{\"@type\":\"ListItem\",\"position\":1,\"name\":\"Strona g\u0142\u00f3wna\",\"item\":\"https:\/\/dignitynews.eu\/de\/\"},{\"@type\":\"ListItem\",\"position\":2,\"name\":\"Polnischer Pr\u00e4sident bei der Beerdigung von K\u00f6nigin Elisabeth II\"}]},{\"@type\":\"Person\",\"@id\":\"https:\/\/dignitynews.eu\/pl\/#\/schema\/person\/0b62b762b8174802fabc81a3ecb1bfcb\",\"name\":\"Dignity News\",\"image\":{\"@type\":\"ImageObject\",\"inLanguage\":\"de\",\"@id\":\"https:\/\/dignitynews.eu\/pl\/#\/schema\/person\/image\/\",\"url\":\"https:\/\/secure.gravatar.com\/avatar\/97963171a6d9108f8381bbefb1c6b150c445b6ddd9e3077b96c86cf5892c85dc?s=96&d=mm&r=g\",\"contentUrl\":\"https:\/\/secure.gravatar.com\/avatar\/97963171a6d9108f8381bbefb1c6b150c445b6ddd9e3077b96c86cf5892c85dc?s=96&d=mm&r=g\",\"caption\":\"Dignity News\"},\"url\":\"https:\/\/dignitynews.eu\/de\/author\/mikolaj-palade\/\"}]}<\/script>\n<!-- \/ Yoast SEO plugin. -->","yoast_head_json":{"title":"Polnischer Pr\u00e4sident bei der Beerdigung von K\u00f6nigin Elisabeth II - W\u00fcrde - DignityNews.eu","robots":{"index":"index","follow":"follow","max-snippet":"max-snippet:-1","max-image-preview":"max-image-preview:large","max-video-preview":"max-video-preview:-1"},"canonical":"https:\/\/dignitynews.eu\/de\/polnischer-praesident-bei-der-beerdigung-von-koenigin-elisabeth-ii\/","og_locale":"de_DE","og_type":"article","og_title":"Polnischer Pr\u00e4sident bei der Beerdigung von K\u00f6nigin Elisabeth II - W\u00fcrde - DignityNews.eu","og_description":"Am Montag, dem 19. September, nahmen der polnische Pr\u00e4sident Andrzej Duda und seine Frau Agata Kornhauser-Duda in der Westminster Abbey an der Trauerfeier f\u00fcr die britische K\u00f6nigin Elisabeth II. teil.&hellip;","og_url":"https:\/\/dignitynews.eu\/de\/polnischer-praesident-bei-der-beerdigung-von-koenigin-elisabeth-ii\/","og_site_name":"W\u00fcrde - DignityNews.eu","article_published_time":"2022-09-20T09:02:35+00:00","article_modified_time":"2022-09-20T15:32:01+00:00","og_image":[{"width":1600,"height":1066,"url":"https:\/\/dignitynews.eu\/wp-content\/uploads\/2022\/09\/Prezydent-Polski-pozegnanie-Elzbiety-II-fot.-SkyNews.jpg","type":"image\/jpeg"}],"author":"Dignity News","twitter_card":"summary_large_image","twitter_misc":{"Verfasst von":"Dignity News","Gesch\u00e4tzte Lesezeit":"2\u00a0Minuten"},"schema":{"@context":"https:\/\/schema.org","@graph":[{"@type":"WebSite","@id":"https:\/\/dignitynews.eu\/pl\/#website","url":"https:\/\/dignitynews.eu\/pl\/","name":"W\u00fcrde - DignityNews.eu","description":"","potentialAction":[{"@type":"SearchAction","target":{"@type":"EntryPoint","urlTemplate":"https:\/\/dignitynews.eu\/pl\/?s={search_term_string}"},"query-input":"required name=search_term_string"}],"inLanguage":"de"},{"@type":"WebPage","@id":"https:\/\/dignitynews.eu\/de\/polnischer-praesident-bei-der-beerdigung-von-koenigin-elisabeth-ii\/","url":"https:\/\/dignitynews.eu\/de\/polnischer-praesident-bei-der-beerdigung-von-koenigin-elisabeth-ii\/","name":"Polnischer Pr\u00e4sident bei der Beerdigung von K\u00f6nigin Elisabeth II - W\u00fcrde - DignityNews.eu","isPartOf":{"@id":"https:\/\/dignitynews.eu\/pl\/#website"},"datePublished":"2022-09-20T09:02:35+00:00","dateModified":"2022-09-20T15:32:01+00:00","author":{"@id":"https:\/\/dignitynews.eu\/pl\/#\/schema\/person\/0b62b762b8174802fabc81a3ecb1bfcb"},"breadcrumb":{"@id":"https:\/\/dignitynews.eu\/de\/polnischer-praesident-bei-der-beerdigung-von-koenigin-elisabeth-ii\/#breadcrumb"},"inLanguage":"de","potentialAction":[{"@type":"ReadAction","target":["https:\/\/dignitynews.eu\/de\/polnischer-praesident-bei-der-beerdigung-von-koenigin-elisabeth-ii\/"]}]},{"@type":"BreadcrumbList","@id":"https:\/\/dignitynews.eu\/de\/polnischer-praesident-bei-der-beerdigung-von-koenigin-elisabeth-ii\/#breadcrumb","itemListElement":[{"@type":"ListItem","position":1,"name":"Strona g\u0142\u00f3wna","item":"https:\/\/dignitynews.eu\/de\/"},{"@type":"ListItem","position":2,"name":"Polnischer Pr\u00e4sident bei der Beerdigung von K\u00f6nigin Elisabeth II"}]},{"@type":"Person","@id":"https:\/\/dignitynews.eu\/pl\/#\/schema\/person\/0b62b762b8174802fabc81a3ecb1bfcb","name":"Dignity News","image":{"@type":"ImageObject","inLanguage":"de","@id":"https:\/\/dignitynews.eu\/pl\/#\/schema\/person\/image\/","url":"https:\/\/secure.gravatar.com\/avatar\/97963171a6d9108f8381bbefb1c6b150c445b6ddd9e3077b96c86cf5892c85dc?s=96&d=mm&r=g","contentUrl":"https:\/\/secure.gravatar.com\/avatar\/97963171a6d9108f8381bbefb1c6b150c445b6ddd9e3077b96c86cf5892c85dc?s=96&d=mm&r=g","caption":"Dignity News"},"url":"https:\/\/dignitynews.eu\/de\/author\/mikolaj-palade\/"}]}},"_links":{"self":[{"href":"https:\/\/dignitynews.eu\/de\/wp-json\/wp\/v2\/posts\/29354","targetHints":{"allow":["GET"]}}],"collection":[{"href":"https:\/\/dignitynews.eu\/de\/wp-json\/wp\/v2\/posts"}],"about":[{"href":"https:\/\/dignitynews.eu\/de\/wp-json\/wp\/v2\/types\/post"}],"author":[{"embeddable":true,"href":"https:\/\/dignitynews.eu\/de\/wp-json\/wp\/v2\/users\/7"}],"replies":[{"embeddable":true,"href":"https:\/\/dignitynews.eu\/de\/wp-json\/wp\/v2\/comments?post=29354"}],"version-history":[{"count":1,"href":"https:\/\/dignitynews.eu\/de\/wp-json\/wp\/v2\/posts\/29354\/revisions"}],"predecessor-version":[{"id":29355,"href":"https:\/\/dignitynews.eu\/de\/wp-json\/wp\/v2\/posts\/29354\/revisions\/29355"}],"wp:featuredmedia":[{"embeddable":true,"href":"https:\/\/dignitynews.eu\/de\/wp-json\/wp\/v2\/media\/29302"}],"wp:attachment":[{"href":"https:\/\/dignitynews.eu\/de\/wp-json\/wp\/v2\/media?parent=29354"}],"wp:term":[{"taxonomy":"category","embeddable":true,"href":"https:\/\/dignitynews.eu\/de\/wp-json\/wp\/v2\/categories?post=29354"},{"taxonomy":"post_tag","embeddable":true,"href":"https:\/\/dignitynews.eu\/de\/wp-json\/wp\/v2\/tags?post=29354"}],"curies":[{"name":"wp","href":"https:\/\/api.w.org\/{rel}","templated":true}]}}