{"id":28619,"date":"2022-09-10T11:17:24","date_gmt":"2022-09-10T09:17:24","guid":{"rendered":"https:\/\/dignitynews.eu\/?p=28619"},"modified":"2022-09-12T11:17:54","modified_gmt":"2022-09-12T09:17:54","slug":"sonderfahndungsbuch-polen-die-deutsche-proskriptionsliste-und-ihre-schrecklichen-folgen","status":"publish","type":"post","link":"https:\/\/dignitynews.eu\/de\/sonderfahndungsbuch-polen-die-deutsche-proskriptionsliste-und-ihre-schrecklichen-folgen\/","title":{"rendered":"\u201eSonderfahndungsbuch Polen\u201d \u2014 die deutsche Proskriptionsliste und ihre schrecklichen Folgen"},"content":{"rendered":"<h5><strong>Das deutsche <\/strong><strong>\u201eSonderfahndungsbuch Polen\u201d<\/strong><strong> war<\/strong><strong> eine spezielle Liste<\/strong><strong> von Polen<\/strong><strong>, das sogenannte Proskriptionsbuch, das in alphabetischer Reihenfolge die Namen von 61.000 Polen enth<\/strong><strong>ielt<\/strong><strong>. Es handelte sich um einen vertraulichen Druck, der vom <\/strong><strong>Reichskriminalpolizeiamt<\/strong> <strong>herausgegeben wurde. Die Liste wurde im Auftrag von Heinrich Himmler erstellt. Auf der Liste standen polnische B<\/strong><strong>\u00fc<\/strong><strong>rger, die eine Bedrohung f<\/strong><strong>\u00fc<\/strong><strong>r das \u201eDeutschtum\u201d darstellten, d.<\/strong> <strong>h. im weitesten Sinne Vertreter der polnischen Elite. Ihre Liste wurde zur Grundlage f<\/strong><strong>\u00fc<\/strong><strong>r die Massenverhaftungen und Morde an der polnischen Bev<\/strong><strong>\u00f6<\/strong><strong>lkerung in den ersten Monaten des Zweiten Weltkriegs in den dem Dritten Reich und dem Generalgouvernement eingegliederten Gebieten.\u00a0\u00a0 <\/strong><\/h5>\n<p>Die Liste wurde auf der Grundlage der Arbeit von Agenten erstellt, obwohl diese Aufgabe nicht die schwierigste war. Es gen\u00fcgte, die polnische Presse zu verfolgen, sowohl die zentrale als auch die lokale. Dies geschah z. B. durch Vertreter der deutschen diplomatischen Vertretungen in Polen. Separate, lokale Proskriptionslisten wurden auch von Mitgliedern des Selbstschutzes, der paramilit\u00e4rische deutsche Organisationen, die in den Gebieten der Zweiten Polnischen Republik aktiv waren, gef\u00fchrt. Die Erstellung von Proskriptionslisten der Polen wurde von einer recht zahlreichen und aktiven deutschen Minderheit, insbesondere im Westen Polens, unterst\u00fctzt. Im Jahr 1939 war sie unter dem Einfluss der NS-Ideologie und war bereit, nicht nur Informationen \u00fcber Polen zu sammeln, sondern sich auch k\u00f6rperlich mit ihnen auseinanderzusetzen.<\/p>\n<p>Die Erstellung der Listen wurde im April 1939 in Angriff genommen. Allem Anschein zum Trotz war die Arbeit an der einheitlichen Liste jedoch so umfangreich, dass sie sich in die L\u00e4nge zog. Die Deutschen konnten mit der Datenverarbeitung nicht Schritt halten. Die Arbeit wurde von zwei deutschen \u00c4mtern durchgef\u00fchrt: dem Berliner Gestapo-Hauptquartier und der im Mai 1939 im SD-Hauptamt des SS-Reichsf\u00fchrers eingerichteten Zelle Zentralstelle II\/P (Polen). Historiker gehen davon aus, dass die erste Liste im September 1939 erstellt wurde, und dass im Oktober desselben Jahres, nach der deutschen Besetzung der polnischen Gebiete, eine genauere Liste vorbereitet wurde. Sie war nicht vollendet, wovon die leeren Seiten f\u00fcr jeden Buchstaben des Alphabets zeugen. Diese zweite Version war eben das \u201eSonderfahndungsbuch Polen\u201d, das 1940 in Krakau ver\u00f6ffentlicht wurde.<\/p>\n<p>Die auf der Liste aufgef\u00fchrten Polen wurden hingerichtet, in Gef\u00e4ngnissen und Konzentrationslagern inhaftiert, deportiert und aus den vom Dritten Reich annektierten Gebieten vertrieben.<\/p>\n<p>W\u00e4hrend der deutschen Besatzung wurden diese Listen unter dem Namen \u201eFahndungsnachweis\u201d ver\u00f6ffentlicht. Nur eine kleine Anzahl der darin enthaltenen Personen \u00fcberlebte die deutsche Besatzung. Insgesamt waren etwa 80.000 Polen in allen Listen aufgef\u00fchrt.<\/p>\n<p>Die Proskriptionslisten waren Teil umfassenderer deutscher Pl\u00e4ne zur Eroberung polnischer Gebiete, die unter dem Decknamen \u201eUnternehmen Tannenberg\u201d bekannt wurden. Sein Ziel war die Vernichtung der polnischen F\u00fchrungskr\u00e4fte und der polnischen Intelligenz ab dem 1. September 1939, dem Zeitpunkt, an dem die Truppen der Wehrmacht polnisches Gebiet betraten. Historiker betrachten diesen verbrecherischen Plan als die wirksamste Waffe zur Ausrottung der Polen vor der Einrichtung von Konzentrations- und Vernichtungslagern.<\/p>\n<p>Die Operation wurde nicht nur in den in das Dritte Reich eingegliederten Gebieten, sondern auch im Gebiet des k\u00fcnftigen Generalgouvernements durchgef\u00fchrt. Geleitet wurde sie von Reinhard Heydrich, dem Leiter des Reichssicherheitshauptamtes (RSHA). Auch innerhalb der Gestapo wurde ein Sonderreferat f\u00fcr das Unternehmen Tannenberg eingerichtet. Die Forscher betonen, dass Offiziere vieler Dienststellen aktiv an dem Unternehmen Tannenberg beteiligt waren.<\/p>\n<p>Nach dem \u00dcberfall der deutschen Armee auf Polen wurde die Vernichtung vor allem von den Einsatzgruppen durchgef\u00fchrt. Von den 25 Kommandanten der Einsatzgruppen und des Einsatzkommandos hatten 15 einen Doktortitel. Darunter waren Offiziere der Sicherheitspolizei (Sipo) und des Sicherheitsdienstes der Partei (SD). Die Sipo umfasste die Gestapo und die Kripo, w\u00e4hrend der SD f\u00fcr den Nachrichtendienst und die Spionageabwehr der SS zust\u00e4ndig war. F\u00fcr die Rekrutierung f\u00fcr die Einsatzgruppen war Werner Best, Heydrichs engsten Mitarbeiter, verantwortlich.<\/p>\n<p>Nicht umsonst wurde diese Formation als \u201eTodesschwadron\u201d bezeichnet. Diese Deutschen wurden zum T\u00f6ten ausgebildet, und unter ihnen befanden sich einige der gr\u00f6\u00dften Verbrecher des Zweiten Weltkriegs. So gr\u00fcndeten und er\u00f6ffneten beispielsweise Angeh\u00f6rige der Einsatzgruppe VI unter dem Kommando von SS-Oberf\u00fchrer Erich Naumann am 10. Oktober 1939 im Fort VII in Pozna\u0144 das erste Konzentrationslager auf polnischem Boden (Sicherheitspolizei. Chef der Einsatzgruppe VI. Konzentrationslager-Posen). Sein Organisator und kurzzeitig auch sein erster Kommandant war Herbert Lange, Offizier der Einsatzgruppe VI, sp\u00e4ter Leiter der Euthanasie-Aktion zur Ermordung psychisch Kranker im Wartheland und Kommandant des deutschen Vernichtungslagers Kulmhof in Che\u0142mno nad Nerem (ca. 250.000 Opfer). Wie Naumann, der Kommandeur der Einsatzgruppe VI, war Lange einer der gr\u00f6\u00dften Verbrecher des Zweiten Weltkriegs. Er starb im Jahr 1945.<\/p>\n<p>Nach den Erkenntnissen der Historiker gab es bis zum 25. Oktober 1939, also bis zum Zeitpunkt der so genannten Milit\u00e4rverwaltung, folgende Opferzahlen: Reichsgau Danzig-Westpreu\u00dfen (30.000), Reichsgau Wartheland (10.000), Oberschlesien (2000), Regierungsbezirk Zichenau (1000), zentrale Gebiete \u2014 das zuk\u00fcnftige Generalgouvernement (5000). Zu diesen Opfern kommen noch 7000 Juden hinzu, die von Soldaten der Wehrmacht get\u00f6tet wurden. Insgesamt verloren im fraglichen Zeitraum etwa 50.000 der aktivsten Polen ihr Leben und 750.000 wurden vertrieben. Bis heute haben wir von 760 Orten des Massenmords erfahren.<\/p>\n<p>Die Verbrechen des \u201eUnternehmens Tannenberg\u201d wurden nie aufgekl\u00e4rt, und die Deutschen versuchten noch w\u00e4hrend des Krieges, ihre Spuren zu verwischen.<\/p>\n","protected":false},"excerpt":{"rendered":"<p>Das deutsche \u201eSonderfahndungsbuch Polen\u201d war eine spezielle Liste von Polen, das sogenannte Proskriptionsbuch, das in alphabetischer Reihenfolge die Namen von 61.000 Polen enthielt. Es handelte sich um einen vertraulichen Druck,&hellip;<\/p>\n","protected":false},"author":7,"featured_media":28609,"comment_status":"closed","ping_status":"open","sticky":false,"template":"","format":"standard","meta":{"_mi_skip_tracking":false,"footnotes":""},"categories":[52],"tags":[],"class_list":["post-28619","post","type-post","status-publish","format-standard","has-post-thumbnail","hentry","category-geschichte"],"yoast_head":"<!-- This site is optimized with the Yoast SEO plugin v19.4 - https:\/\/yoast.com\/wordpress\/plugins\/seo\/ -->\n<title>\u201eSonderfahndungsbuch Polen\u201d \u2014 die deutsche Proskriptionsliste und ihre schrecklichen Folgen - W\u00fcrde - DignityNews.eu<\/title>\n<meta name=\"robots\" content=\"index, follow, max-snippet:-1, max-image-preview:large, max-video-preview:-1\" \/>\n<link rel=\"canonical\" href=\"https:\/\/dignitynews.eu\/de\/sonderfahndungsbuch-polen-die-deutsche-proskriptionsliste-und-ihre-schrecklichen-folgen\/\" \/>\n<meta property=\"og:locale\" content=\"de_DE\" \/>\n<meta property=\"og:type\" content=\"article\" \/>\n<meta property=\"og:title\" content=\"\u201eSonderfahndungsbuch Polen\u201d \u2014 die deutsche Proskriptionsliste und ihre schrecklichen Folgen - W\u00fcrde - DignityNews.eu\" \/>\n<meta property=\"og:description\" content=\"Das deutsche \u201eSonderfahndungsbuch Polen\u201d war eine spezielle Liste von Polen, das sogenannte Proskriptionsbuch, das in alphabetischer Reihenfolge die Namen von 61.000 Polen enthielt. Es handelte sich um einen vertraulichen Druck,&hellip;\" \/>\n<meta property=\"og:url\" content=\"https:\/\/dignitynews.eu\/de\/sonderfahndungsbuch-polen-die-deutsche-proskriptionsliste-und-ihre-schrecklichen-folgen\/\" \/>\n<meta property=\"og:site_name\" content=\"W\u00fcrde - DignityNews.eu\" \/>\n<meta property=\"article:published_time\" content=\"2022-09-10T09:17:24+00:00\" \/>\n<meta property=\"article:modified_time\" content=\"2022-09-12T09:17:54+00:00\" \/>\n<meta property=\"og:image\" content=\"https:\/\/dignitynews.eu\/wp-content\/uploads\/2022\/09\/Bundesarchiv_Bild_146-1968-034-19A_Exekution_von_polnischen_Geiseln.jpg\" \/>\n\t<meta property=\"og:image:width\" content=\"795\" \/>\n\t<meta property=\"og:image:height\" content=\"475\" \/>\n\t<meta property=\"og:image:type\" content=\"image\/jpeg\" \/>\n<meta name=\"author\" content=\"Dignity News\" \/>\n<meta name=\"twitter:card\" content=\"summary_large_image\" \/>\n<meta name=\"twitter:label1\" content=\"Verfasst von\" \/>\n\t<meta name=\"twitter:data1\" content=\"Dignity News\" \/>\n\t<meta name=\"twitter:label2\" content=\"Gesch\u00e4tzte Lesezeit\" \/>\n\t<meta name=\"twitter:data2\" content=\"4\u00a0Minuten\" \/>\n<script type=\"application\/ld+json\" class=\"yoast-schema-graph\">{\"@context\":\"https:\/\/schema.org\",\"@graph\":[{\"@type\":\"WebSite\",\"@id\":\"https:\/\/dignitynews.eu\/pl\/#website\",\"url\":\"https:\/\/dignitynews.eu\/pl\/\",\"name\":\"W\u00fcrde - DignityNews.eu\",\"description\":\"\",\"potentialAction\":[{\"@type\":\"SearchAction\",\"target\":{\"@type\":\"EntryPoint\",\"urlTemplate\":\"https:\/\/dignitynews.eu\/pl\/?s={search_term_string}\"},\"query-input\":\"required name=search_term_string\"}],\"inLanguage\":\"de\"},{\"@type\":\"WebPage\",\"@id\":\"https:\/\/dignitynews.eu\/de\/sonderfahndungsbuch-polen-die-deutsche-proskriptionsliste-und-ihre-schrecklichen-folgen\/\",\"url\":\"https:\/\/dignitynews.eu\/de\/sonderfahndungsbuch-polen-die-deutsche-proskriptionsliste-und-ihre-schrecklichen-folgen\/\",\"name\":\"\u201eSonderfahndungsbuch Polen\u201d \u2014 die deutsche Proskriptionsliste und ihre schrecklichen Folgen - W\u00fcrde - DignityNews.eu\",\"isPartOf\":{\"@id\":\"https:\/\/dignitynews.eu\/pl\/#website\"},\"datePublished\":\"2022-09-10T09:17:24+00:00\",\"dateModified\":\"2022-09-12T09:17:54+00:00\",\"author\":{\"@id\":\"https:\/\/dignitynews.eu\/pl\/#\/schema\/person\/0b62b762b8174802fabc81a3ecb1bfcb\"},\"breadcrumb\":{\"@id\":\"https:\/\/dignitynews.eu\/de\/sonderfahndungsbuch-polen-die-deutsche-proskriptionsliste-und-ihre-schrecklichen-folgen\/#breadcrumb\"},\"inLanguage\":\"de\",\"potentialAction\":[{\"@type\":\"ReadAction\",\"target\":[\"https:\/\/dignitynews.eu\/de\/sonderfahndungsbuch-polen-die-deutsche-proskriptionsliste-und-ihre-schrecklichen-folgen\/\"]}]},{\"@type\":\"BreadcrumbList\",\"@id\":\"https:\/\/dignitynews.eu\/de\/sonderfahndungsbuch-polen-die-deutsche-proskriptionsliste-und-ihre-schrecklichen-folgen\/#breadcrumb\",\"itemListElement\":[{\"@type\":\"ListItem\",\"position\":1,\"name\":\"Strona g\u0142\u00f3wna\",\"item\":\"https:\/\/dignitynews.eu\/de\/\"},{\"@type\":\"ListItem\",\"position\":2,\"name\":\"\u201eSonderfahndungsbuch Polen\u201d \u2014 die deutsche Proskriptionsliste und ihre schrecklichen Folgen\"}]},{\"@type\":\"Person\",\"@id\":\"https:\/\/dignitynews.eu\/pl\/#\/schema\/person\/0b62b762b8174802fabc81a3ecb1bfcb\",\"name\":\"Dignity News\",\"image\":{\"@type\":\"ImageObject\",\"inLanguage\":\"de\",\"@id\":\"https:\/\/dignitynews.eu\/pl\/#\/schema\/person\/image\/\",\"url\":\"https:\/\/secure.gravatar.com\/avatar\/97963171a6d9108f8381bbefb1c6b150c445b6ddd9e3077b96c86cf5892c85dc?s=96&d=mm&r=g\",\"contentUrl\":\"https:\/\/secure.gravatar.com\/avatar\/97963171a6d9108f8381bbefb1c6b150c445b6ddd9e3077b96c86cf5892c85dc?s=96&d=mm&r=g\",\"caption\":\"Dignity News\"},\"url\":\"https:\/\/dignitynews.eu\/de\/author\/mikolaj-palade\/\"}]}<\/script>\n<!-- \/ Yoast SEO plugin. -->","yoast_head_json":{"title":"\u201eSonderfahndungsbuch Polen\u201d \u2014 die deutsche Proskriptionsliste und ihre schrecklichen Folgen - W\u00fcrde - DignityNews.eu","robots":{"index":"index","follow":"follow","max-snippet":"max-snippet:-1","max-image-preview":"max-image-preview:large","max-video-preview":"max-video-preview:-1"},"canonical":"https:\/\/dignitynews.eu\/de\/sonderfahndungsbuch-polen-die-deutsche-proskriptionsliste-und-ihre-schrecklichen-folgen\/","og_locale":"de_DE","og_type":"article","og_title":"\u201eSonderfahndungsbuch Polen\u201d \u2014 die deutsche Proskriptionsliste und ihre schrecklichen Folgen - W\u00fcrde - DignityNews.eu","og_description":"Das deutsche \u201eSonderfahndungsbuch Polen\u201d war eine spezielle Liste von Polen, das sogenannte Proskriptionsbuch, das in alphabetischer Reihenfolge die Namen von 61.000 Polen enthielt. Es handelte sich um einen vertraulichen Druck,&hellip;","og_url":"https:\/\/dignitynews.eu\/de\/sonderfahndungsbuch-polen-die-deutsche-proskriptionsliste-und-ihre-schrecklichen-folgen\/","og_site_name":"W\u00fcrde - DignityNews.eu","article_published_time":"2022-09-10T09:17:24+00:00","article_modified_time":"2022-09-12T09:17:54+00:00","og_image":[{"width":795,"height":475,"url":"https:\/\/dignitynews.eu\/wp-content\/uploads\/2022\/09\/Bundesarchiv_Bild_146-1968-034-19A_Exekution_von_polnischen_Geiseln.jpg","type":"image\/jpeg"}],"author":"Dignity News","twitter_card":"summary_large_image","twitter_misc":{"Verfasst von":"Dignity News","Gesch\u00e4tzte Lesezeit":"4\u00a0Minuten"},"schema":{"@context":"https:\/\/schema.org","@graph":[{"@type":"WebSite","@id":"https:\/\/dignitynews.eu\/pl\/#website","url":"https:\/\/dignitynews.eu\/pl\/","name":"W\u00fcrde - DignityNews.eu","description":"","potentialAction":[{"@type":"SearchAction","target":{"@type":"EntryPoint","urlTemplate":"https:\/\/dignitynews.eu\/pl\/?s={search_term_string}"},"query-input":"required name=search_term_string"}],"inLanguage":"de"},{"@type":"WebPage","@id":"https:\/\/dignitynews.eu\/de\/sonderfahndungsbuch-polen-die-deutsche-proskriptionsliste-und-ihre-schrecklichen-folgen\/","url":"https:\/\/dignitynews.eu\/de\/sonderfahndungsbuch-polen-die-deutsche-proskriptionsliste-und-ihre-schrecklichen-folgen\/","name":"\u201eSonderfahndungsbuch Polen\u201d \u2014 die deutsche Proskriptionsliste und ihre schrecklichen Folgen - W\u00fcrde - DignityNews.eu","isPartOf":{"@id":"https:\/\/dignitynews.eu\/pl\/#website"},"datePublished":"2022-09-10T09:17:24+00:00","dateModified":"2022-09-12T09:17:54+00:00","author":{"@id":"https:\/\/dignitynews.eu\/pl\/#\/schema\/person\/0b62b762b8174802fabc81a3ecb1bfcb"},"breadcrumb":{"@id":"https:\/\/dignitynews.eu\/de\/sonderfahndungsbuch-polen-die-deutsche-proskriptionsliste-und-ihre-schrecklichen-folgen\/#breadcrumb"},"inLanguage":"de","potentialAction":[{"@type":"ReadAction","target":["https:\/\/dignitynews.eu\/de\/sonderfahndungsbuch-polen-die-deutsche-proskriptionsliste-und-ihre-schrecklichen-folgen\/"]}]},{"@type":"BreadcrumbList","@id":"https:\/\/dignitynews.eu\/de\/sonderfahndungsbuch-polen-die-deutsche-proskriptionsliste-und-ihre-schrecklichen-folgen\/#breadcrumb","itemListElement":[{"@type":"ListItem","position":1,"name":"Strona g\u0142\u00f3wna","item":"https:\/\/dignitynews.eu\/de\/"},{"@type":"ListItem","position":2,"name":"\u201eSonderfahndungsbuch Polen\u201d \u2014 die deutsche Proskriptionsliste und ihre schrecklichen Folgen"}]},{"@type":"Person","@id":"https:\/\/dignitynews.eu\/pl\/#\/schema\/person\/0b62b762b8174802fabc81a3ecb1bfcb","name":"Dignity News","image":{"@type":"ImageObject","inLanguage":"de","@id":"https:\/\/dignitynews.eu\/pl\/#\/schema\/person\/image\/","url":"https:\/\/secure.gravatar.com\/avatar\/97963171a6d9108f8381bbefb1c6b150c445b6ddd9e3077b96c86cf5892c85dc?s=96&d=mm&r=g","contentUrl":"https:\/\/secure.gravatar.com\/avatar\/97963171a6d9108f8381bbefb1c6b150c445b6ddd9e3077b96c86cf5892c85dc?s=96&d=mm&r=g","caption":"Dignity News"},"url":"https:\/\/dignitynews.eu\/de\/author\/mikolaj-palade\/"}]}},"_links":{"self":[{"href":"https:\/\/dignitynews.eu\/de\/wp-json\/wp\/v2\/posts\/28619","targetHints":{"allow":["GET"]}}],"collection":[{"href":"https:\/\/dignitynews.eu\/de\/wp-json\/wp\/v2\/posts"}],"about":[{"href":"https:\/\/dignitynews.eu\/de\/wp-json\/wp\/v2\/types\/post"}],"author":[{"embeddable":true,"href":"https:\/\/dignitynews.eu\/de\/wp-json\/wp\/v2\/users\/7"}],"replies":[{"embeddable":true,"href":"https:\/\/dignitynews.eu\/de\/wp-json\/wp\/v2\/comments?post=28619"}],"version-history":[{"count":1,"href":"https:\/\/dignitynews.eu\/de\/wp-json\/wp\/v2\/posts\/28619\/revisions"}],"predecessor-version":[{"id":28620,"href":"https:\/\/dignitynews.eu\/de\/wp-json\/wp\/v2\/posts\/28619\/revisions\/28620"}],"wp:featuredmedia":[{"embeddable":true,"href":"https:\/\/dignitynews.eu\/de\/wp-json\/wp\/v2\/media\/28609"}],"wp:attachment":[{"href":"https:\/\/dignitynews.eu\/de\/wp-json\/wp\/v2\/media?parent=28619"}],"wp:term":[{"taxonomy":"category","embeddable":true,"href":"https:\/\/dignitynews.eu\/de\/wp-json\/wp\/v2\/categories?post=28619"},{"taxonomy":"post_tag","embeddable":true,"href":"https:\/\/dignitynews.eu\/de\/wp-json\/wp\/v2\/tags?post=28619"}],"curies":[{"name":"wp","href":"https:\/\/api.w.org\/{rel}","templated":true}]}}