{"id":28543,"date":"2022-09-09T17:31:08","date_gmt":"2022-09-09T15:31:08","guid":{"rendered":"https:\/\/dignitynews.eu\/?p=28543"},"modified":"2022-09-09T17:31:08","modified_gmt":"2022-09-09T15:31:08","slug":"jan-wieczorkowski-half-juden-im-ghetto-rembertow-und-in-der-ehemaligen-munitionsfabrik-pocisk","status":"publish","type":"post","link":"https:\/\/dignitynews.eu\/de\/jan-wieczorkowski-half-juden-im-ghetto-rembertow-und-in-der-ehemaligen-munitionsfabrik-pocisk\/","title":{"rendered":"Jan Wieczorkowski half Juden im Ghetto Rembert\u00f3w und in der ehemaligen Munitionsfabrik \u201ePocisk\u201d"},"content":{"rendered":"<h5><strong>Rembert<\/strong><strong>\u00f3w <\/strong><strong>war eine Stadt, die in der Zwischenkriegszeit von 2000 Juden bewohnt wurde, die 10% der Stadtbev<\/strong><strong>\u00f6<\/strong><strong>lkerung ausmachten. W\u00e4<\/strong><strong>hrend des Zweiten Weltkriegs haben<\/strong><strong> den verfolgten Juden, die auf deutschen Beschluss hin im Ghetto Rembert<\/strong><strong>\u00f3<\/strong><strong>w eingesperrt waren, Polen geholfen. Einer von ihnen war Jan Wieczorkowski. <\/strong><\/h5>\n<p>W\u00e4hrend des Septemberfeldzugs 1939 litt Rembert\u00f3w unter den deutschen Luftangriffen. Diese f\u00fchrten zu einer Massenflucht der j\u00fcdischen Bev\u00f6lkerung in den Osten. Als die Deutschen am 12. September in die Stadt einmarschierten, begann sofort die Verfolgung der Juden und die Pl\u00fcnderung ihres Eigentums. Im folgenden Jahr wurde das Ghetto Rembert\u00f3w eingerichtet, das die deutschen Besatzer mit Stacheldraht umz\u00e4unten. Dort lebten nur etwa 1800 Juden. Viele von ihnen arbeiteten in den nahe gelegenen deutschen Lagerh\u00e4usern und Arbeitslagern auf dem Gel\u00e4nde der ehemaligen Munitionsfabrik \u201ePocisk\u201d und der Fabrik \u201ePoligon\u201d.<\/p>\n<p>Im Jahr 1942 begann die Aufl\u00f6sung des Ghettos und damit die Vernichtung seiner Bewohner. Zwischen dem 19. und 20. August wurden die Juden zun\u00e4chst nach Falenica und Miedzeszyn transportiert, von wo aus die Deutschen sie in das Vernichtungslager Treblinka brachten.<\/p>\n<p>Bevor dies geschah, leistete Jan Ryszard Wieczorkowski \u2014 ein Zwangsarbeiter, der in einem Lagerhaus auf dem Gel\u00e4nde der ehemaligen Fabrik \u201ePocisk\u201d arbeitete \u2014 der j\u00fcdischen Bev\u00f6lkerung wichtige Hilfe. Er lieferte selbstlos Lebensmittel und Schuhe an das Ghetto Rembert\u00f3w. Au\u00dferdem erm\u00f6glichte er den Juden die Flucht. Diese Hilfe war umso leichter, als Wieczorkowski, der in den deutschen Fabriken beim Sortieren von Kriegsmaterial arbeitete, dort auf j\u00fcdische Arbeiter traf.<\/p>\n<p>Gemeinsam mit ihnen organisierte er sogar eine Sabotageaktion in der Fabrik. Sie bestand in der Zerst\u00f6rung von Seidens\u00e4cken, die zur Lagerung von Schie\u00dfpulver verwendet wurden. Leider erkannten die Deutschen, dass in der Fabrik Sabotage betrieben wurde, und verhafteten einige der Arbeiter. Zu ihnen geh\u00f6rte auch Wieczorkowski, der jedoch nach Verb\u00fc\u00dfung seiner Haftstrafe gl\u00fccklich in das Lagerhaus zur\u00fcckkehrte.<\/p>\n<p>Die Verdienste des Polen wurden nach dem Krieg von Bernard Laufgass, einem Juden aus Rembert\u00f3w, best\u00e4tigt. Er erw\u00e4hnte auch, dass Wieczorkowski ihm eine falsche Kennkarte auf den Namen Marian Kowalski besorgt hatte, dank der er als Christ zur Zwangsarbeit im Dritten Reich gehen und die Kriegszeit dort \u00fcberleben konnte.<\/p>\n<p>Leider wurde diese Geschichte bis heute nicht ganz gekl\u00e4rt \u2014 wir wissen nicht, ob Wieczorkowski allein oder als Mitglied des polnischen Untergrundstaates gehandelt hat. Man wei\u00df auch wenig \u00fcber Laufgass, der 1950 gegen\u00fcber polnischen Institutionen eine Erkl\u00e4rung \u00fcber die Hilfe des Polen abgab, denn er ist danach spurlos verschwunden.<\/p>\n","protected":false},"excerpt":{"rendered":"<p>Rembert\u00f3w war eine Stadt, die in der Zwischenkriegszeit von 2000 Juden bewohnt wurde, die 10% der Stadtbev\u00f6lkerung ausmachten. W\u00e4hrend des Zweiten Weltkriegs haben den verfolgten Juden, die auf deutschen Beschluss&hellip;<\/p>\n","protected":false},"author":7,"featured_media":28539,"comment_status":"closed","ping_status":"open","sticky":false,"template":"","format":"standard","meta":{"_mi_skip_tracking":false,"footnotes":""},"categories":[52],"tags":[],"class_list":["post-28543","post","type-post","status-publish","format-standard","has-post-thumbnail","hentry","category-geschichte"],"yoast_head":"<!-- This site is optimized with the Yoast SEO plugin v19.4 - https:\/\/yoast.com\/wordpress\/plugins\/seo\/ -->\n<title>Jan Wieczorkowski half Juden im Ghetto Rembert\u00f3w und in der ehemaligen Munitionsfabrik \u201ePocisk\u201d - W\u00fcrde - DignityNews.eu<\/title>\n<meta name=\"robots\" content=\"index, follow, max-snippet:-1, max-image-preview:large, max-video-preview:-1\" \/>\n<link rel=\"canonical\" href=\"https:\/\/dignitynews.eu\/de\/jan-wieczorkowski-half-juden-im-ghetto-rembertow-und-in-der-ehemaligen-munitionsfabrik-pocisk\/\" \/>\n<meta property=\"og:locale\" content=\"de_DE\" \/>\n<meta property=\"og:type\" content=\"article\" \/>\n<meta property=\"og:title\" content=\"Jan Wieczorkowski half Juden im Ghetto Rembert\u00f3w und in der ehemaligen Munitionsfabrik \u201ePocisk\u201d - W\u00fcrde - DignityNews.eu\" \/>\n<meta property=\"og:description\" content=\"Rembert\u00f3w war eine Stadt, die in der Zwischenkriegszeit von 2000 Juden bewohnt wurde, die 10% der Stadtbev\u00f6lkerung ausmachten. W\u00e4hrend des Zweiten Weltkriegs haben den verfolgten Juden, die auf deutschen Beschluss&hellip;\" \/>\n<meta property=\"og:url\" content=\"https:\/\/dignitynews.eu\/de\/jan-wieczorkowski-half-juden-im-ghetto-rembertow-und-in-der-ehemaligen-munitionsfabrik-pocisk\/\" \/>\n<meta property=\"og:site_name\" content=\"W\u00fcrde - DignityNews.eu\" \/>\n<meta property=\"article:published_time\" content=\"2022-09-09T15:31:08+00:00\" \/>\n<meta property=\"og:image\" content=\"https:\/\/dignitynews.eu\/wp-content\/uploads\/2022\/09\/Ogloszenie_getta_szczatkowe_dystrykt_warszawski_1943-scaled.jpg\" \/>\n\t<meta property=\"og:image:width\" content=\"2560\" \/>\n\t<meta property=\"og:image:height\" content=\"1872\" \/>\n\t<meta property=\"og:image:type\" content=\"image\/jpeg\" \/>\n<meta name=\"author\" content=\"Dignity News\" \/>\n<meta name=\"twitter:card\" content=\"summary_large_image\" \/>\n<meta name=\"twitter:label1\" content=\"Verfasst von\" \/>\n\t<meta name=\"twitter:data1\" content=\"Dignity News\" \/>\n\t<meta name=\"twitter:label2\" content=\"Gesch\u00e4tzte Lesezeit\" \/>\n\t<meta name=\"twitter:data2\" content=\"2\u00a0Minuten\" \/>\n<script type=\"application\/ld+json\" class=\"yoast-schema-graph\">{\"@context\":\"https:\/\/schema.org\",\"@graph\":[{\"@type\":\"WebSite\",\"@id\":\"https:\/\/dignitynews.eu\/pl\/#website\",\"url\":\"https:\/\/dignitynews.eu\/pl\/\",\"name\":\"W\u00fcrde - DignityNews.eu\",\"description\":\"\",\"potentialAction\":[{\"@type\":\"SearchAction\",\"target\":{\"@type\":\"EntryPoint\",\"urlTemplate\":\"https:\/\/dignitynews.eu\/pl\/?s={search_term_string}\"},\"query-input\":\"required name=search_term_string\"}],\"inLanguage\":\"de\"},{\"@type\":\"WebPage\",\"@id\":\"https:\/\/dignitynews.eu\/de\/jan-wieczorkowski-half-juden-im-ghetto-rembertow-und-in-der-ehemaligen-munitionsfabrik-pocisk\/\",\"url\":\"https:\/\/dignitynews.eu\/de\/jan-wieczorkowski-half-juden-im-ghetto-rembertow-und-in-der-ehemaligen-munitionsfabrik-pocisk\/\",\"name\":\"Jan Wieczorkowski half Juden im Ghetto Rembert\u00f3w und in der ehemaligen Munitionsfabrik \u201ePocisk\u201d - W\u00fcrde - DignityNews.eu\",\"isPartOf\":{\"@id\":\"https:\/\/dignitynews.eu\/pl\/#website\"},\"datePublished\":\"2022-09-09T15:31:08+00:00\",\"dateModified\":\"2022-09-09T15:31:08+00:00\",\"author\":{\"@id\":\"https:\/\/dignitynews.eu\/pl\/#\/schema\/person\/0b62b762b8174802fabc81a3ecb1bfcb\"},\"breadcrumb\":{\"@id\":\"https:\/\/dignitynews.eu\/de\/jan-wieczorkowski-half-juden-im-ghetto-rembertow-und-in-der-ehemaligen-munitionsfabrik-pocisk\/#breadcrumb\"},\"inLanguage\":\"de\",\"potentialAction\":[{\"@type\":\"ReadAction\",\"target\":[\"https:\/\/dignitynews.eu\/de\/jan-wieczorkowski-half-juden-im-ghetto-rembertow-und-in-der-ehemaligen-munitionsfabrik-pocisk\/\"]}]},{\"@type\":\"BreadcrumbList\",\"@id\":\"https:\/\/dignitynews.eu\/de\/jan-wieczorkowski-half-juden-im-ghetto-rembertow-und-in-der-ehemaligen-munitionsfabrik-pocisk\/#breadcrumb\",\"itemListElement\":[{\"@type\":\"ListItem\",\"position\":1,\"name\":\"Strona g\u0142\u00f3wna\",\"item\":\"https:\/\/dignitynews.eu\/de\/\"},{\"@type\":\"ListItem\",\"position\":2,\"name\":\"Jan Wieczorkowski half Juden im Ghetto Rembert\u00f3w und in der ehemaligen Munitionsfabrik \u201ePocisk\u201d\"}]},{\"@type\":\"Person\",\"@id\":\"https:\/\/dignitynews.eu\/pl\/#\/schema\/person\/0b62b762b8174802fabc81a3ecb1bfcb\",\"name\":\"Dignity News\",\"image\":{\"@type\":\"ImageObject\",\"inLanguage\":\"de\",\"@id\":\"https:\/\/dignitynews.eu\/pl\/#\/schema\/person\/image\/\",\"url\":\"https:\/\/secure.gravatar.com\/avatar\/97963171a6d9108f8381bbefb1c6b150c445b6ddd9e3077b96c86cf5892c85dc?s=96&d=mm&r=g\",\"contentUrl\":\"https:\/\/secure.gravatar.com\/avatar\/97963171a6d9108f8381bbefb1c6b150c445b6ddd9e3077b96c86cf5892c85dc?s=96&d=mm&r=g\",\"caption\":\"Dignity News\"},\"url\":\"https:\/\/dignitynews.eu\/de\/author\/mikolaj-palade\/\"}]}<\/script>\n<!-- \/ Yoast SEO plugin. -->","yoast_head_json":{"title":"Jan Wieczorkowski half Juden im Ghetto Rembert\u00f3w und in der ehemaligen Munitionsfabrik \u201ePocisk\u201d - W\u00fcrde - DignityNews.eu","robots":{"index":"index","follow":"follow","max-snippet":"max-snippet:-1","max-image-preview":"max-image-preview:large","max-video-preview":"max-video-preview:-1"},"canonical":"https:\/\/dignitynews.eu\/de\/jan-wieczorkowski-half-juden-im-ghetto-rembertow-und-in-der-ehemaligen-munitionsfabrik-pocisk\/","og_locale":"de_DE","og_type":"article","og_title":"Jan Wieczorkowski half Juden im Ghetto Rembert\u00f3w und in der ehemaligen Munitionsfabrik \u201ePocisk\u201d - W\u00fcrde - DignityNews.eu","og_description":"Rembert\u00f3w war eine Stadt, die in der Zwischenkriegszeit von 2000 Juden bewohnt wurde, die 10% der Stadtbev\u00f6lkerung ausmachten. W\u00e4hrend des Zweiten Weltkriegs haben den verfolgten Juden, die auf deutschen Beschluss&hellip;","og_url":"https:\/\/dignitynews.eu\/de\/jan-wieczorkowski-half-juden-im-ghetto-rembertow-und-in-der-ehemaligen-munitionsfabrik-pocisk\/","og_site_name":"W\u00fcrde - DignityNews.eu","article_published_time":"2022-09-09T15:31:08+00:00","og_image":[{"width":2560,"height":1872,"url":"https:\/\/dignitynews.eu\/wp-content\/uploads\/2022\/09\/Ogloszenie_getta_szczatkowe_dystrykt_warszawski_1943-scaled.jpg","type":"image\/jpeg"}],"author":"Dignity News","twitter_card":"summary_large_image","twitter_misc":{"Verfasst von":"Dignity News","Gesch\u00e4tzte Lesezeit":"2\u00a0Minuten"},"schema":{"@context":"https:\/\/schema.org","@graph":[{"@type":"WebSite","@id":"https:\/\/dignitynews.eu\/pl\/#website","url":"https:\/\/dignitynews.eu\/pl\/","name":"W\u00fcrde - DignityNews.eu","description":"","potentialAction":[{"@type":"SearchAction","target":{"@type":"EntryPoint","urlTemplate":"https:\/\/dignitynews.eu\/pl\/?s={search_term_string}"},"query-input":"required name=search_term_string"}],"inLanguage":"de"},{"@type":"WebPage","@id":"https:\/\/dignitynews.eu\/de\/jan-wieczorkowski-half-juden-im-ghetto-rembertow-und-in-der-ehemaligen-munitionsfabrik-pocisk\/","url":"https:\/\/dignitynews.eu\/de\/jan-wieczorkowski-half-juden-im-ghetto-rembertow-und-in-der-ehemaligen-munitionsfabrik-pocisk\/","name":"Jan Wieczorkowski half Juden im Ghetto Rembert\u00f3w und in der ehemaligen Munitionsfabrik \u201ePocisk\u201d - W\u00fcrde - DignityNews.eu","isPartOf":{"@id":"https:\/\/dignitynews.eu\/pl\/#website"},"datePublished":"2022-09-09T15:31:08+00:00","dateModified":"2022-09-09T15:31:08+00:00","author":{"@id":"https:\/\/dignitynews.eu\/pl\/#\/schema\/person\/0b62b762b8174802fabc81a3ecb1bfcb"},"breadcrumb":{"@id":"https:\/\/dignitynews.eu\/de\/jan-wieczorkowski-half-juden-im-ghetto-rembertow-und-in-der-ehemaligen-munitionsfabrik-pocisk\/#breadcrumb"},"inLanguage":"de","potentialAction":[{"@type":"ReadAction","target":["https:\/\/dignitynews.eu\/de\/jan-wieczorkowski-half-juden-im-ghetto-rembertow-und-in-der-ehemaligen-munitionsfabrik-pocisk\/"]}]},{"@type":"BreadcrumbList","@id":"https:\/\/dignitynews.eu\/de\/jan-wieczorkowski-half-juden-im-ghetto-rembertow-und-in-der-ehemaligen-munitionsfabrik-pocisk\/#breadcrumb","itemListElement":[{"@type":"ListItem","position":1,"name":"Strona g\u0142\u00f3wna","item":"https:\/\/dignitynews.eu\/de\/"},{"@type":"ListItem","position":2,"name":"Jan Wieczorkowski half Juden im Ghetto Rembert\u00f3w und in der ehemaligen Munitionsfabrik \u201ePocisk\u201d"}]},{"@type":"Person","@id":"https:\/\/dignitynews.eu\/pl\/#\/schema\/person\/0b62b762b8174802fabc81a3ecb1bfcb","name":"Dignity News","image":{"@type":"ImageObject","inLanguage":"de","@id":"https:\/\/dignitynews.eu\/pl\/#\/schema\/person\/image\/","url":"https:\/\/secure.gravatar.com\/avatar\/97963171a6d9108f8381bbefb1c6b150c445b6ddd9e3077b96c86cf5892c85dc?s=96&d=mm&r=g","contentUrl":"https:\/\/secure.gravatar.com\/avatar\/97963171a6d9108f8381bbefb1c6b150c445b6ddd9e3077b96c86cf5892c85dc?s=96&d=mm&r=g","caption":"Dignity News"},"url":"https:\/\/dignitynews.eu\/de\/author\/mikolaj-palade\/"}]}},"_links":{"self":[{"href":"https:\/\/dignitynews.eu\/de\/wp-json\/wp\/v2\/posts\/28543","targetHints":{"allow":["GET"]}}],"collection":[{"href":"https:\/\/dignitynews.eu\/de\/wp-json\/wp\/v2\/posts"}],"about":[{"href":"https:\/\/dignitynews.eu\/de\/wp-json\/wp\/v2\/types\/post"}],"author":[{"embeddable":true,"href":"https:\/\/dignitynews.eu\/de\/wp-json\/wp\/v2\/users\/7"}],"replies":[{"embeddable":true,"href":"https:\/\/dignitynews.eu\/de\/wp-json\/wp\/v2\/comments?post=28543"}],"version-history":[{"count":1,"href":"https:\/\/dignitynews.eu\/de\/wp-json\/wp\/v2\/posts\/28543\/revisions"}],"predecessor-version":[{"id":28544,"href":"https:\/\/dignitynews.eu\/de\/wp-json\/wp\/v2\/posts\/28543\/revisions\/28544"}],"wp:featuredmedia":[{"embeddable":true,"href":"https:\/\/dignitynews.eu\/de\/wp-json\/wp\/v2\/media\/28539"}],"wp:attachment":[{"href":"https:\/\/dignitynews.eu\/de\/wp-json\/wp\/v2\/media?parent=28543"}],"wp:term":[{"taxonomy":"category","embeddable":true,"href":"https:\/\/dignitynews.eu\/de\/wp-json\/wp\/v2\/categories?post=28543"},{"taxonomy":"post_tag","embeddable":true,"href":"https:\/\/dignitynews.eu\/de\/wp-json\/wp\/v2\/tags?post=28543"}],"curies":[{"name":"wp","href":"https:\/\/api.w.org\/{rel}","templated":true}]}}