{"id":28252,"date":"2022-09-06T12:07:08","date_gmt":"2022-09-06T10:07:08","guid":{"rendered":"https:\/\/dignitynews.eu\/?p=28252"},"modified":"2022-09-06T17:26:45","modified_gmt":"2022-09-06T15:26:45","slug":"wann-begannen-die-deutschen-mit-dem-massenmord-mit-zyklon-b-in-auschwitz-birkenau","status":"publish","type":"post","link":"https:\/\/dignitynews.eu\/de\/wann-begannen-die-deutschen-mit-dem-massenmord-mit-zyklon-b-in-auschwitz-birkenau\/","title":{"rendered":"Wann begannen die Deutschen mit dem Massenmord mit Zyklon B in Auschwitz-Birkenau?"},"content":{"rendered":"<h5><strong>Die ersten Opfer des Massenmords mit Zyklon B im deutschen Konzentrationslager Auschwitz waren sowjetische Kriegsgefangene und Polen. Die Menschen erstickten und ihre inneren Organe bluteten. <\/strong><\/h5>\n<p>Der durch Zyklon B verursachte Tod ist \u00e4u\u00dferst grausam. Die Menschen ersticken, ihnen wird schwindlig und ihre Augen tr\u00e4nen. Die Opfer erbrechen und ihre inneren Organe bluten. Ein solcher Tod unter den Bedingungen von Auschwitz-Birkenau dauerte in der Regel zwischen 20 und 30 Minuten. Allerdings nicht immer.<\/p>\n<p><strong>Sie wurden zweimal ermordet<\/strong><\/p>\n<p>Der erste Massenmord mit Zyklon B im deutschen Konzentrationslager Auschwitz fand wahrscheinlich am 3. September 1941 statt. Im Monat zuvor hatten die Deutschen versucht, in diesem Lager zun\u00e4chst etwa 30 und dann 100 Menschen auf diese Weise zu t\u00f6ten.<\/p>\n<p>Nach Beendigung des Abendappells trommelten die Lagerwachen etwa 600 Kriegsgefangene aus der Sowjetunion, 250 Polen, die bis dahin im Lagerkrankenhaus lagen, und 10 Strafgefangene zusammen. Sie sperrten sie in 28 unterirdische Zellen. Die Deutschen bedeckten die Kellerfenster mit Erde und lie\u00dfen Gas einstr\u00f6men.<\/p>\n<p>Am Morgen kam der SS-Mann Gerhard Palitzsch herein und stellte fest, dass einige der H\u00e4ftlinge noch lebten, so dass die m\u00f6rderische Prozedur wiederholt wurde. Sie haben etwa 850 Menschen ermordet.<\/p>\n<p>\u201eWas ich beim Betreten der Kellerr\u00e4ume sah, werde ich nie vergessen. Die Leichen von Gefangenen und sowjetischen Kriegsgefangenen lagen durcheinander. Ihre Augen und M\u00fcnder waren weit aufgerissen\u201d, erz\u00e4hlte Jakub Wolny, ein Pfleger aus dem Lagerkrankenhaus, in seinem Bericht. Er geh\u00f6rte zu den Leuten, die von den Deutschen beauftragt wurden, in die Mordst\u00e4tte zu gehen und die Leichen wegzubringen.<\/p>\n<p><strong>Entwicklung der verbrecherischen Praxis<\/strong><\/p>\n<p>Im Laufe der Zeit begannen die Deutschen, andere, abgelegenere Orte in Gaskammern umzuwandeln. Im Jahr 1942 begannen sie mit dem Bau von 4 Krematorien und Gaskammern in einem Teil des Lagerkomplexes Birkenau. F\u00fcr die Juden aus Polen und anderen europ\u00e4ischen L\u00e4ndern wurden sie zu Orten des grausamen Todes.<\/p>\n","protected":false},"excerpt":{"rendered":"<p>Die ersten Opfer des Massenmords mit Zyklon B im deutschen Konzentrationslager Auschwitz waren sowjetische Kriegsgefangene und Polen. Die Menschen erstickten und ihre inneren Organe bluteten. Der durch Zyklon B verursachte&hellip;<\/p>\n","protected":false},"author":7,"featured_media":28236,"comment_status":"closed","ping_status":"open","sticky":false,"template":"","format":"standard","meta":{"_mi_skip_tracking":false,"footnotes":""},"categories":[52],"tags":[],"class_list":["post-28252","post","type-post","status-publish","format-standard","has-post-thumbnail","hentry","category-geschichte"],"yoast_head":"<!-- This site is optimized with the Yoast SEO plugin v19.4 - https:\/\/yoast.com\/wordpress\/plugins\/seo\/ -->\n<title>Wann begannen die Deutschen mit dem Massenmord mit Zyklon B in Auschwitz-Birkenau? - W\u00fcrde - DignityNews.eu<\/title>\n<meta name=\"robots\" content=\"index, follow, max-snippet:-1, max-image-preview:large, max-video-preview:-1\" \/>\n<link rel=\"canonical\" href=\"https:\/\/dignitynews.eu\/de\/wann-begannen-die-deutschen-mit-dem-massenmord-mit-zyklon-b-in-auschwitz-birkenau\/\" \/>\n<meta property=\"og:locale\" content=\"de_DE\" \/>\n<meta property=\"og:type\" content=\"article\" \/>\n<meta property=\"og:title\" content=\"Wann begannen die Deutschen mit dem Massenmord mit Zyklon B in Auschwitz-Birkenau? - W\u00fcrde - DignityNews.eu\" \/>\n<meta property=\"og:description\" content=\"Die ersten Opfer des Massenmords mit Zyklon B im deutschen Konzentrationslager Auschwitz waren sowjetische Kriegsgefangene und Polen. Die Menschen erstickten und ihre inneren Organe bluteten. Der durch Zyklon B verursachte&hellip;\" \/>\n<meta property=\"og:url\" content=\"https:\/\/dignitynews.eu\/de\/wann-begannen-die-deutschen-mit-dem-massenmord-mit-zyklon-b-in-auschwitz-birkenau\/\" \/>\n<meta property=\"og:site_name\" content=\"W\u00fcrde - DignityNews.eu\" \/>\n<meta property=\"article:published_time\" content=\"2022-09-06T10:07:08+00:00\" \/>\n<meta property=\"article:modified_time\" content=\"2022-09-06T15:26:45+00:00\" \/>\n<meta property=\"og:image\" content=\"https:\/\/dignitynews.eu\/wp-content\/uploads\/2022\/09\/Cyklon-B.jpeg\" \/>\n\t<meta property=\"og:image:width\" content=\"1024\" \/>\n\t<meta property=\"og:image:height\" content=\"768\" \/>\n\t<meta property=\"og:image:type\" content=\"image\/jpeg\" \/>\n<meta name=\"author\" content=\"Dignity News\" \/>\n<meta name=\"twitter:card\" content=\"summary_large_image\" \/>\n<meta name=\"twitter:label1\" content=\"Verfasst von\" \/>\n\t<meta name=\"twitter:data1\" content=\"Dignity News\" \/>\n\t<meta name=\"twitter:label2\" content=\"Gesch\u00e4tzte Lesezeit\" \/>\n\t<meta name=\"twitter:data2\" content=\"2\u00a0Minuten\" \/>\n<script type=\"application\/ld+json\" class=\"yoast-schema-graph\">{\"@context\":\"https:\/\/schema.org\",\"@graph\":[{\"@type\":\"WebSite\",\"@id\":\"https:\/\/dignitynews.eu\/pl\/#website\",\"url\":\"https:\/\/dignitynews.eu\/pl\/\",\"name\":\"W\u00fcrde - DignityNews.eu\",\"description\":\"\",\"potentialAction\":[{\"@type\":\"SearchAction\",\"target\":{\"@type\":\"EntryPoint\",\"urlTemplate\":\"https:\/\/dignitynews.eu\/pl\/?s={search_term_string}\"},\"query-input\":\"required name=search_term_string\"}],\"inLanguage\":\"de\"},{\"@type\":\"WebPage\",\"@id\":\"https:\/\/dignitynews.eu\/de\/wann-begannen-die-deutschen-mit-dem-massenmord-mit-zyklon-b-in-auschwitz-birkenau\/\",\"url\":\"https:\/\/dignitynews.eu\/de\/wann-begannen-die-deutschen-mit-dem-massenmord-mit-zyklon-b-in-auschwitz-birkenau\/\",\"name\":\"Wann begannen die Deutschen mit dem Massenmord mit Zyklon B in Auschwitz-Birkenau? - W\u00fcrde - DignityNews.eu\",\"isPartOf\":{\"@id\":\"https:\/\/dignitynews.eu\/pl\/#website\"},\"datePublished\":\"2022-09-06T10:07:08+00:00\",\"dateModified\":\"2022-09-06T15:26:45+00:00\",\"author\":{\"@id\":\"https:\/\/dignitynews.eu\/pl\/#\/schema\/person\/0b62b762b8174802fabc81a3ecb1bfcb\"},\"breadcrumb\":{\"@id\":\"https:\/\/dignitynews.eu\/de\/wann-begannen-die-deutschen-mit-dem-massenmord-mit-zyklon-b-in-auschwitz-birkenau\/#breadcrumb\"},\"inLanguage\":\"de\",\"potentialAction\":[{\"@type\":\"ReadAction\",\"target\":[\"https:\/\/dignitynews.eu\/de\/wann-begannen-die-deutschen-mit-dem-massenmord-mit-zyklon-b-in-auschwitz-birkenau\/\"]}]},{\"@type\":\"BreadcrumbList\",\"@id\":\"https:\/\/dignitynews.eu\/de\/wann-begannen-die-deutschen-mit-dem-massenmord-mit-zyklon-b-in-auschwitz-birkenau\/#breadcrumb\",\"itemListElement\":[{\"@type\":\"ListItem\",\"position\":1,\"name\":\"Strona g\u0142\u00f3wna\",\"item\":\"https:\/\/dignitynews.eu\/de\/\"},{\"@type\":\"ListItem\",\"position\":2,\"name\":\"Wann begannen die Deutschen mit dem Massenmord mit Zyklon B in Auschwitz-Birkenau?\"}]},{\"@type\":\"Person\",\"@id\":\"https:\/\/dignitynews.eu\/pl\/#\/schema\/person\/0b62b762b8174802fabc81a3ecb1bfcb\",\"name\":\"Dignity News\",\"image\":{\"@type\":\"ImageObject\",\"inLanguage\":\"de\",\"@id\":\"https:\/\/dignitynews.eu\/pl\/#\/schema\/person\/image\/\",\"url\":\"https:\/\/secure.gravatar.com\/avatar\/97963171a6d9108f8381bbefb1c6b150c445b6ddd9e3077b96c86cf5892c85dc?s=96&d=mm&r=g\",\"contentUrl\":\"https:\/\/secure.gravatar.com\/avatar\/97963171a6d9108f8381bbefb1c6b150c445b6ddd9e3077b96c86cf5892c85dc?s=96&d=mm&r=g\",\"caption\":\"Dignity News\"},\"url\":\"https:\/\/dignitynews.eu\/de\/author\/mikolaj-palade\/\"}]}<\/script>\n<!-- \/ Yoast SEO plugin. -->","yoast_head_json":{"title":"Wann begannen die Deutschen mit dem Massenmord mit Zyklon B in Auschwitz-Birkenau? - W\u00fcrde - DignityNews.eu","robots":{"index":"index","follow":"follow","max-snippet":"max-snippet:-1","max-image-preview":"max-image-preview:large","max-video-preview":"max-video-preview:-1"},"canonical":"https:\/\/dignitynews.eu\/de\/wann-begannen-die-deutschen-mit-dem-massenmord-mit-zyklon-b-in-auschwitz-birkenau\/","og_locale":"de_DE","og_type":"article","og_title":"Wann begannen die Deutschen mit dem Massenmord mit Zyklon B in Auschwitz-Birkenau? - W\u00fcrde - DignityNews.eu","og_description":"Die ersten Opfer des Massenmords mit Zyklon B im deutschen Konzentrationslager Auschwitz waren sowjetische Kriegsgefangene und Polen. Die Menschen erstickten und ihre inneren Organe bluteten. Der durch Zyklon B verursachte&hellip;","og_url":"https:\/\/dignitynews.eu\/de\/wann-begannen-die-deutschen-mit-dem-massenmord-mit-zyklon-b-in-auschwitz-birkenau\/","og_site_name":"W\u00fcrde - DignityNews.eu","article_published_time":"2022-09-06T10:07:08+00:00","article_modified_time":"2022-09-06T15:26:45+00:00","og_image":[{"width":1024,"height":768,"url":"https:\/\/dignitynews.eu\/wp-content\/uploads\/2022\/09\/Cyklon-B.jpeg","type":"image\/jpeg"}],"author":"Dignity News","twitter_card":"summary_large_image","twitter_misc":{"Verfasst von":"Dignity News","Gesch\u00e4tzte Lesezeit":"2\u00a0Minuten"},"schema":{"@context":"https:\/\/schema.org","@graph":[{"@type":"WebSite","@id":"https:\/\/dignitynews.eu\/pl\/#website","url":"https:\/\/dignitynews.eu\/pl\/","name":"W\u00fcrde - DignityNews.eu","description":"","potentialAction":[{"@type":"SearchAction","target":{"@type":"EntryPoint","urlTemplate":"https:\/\/dignitynews.eu\/pl\/?s={search_term_string}"},"query-input":"required name=search_term_string"}],"inLanguage":"de"},{"@type":"WebPage","@id":"https:\/\/dignitynews.eu\/de\/wann-begannen-die-deutschen-mit-dem-massenmord-mit-zyklon-b-in-auschwitz-birkenau\/","url":"https:\/\/dignitynews.eu\/de\/wann-begannen-die-deutschen-mit-dem-massenmord-mit-zyklon-b-in-auschwitz-birkenau\/","name":"Wann begannen die Deutschen mit dem Massenmord mit Zyklon B in Auschwitz-Birkenau? - W\u00fcrde - DignityNews.eu","isPartOf":{"@id":"https:\/\/dignitynews.eu\/pl\/#website"},"datePublished":"2022-09-06T10:07:08+00:00","dateModified":"2022-09-06T15:26:45+00:00","author":{"@id":"https:\/\/dignitynews.eu\/pl\/#\/schema\/person\/0b62b762b8174802fabc81a3ecb1bfcb"},"breadcrumb":{"@id":"https:\/\/dignitynews.eu\/de\/wann-begannen-die-deutschen-mit-dem-massenmord-mit-zyklon-b-in-auschwitz-birkenau\/#breadcrumb"},"inLanguage":"de","potentialAction":[{"@type":"ReadAction","target":["https:\/\/dignitynews.eu\/de\/wann-begannen-die-deutschen-mit-dem-massenmord-mit-zyklon-b-in-auschwitz-birkenau\/"]}]},{"@type":"BreadcrumbList","@id":"https:\/\/dignitynews.eu\/de\/wann-begannen-die-deutschen-mit-dem-massenmord-mit-zyklon-b-in-auschwitz-birkenau\/#breadcrumb","itemListElement":[{"@type":"ListItem","position":1,"name":"Strona g\u0142\u00f3wna","item":"https:\/\/dignitynews.eu\/de\/"},{"@type":"ListItem","position":2,"name":"Wann begannen die Deutschen mit dem Massenmord mit Zyklon B in Auschwitz-Birkenau?"}]},{"@type":"Person","@id":"https:\/\/dignitynews.eu\/pl\/#\/schema\/person\/0b62b762b8174802fabc81a3ecb1bfcb","name":"Dignity News","image":{"@type":"ImageObject","inLanguage":"de","@id":"https:\/\/dignitynews.eu\/pl\/#\/schema\/person\/image\/","url":"https:\/\/secure.gravatar.com\/avatar\/97963171a6d9108f8381bbefb1c6b150c445b6ddd9e3077b96c86cf5892c85dc?s=96&d=mm&r=g","contentUrl":"https:\/\/secure.gravatar.com\/avatar\/97963171a6d9108f8381bbefb1c6b150c445b6ddd9e3077b96c86cf5892c85dc?s=96&d=mm&r=g","caption":"Dignity News"},"url":"https:\/\/dignitynews.eu\/de\/author\/mikolaj-palade\/"}]}},"_links":{"self":[{"href":"https:\/\/dignitynews.eu\/de\/wp-json\/wp\/v2\/posts\/28252","targetHints":{"allow":["GET"]}}],"collection":[{"href":"https:\/\/dignitynews.eu\/de\/wp-json\/wp\/v2\/posts"}],"about":[{"href":"https:\/\/dignitynews.eu\/de\/wp-json\/wp\/v2\/types\/post"}],"author":[{"embeddable":true,"href":"https:\/\/dignitynews.eu\/de\/wp-json\/wp\/v2\/users\/7"}],"replies":[{"embeddable":true,"href":"https:\/\/dignitynews.eu\/de\/wp-json\/wp\/v2\/comments?post=28252"}],"version-history":[{"count":1,"href":"https:\/\/dignitynews.eu\/de\/wp-json\/wp\/v2\/posts\/28252\/revisions"}],"predecessor-version":[{"id":28253,"href":"https:\/\/dignitynews.eu\/de\/wp-json\/wp\/v2\/posts\/28252\/revisions\/28253"}],"wp:featuredmedia":[{"embeddable":true,"href":"https:\/\/dignitynews.eu\/de\/wp-json\/wp\/v2\/media\/28236"}],"wp:attachment":[{"href":"https:\/\/dignitynews.eu\/de\/wp-json\/wp\/v2\/media?parent=28252"}],"wp:term":[{"taxonomy":"category","embeddable":true,"href":"https:\/\/dignitynews.eu\/de\/wp-json\/wp\/v2\/categories?post=28252"},{"taxonomy":"post_tag","embeddable":true,"href":"https:\/\/dignitynews.eu\/de\/wp-json\/wp\/v2\/tags?post=28252"}],"curies":[{"name":"wp","href":"https:\/\/api.w.org\/{rel}","templated":true}]}}