{"id":28188,"date":"2022-09-05T12:24:24","date_gmt":"2022-09-05T10:24:24","guid":{"rendered":"https:\/\/dignitynews.eu\/?p=28188"},"modified":"2022-09-06T09:10:52","modified_gmt":"2022-09-06T07:10:52","slug":"gespraech-von-premierminister-mateusz-morawiecki-mit-us-vizepraesidentin-kamala-harris","status":"publish","type":"post","link":"https:\/\/dignitynews.eu\/de\/gespraech-von-premierminister-mateusz-morawiecki-mit-us-vizepraesidentin-kamala-harris\/","title":{"rendered":"Gespr\u00e4ch von Premierminister Mateusz Morawiecki mit US-Vizepr\u00e4sidentin Kamala Harris"},"content":{"rendered":"<h5><strong>Auf Anfrage der amerikanischen Seite hat Ministerpr\u00e4sident Mateusz Morawiecki mit der amerikanischen Vizepr\u00e4sidentin Kamala Harris telefoniert. Hauptgespr\u00e4chsthema waren die Probleme im globalen Energiesektor, die sich direkt auf die Wirtschaft vieler L\u00e4nder auswirken.<\/strong><\/h5>\n<p>Es wird notwendig, nach neuen Energiequellen zu suchen und in L\u00e4ndern wie Polen unter anderem die Kernenergie zu entwickeln. Premierminister Morawiecki betonte, dass die Regierung die diesbez\u00fcglichen M\u00f6glichkeiten sowohl im Hinblick auf den Bau eines gro\u00dfen Kernkraftwerks als auch auf die Entwicklung so genannter kleiner modularer Reaktoren eingehend pr\u00fcfe. Die US-Vizepr\u00e4sidentin erkl\u00e4rte sich bereit, die Erfahrungen der USA in diesem Bereich weiterzugeben.<\/p>\n<p>Premierminister Morawiecki und Vizepr\u00e4sidentin Harris seien sich einig gewesen, dass die letzten Monate eine Zeit der weiteren St\u00e4rkung der polnisch-amerikanischen strategischen Partnerschaft gewesen seien. Dies zeige sich in der Entscheidung von Pr\u00e4sident Joe Biden, eine st\u00e4ndige Milit\u00e4rpr\u00e4senz in Polen einzurichten, berichtet die Kanzlei des Ministerpr\u00e4sidenten.<\/p>\n<p>Das Wei\u00dfe Haus gab am Sonntag nach einem Telefongespr\u00e4ch zwischen Vizepr\u00e4sidentin Harris und Premierminister Morawiecki eine Erkl\u00e4rung ab. Darin w\u00fcrdigte die Vizepr\u00e4sidentin die gro\u00dfz\u00fcgige Hilfe Polens f\u00fcr ukrainische Fl\u00fcchtlinge und betonte die engen Beziehungen der USA zu Polen.<\/p>\n<p>Die Vizepr\u00e4sidentin habe auch M\u00f6glichkeiten zur St\u00e4rkung der bilateralen Zusammenarbeit im Bereich der Erzeugung von Kernenergie in Polen f\u00fcr zivile Zwecke er\u00f6rtert, die die Energiesicherheit Europas verbessern, globale Klimaschutzl\u00f6sungen unterst\u00fctzen und Tausende von Arbeitspl\u00e4tzen im Bereich der sauberen Energie sowohl in Polen als auch in den Vereinigten Staaten schaffen w\u00fcrde, berichtet das Wei\u00dfe Haus.<\/p>\n<p>Laut dem polnischen Kernenergieprogramm plant Polen den Bau moderner, aber erprobter gro\u00dfer Druckwasserreaktoren (DWR). Die polnische Energiepolitik bis 2040 geht davon aus, dass der erste Block eines polnischen Kernkraftwerks mit einer Kapazit\u00e4t von etwa 1-1,6 GW im Jahr 2033 in Betrieb genommen wird. Nachfolgende Bl\u00f6cke werden alle zwei bis drei Jahre eingef\u00fchrt. Das gesamte Nuklearprogramm sieht den Bau von sechs Bl\u00f6cken mit einer Kapazit\u00e4t von bis zu 9 GW vor.<\/p>\n<p>Arkadiusz S\u0142omczy\u0144ski<\/p>\n","protected":false},"excerpt":{"rendered":"<p>Auf Anfrage der amerikanischen Seite hat Ministerpr\u00e4sident Mateusz Morawiecki mit der amerikanischen Vizepr\u00e4sidentin Kamala Harris telefoniert. Hauptgespr\u00e4chsthema waren die Probleme im globalen Energiesektor, die sich direkt auf die Wirtschaft vieler&hellip;<\/p>\n","protected":false},"author":7,"featured_media":28123,"comment_status":"closed","ping_status":"open","sticky":false,"template":"","format":"standard","meta":{"_mi_skip_tracking":false,"footnotes":""},"categories":[53],"tags":[],"class_list":["post-28188","post","type-post","status-publish","format-standard","has-post-thumbnail","hentry","category-nachrichten"],"yoast_head":"<!-- This site is optimized with the Yoast SEO plugin v19.4 - https:\/\/yoast.com\/wordpress\/plugins\/seo\/ -->\n<title>Gespr\u00e4ch von Premierminister Mateusz Morawiecki mit US-Vizepr\u00e4sidentin Kamala Harris - W\u00fcrde - DignityNews.eu<\/title>\n<meta name=\"robots\" content=\"index, follow, max-snippet:-1, max-image-preview:large, max-video-preview:-1\" \/>\n<link rel=\"canonical\" href=\"https:\/\/dignitynews.eu\/de\/gespraech-von-premierminister-mateusz-morawiecki-mit-us-vizepraesidentin-kamala-harris\/\" \/>\n<meta property=\"og:locale\" content=\"de_DE\" \/>\n<meta property=\"og:type\" content=\"article\" \/>\n<meta property=\"og:title\" content=\"Gespr\u00e4ch von Premierminister Mateusz Morawiecki mit US-Vizepr\u00e4sidentin Kamala Harris - W\u00fcrde - DignityNews.eu\" \/>\n<meta property=\"og:description\" content=\"Auf Anfrage der amerikanischen Seite hat Ministerpr\u00e4sident Mateusz Morawiecki mit der amerikanischen Vizepr\u00e4sidentin Kamala Harris telefoniert. Hauptgespr\u00e4chsthema waren die Probleme im globalen Energiesektor, die sich direkt auf die Wirtschaft vieler&hellip;\" \/>\n<meta property=\"og:url\" content=\"https:\/\/dignitynews.eu\/de\/gespraech-von-premierminister-mateusz-morawiecki-mit-us-vizepraesidentin-kamala-harris\/\" \/>\n<meta property=\"og:site_name\" content=\"W\u00fcrde - DignityNews.eu\" \/>\n<meta property=\"article:published_time\" content=\"2022-09-05T10:24:24+00:00\" \/>\n<meta property=\"article:modified_time\" content=\"2022-09-06T07:10:52+00:00\" \/>\n<meta property=\"og:image\" content=\"https:\/\/dignitynews.eu\/wp-content\/uploads\/2022\/09\/premier-rozmowa-z-wceprezydent-USA-fot.-Kancelaria-Prezesa-Rady-Ministrow.jpg\" \/>\n\t<meta property=\"og:image:width\" content=\"1408\" \/>\n\t<meta property=\"og:image:height\" content=\"594\" \/>\n\t<meta property=\"og:image:type\" content=\"image\/jpeg\" \/>\n<meta name=\"author\" content=\"Dignity News\" \/>\n<meta name=\"twitter:card\" content=\"summary_large_image\" \/>\n<meta name=\"twitter:label1\" content=\"Verfasst von\" \/>\n\t<meta name=\"twitter:data1\" content=\"Dignity News\" \/>\n\t<meta name=\"twitter:label2\" content=\"Gesch\u00e4tzte Lesezeit\" \/>\n\t<meta name=\"twitter:data2\" content=\"2\u00a0Minuten\" \/>\n<script type=\"application\/ld+json\" class=\"yoast-schema-graph\">{\"@context\":\"https:\/\/schema.org\",\"@graph\":[{\"@type\":\"WebSite\",\"@id\":\"https:\/\/dignitynews.eu\/pl\/#website\",\"url\":\"https:\/\/dignitynews.eu\/pl\/\",\"name\":\"W\u00fcrde - DignityNews.eu\",\"description\":\"\",\"potentialAction\":[{\"@type\":\"SearchAction\",\"target\":{\"@type\":\"EntryPoint\",\"urlTemplate\":\"https:\/\/dignitynews.eu\/pl\/?s={search_term_string}\"},\"query-input\":\"required name=search_term_string\"}],\"inLanguage\":\"de\"},{\"@type\":\"WebPage\",\"@id\":\"https:\/\/dignitynews.eu\/de\/gespraech-von-premierminister-mateusz-morawiecki-mit-us-vizepraesidentin-kamala-harris\/\",\"url\":\"https:\/\/dignitynews.eu\/de\/gespraech-von-premierminister-mateusz-morawiecki-mit-us-vizepraesidentin-kamala-harris\/\",\"name\":\"Gespr\u00e4ch von Premierminister Mateusz Morawiecki mit US-Vizepr\u00e4sidentin Kamala Harris - W\u00fcrde - DignityNews.eu\",\"isPartOf\":{\"@id\":\"https:\/\/dignitynews.eu\/pl\/#website\"},\"datePublished\":\"2022-09-05T10:24:24+00:00\",\"dateModified\":\"2022-09-06T07:10:52+00:00\",\"author\":{\"@id\":\"https:\/\/dignitynews.eu\/pl\/#\/schema\/person\/0b62b762b8174802fabc81a3ecb1bfcb\"},\"breadcrumb\":{\"@id\":\"https:\/\/dignitynews.eu\/de\/gespraech-von-premierminister-mateusz-morawiecki-mit-us-vizepraesidentin-kamala-harris\/#breadcrumb\"},\"inLanguage\":\"de\",\"potentialAction\":[{\"@type\":\"ReadAction\",\"target\":[\"https:\/\/dignitynews.eu\/de\/gespraech-von-premierminister-mateusz-morawiecki-mit-us-vizepraesidentin-kamala-harris\/\"]}]},{\"@type\":\"BreadcrumbList\",\"@id\":\"https:\/\/dignitynews.eu\/de\/gespraech-von-premierminister-mateusz-morawiecki-mit-us-vizepraesidentin-kamala-harris\/#breadcrumb\",\"itemListElement\":[{\"@type\":\"ListItem\",\"position\":1,\"name\":\"Strona g\u0142\u00f3wna\",\"item\":\"https:\/\/dignitynews.eu\/de\/\"},{\"@type\":\"ListItem\",\"position\":2,\"name\":\"Gespr\u00e4ch von Premierminister Mateusz Morawiecki mit US-Vizepr\u00e4sidentin Kamala Harris\"}]},{\"@type\":\"Person\",\"@id\":\"https:\/\/dignitynews.eu\/pl\/#\/schema\/person\/0b62b762b8174802fabc81a3ecb1bfcb\",\"name\":\"Dignity News\",\"image\":{\"@type\":\"ImageObject\",\"inLanguage\":\"de\",\"@id\":\"https:\/\/dignitynews.eu\/pl\/#\/schema\/person\/image\/\",\"url\":\"https:\/\/secure.gravatar.com\/avatar\/97963171a6d9108f8381bbefb1c6b150c445b6ddd9e3077b96c86cf5892c85dc?s=96&d=mm&r=g\",\"contentUrl\":\"https:\/\/secure.gravatar.com\/avatar\/97963171a6d9108f8381bbefb1c6b150c445b6ddd9e3077b96c86cf5892c85dc?s=96&d=mm&r=g\",\"caption\":\"Dignity News\"},\"url\":\"https:\/\/dignitynews.eu\/de\/author\/mikolaj-palade\/\"}]}<\/script>\n<!-- \/ Yoast SEO plugin. -->","yoast_head_json":{"title":"Gespr\u00e4ch von Premierminister Mateusz Morawiecki mit US-Vizepr\u00e4sidentin Kamala Harris - W\u00fcrde - DignityNews.eu","robots":{"index":"index","follow":"follow","max-snippet":"max-snippet:-1","max-image-preview":"max-image-preview:large","max-video-preview":"max-video-preview:-1"},"canonical":"https:\/\/dignitynews.eu\/de\/gespraech-von-premierminister-mateusz-morawiecki-mit-us-vizepraesidentin-kamala-harris\/","og_locale":"de_DE","og_type":"article","og_title":"Gespr\u00e4ch von Premierminister Mateusz Morawiecki mit US-Vizepr\u00e4sidentin Kamala Harris - W\u00fcrde - DignityNews.eu","og_description":"Auf Anfrage der amerikanischen Seite hat Ministerpr\u00e4sident Mateusz Morawiecki mit der amerikanischen Vizepr\u00e4sidentin Kamala Harris telefoniert. Hauptgespr\u00e4chsthema waren die Probleme im globalen Energiesektor, die sich direkt auf die Wirtschaft vieler&hellip;","og_url":"https:\/\/dignitynews.eu\/de\/gespraech-von-premierminister-mateusz-morawiecki-mit-us-vizepraesidentin-kamala-harris\/","og_site_name":"W\u00fcrde - DignityNews.eu","article_published_time":"2022-09-05T10:24:24+00:00","article_modified_time":"2022-09-06T07:10:52+00:00","og_image":[{"width":1408,"height":594,"url":"https:\/\/dignitynews.eu\/wp-content\/uploads\/2022\/09\/premier-rozmowa-z-wceprezydent-USA-fot.-Kancelaria-Prezesa-Rady-Ministrow.jpg","type":"image\/jpeg"}],"author":"Dignity News","twitter_card":"summary_large_image","twitter_misc":{"Verfasst von":"Dignity News","Gesch\u00e4tzte Lesezeit":"2\u00a0Minuten"},"schema":{"@context":"https:\/\/schema.org","@graph":[{"@type":"WebSite","@id":"https:\/\/dignitynews.eu\/pl\/#website","url":"https:\/\/dignitynews.eu\/pl\/","name":"W\u00fcrde - DignityNews.eu","description":"","potentialAction":[{"@type":"SearchAction","target":{"@type":"EntryPoint","urlTemplate":"https:\/\/dignitynews.eu\/pl\/?s={search_term_string}"},"query-input":"required name=search_term_string"}],"inLanguage":"de"},{"@type":"WebPage","@id":"https:\/\/dignitynews.eu\/de\/gespraech-von-premierminister-mateusz-morawiecki-mit-us-vizepraesidentin-kamala-harris\/","url":"https:\/\/dignitynews.eu\/de\/gespraech-von-premierminister-mateusz-morawiecki-mit-us-vizepraesidentin-kamala-harris\/","name":"Gespr\u00e4ch von Premierminister Mateusz Morawiecki mit US-Vizepr\u00e4sidentin Kamala Harris - W\u00fcrde - DignityNews.eu","isPartOf":{"@id":"https:\/\/dignitynews.eu\/pl\/#website"},"datePublished":"2022-09-05T10:24:24+00:00","dateModified":"2022-09-06T07:10:52+00:00","author":{"@id":"https:\/\/dignitynews.eu\/pl\/#\/schema\/person\/0b62b762b8174802fabc81a3ecb1bfcb"},"breadcrumb":{"@id":"https:\/\/dignitynews.eu\/de\/gespraech-von-premierminister-mateusz-morawiecki-mit-us-vizepraesidentin-kamala-harris\/#breadcrumb"},"inLanguage":"de","potentialAction":[{"@type":"ReadAction","target":["https:\/\/dignitynews.eu\/de\/gespraech-von-premierminister-mateusz-morawiecki-mit-us-vizepraesidentin-kamala-harris\/"]}]},{"@type":"BreadcrumbList","@id":"https:\/\/dignitynews.eu\/de\/gespraech-von-premierminister-mateusz-morawiecki-mit-us-vizepraesidentin-kamala-harris\/#breadcrumb","itemListElement":[{"@type":"ListItem","position":1,"name":"Strona g\u0142\u00f3wna","item":"https:\/\/dignitynews.eu\/de\/"},{"@type":"ListItem","position":2,"name":"Gespr\u00e4ch von Premierminister Mateusz Morawiecki mit US-Vizepr\u00e4sidentin Kamala Harris"}]},{"@type":"Person","@id":"https:\/\/dignitynews.eu\/pl\/#\/schema\/person\/0b62b762b8174802fabc81a3ecb1bfcb","name":"Dignity News","image":{"@type":"ImageObject","inLanguage":"de","@id":"https:\/\/dignitynews.eu\/pl\/#\/schema\/person\/image\/","url":"https:\/\/secure.gravatar.com\/avatar\/97963171a6d9108f8381bbefb1c6b150c445b6ddd9e3077b96c86cf5892c85dc?s=96&d=mm&r=g","contentUrl":"https:\/\/secure.gravatar.com\/avatar\/97963171a6d9108f8381bbefb1c6b150c445b6ddd9e3077b96c86cf5892c85dc?s=96&d=mm&r=g","caption":"Dignity News"},"url":"https:\/\/dignitynews.eu\/de\/author\/mikolaj-palade\/"}]}},"_links":{"self":[{"href":"https:\/\/dignitynews.eu\/de\/wp-json\/wp\/v2\/posts\/28188","targetHints":{"allow":["GET"]}}],"collection":[{"href":"https:\/\/dignitynews.eu\/de\/wp-json\/wp\/v2\/posts"}],"about":[{"href":"https:\/\/dignitynews.eu\/de\/wp-json\/wp\/v2\/types\/post"}],"author":[{"embeddable":true,"href":"https:\/\/dignitynews.eu\/de\/wp-json\/wp\/v2\/users\/7"}],"replies":[{"embeddable":true,"href":"https:\/\/dignitynews.eu\/de\/wp-json\/wp\/v2\/comments?post=28188"}],"version-history":[{"count":1,"href":"https:\/\/dignitynews.eu\/de\/wp-json\/wp\/v2\/posts\/28188\/revisions"}],"predecessor-version":[{"id":28189,"href":"https:\/\/dignitynews.eu\/de\/wp-json\/wp\/v2\/posts\/28188\/revisions\/28189"}],"wp:featuredmedia":[{"embeddable":true,"href":"https:\/\/dignitynews.eu\/de\/wp-json\/wp\/v2\/media\/28123"}],"wp:attachment":[{"href":"https:\/\/dignitynews.eu\/de\/wp-json\/wp\/v2\/media?parent=28188"}],"wp:term":[{"taxonomy":"category","embeddable":true,"href":"https:\/\/dignitynews.eu\/de\/wp-json\/wp\/v2\/categories?post=28188"},{"taxonomy":"post_tag","embeddable":true,"href":"https:\/\/dignitynews.eu\/de\/wp-json\/wp\/v2\/tags?post=28188"}],"curies":[{"name":"wp","href":"https:\/\/api.w.org\/{rel}","templated":true}]}}