{"id":26201,"date":"2022-08-10T11:58:28","date_gmt":"2022-08-10T09:58:28","guid":{"rendered":"https:\/\/dignitynews.eu\/?p=26201"},"modified":"2022-08-10T17:08:01","modified_gmt":"2022-08-10T15:08:01","slug":"einzigartiges-postgraduales-studium-wurzeln-des-totalitarismus-im-20-jahrhundert-auschwitz-holocaust-voelkermorde","status":"publish","type":"post","link":"https:\/\/dignitynews.eu\/de\/einzigartiges-postgraduales-studium-wurzeln-des-totalitarismus-im-20-jahrhundert-auschwitz-holocaust-voelkermorde\/","title":{"rendered":"Einzigartiges postgraduales Studium \u2014 \u201eWurzeln des Totalitarismus im 20. Jahrhundert: Auschwitz \u2014 Holocaust \u2014 V\u00f6lkermorde\u201d"},"content":{"rendered":"<h5><strong>Die SWPS Universit\u00e4t Warschau und das Internationale Zentrum f\u00fcr Bildung \u00fcber Auschwitz und den Holocaust im Auschwitz-Museum er<\/strong><strong>\u00f6<\/strong><strong>ffnen die Bewerbung f\u00fcr den postgradualen Studiengang \u201eWurzeln des Totalitarismus im 20. Jahrhundert: Auschwitz \u2014<\/strong><strong> Holocaust <\/strong><strong>\u2014 V<\/strong><strong>\u00f6<\/strong><strong>lkermorde<\/strong><strong>\u201d.<\/strong><\/h5>\n<p>Die Adressaten des Studiums sind in erster Linie Geschichts-, Polnisch-, Sozialkunde-, Religions- oder Ethiklehrer, aber auch Fremdenf\u00fchrer, P\u00e4dagogen, Mitarbeiter von Museen und Gedenkst\u00e4tten, die das Wissen \u00fcber die Geschichte des Zweiten Weltkriegs, des Holocausts und der V\u00f6lkermorde in ihrer beruflichen T\u00e4tigkeit nutzen. Das Programm soll sowohl auf Polnisch als auch auf Englisch durchgef\u00fchrt werden.<\/p>\n<p>\u201eEs mag den Anschein haben, dass wir im Rahmen dieses Studienprogramms nur \u00fcber Geschichte sprechen. Dies ist jedoch nicht der Fall. Sein eigentliches Ziel ist es, einen Bezug zur Gegenwart herzustellen und die Mechanismen des B\u00f6sen aufzuzeigen. Hier und jetzt. Das betrifft uns alle sehr stark. Dieses Studium bietet auch einzigartige Instrumente f\u00fcr den Umgang mit all diesen Bedrohungen\u201d, erkl\u00e4rte Dr. habil. Adam Szpaderski, Univ.-Prof., der f\u00fcr den Inhalt des Studienprogramms verantwortlich ist.<\/p>\n<p>Andrzej Kacorzyk, stellvertretender Direktor des Staatlichen Museums Auschwitz-Birkenau, ist der Meinung, dass \u00fcber Auschwitz, den Holocaust und die V\u00f6lkermorde \u00fcberall gelehrt werden k\u00f6nnte, doch die Bildung an diesem Ort eine einzigartige Dimension habe.<\/p>\n<p>Ziel des Studiums ist es, Kenntnisse \u00fcber die Mechanismen des Totalitarismus im 20. Jahrhundert zu vermitteln, insbesondere \u00fcber den Nationalsozialismus und den Holocaust, wobei die Rolle des deutschen Konzentrations- und Vernichtungslagers Auschwitz ber\u00fccksichtigt wird.<\/p>\n<p>Das zweisemestrige Studienprogramm umfasst 200 Stunden und gliedert sich in vier Themenbl\u00f6cke: Politik und Ideologie, Holocaust \u2014 eine Studie \u00fcber verschiedene Erinnerungskulturen, Holocaust unter besonderer Ber\u00fccksichtigung der Rolle von KL Auschwitz und andere V\u00f6lkermorde des 20. Jahrhunderts sowie die Bildung in Gedenkst\u00e4tten.<\/p>\n<p>Das Studium soll in einer hybriden Form durchgef\u00fchrt werden, d. h. einige Sitzungen werden online abgehalten, andere vor Ort im Staatlichen Museum Auschwitz-Birkenau, sofern es die Pandemiesituation erlaubt.<\/p>\n<p>Adrian Andrzejewski<\/p>\n","protected":false},"excerpt":{"rendered":"<p>Die SWPS Universit\u00e4t Warschau und das Internationale Zentrum f\u00fcr Bildung \u00fcber Auschwitz und den Holocaust im Auschwitz-Museum er\u00f6ffnen die Bewerbung f\u00fcr den postgradualen Studiengang \u201eWurzeln des Totalitarismus im 20. Jahrhundert:&hellip;<\/p>\n","protected":false},"author":7,"featured_media":26142,"comment_status":"closed","ping_status":"open","sticky":false,"template":"","format":"standard","meta":{"_mi_skip_tracking":false,"footnotes":""},"categories":[55],"tags":[],"class_list":["post-26201","post","type-post","status-publish","format-standard","has-post-thumbnail","hentry","category-wissenschaft"],"yoast_head":"<!-- This site is optimized with the Yoast SEO plugin v19.4 - https:\/\/yoast.com\/wordpress\/plugins\/seo\/ -->\n<title>Einzigartiges postgraduales Studium \u2014 \u201eWurzeln des Totalitarismus im 20. Jahrhundert: Auschwitz \u2014 Holocaust \u2014 V\u00f6lkermorde\u201d - W\u00fcrde - DignityNews.eu<\/title>\n<meta name=\"robots\" content=\"index, follow, max-snippet:-1, max-image-preview:large, max-video-preview:-1\" \/>\n<link rel=\"canonical\" href=\"https:\/\/dignitynews.eu\/de\/einzigartiges-postgraduales-studium-wurzeln-des-totalitarismus-im-20-jahrhundert-auschwitz-holocaust-voelkermorde\/\" \/>\n<meta property=\"og:locale\" content=\"de_DE\" \/>\n<meta property=\"og:type\" content=\"article\" \/>\n<meta property=\"og:title\" content=\"Einzigartiges postgraduales Studium \u2014 \u201eWurzeln des Totalitarismus im 20. Jahrhundert: Auschwitz \u2014 Holocaust \u2014 V\u00f6lkermorde\u201d - W\u00fcrde - DignityNews.eu\" \/>\n<meta property=\"og:description\" content=\"Die SWPS Universit\u00e4t Warschau und das Internationale Zentrum f\u00fcr Bildung \u00fcber Auschwitz und den Holocaust im Auschwitz-Museum er\u00f6ffnen die Bewerbung f\u00fcr den postgradualen Studiengang \u201eWurzeln des Totalitarismus im 20. Jahrhundert:&hellip;\" \/>\n<meta property=\"og:url\" content=\"https:\/\/dignitynews.eu\/de\/einzigartiges-postgraduales-studium-wurzeln-des-totalitarismus-im-20-jahrhundert-auschwitz-holocaust-voelkermorde\/\" \/>\n<meta property=\"og:site_name\" content=\"W\u00fcrde - DignityNews.eu\" \/>\n<meta property=\"article:published_time\" content=\"2022-08-10T09:58:28+00:00\" \/>\n<meta property=\"article:modified_time\" content=\"2022-08-10T15:08:01+00:00\" \/>\n<meta property=\"og:image\" content=\"https:\/\/dignitynews.eu\/wp-content\/uploads\/2022\/08\/Studia-podyplomowe-Auschwitz-Holokaust-fot.-STEFAN-MASZEWSKI-REPORTER.jpg\" \/>\n\t<meta property=\"og:image:width\" content=\"1500\" \/>\n\t<meta property=\"og:image:height\" content=\"1000\" \/>\n\t<meta property=\"og:image:type\" content=\"image\/jpeg\" \/>\n<meta name=\"author\" content=\"Dignity News\" \/>\n<meta name=\"twitter:card\" content=\"summary_large_image\" \/>\n<meta name=\"twitter:label1\" content=\"Verfasst von\" \/>\n\t<meta name=\"twitter:data1\" content=\"Dignity News\" \/>\n\t<meta name=\"twitter:label2\" content=\"Gesch\u00e4tzte Lesezeit\" \/>\n\t<meta name=\"twitter:data2\" content=\"2\u00a0Minuten\" \/>\n<script type=\"application\/ld+json\" class=\"yoast-schema-graph\">{\"@context\":\"https:\/\/schema.org\",\"@graph\":[{\"@type\":\"WebSite\",\"@id\":\"https:\/\/dignitynews.eu\/pl\/#website\",\"url\":\"https:\/\/dignitynews.eu\/pl\/\",\"name\":\"W\u00fcrde - DignityNews.eu\",\"description\":\"\",\"potentialAction\":[{\"@type\":\"SearchAction\",\"target\":{\"@type\":\"EntryPoint\",\"urlTemplate\":\"https:\/\/dignitynews.eu\/pl\/?s={search_term_string}\"},\"query-input\":\"required name=search_term_string\"}],\"inLanguage\":\"de\"},{\"@type\":\"WebPage\",\"@id\":\"https:\/\/dignitynews.eu\/de\/einzigartiges-postgraduales-studium-wurzeln-des-totalitarismus-im-20-jahrhundert-auschwitz-holocaust-voelkermorde\/\",\"url\":\"https:\/\/dignitynews.eu\/de\/einzigartiges-postgraduales-studium-wurzeln-des-totalitarismus-im-20-jahrhundert-auschwitz-holocaust-voelkermorde\/\",\"name\":\"Einzigartiges postgraduales Studium \u2014 \u201eWurzeln des Totalitarismus im 20. Jahrhundert: Auschwitz \u2014 Holocaust \u2014 V\u00f6lkermorde\u201d - W\u00fcrde - DignityNews.eu\",\"isPartOf\":{\"@id\":\"https:\/\/dignitynews.eu\/pl\/#website\"},\"datePublished\":\"2022-08-10T09:58:28+00:00\",\"dateModified\":\"2022-08-10T15:08:01+00:00\",\"author\":{\"@id\":\"https:\/\/dignitynews.eu\/pl\/#\/schema\/person\/0b62b762b8174802fabc81a3ecb1bfcb\"},\"breadcrumb\":{\"@id\":\"https:\/\/dignitynews.eu\/de\/einzigartiges-postgraduales-studium-wurzeln-des-totalitarismus-im-20-jahrhundert-auschwitz-holocaust-voelkermorde\/#breadcrumb\"},\"inLanguage\":\"de\",\"potentialAction\":[{\"@type\":\"ReadAction\",\"target\":[\"https:\/\/dignitynews.eu\/de\/einzigartiges-postgraduales-studium-wurzeln-des-totalitarismus-im-20-jahrhundert-auschwitz-holocaust-voelkermorde\/\"]}]},{\"@type\":\"BreadcrumbList\",\"@id\":\"https:\/\/dignitynews.eu\/de\/einzigartiges-postgraduales-studium-wurzeln-des-totalitarismus-im-20-jahrhundert-auschwitz-holocaust-voelkermorde\/#breadcrumb\",\"itemListElement\":[{\"@type\":\"ListItem\",\"position\":1,\"name\":\"Strona g\u0142\u00f3wna\",\"item\":\"https:\/\/dignitynews.eu\/de\/\"},{\"@type\":\"ListItem\",\"position\":2,\"name\":\"Einzigartiges postgraduales Studium \u2014 \u201eWurzeln des Totalitarismus im 20. Jahrhundert: Auschwitz \u2014 Holocaust \u2014 V\u00f6lkermorde\u201d\"}]},{\"@type\":\"Person\",\"@id\":\"https:\/\/dignitynews.eu\/pl\/#\/schema\/person\/0b62b762b8174802fabc81a3ecb1bfcb\",\"name\":\"Dignity News\",\"image\":{\"@type\":\"ImageObject\",\"inLanguage\":\"de\",\"@id\":\"https:\/\/dignitynews.eu\/pl\/#\/schema\/person\/image\/\",\"url\":\"https:\/\/secure.gravatar.com\/avatar\/97963171a6d9108f8381bbefb1c6b150c445b6ddd9e3077b96c86cf5892c85dc?s=96&d=mm&r=g\",\"contentUrl\":\"https:\/\/secure.gravatar.com\/avatar\/97963171a6d9108f8381bbefb1c6b150c445b6ddd9e3077b96c86cf5892c85dc?s=96&d=mm&r=g\",\"caption\":\"Dignity News\"},\"url\":\"https:\/\/dignitynews.eu\/de\/author\/mikolaj-palade\/\"}]}<\/script>\n<!-- \/ Yoast SEO plugin. -->","yoast_head_json":{"title":"Einzigartiges postgraduales Studium \u2014 \u201eWurzeln des Totalitarismus im 20. Jahrhundert: Auschwitz \u2014 Holocaust \u2014 V\u00f6lkermorde\u201d - W\u00fcrde - DignityNews.eu","robots":{"index":"index","follow":"follow","max-snippet":"max-snippet:-1","max-image-preview":"max-image-preview:large","max-video-preview":"max-video-preview:-1"},"canonical":"https:\/\/dignitynews.eu\/de\/einzigartiges-postgraduales-studium-wurzeln-des-totalitarismus-im-20-jahrhundert-auschwitz-holocaust-voelkermorde\/","og_locale":"de_DE","og_type":"article","og_title":"Einzigartiges postgraduales Studium \u2014 \u201eWurzeln des Totalitarismus im 20. Jahrhundert: Auschwitz \u2014 Holocaust \u2014 V\u00f6lkermorde\u201d - W\u00fcrde - DignityNews.eu","og_description":"Die SWPS Universit\u00e4t Warschau und das Internationale Zentrum f\u00fcr Bildung \u00fcber Auschwitz und den Holocaust im Auschwitz-Museum er\u00f6ffnen die Bewerbung f\u00fcr den postgradualen Studiengang \u201eWurzeln des Totalitarismus im 20. Jahrhundert:&hellip;","og_url":"https:\/\/dignitynews.eu\/de\/einzigartiges-postgraduales-studium-wurzeln-des-totalitarismus-im-20-jahrhundert-auschwitz-holocaust-voelkermorde\/","og_site_name":"W\u00fcrde - DignityNews.eu","article_published_time":"2022-08-10T09:58:28+00:00","article_modified_time":"2022-08-10T15:08:01+00:00","og_image":[{"width":1500,"height":1000,"url":"https:\/\/dignitynews.eu\/wp-content\/uploads\/2022\/08\/Studia-podyplomowe-Auschwitz-Holokaust-fot.-STEFAN-MASZEWSKI-REPORTER.jpg","type":"image\/jpeg"}],"author":"Dignity News","twitter_card":"summary_large_image","twitter_misc":{"Verfasst von":"Dignity News","Gesch\u00e4tzte Lesezeit":"2\u00a0Minuten"},"schema":{"@context":"https:\/\/schema.org","@graph":[{"@type":"WebSite","@id":"https:\/\/dignitynews.eu\/pl\/#website","url":"https:\/\/dignitynews.eu\/pl\/","name":"W\u00fcrde - DignityNews.eu","description":"","potentialAction":[{"@type":"SearchAction","target":{"@type":"EntryPoint","urlTemplate":"https:\/\/dignitynews.eu\/pl\/?s={search_term_string}"},"query-input":"required name=search_term_string"}],"inLanguage":"de"},{"@type":"WebPage","@id":"https:\/\/dignitynews.eu\/de\/einzigartiges-postgraduales-studium-wurzeln-des-totalitarismus-im-20-jahrhundert-auschwitz-holocaust-voelkermorde\/","url":"https:\/\/dignitynews.eu\/de\/einzigartiges-postgraduales-studium-wurzeln-des-totalitarismus-im-20-jahrhundert-auschwitz-holocaust-voelkermorde\/","name":"Einzigartiges postgraduales Studium \u2014 \u201eWurzeln des Totalitarismus im 20. Jahrhundert: Auschwitz \u2014 Holocaust \u2014 V\u00f6lkermorde\u201d - W\u00fcrde - DignityNews.eu","isPartOf":{"@id":"https:\/\/dignitynews.eu\/pl\/#website"},"datePublished":"2022-08-10T09:58:28+00:00","dateModified":"2022-08-10T15:08:01+00:00","author":{"@id":"https:\/\/dignitynews.eu\/pl\/#\/schema\/person\/0b62b762b8174802fabc81a3ecb1bfcb"},"breadcrumb":{"@id":"https:\/\/dignitynews.eu\/de\/einzigartiges-postgraduales-studium-wurzeln-des-totalitarismus-im-20-jahrhundert-auschwitz-holocaust-voelkermorde\/#breadcrumb"},"inLanguage":"de","potentialAction":[{"@type":"ReadAction","target":["https:\/\/dignitynews.eu\/de\/einzigartiges-postgraduales-studium-wurzeln-des-totalitarismus-im-20-jahrhundert-auschwitz-holocaust-voelkermorde\/"]}]},{"@type":"BreadcrumbList","@id":"https:\/\/dignitynews.eu\/de\/einzigartiges-postgraduales-studium-wurzeln-des-totalitarismus-im-20-jahrhundert-auschwitz-holocaust-voelkermorde\/#breadcrumb","itemListElement":[{"@type":"ListItem","position":1,"name":"Strona g\u0142\u00f3wna","item":"https:\/\/dignitynews.eu\/de\/"},{"@type":"ListItem","position":2,"name":"Einzigartiges postgraduales Studium \u2014 \u201eWurzeln des Totalitarismus im 20. Jahrhundert: Auschwitz \u2014 Holocaust \u2014 V\u00f6lkermorde\u201d"}]},{"@type":"Person","@id":"https:\/\/dignitynews.eu\/pl\/#\/schema\/person\/0b62b762b8174802fabc81a3ecb1bfcb","name":"Dignity News","image":{"@type":"ImageObject","inLanguage":"de","@id":"https:\/\/dignitynews.eu\/pl\/#\/schema\/person\/image\/","url":"https:\/\/secure.gravatar.com\/avatar\/97963171a6d9108f8381bbefb1c6b150c445b6ddd9e3077b96c86cf5892c85dc?s=96&d=mm&r=g","contentUrl":"https:\/\/secure.gravatar.com\/avatar\/97963171a6d9108f8381bbefb1c6b150c445b6ddd9e3077b96c86cf5892c85dc?s=96&d=mm&r=g","caption":"Dignity News"},"url":"https:\/\/dignitynews.eu\/de\/author\/mikolaj-palade\/"}]}},"_links":{"self":[{"href":"https:\/\/dignitynews.eu\/de\/wp-json\/wp\/v2\/posts\/26201","targetHints":{"allow":["GET"]}}],"collection":[{"href":"https:\/\/dignitynews.eu\/de\/wp-json\/wp\/v2\/posts"}],"about":[{"href":"https:\/\/dignitynews.eu\/de\/wp-json\/wp\/v2\/types\/post"}],"author":[{"embeddable":true,"href":"https:\/\/dignitynews.eu\/de\/wp-json\/wp\/v2\/users\/7"}],"replies":[{"embeddable":true,"href":"https:\/\/dignitynews.eu\/de\/wp-json\/wp\/v2\/comments?post=26201"}],"version-history":[{"count":1,"href":"https:\/\/dignitynews.eu\/de\/wp-json\/wp\/v2\/posts\/26201\/revisions"}],"predecessor-version":[{"id":26202,"href":"https:\/\/dignitynews.eu\/de\/wp-json\/wp\/v2\/posts\/26201\/revisions\/26202"}],"wp:featuredmedia":[{"embeddable":true,"href":"https:\/\/dignitynews.eu\/de\/wp-json\/wp\/v2\/media\/26142"}],"wp:attachment":[{"href":"https:\/\/dignitynews.eu\/de\/wp-json\/wp\/v2\/media?parent=26201"}],"wp:term":[{"taxonomy":"category","embeddable":true,"href":"https:\/\/dignitynews.eu\/de\/wp-json\/wp\/v2\/categories?post=26201"},{"taxonomy":"post_tag","embeddable":true,"href":"https:\/\/dignitynews.eu\/de\/wp-json\/wp\/v2\/tags?post=26201"}],"curies":[{"name":"wp","href":"https:\/\/api.w.org\/{rel}","templated":true}]}}