{"id":25385,"date":"2022-08-01T17:36:21","date_gmt":"2022-08-01T15:36:21","guid":{"rendered":"https:\/\/dignitynews.eu\/?p=25385"},"modified":"2022-08-01T17:36:21","modified_gmt":"2022-08-01T15:36:21","slug":"ein-jude-der-im-warschauer-aufstand-kaempfte-und-sich-in-einem-todeslager-gegen-die-deutschen-auflehnte-er-entging-wie-durch-ein-wunder-dem-tod","status":"publish","type":"post","link":"https:\/\/dignitynews.eu\/de\/ein-jude-der-im-warschauer-aufstand-kaempfte-und-sich-in-einem-todeslager-gegen-die-deutschen-auflehnte-er-entging-wie-durch-ein-wunder-dem-tod\/","title":{"rendered":"Ein Jude, der im Warschauer Aufstand k\u00e4mpfte und sich in einem Todeslager gegen die Deutschen auflehnte. Er entging wie durch ein Wunder dem Tod"},"content":{"rendered":"<h5><strong>Er \u00fcberlebte die H<\/strong><strong>\u00f6<\/strong><strong>lle des Krieges, die den Juden von den Deutschen im besetzten Polen zugef\u00fcgt wurde. Er wurde durch ein Wunder vor dem Tod bewahrt. Wenn es n\u00f6tig war, k\u00e4mpfte Samuel Willenberg an der Seite anderer Polen gegen die deutsche Armee, unter anderem beim Warschauer Aufstand im Jahre 1944.<\/strong><\/h5>\n<p>Als Deutschland im September 1939 Polen angriff und der Zweite Weltkrieg begann, war Samuel erst 16 Jahre alt. Die Willenbergs verlie\u00dfen Warschau in Richtung Ostpolen. Leider stellte sich bald heraus, dass Polen von der Sowjetunion aus dieser Richtung angegriffen wurde. Die Sowjets hatten vor dem Krieg ein B\u00fcndnis mit Hitler geschlossen (Molotow-Ribbentrop-Pakt).<\/p>\n<p><strong>Die erste Schlacht<\/strong><\/p>\n<p>Samuel trat als Freiwilliger in die polnische Armee ein und nahm an einem Gefecht mit der sowjetischen Armee teil. Bald kehrte er zu seiner Familie nach Opat\u00f3w zur\u00fcck. Dort sperrten die Deutschen die Juden in ein Ghetto. Der Familie Willenberg gelang es, dank falscher Papiere zu entkommen, aber jemand denunzierte Samuels Schwestern, und die M\u00e4dchen wurden zur\u00fcck ins Ghetto gebracht.<\/p>\n<p><strong>Transport in das Lager<\/strong><\/p>\n<p>Auf Wunsch seiner Mutter ging der junge Willenberg nach Opat\u00f3w, um seine Schwestern zu suchen. Leider fand er sie nicht, und zu allem \u00dcbel geriet er in eine Razzia und wurde in das deutsche Vernichtungslager Treblinka (1942) transportiert. Dort gab er sich als Maurer aus und entging wie durch ein Wunder dem Tod. Alle Personen aus seinem Transport wurden vergast. Samuel wurde in eine Gruppe von H\u00e4ftlingen eingeteilt, die im Lager arbeiteten.\u00a0 In einem Lagerhaus, in dem er arbeitete, fand er die Kleidung seiner Schwestern.<\/p>\n<p><strong>Aufstand in Treblinka und Warschauer Aufstand<\/strong><\/p>\n<p>Im Jahr 1943 beteiligte er sich an einem Aufstand der H\u00e4ftlinge im Lager Treblinka. Er floh aus dem Lager und machte sich auf den Weg nach Warschau. In der besetzten polnischen Hauptstadt schloss er sich der Polnischen Volksarmee im Untergrund an. Im Jahr 1944 schloss er sich dem polnischen Aufstand gegen die Deutschen an, dem Warschauer Aufstand. Er k\u00e4mpfte in den Strukturen der Heimatarmee \u2014 der gr\u00f6\u00dften milit\u00e4rischen Untergrundorganisation in Europa w\u00e4hrend des Zweiten Weltkriegs. Nach der Kapitulation des Aufstandes versteckte er sich au\u00dferhalb Warschaus.<\/p>\n<p><strong>Nach dem Krieg<\/strong><\/p>\n<p>Im Jahr 1950 ging Samuel nach Israel. Er wurde Geod\u00e4t. Im Ruhestand schuf er Tonskulpturen, die Szenen aus dem deutschen Lager Treblinka darstellten. Sie dr\u00fccken Angst und das Entsetzen aus, die damals im Lager herrschten. Im Jahr 1994 wurde er wieder polnischer Staatsb\u00fcrger.<\/p>\n<p>Neben anderen Auszeichnungen wurde er mit dem h\u00f6chsten polnischen Orden, dem Virtuti-Militari-Kreuz, geehrt. Auch die polnischen Staatspr\u00e4sidenten ehrten ihn f\u00fcr seinen Beitrag zum Gedenken an den Holocaust.<\/p>\n<p>Samuel Willenberg starb am 19. Februar 2016 in Tel Aviv.<\/p>\n","protected":false},"excerpt":{"rendered":"<p>Er \u00fcberlebte die H\u00f6lle des Krieges, die den Juden von den Deutschen im besetzten Polen zugef\u00fcgt wurde. Er wurde durch ein Wunder vor dem Tod bewahrt. Wenn es n\u00f6tig war,&hellip;<\/p>\n","protected":false},"author":7,"featured_media":25380,"comment_status":"closed","ping_status":"open","sticky":false,"template":"","format":"standard","meta":{"_mi_skip_tracking":false,"footnotes":""},"categories":[52],"tags":[],"class_list":["post-25385","post","type-post","status-publish","format-standard","has-post-thumbnail","hentry","category-geschichte"],"yoast_head":"<!-- This site is optimized with the Yoast SEO plugin v19.4 - https:\/\/yoast.com\/wordpress\/plugins\/seo\/ -->\n<title>Ein Jude, der im Warschauer Aufstand k\u00e4mpfte und sich in einem Todeslager gegen die Deutschen auflehnte. Er entging wie durch ein Wunder dem Tod - W\u00fcrde - DignityNews.eu<\/title>\n<meta name=\"robots\" content=\"index, follow, max-snippet:-1, max-image-preview:large, max-video-preview:-1\" \/>\n<link rel=\"canonical\" href=\"https:\/\/dignitynews.eu\/de\/ein-jude-der-im-warschauer-aufstand-kaempfte-und-sich-in-einem-todeslager-gegen-die-deutschen-auflehnte-er-entging-wie-durch-ein-wunder-dem-tod\/\" \/>\n<meta property=\"og:locale\" content=\"de_DE\" \/>\n<meta property=\"og:type\" content=\"article\" \/>\n<meta property=\"og:title\" content=\"Ein Jude, der im Warschauer Aufstand k\u00e4mpfte und sich in einem Todeslager gegen die Deutschen auflehnte. Er entging wie durch ein Wunder dem Tod - W\u00fcrde - DignityNews.eu\" \/>\n<meta property=\"og:description\" content=\"Er \u00fcberlebte die H\u00f6lle des Krieges, die den Juden von den Deutschen im besetzten Polen zugef\u00fcgt wurde. Er wurde durch ein Wunder vor dem Tod bewahrt. Wenn es n\u00f6tig war,&hellip;\" \/>\n<meta property=\"og:url\" content=\"https:\/\/dignitynews.eu\/de\/ein-jude-der-im-warschauer-aufstand-kaempfte-und-sich-in-einem-todeslager-gegen-die-deutschen-auflehnte-er-entging-wie-durch-ein-wunder-dem-tod\/\" \/>\n<meta property=\"og:site_name\" content=\"W\u00fcrde - DignityNews.eu\" \/>\n<meta property=\"article:published_time\" content=\"2022-08-01T15:36:21+00:00\" \/>\n<meta property=\"og:image\" content=\"https:\/\/dignitynews.eu\/wp-content\/uploads\/2022\/08\/Samuel_Willenberg_Treblinka_2_sierpnia_2013_01-scaled.jpeg\" \/>\n\t<meta property=\"og:image:width\" content=\"2560\" \/>\n\t<meta property=\"og:image:height\" content=\"1748\" \/>\n\t<meta property=\"og:image:type\" content=\"image\/jpeg\" \/>\n<meta name=\"author\" content=\"Dignity News\" \/>\n<meta name=\"twitter:card\" content=\"summary_large_image\" \/>\n<meta name=\"twitter:label1\" content=\"Verfasst von\" \/>\n\t<meta name=\"twitter:data1\" content=\"Dignity News\" \/>\n\t<meta name=\"twitter:label2\" content=\"Gesch\u00e4tzte Lesezeit\" \/>\n\t<meta name=\"twitter:data2\" content=\"2\u00a0Minuten\" \/>\n<script type=\"application\/ld+json\" class=\"yoast-schema-graph\">{\"@context\":\"https:\/\/schema.org\",\"@graph\":[{\"@type\":\"WebSite\",\"@id\":\"https:\/\/dignitynews.eu\/pl\/#website\",\"url\":\"https:\/\/dignitynews.eu\/pl\/\",\"name\":\"W\u00fcrde - DignityNews.eu\",\"description\":\"\",\"potentialAction\":[{\"@type\":\"SearchAction\",\"target\":{\"@type\":\"EntryPoint\",\"urlTemplate\":\"https:\/\/dignitynews.eu\/pl\/?s={search_term_string}\"},\"query-input\":\"required name=search_term_string\"}],\"inLanguage\":\"de\"},{\"@type\":\"WebPage\",\"@id\":\"https:\/\/dignitynews.eu\/de\/ein-jude-der-im-warschauer-aufstand-kaempfte-und-sich-in-einem-todeslager-gegen-die-deutschen-auflehnte-er-entging-wie-durch-ein-wunder-dem-tod\/\",\"url\":\"https:\/\/dignitynews.eu\/de\/ein-jude-der-im-warschauer-aufstand-kaempfte-und-sich-in-einem-todeslager-gegen-die-deutschen-auflehnte-er-entging-wie-durch-ein-wunder-dem-tod\/\",\"name\":\"Ein Jude, der im Warschauer Aufstand k\u00e4mpfte und sich in einem Todeslager gegen die Deutschen auflehnte. Er entging wie durch ein Wunder dem Tod - W\u00fcrde - DignityNews.eu\",\"isPartOf\":{\"@id\":\"https:\/\/dignitynews.eu\/pl\/#website\"},\"datePublished\":\"2022-08-01T15:36:21+00:00\",\"dateModified\":\"2022-08-01T15:36:21+00:00\",\"author\":{\"@id\":\"https:\/\/dignitynews.eu\/pl\/#\/schema\/person\/0b62b762b8174802fabc81a3ecb1bfcb\"},\"breadcrumb\":{\"@id\":\"https:\/\/dignitynews.eu\/de\/ein-jude-der-im-warschauer-aufstand-kaempfte-und-sich-in-einem-todeslager-gegen-die-deutschen-auflehnte-er-entging-wie-durch-ein-wunder-dem-tod\/#breadcrumb\"},\"inLanguage\":\"de\",\"potentialAction\":[{\"@type\":\"ReadAction\",\"target\":[\"https:\/\/dignitynews.eu\/de\/ein-jude-der-im-warschauer-aufstand-kaempfte-und-sich-in-einem-todeslager-gegen-die-deutschen-auflehnte-er-entging-wie-durch-ein-wunder-dem-tod\/\"]}]},{\"@type\":\"BreadcrumbList\",\"@id\":\"https:\/\/dignitynews.eu\/de\/ein-jude-der-im-warschauer-aufstand-kaempfte-und-sich-in-einem-todeslager-gegen-die-deutschen-auflehnte-er-entging-wie-durch-ein-wunder-dem-tod\/#breadcrumb\",\"itemListElement\":[{\"@type\":\"ListItem\",\"position\":1,\"name\":\"Strona g\u0142\u00f3wna\",\"item\":\"https:\/\/dignitynews.eu\/de\/\"},{\"@type\":\"ListItem\",\"position\":2,\"name\":\"Ein Jude, der im Warschauer Aufstand k\u00e4mpfte und sich in einem Todeslager gegen die Deutschen auflehnte. Er entging wie durch ein Wunder dem Tod\"}]},{\"@type\":\"Person\",\"@id\":\"https:\/\/dignitynews.eu\/pl\/#\/schema\/person\/0b62b762b8174802fabc81a3ecb1bfcb\",\"name\":\"Dignity News\",\"image\":{\"@type\":\"ImageObject\",\"inLanguage\":\"de\",\"@id\":\"https:\/\/dignitynews.eu\/pl\/#\/schema\/person\/image\/\",\"url\":\"https:\/\/secure.gravatar.com\/avatar\/97963171a6d9108f8381bbefb1c6b150c445b6ddd9e3077b96c86cf5892c85dc?s=96&d=mm&r=g\",\"contentUrl\":\"https:\/\/secure.gravatar.com\/avatar\/97963171a6d9108f8381bbefb1c6b150c445b6ddd9e3077b96c86cf5892c85dc?s=96&d=mm&r=g\",\"caption\":\"Dignity News\"},\"url\":\"https:\/\/dignitynews.eu\/de\/author\/mikolaj-palade\/\"}]}<\/script>\n<!-- \/ Yoast SEO plugin. -->","yoast_head_json":{"title":"Ein Jude, der im Warschauer Aufstand k\u00e4mpfte und sich in einem Todeslager gegen die Deutschen auflehnte. Er entging wie durch ein Wunder dem Tod - W\u00fcrde - DignityNews.eu","robots":{"index":"index","follow":"follow","max-snippet":"max-snippet:-1","max-image-preview":"max-image-preview:large","max-video-preview":"max-video-preview:-1"},"canonical":"https:\/\/dignitynews.eu\/de\/ein-jude-der-im-warschauer-aufstand-kaempfte-und-sich-in-einem-todeslager-gegen-die-deutschen-auflehnte-er-entging-wie-durch-ein-wunder-dem-tod\/","og_locale":"de_DE","og_type":"article","og_title":"Ein Jude, der im Warschauer Aufstand k\u00e4mpfte und sich in einem Todeslager gegen die Deutschen auflehnte. Er entging wie durch ein Wunder dem Tod - W\u00fcrde - DignityNews.eu","og_description":"Er \u00fcberlebte die H\u00f6lle des Krieges, die den Juden von den Deutschen im besetzten Polen zugef\u00fcgt wurde. Er wurde durch ein Wunder vor dem Tod bewahrt. Wenn es n\u00f6tig war,&hellip;","og_url":"https:\/\/dignitynews.eu\/de\/ein-jude-der-im-warschauer-aufstand-kaempfte-und-sich-in-einem-todeslager-gegen-die-deutschen-auflehnte-er-entging-wie-durch-ein-wunder-dem-tod\/","og_site_name":"W\u00fcrde - DignityNews.eu","article_published_time":"2022-08-01T15:36:21+00:00","og_image":[{"width":2560,"height":1748,"url":"https:\/\/dignitynews.eu\/wp-content\/uploads\/2022\/08\/Samuel_Willenberg_Treblinka_2_sierpnia_2013_01-scaled.jpeg","type":"image\/jpeg"}],"author":"Dignity News","twitter_card":"summary_large_image","twitter_misc":{"Verfasst von":"Dignity News","Gesch\u00e4tzte Lesezeit":"2\u00a0Minuten"},"schema":{"@context":"https:\/\/schema.org","@graph":[{"@type":"WebSite","@id":"https:\/\/dignitynews.eu\/pl\/#website","url":"https:\/\/dignitynews.eu\/pl\/","name":"W\u00fcrde - DignityNews.eu","description":"","potentialAction":[{"@type":"SearchAction","target":{"@type":"EntryPoint","urlTemplate":"https:\/\/dignitynews.eu\/pl\/?s={search_term_string}"},"query-input":"required name=search_term_string"}],"inLanguage":"de"},{"@type":"WebPage","@id":"https:\/\/dignitynews.eu\/de\/ein-jude-der-im-warschauer-aufstand-kaempfte-und-sich-in-einem-todeslager-gegen-die-deutschen-auflehnte-er-entging-wie-durch-ein-wunder-dem-tod\/","url":"https:\/\/dignitynews.eu\/de\/ein-jude-der-im-warschauer-aufstand-kaempfte-und-sich-in-einem-todeslager-gegen-die-deutschen-auflehnte-er-entging-wie-durch-ein-wunder-dem-tod\/","name":"Ein Jude, der im Warschauer Aufstand k\u00e4mpfte und sich in einem Todeslager gegen die Deutschen auflehnte. Er entging wie durch ein Wunder dem Tod - W\u00fcrde - DignityNews.eu","isPartOf":{"@id":"https:\/\/dignitynews.eu\/pl\/#website"},"datePublished":"2022-08-01T15:36:21+00:00","dateModified":"2022-08-01T15:36:21+00:00","author":{"@id":"https:\/\/dignitynews.eu\/pl\/#\/schema\/person\/0b62b762b8174802fabc81a3ecb1bfcb"},"breadcrumb":{"@id":"https:\/\/dignitynews.eu\/de\/ein-jude-der-im-warschauer-aufstand-kaempfte-und-sich-in-einem-todeslager-gegen-die-deutschen-auflehnte-er-entging-wie-durch-ein-wunder-dem-tod\/#breadcrumb"},"inLanguage":"de","potentialAction":[{"@type":"ReadAction","target":["https:\/\/dignitynews.eu\/de\/ein-jude-der-im-warschauer-aufstand-kaempfte-und-sich-in-einem-todeslager-gegen-die-deutschen-auflehnte-er-entging-wie-durch-ein-wunder-dem-tod\/"]}]},{"@type":"BreadcrumbList","@id":"https:\/\/dignitynews.eu\/de\/ein-jude-der-im-warschauer-aufstand-kaempfte-und-sich-in-einem-todeslager-gegen-die-deutschen-auflehnte-er-entging-wie-durch-ein-wunder-dem-tod\/#breadcrumb","itemListElement":[{"@type":"ListItem","position":1,"name":"Strona g\u0142\u00f3wna","item":"https:\/\/dignitynews.eu\/de\/"},{"@type":"ListItem","position":2,"name":"Ein Jude, der im Warschauer Aufstand k\u00e4mpfte und sich in einem Todeslager gegen die Deutschen auflehnte. Er entging wie durch ein Wunder dem Tod"}]},{"@type":"Person","@id":"https:\/\/dignitynews.eu\/pl\/#\/schema\/person\/0b62b762b8174802fabc81a3ecb1bfcb","name":"Dignity News","image":{"@type":"ImageObject","inLanguage":"de","@id":"https:\/\/dignitynews.eu\/pl\/#\/schema\/person\/image\/","url":"https:\/\/secure.gravatar.com\/avatar\/97963171a6d9108f8381bbefb1c6b150c445b6ddd9e3077b96c86cf5892c85dc?s=96&d=mm&r=g","contentUrl":"https:\/\/secure.gravatar.com\/avatar\/97963171a6d9108f8381bbefb1c6b150c445b6ddd9e3077b96c86cf5892c85dc?s=96&d=mm&r=g","caption":"Dignity News"},"url":"https:\/\/dignitynews.eu\/de\/author\/mikolaj-palade\/"}]}},"_links":{"self":[{"href":"https:\/\/dignitynews.eu\/de\/wp-json\/wp\/v2\/posts\/25385","targetHints":{"allow":["GET"]}}],"collection":[{"href":"https:\/\/dignitynews.eu\/de\/wp-json\/wp\/v2\/posts"}],"about":[{"href":"https:\/\/dignitynews.eu\/de\/wp-json\/wp\/v2\/types\/post"}],"author":[{"embeddable":true,"href":"https:\/\/dignitynews.eu\/de\/wp-json\/wp\/v2\/users\/7"}],"replies":[{"embeddable":true,"href":"https:\/\/dignitynews.eu\/de\/wp-json\/wp\/v2\/comments?post=25385"}],"version-history":[{"count":1,"href":"https:\/\/dignitynews.eu\/de\/wp-json\/wp\/v2\/posts\/25385\/revisions"}],"predecessor-version":[{"id":25386,"href":"https:\/\/dignitynews.eu\/de\/wp-json\/wp\/v2\/posts\/25385\/revisions\/25386"}],"wp:featuredmedia":[{"embeddable":true,"href":"https:\/\/dignitynews.eu\/de\/wp-json\/wp\/v2\/media\/25380"}],"wp:attachment":[{"href":"https:\/\/dignitynews.eu\/de\/wp-json\/wp\/v2\/media?parent=25385"}],"wp:term":[{"taxonomy":"category","embeddable":true,"href":"https:\/\/dignitynews.eu\/de\/wp-json\/wp\/v2\/categories?post=25385"},{"taxonomy":"post_tag","embeddable":true,"href":"https:\/\/dignitynews.eu\/de\/wp-json\/wp\/v2\/tags?post=25385"}],"curies":[{"name":"wp","href":"https:\/\/api.w.org\/{rel}","templated":true}]}}