{"id":24076,"date":"2022-07-15T10:39:40","date_gmt":"2022-07-15T08:39:40","guid":{"rendered":"https:\/\/dignitynews.eu\/?p=24076"},"modified":"2022-07-15T14:36:10","modified_gmt":"2022-07-15T12:36:10","slug":"programm-mein-elektroauto-schon-vor-einem-jahr-gestartet-tausende-von-antraegen-auf-zuschuesse-fuer-den-kauf-von-elektroautos","status":"publish","type":"post","link":"https:\/\/dignitynews.eu\/de\/programm-mein-elektroauto-schon-vor-einem-jahr-gestartet-tausende-von-antraegen-auf-zuschuesse-fuer-den-kauf-von-elektroautos\/","title":{"rendered":"Programm \u201eMein Elektroauto\u201d schon vor einem Jahr gestartet. Tausende von Antr\u00e4gen auf Zusch\u00fcsse f\u00fcr den Kauf von Elektroautos"},"content":{"rendered":"<h5><strong>Ein Jahr nach dem Start des F\u00f6rderprogramms \u201eMein Elektroauto\u201d f\u00fcr den Kauf von Elektroautos haben die Polen beim Nationalen Fonds f\u00fcr Umweltschutz und Wasserwirtschaft (<em>Narodowy Fundusz Ochrony \u015arodowiska i Gospodarki Wodnej<\/em>,<\/strong><strong> NFO<\/strong><strong>\u015ai GW) mehr als 2,7 Tausend Antr\u00e4ge mit einem Gesamtwert von mehr als 56 Millionen PLN eingereicht. Die Zusch\u00fcsse f\u00fcr den Kauf von Elektroautos f\u00fcr Privatpersonen beliefen sich auf \u00fcber 16,6 Millionen PLN.<\/strong><\/h5>\n<p>Nach Ansicht von Vizepr\u00e4sident des Nationalen Fonds f\u00fcr Umweltschutz und Wasserwirtschaft, Pawe\u0142 Mirowski, scheine die gr\u00f6\u00dfte Herausforderung darin zu bestehen, die wachsende Nachfrage der Verbraucher mit einem angemessenen Angebot an Elektrofahrzeugen zu befriedigen. Bis heute hat der Fonds Antr\u00e4ge auf \u00fcber 28 Mio. PLN angenommen, und mehr als 66 Mio. PLN wurden an Vermieter von Elektrofahrzeugen vergeben. Fast 2.200 Elektrofahrzeuge wurden auf diese Weise finanziert.<\/p>\n<p>Heute erkl\u00e4ren immer mehr Autofahrer, dass ihr n\u00e4chstes Auto ein Elektroauto sein wird. Eine Studie des polnischen Verbands f\u00fcr alternative Kraftstoffe (<em>Polskie Stowarzyszenie Paliw Alternatywnych<\/em>, PSPA) zeigt, dass bereits jeder dritte Autofahrer, der in den n\u00e4chsten drei Jahren den Kauf eines Autos plant, eine solche M\u00f6glichkeit in Betracht zieht.<\/p>\n<p>\u201eEin solches Umdenken der polnischen Verkehrsteilnehmer ist sowohl aus \u00f6kologischen als auch aus wirtschaftlichen Gr\u00fcnden eine sehr gute Prognose\u201d, sch\u00e4tzte Mirowski ein.<\/p>\n<p>Nach Ansicht des Gesch\u00e4ftsf\u00fchrers des PSPA, Maciej Mazur, sei das Programm \u201eMein Elektroauto\u201d angesichts der steigenden Preise auf dem Automobilmarkt, der Inflation und der Erh\u00f6hung der Zinss\u00e4tze f\u00fcr Leasingraten ein wichtiger Faktor, der zum Kauf eines Elektroautos anrege.<\/p>\n<p>\u201eDamit das Programm jedoch greifbare Marktvorteile bringt, muss der Zugang zu den Zusch\u00fcssen langfristig gesichert werden\u201d, betonte Mazur.<\/p>\n<p>Ab dem 12. Juli 2021 k\u00f6nnen Privatpersonen Zusch\u00fcsse f\u00fcr den Kauf von Elektro- oder Wasserstoffautos beantragen. Der Zuschuss f\u00fcr Einzelk\u00e4ufer betr\u00e4gt 18.750 PLN und die Preisgrenze liegt bei 225.000 PLN. Am 8. September letzten Jahres schloss der Nationale Fonds f\u00fcr Umweltschutz und Wasserwirtschaft eine Vereinbarung mit der Bank Ochrony \u015arodowiska, auf deren Grundlage die Bank Leasingunternehmen zur Zusammenarbeit bei der Durchf\u00fchrung des Programms einlud.<\/p>\n<p>Arkadiusz S\u0142omczy\u0144ski<\/p>\n","protected":false},"excerpt":{"rendered":"<p>Ein Jahr nach dem Start des F\u00f6rderprogramms \u201eMein Elektroauto\u201d f\u00fcr den Kauf von Elektroautos haben die Polen beim Nationalen Fonds f\u00fcr Umweltschutz und Wasserwirtschaft (Narodowy Fundusz Ochrony \u015arodowiska i Gospodarki&hellip;<\/p>\n","protected":false},"author":7,"featured_media":24034,"comment_status":"closed","ping_status":"open","sticky":false,"template":"","format":"standard","meta":{"_mi_skip_tracking":false,"footnotes":""},"categories":[53],"tags":[],"class_list":["post-24076","post","type-post","status-publish","format-standard","has-post-thumbnail","hentry","category-nachrichten"],"yoast_head":"<!-- This site is optimized with the Yoast SEO plugin v19.4 - https:\/\/yoast.com\/wordpress\/plugins\/seo\/ -->\n<title>Programm \u201eMein Elektroauto\u201d schon vor einem Jahr gestartet. Tausende von Antr\u00e4gen auf Zusch\u00fcsse f\u00fcr den Kauf von Elektroautos - W\u00fcrde - DignityNews.eu<\/title>\n<meta name=\"robots\" content=\"index, follow, max-snippet:-1, max-image-preview:large, max-video-preview:-1\" \/>\n<link rel=\"canonical\" href=\"https:\/\/dignitynews.eu\/de\/programm-mein-elektroauto-schon-vor-einem-jahr-gestartet-tausende-von-antraegen-auf-zuschuesse-fuer-den-kauf-von-elektroautos\/\" \/>\n<meta property=\"og:locale\" content=\"de_DE\" \/>\n<meta property=\"og:type\" content=\"article\" \/>\n<meta property=\"og:title\" content=\"Programm \u201eMein Elektroauto\u201d schon vor einem Jahr gestartet. Tausende von Antr\u00e4gen auf Zusch\u00fcsse f\u00fcr den Kauf von Elektroautos - W\u00fcrde - DignityNews.eu\" \/>\n<meta property=\"og:description\" content=\"Ein Jahr nach dem Start des F\u00f6rderprogramms \u201eMein Elektroauto\u201d f\u00fcr den Kauf von Elektroautos haben die Polen beim Nationalen Fonds f\u00fcr Umweltschutz und Wasserwirtschaft (Narodowy Fundusz Ochrony \u015arodowiska i Gospodarki&hellip;\" \/>\n<meta property=\"og:url\" content=\"https:\/\/dignitynews.eu\/de\/programm-mein-elektroauto-schon-vor-einem-jahr-gestartet-tausende-von-antraegen-auf-zuschuesse-fuer-den-kauf-von-elektroautos\/\" \/>\n<meta property=\"og:site_name\" content=\"W\u00fcrde - DignityNews.eu\" \/>\n<meta property=\"article:published_time\" content=\"2022-07-15T08:39:40+00:00\" \/>\n<meta property=\"article:modified_time\" content=\"2022-07-15T12:36:10+00:00\" \/>\n<meta property=\"og:image\" content=\"https:\/\/dignitynews.eu\/wp-content\/uploads\/2022\/07\/program-moj-elektryk-fot.-ARKADIUSZ-ZIOLEK-East-News.jpg\" \/>\n\t<meta property=\"og:image:width\" content=\"1000\" \/>\n\t<meta property=\"og:image:height\" content=\"1500\" \/>\n\t<meta property=\"og:image:type\" content=\"image\/jpeg\" \/>\n<meta name=\"author\" content=\"Dignity News\" \/>\n<meta name=\"twitter:card\" content=\"summary_large_image\" \/>\n<meta name=\"twitter:label1\" content=\"Verfasst von\" \/>\n\t<meta name=\"twitter:data1\" content=\"Dignity News\" \/>\n\t<meta name=\"twitter:label2\" content=\"Gesch\u00e4tzte Lesezeit\" \/>\n\t<meta name=\"twitter:data2\" content=\"2\u00a0Minuten\" \/>\n<script type=\"application\/ld+json\" class=\"yoast-schema-graph\">{\"@context\":\"https:\/\/schema.org\",\"@graph\":[{\"@type\":\"WebSite\",\"@id\":\"https:\/\/dignitynews.eu\/pl\/#website\",\"url\":\"https:\/\/dignitynews.eu\/pl\/\",\"name\":\"W\u00fcrde - DignityNews.eu\",\"description\":\"\",\"potentialAction\":[{\"@type\":\"SearchAction\",\"target\":{\"@type\":\"EntryPoint\",\"urlTemplate\":\"https:\/\/dignitynews.eu\/pl\/?s={search_term_string}\"},\"query-input\":\"required name=search_term_string\"}],\"inLanguage\":\"de\"},{\"@type\":\"WebPage\",\"@id\":\"https:\/\/dignitynews.eu\/de\/programm-mein-elektroauto-schon-vor-einem-jahr-gestartet-tausende-von-antraegen-auf-zuschuesse-fuer-den-kauf-von-elektroautos\/\",\"url\":\"https:\/\/dignitynews.eu\/de\/programm-mein-elektroauto-schon-vor-einem-jahr-gestartet-tausende-von-antraegen-auf-zuschuesse-fuer-den-kauf-von-elektroautos\/\",\"name\":\"Programm \u201eMein Elektroauto\u201d schon vor einem Jahr gestartet. Tausende von Antr\u00e4gen auf Zusch\u00fcsse f\u00fcr den Kauf von Elektroautos - W\u00fcrde - DignityNews.eu\",\"isPartOf\":{\"@id\":\"https:\/\/dignitynews.eu\/pl\/#website\"},\"datePublished\":\"2022-07-15T08:39:40+00:00\",\"dateModified\":\"2022-07-15T12:36:10+00:00\",\"author\":{\"@id\":\"https:\/\/dignitynews.eu\/pl\/#\/schema\/person\/0b62b762b8174802fabc81a3ecb1bfcb\"},\"breadcrumb\":{\"@id\":\"https:\/\/dignitynews.eu\/de\/programm-mein-elektroauto-schon-vor-einem-jahr-gestartet-tausende-von-antraegen-auf-zuschuesse-fuer-den-kauf-von-elektroautos\/#breadcrumb\"},\"inLanguage\":\"de\",\"potentialAction\":[{\"@type\":\"ReadAction\",\"target\":[\"https:\/\/dignitynews.eu\/de\/programm-mein-elektroauto-schon-vor-einem-jahr-gestartet-tausende-von-antraegen-auf-zuschuesse-fuer-den-kauf-von-elektroautos\/\"]}]},{\"@type\":\"BreadcrumbList\",\"@id\":\"https:\/\/dignitynews.eu\/de\/programm-mein-elektroauto-schon-vor-einem-jahr-gestartet-tausende-von-antraegen-auf-zuschuesse-fuer-den-kauf-von-elektroautos\/#breadcrumb\",\"itemListElement\":[{\"@type\":\"ListItem\",\"position\":1,\"name\":\"Strona g\u0142\u00f3wna\",\"item\":\"https:\/\/dignitynews.eu\/de\/\"},{\"@type\":\"ListItem\",\"position\":2,\"name\":\"Programm \u201eMein Elektroauto\u201d schon vor einem Jahr gestartet. Tausende von Antr\u00e4gen auf Zusch\u00fcsse f\u00fcr den Kauf von Elektroautos\"}]},{\"@type\":\"Person\",\"@id\":\"https:\/\/dignitynews.eu\/pl\/#\/schema\/person\/0b62b762b8174802fabc81a3ecb1bfcb\",\"name\":\"Dignity News\",\"image\":{\"@type\":\"ImageObject\",\"inLanguage\":\"de\",\"@id\":\"https:\/\/dignitynews.eu\/pl\/#\/schema\/person\/image\/\",\"url\":\"https:\/\/secure.gravatar.com\/avatar\/97963171a6d9108f8381bbefb1c6b150c445b6ddd9e3077b96c86cf5892c85dc?s=96&d=mm&r=g\",\"contentUrl\":\"https:\/\/secure.gravatar.com\/avatar\/97963171a6d9108f8381bbefb1c6b150c445b6ddd9e3077b96c86cf5892c85dc?s=96&d=mm&r=g\",\"caption\":\"Dignity News\"},\"url\":\"https:\/\/dignitynews.eu\/de\/author\/mikolaj-palade\/\"}]}<\/script>\n<!-- \/ Yoast SEO plugin. -->","yoast_head_json":{"title":"Programm \u201eMein Elektroauto\u201d schon vor einem Jahr gestartet. Tausende von Antr\u00e4gen auf Zusch\u00fcsse f\u00fcr den Kauf von Elektroautos - W\u00fcrde - DignityNews.eu","robots":{"index":"index","follow":"follow","max-snippet":"max-snippet:-1","max-image-preview":"max-image-preview:large","max-video-preview":"max-video-preview:-1"},"canonical":"https:\/\/dignitynews.eu\/de\/programm-mein-elektroauto-schon-vor-einem-jahr-gestartet-tausende-von-antraegen-auf-zuschuesse-fuer-den-kauf-von-elektroautos\/","og_locale":"de_DE","og_type":"article","og_title":"Programm \u201eMein Elektroauto\u201d schon vor einem Jahr gestartet. Tausende von Antr\u00e4gen auf Zusch\u00fcsse f\u00fcr den Kauf von Elektroautos - W\u00fcrde - DignityNews.eu","og_description":"Ein Jahr nach dem Start des F\u00f6rderprogramms \u201eMein Elektroauto\u201d f\u00fcr den Kauf von Elektroautos haben die Polen beim Nationalen Fonds f\u00fcr Umweltschutz und Wasserwirtschaft (Narodowy Fundusz Ochrony \u015arodowiska i Gospodarki&hellip;","og_url":"https:\/\/dignitynews.eu\/de\/programm-mein-elektroauto-schon-vor-einem-jahr-gestartet-tausende-von-antraegen-auf-zuschuesse-fuer-den-kauf-von-elektroautos\/","og_site_name":"W\u00fcrde - DignityNews.eu","article_published_time":"2022-07-15T08:39:40+00:00","article_modified_time":"2022-07-15T12:36:10+00:00","og_image":[{"width":1000,"height":1500,"url":"https:\/\/dignitynews.eu\/wp-content\/uploads\/2022\/07\/program-moj-elektryk-fot.-ARKADIUSZ-ZIOLEK-East-News.jpg","type":"image\/jpeg"}],"author":"Dignity News","twitter_card":"summary_large_image","twitter_misc":{"Verfasst von":"Dignity News","Gesch\u00e4tzte Lesezeit":"2\u00a0Minuten"},"schema":{"@context":"https:\/\/schema.org","@graph":[{"@type":"WebSite","@id":"https:\/\/dignitynews.eu\/pl\/#website","url":"https:\/\/dignitynews.eu\/pl\/","name":"W\u00fcrde - DignityNews.eu","description":"","potentialAction":[{"@type":"SearchAction","target":{"@type":"EntryPoint","urlTemplate":"https:\/\/dignitynews.eu\/pl\/?s={search_term_string}"},"query-input":"required name=search_term_string"}],"inLanguage":"de"},{"@type":"WebPage","@id":"https:\/\/dignitynews.eu\/de\/programm-mein-elektroauto-schon-vor-einem-jahr-gestartet-tausende-von-antraegen-auf-zuschuesse-fuer-den-kauf-von-elektroautos\/","url":"https:\/\/dignitynews.eu\/de\/programm-mein-elektroauto-schon-vor-einem-jahr-gestartet-tausende-von-antraegen-auf-zuschuesse-fuer-den-kauf-von-elektroautos\/","name":"Programm \u201eMein Elektroauto\u201d schon vor einem Jahr gestartet. Tausende von Antr\u00e4gen auf Zusch\u00fcsse f\u00fcr den Kauf von Elektroautos - W\u00fcrde - DignityNews.eu","isPartOf":{"@id":"https:\/\/dignitynews.eu\/pl\/#website"},"datePublished":"2022-07-15T08:39:40+00:00","dateModified":"2022-07-15T12:36:10+00:00","author":{"@id":"https:\/\/dignitynews.eu\/pl\/#\/schema\/person\/0b62b762b8174802fabc81a3ecb1bfcb"},"breadcrumb":{"@id":"https:\/\/dignitynews.eu\/de\/programm-mein-elektroauto-schon-vor-einem-jahr-gestartet-tausende-von-antraegen-auf-zuschuesse-fuer-den-kauf-von-elektroautos\/#breadcrumb"},"inLanguage":"de","potentialAction":[{"@type":"ReadAction","target":["https:\/\/dignitynews.eu\/de\/programm-mein-elektroauto-schon-vor-einem-jahr-gestartet-tausende-von-antraegen-auf-zuschuesse-fuer-den-kauf-von-elektroautos\/"]}]},{"@type":"BreadcrumbList","@id":"https:\/\/dignitynews.eu\/de\/programm-mein-elektroauto-schon-vor-einem-jahr-gestartet-tausende-von-antraegen-auf-zuschuesse-fuer-den-kauf-von-elektroautos\/#breadcrumb","itemListElement":[{"@type":"ListItem","position":1,"name":"Strona g\u0142\u00f3wna","item":"https:\/\/dignitynews.eu\/de\/"},{"@type":"ListItem","position":2,"name":"Programm \u201eMein Elektroauto\u201d schon vor einem Jahr gestartet. Tausende von Antr\u00e4gen auf Zusch\u00fcsse f\u00fcr den Kauf von Elektroautos"}]},{"@type":"Person","@id":"https:\/\/dignitynews.eu\/pl\/#\/schema\/person\/0b62b762b8174802fabc81a3ecb1bfcb","name":"Dignity News","image":{"@type":"ImageObject","inLanguage":"de","@id":"https:\/\/dignitynews.eu\/pl\/#\/schema\/person\/image\/","url":"https:\/\/secure.gravatar.com\/avatar\/97963171a6d9108f8381bbefb1c6b150c445b6ddd9e3077b96c86cf5892c85dc?s=96&d=mm&r=g","contentUrl":"https:\/\/secure.gravatar.com\/avatar\/97963171a6d9108f8381bbefb1c6b150c445b6ddd9e3077b96c86cf5892c85dc?s=96&d=mm&r=g","caption":"Dignity News"},"url":"https:\/\/dignitynews.eu\/de\/author\/mikolaj-palade\/"}]}},"_links":{"self":[{"href":"https:\/\/dignitynews.eu\/de\/wp-json\/wp\/v2\/posts\/24076","targetHints":{"allow":["GET"]}}],"collection":[{"href":"https:\/\/dignitynews.eu\/de\/wp-json\/wp\/v2\/posts"}],"about":[{"href":"https:\/\/dignitynews.eu\/de\/wp-json\/wp\/v2\/types\/post"}],"author":[{"embeddable":true,"href":"https:\/\/dignitynews.eu\/de\/wp-json\/wp\/v2\/users\/7"}],"replies":[{"embeddable":true,"href":"https:\/\/dignitynews.eu\/de\/wp-json\/wp\/v2\/comments?post=24076"}],"version-history":[{"count":1,"href":"https:\/\/dignitynews.eu\/de\/wp-json\/wp\/v2\/posts\/24076\/revisions"}],"predecessor-version":[{"id":24077,"href":"https:\/\/dignitynews.eu\/de\/wp-json\/wp\/v2\/posts\/24076\/revisions\/24077"}],"wp:featuredmedia":[{"embeddable":true,"href":"https:\/\/dignitynews.eu\/de\/wp-json\/wp\/v2\/media\/24034"}],"wp:attachment":[{"href":"https:\/\/dignitynews.eu\/de\/wp-json\/wp\/v2\/media?parent=24076"}],"wp:term":[{"taxonomy":"category","embeddable":true,"href":"https:\/\/dignitynews.eu\/de\/wp-json\/wp\/v2\/categories?post=24076"},{"taxonomy":"post_tag","embeddable":true,"href":"https:\/\/dignitynews.eu\/de\/wp-json\/wp\/v2\/tags?post=24076"}],"curies":[{"name":"wp","href":"https:\/\/api.w.org\/{rel}","templated":true}]}}