{"id":23859,"date":"2022-07-13T11:13:46","date_gmt":"2022-07-13T09:13:46","guid":{"rendered":"https:\/\/dignitynews.eu\/?p=23859"},"modified":"2022-07-13T16:33:19","modified_gmt":"2022-07-13T14:33:19","slug":"sonderbeauftragter-des-us-praesidenten-fuer-das-klima-zu-besuch-in-warschau-er-traf-sich-mit-dem-polnischen-premierminister-und-dem-praesidenten-polens","status":"publish","type":"post","link":"https:\/\/dignitynews.eu\/de\/sonderbeauftragter-des-us-praesidenten-fuer-das-klima-zu-besuch-in-warschau-er-traf-sich-mit-dem-polnischen-premierminister-und-dem-praesidenten-polens\/","title":{"rendered":"Sonderbeauftragter des US-Pr\u00e4sidenten f\u00fcr das Klima zu Besuch in Warschau. Er traf sich mit dem polnischen Premierminister und dem Pr\u00e4sidenten Polens"},"content":{"rendered":"<h5><strong>Premierminister Mateusz Morawiecki traf sich mit John Kerry, dem Sonderbeauftragten des US-Pr\u00e4sidenten f\u00fcr das Klima. W\u00e4hrend des Gespr\u00e4chs er<\/strong><strong>\u00f6rterten die Politiker die Energiesicherheit in Mittel- und Osteuropa und diskutierten weitere Hilfen f\u00fcr die Ukraine. <\/strong><\/h5>\n<p>\u201eIch begr\u00fc\u00dfe dieses Treffen, denn unsere transatlantischen Beziehungen sind sehr wichtig. Ich freue mich auf dieses Gespr\u00e4ch und auf den Meinungsaustausch, denn ich wei\u00df, dass wir viele gemeinsame Interessen haben\u201d, sagte Ministerpr\u00e4sident Mateusz Morawiecki.<\/p>\n<p>John Kerry hatte w\u00e4hrend seines Besuchs in Warschau die Gelegenheit, einen elektrischen Linienbus zu benutzen.<\/p>\n<p>\u201eIch bin dankbar, dass ich nun die Erfahrungen Warschaus mit der wachsenden Zahl von Elektrobussen teilen kann, die den Einsatz von Kohle und fossilen Brennstoffen reduzieren. Dies ist die Zukunft, die Zukunft unserer ganzen Welt\u201d, betonte Kerry.<\/p>\n<p>Der US-Politiker f\u00fcgte hinzu, dass eine kohlefreie Wirtschaft auch Arbeitspl\u00e4tze f\u00fcr eine ganze Reihe von Spezialisten bedeute, die unter anderem an neuen Batterien und Designs arbeiten.<\/p>\n<p>Der Sonderbeauftragte des US-Pr\u00e4sidenten bedankte sich auch f\u00fcr die Haltung Polens gegen\u00fcber Fl\u00fcchtlingen aus der Ukraine.<\/p>\n<p>\u201eIch danke Ihnen sehr f\u00fcr die F\u00fchrungsrolle, die Polen hier \u00fcbernommen hat. Ich bin der Meinung, dass Ihrem Land f\u00fcr die gro\u00dfe Gro\u00dfz\u00fcgigkeit und Herzlichkeit gegen\u00fcber den Fl\u00fcchtlingen aus der Ukraine zu danken ist. Sie haben Ihre Herzen und Ihre Seelen f\u00fcr diese Menschen ge\u00f6ffnet, die so sehr leiden\u201d, sagte er.<\/p>\n<p>Zuvor traf Kerry mit Pr\u00e4sident Andrzej Duda im Warschauer Belvedere zusammen. Nach Angaben der Kanzlei des Pr\u00e4sidenten ging es bei dem Gespr\u00e4ch um die Zusammenarbeit in der Klimapolitik, die Energiesicherheit und die Situation im Zusammenhang mit der russischen Aggression gegen die Ukraine.<\/p>\n<p>John Kerry ist der Sonderbeauftragte des Pr\u00e4sidenten der Vereinigten Staaten f\u00fcr das Klima. W\u00e4hrend der Pr\u00e4sidentschaft von Barack Obama diente er von 2012 bis 2017 als US-Au\u00dfenminister. Seine Vorfahren stammen aus Oppelner Schlesien.<\/p>\n<p>Arkadiusz S\u0142omczy\u0144ski<\/p>\n","protected":false},"excerpt":{"rendered":"<p>Premierminister Mateusz Morawiecki traf sich mit John Kerry, dem Sonderbeauftragten des US-Pr\u00e4sidenten f\u00fcr das Klima. W\u00e4hrend des Gespr\u00e4chs er\u00f6rterten die Politiker die Energiesicherheit in Mittel- und Osteuropa und diskutierten weitere&hellip;<\/p>\n","protected":false},"author":7,"featured_media":23827,"comment_status":"closed","ping_status":"open","sticky":false,"template":"","format":"standard","meta":{"_mi_skip_tracking":false,"footnotes":""},"categories":[53],"tags":[],"class_list":["post-23859","post","type-post","status-publish","format-standard","has-post-thumbnail","hentry","category-nachrichten"],"yoast_head":"<!-- This site is optimized with the Yoast SEO plugin v19.4 - https:\/\/yoast.com\/wordpress\/plugins\/seo\/ -->\n<title>Sonderbeauftragter des US-Pr\u00e4sidenten f\u00fcr das Klima zu Besuch in Warschau. Er traf sich mit dem polnischen Premierminister und dem Pr\u00e4sidenten Polens - W\u00fcrde - DignityNews.eu<\/title>\n<meta name=\"robots\" content=\"index, follow, max-snippet:-1, max-image-preview:large, max-video-preview:-1\" \/>\n<link rel=\"canonical\" href=\"https:\/\/dignitynews.eu\/de\/sonderbeauftragter-des-us-praesidenten-fuer-das-klima-zu-besuch-in-warschau-er-traf-sich-mit-dem-polnischen-premierminister-und-dem-praesidenten-polens\/\" \/>\n<meta property=\"og:locale\" content=\"de_DE\" \/>\n<meta property=\"og:type\" content=\"article\" \/>\n<meta property=\"og:title\" content=\"Sonderbeauftragter des US-Pr\u00e4sidenten f\u00fcr das Klima zu Besuch in Warschau. Er traf sich mit dem polnischen Premierminister und dem Pr\u00e4sidenten Polens - W\u00fcrde - DignityNews.eu\" \/>\n<meta property=\"og:description\" content=\"Premierminister Mateusz Morawiecki traf sich mit John Kerry, dem Sonderbeauftragten des US-Pr\u00e4sidenten f\u00fcr das Klima. W\u00e4hrend des Gespr\u00e4chs er\u00f6rterten die Politiker die Energiesicherheit in Mittel- und Osteuropa und diskutierten weitere&hellip;\" \/>\n<meta property=\"og:url\" content=\"https:\/\/dignitynews.eu\/de\/sonderbeauftragter-des-us-praesidenten-fuer-das-klima-zu-besuch-in-warschau-er-traf-sich-mit-dem-polnischen-premierminister-und-dem-praesidenten-polens\/\" \/>\n<meta property=\"og:site_name\" content=\"W\u00fcrde - DignityNews.eu\" \/>\n<meta property=\"article:published_time\" content=\"2022-07-13T09:13:46+00:00\" \/>\n<meta property=\"article:modified_time\" content=\"2022-07-13T14:33:19+00:00\" \/>\n<meta property=\"og:image\" content=\"https:\/\/dignitynews.eu\/wp-content\/uploads\/2022\/07\/John-Kerry-w-Warszawie-fot.-Tomasz-Jastrzebowski-REPORTER.jpg\" \/>\n\t<meta property=\"og:image:width\" content=\"1500\" \/>\n\t<meta property=\"og:image:height\" content=\"845\" \/>\n\t<meta property=\"og:image:type\" content=\"image\/jpeg\" \/>\n<meta name=\"author\" content=\"Dignity News\" \/>\n<meta name=\"twitter:card\" content=\"summary_large_image\" \/>\n<meta name=\"twitter:label1\" content=\"Verfasst von\" \/>\n\t<meta name=\"twitter:data1\" content=\"Dignity News\" \/>\n\t<meta name=\"twitter:label2\" content=\"Gesch\u00e4tzte Lesezeit\" \/>\n\t<meta name=\"twitter:data2\" content=\"2\u00a0Minuten\" \/>\n<script type=\"application\/ld+json\" class=\"yoast-schema-graph\">{\"@context\":\"https:\/\/schema.org\",\"@graph\":[{\"@type\":\"WebSite\",\"@id\":\"https:\/\/dignitynews.eu\/pl\/#website\",\"url\":\"https:\/\/dignitynews.eu\/pl\/\",\"name\":\"W\u00fcrde - DignityNews.eu\",\"description\":\"\",\"potentialAction\":[{\"@type\":\"SearchAction\",\"target\":{\"@type\":\"EntryPoint\",\"urlTemplate\":\"https:\/\/dignitynews.eu\/pl\/?s={search_term_string}\"},\"query-input\":\"required name=search_term_string\"}],\"inLanguage\":\"de\"},{\"@type\":\"WebPage\",\"@id\":\"https:\/\/dignitynews.eu\/de\/sonderbeauftragter-des-us-praesidenten-fuer-das-klima-zu-besuch-in-warschau-er-traf-sich-mit-dem-polnischen-premierminister-und-dem-praesidenten-polens\/\",\"url\":\"https:\/\/dignitynews.eu\/de\/sonderbeauftragter-des-us-praesidenten-fuer-das-klima-zu-besuch-in-warschau-er-traf-sich-mit-dem-polnischen-premierminister-und-dem-praesidenten-polens\/\",\"name\":\"Sonderbeauftragter des US-Pr\u00e4sidenten f\u00fcr das Klima zu Besuch in Warschau. Er traf sich mit dem polnischen Premierminister und dem Pr\u00e4sidenten Polens - W\u00fcrde - DignityNews.eu\",\"isPartOf\":{\"@id\":\"https:\/\/dignitynews.eu\/pl\/#website\"},\"datePublished\":\"2022-07-13T09:13:46+00:00\",\"dateModified\":\"2022-07-13T14:33:19+00:00\",\"author\":{\"@id\":\"https:\/\/dignitynews.eu\/pl\/#\/schema\/person\/0b62b762b8174802fabc81a3ecb1bfcb\"},\"breadcrumb\":{\"@id\":\"https:\/\/dignitynews.eu\/de\/sonderbeauftragter-des-us-praesidenten-fuer-das-klima-zu-besuch-in-warschau-er-traf-sich-mit-dem-polnischen-premierminister-und-dem-praesidenten-polens\/#breadcrumb\"},\"inLanguage\":\"de\",\"potentialAction\":[{\"@type\":\"ReadAction\",\"target\":[\"https:\/\/dignitynews.eu\/de\/sonderbeauftragter-des-us-praesidenten-fuer-das-klima-zu-besuch-in-warschau-er-traf-sich-mit-dem-polnischen-premierminister-und-dem-praesidenten-polens\/\"]}]},{\"@type\":\"BreadcrumbList\",\"@id\":\"https:\/\/dignitynews.eu\/de\/sonderbeauftragter-des-us-praesidenten-fuer-das-klima-zu-besuch-in-warschau-er-traf-sich-mit-dem-polnischen-premierminister-und-dem-praesidenten-polens\/#breadcrumb\",\"itemListElement\":[{\"@type\":\"ListItem\",\"position\":1,\"name\":\"Strona g\u0142\u00f3wna\",\"item\":\"https:\/\/dignitynews.eu\/de\/\"},{\"@type\":\"ListItem\",\"position\":2,\"name\":\"Sonderbeauftragter des US-Pr\u00e4sidenten f\u00fcr das Klima zu Besuch in Warschau. Er traf sich mit dem polnischen Premierminister und dem Pr\u00e4sidenten Polens\"}]},{\"@type\":\"Person\",\"@id\":\"https:\/\/dignitynews.eu\/pl\/#\/schema\/person\/0b62b762b8174802fabc81a3ecb1bfcb\",\"name\":\"Dignity News\",\"image\":{\"@type\":\"ImageObject\",\"inLanguage\":\"de\",\"@id\":\"https:\/\/dignitynews.eu\/pl\/#\/schema\/person\/image\/\",\"url\":\"https:\/\/secure.gravatar.com\/avatar\/97963171a6d9108f8381bbefb1c6b150c445b6ddd9e3077b96c86cf5892c85dc?s=96&d=mm&r=g\",\"contentUrl\":\"https:\/\/secure.gravatar.com\/avatar\/97963171a6d9108f8381bbefb1c6b150c445b6ddd9e3077b96c86cf5892c85dc?s=96&d=mm&r=g\",\"caption\":\"Dignity News\"},\"url\":\"https:\/\/dignitynews.eu\/de\/author\/mikolaj-palade\/\"}]}<\/script>\n<!-- \/ Yoast SEO plugin. -->","yoast_head_json":{"title":"Sonderbeauftragter des US-Pr\u00e4sidenten f\u00fcr das Klima zu Besuch in Warschau. Er traf sich mit dem polnischen Premierminister und dem Pr\u00e4sidenten Polens - W\u00fcrde - DignityNews.eu","robots":{"index":"index","follow":"follow","max-snippet":"max-snippet:-1","max-image-preview":"max-image-preview:large","max-video-preview":"max-video-preview:-1"},"canonical":"https:\/\/dignitynews.eu\/de\/sonderbeauftragter-des-us-praesidenten-fuer-das-klima-zu-besuch-in-warschau-er-traf-sich-mit-dem-polnischen-premierminister-und-dem-praesidenten-polens\/","og_locale":"de_DE","og_type":"article","og_title":"Sonderbeauftragter des US-Pr\u00e4sidenten f\u00fcr das Klima zu Besuch in Warschau. Er traf sich mit dem polnischen Premierminister und dem Pr\u00e4sidenten Polens - W\u00fcrde - DignityNews.eu","og_description":"Premierminister Mateusz Morawiecki traf sich mit John Kerry, dem Sonderbeauftragten des US-Pr\u00e4sidenten f\u00fcr das Klima. W\u00e4hrend des Gespr\u00e4chs er\u00f6rterten die Politiker die Energiesicherheit in Mittel- und Osteuropa und diskutierten weitere&hellip;","og_url":"https:\/\/dignitynews.eu\/de\/sonderbeauftragter-des-us-praesidenten-fuer-das-klima-zu-besuch-in-warschau-er-traf-sich-mit-dem-polnischen-premierminister-und-dem-praesidenten-polens\/","og_site_name":"W\u00fcrde - DignityNews.eu","article_published_time":"2022-07-13T09:13:46+00:00","article_modified_time":"2022-07-13T14:33:19+00:00","og_image":[{"width":1500,"height":845,"url":"https:\/\/dignitynews.eu\/wp-content\/uploads\/2022\/07\/John-Kerry-w-Warszawie-fot.-Tomasz-Jastrzebowski-REPORTER.jpg","type":"image\/jpeg"}],"author":"Dignity News","twitter_card":"summary_large_image","twitter_misc":{"Verfasst von":"Dignity News","Gesch\u00e4tzte Lesezeit":"2\u00a0Minuten"},"schema":{"@context":"https:\/\/schema.org","@graph":[{"@type":"WebSite","@id":"https:\/\/dignitynews.eu\/pl\/#website","url":"https:\/\/dignitynews.eu\/pl\/","name":"W\u00fcrde - DignityNews.eu","description":"","potentialAction":[{"@type":"SearchAction","target":{"@type":"EntryPoint","urlTemplate":"https:\/\/dignitynews.eu\/pl\/?s={search_term_string}"},"query-input":"required name=search_term_string"}],"inLanguage":"de"},{"@type":"WebPage","@id":"https:\/\/dignitynews.eu\/de\/sonderbeauftragter-des-us-praesidenten-fuer-das-klima-zu-besuch-in-warschau-er-traf-sich-mit-dem-polnischen-premierminister-und-dem-praesidenten-polens\/","url":"https:\/\/dignitynews.eu\/de\/sonderbeauftragter-des-us-praesidenten-fuer-das-klima-zu-besuch-in-warschau-er-traf-sich-mit-dem-polnischen-premierminister-und-dem-praesidenten-polens\/","name":"Sonderbeauftragter des US-Pr\u00e4sidenten f\u00fcr das Klima zu Besuch in Warschau. Er traf sich mit dem polnischen Premierminister und dem Pr\u00e4sidenten Polens - W\u00fcrde - DignityNews.eu","isPartOf":{"@id":"https:\/\/dignitynews.eu\/pl\/#website"},"datePublished":"2022-07-13T09:13:46+00:00","dateModified":"2022-07-13T14:33:19+00:00","author":{"@id":"https:\/\/dignitynews.eu\/pl\/#\/schema\/person\/0b62b762b8174802fabc81a3ecb1bfcb"},"breadcrumb":{"@id":"https:\/\/dignitynews.eu\/de\/sonderbeauftragter-des-us-praesidenten-fuer-das-klima-zu-besuch-in-warschau-er-traf-sich-mit-dem-polnischen-premierminister-und-dem-praesidenten-polens\/#breadcrumb"},"inLanguage":"de","potentialAction":[{"@type":"ReadAction","target":["https:\/\/dignitynews.eu\/de\/sonderbeauftragter-des-us-praesidenten-fuer-das-klima-zu-besuch-in-warschau-er-traf-sich-mit-dem-polnischen-premierminister-und-dem-praesidenten-polens\/"]}]},{"@type":"BreadcrumbList","@id":"https:\/\/dignitynews.eu\/de\/sonderbeauftragter-des-us-praesidenten-fuer-das-klima-zu-besuch-in-warschau-er-traf-sich-mit-dem-polnischen-premierminister-und-dem-praesidenten-polens\/#breadcrumb","itemListElement":[{"@type":"ListItem","position":1,"name":"Strona g\u0142\u00f3wna","item":"https:\/\/dignitynews.eu\/de\/"},{"@type":"ListItem","position":2,"name":"Sonderbeauftragter des US-Pr\u00e4sidenten f\u00fcr das Klima zu Besuch in Warschau. Er traf sich mit dem polnischen Premierminister und dem Pr\u00e4sidenten Polens"}]},{"@type":"Person","@id":"https:\/\/dignitynews.eu\/pl\/#\/schema\/person\/0b62b762b8174802fabc81a3ecb1bfcb","name":"Dignity News","image":{"@type":"ImageObject","inLanguage":"de","@id":"https:\/\/dignitynews.eu\/pl\/#\/schema\/person\/image\/","url":"https:\/\/secure.gravatar.com\/avatar\/97963171a6d9108f8381bbefb1c6b150c445b6ddd9e3077b96c86cf5892c85dc?s=96&d=mm&r=g","contentUrl":"https:\/\/secure.gravatar.com\/avatar\/97963171a6d9108f8381bbefb1c6b150c445b6ddd9e3077b96c86cf5892c85dc?s=96&d=mm&r=g","caption":"Dignity News"},"url":"https:\/\/dignitynews.eu\/de\/author\/mikolaj-palade\/"}]}},"_links":{"self":[{"href":"https:\/\/dignitynews.eu\/de\/wp-json\/wp\/v2\/posts\/23859","targetHints":{"allow":["GET"]}}],"collection":[{"href":"https:\/\/dignitynews.eu\/de\/wp-json\/wp\/v2\/posts"}],"about":[{"href":"https:\/\/dignitynews.eu\/de\/wp-json\/wp\/v2\/types\/post"}],"author":[{"embeddable":true,"href":"https:\/\/dignitynews.eu\/de\/wp-json\/wp\/v2\/users\/7"}],"replies":[{"embeddable":true,"href":"https:\/\/dignitynews.eu\/de\/wp-json\/wp\/v2\/comments?post=23859"}],"version-history":[{"count":1,"href":"https:\/\/dignitynews.eu\/de\/wp-json\/wp\/v2\/posts\/23859\/revisions"}],"predecessor-version":[{"id":23860,"href":"https:\/\/dignitynews.eu\/de\/wp-json\/wp\/v2\/posts\/23859\/revisions\/23860"}],"wp:featuredmedia":[{"embeddable":true,"href":"https:\/\/dignitynews.eu\/de\/wp-json\/wp\/v2\/media\/23827"}],"wp:attachment":[{"href":"https:\/\/dignitynews.eu\/de\/wp-json\/wp\/v2\/media?parent=23859"}],"wp:term":[{"taxonomy":"category","embeddable":true,"href":"https:\/\/dignitynews.eu\/de\/wp-json\/wp\/v2\/categories?post=23859"},{"taxonomy":"post_tag","embeddable":true,"href":"https:\/\/dignitynews.eu\/de\/wp-json\/wp\/v2\/tags?post=23859"}],"curies":[{"name":"wp","href":"https:\/\/api.w.org\/{rel}","templated":true}]}}