{"id":23857,"date":"2022-07-13T11:10:03","date_gmt":"2022-07-13T09:10:03","guid":{"rendered":"https:\/\/dignitynews.eu\/?p=23857"},"modified":"2022-07-13T16:32:29","modified_gmt":"2022-07-13T14:32:29","slug":"treffen-des-polnischen-verteidigungsministers-mit-praesident-selenskyj-in-der-ukraine","status":"publish","type":"post","link":"https:\/\/dignitynews.eu\/de\/treffen-des-polnischen-verteidigungsministers-mit-praesident-selenskyj-in-der-ukraine\/","title":{"rendered":"Treffen des polnischen Verteidigungsministers mit Pr\u00e4sident Selenskyj in der Ukraine"},"content":{"rendered":"<h5><strong>Der stellvertretende Ministerpr\u00e4<\/strong><strong>sident und Minister f\u00fc<\/strong><strong>r Nationale Verteidigung Mariusz B\u0142aszczak traf in Kiew mit Pr\u00e4<\/strong><strong>sident Wolodymyr Selenskyj und dem ukrainischen Verteidigungsminister Oleksij Reznikow zusammen. Gespr\u00e4<\/strong><strong>chsthema war die Unterst\u00fc<\/strong><strong>tzung der Ukraine und die Sicherheitslage im Zusammenhang mit der russischen Aggression.<\/strong><\/h5>\n<p>\u201eDer Wert der von uns geleisteten Unterst\u00fctzung f\u00fcr die Ukraine bel\u00e4uft sich auf eine Milliarde siebenhundert Millionen Dollar. Das ist Unterst\u00fctzung, die sehr wichtig ist. Wir stehen an der Spitze unter L\u00e4ndern, die die Ukraine unterst\u00fctzen, und wir glauben, dass dies im Interesse Polens ist\u201d, sagte der stellvertretende Ministerpr\u00e4sident und Verteidigungsminister Mariusz B\u0142aszczak, zitiert auf der Website des Verteidigungsministeriums (MON).<\/p>\n<p>Die Verteidigungsminister Polens und der Ukraine unterzeichneten eine an die Verteidigungsminister der NATO-L\u00e4nder und -Partner gerichtete Absichtserkl\u00e4rung, in der sie die Verst\u00e4rkung der Unterst\u00fctzung f\u00fcr die Ukraine fordern.<\/p>\n<p>\u201eRussland ist eine Bedrohung f\u00fcr Polen. Wir wollen an eine freie Ukraine angrenzen, nicht an Russland, und deshalb unterst\u00fctzen wir die Ukraine. Wie der ukrainische Verteidigungsminister heute sagte, begann unsere Zusammenarbeit bereits vor Ausbruch des Krieges. Ich habe vorgeschlagen, die ukrainische Armee mit tragbaren Flugabwehrraketensystemen \u201ePiorun\u201d auszur\u00fcsten, und sie haben den Test bestanden, wor\u00fcber ich sehr froh bin. In den H\u00e4nden der tapferen ukrainischen Soldaten verteidigen sie den Luftraum \u00fcber der Ukraine\u201d, sagte Minister B\u0142aszczak.<\/p>\n<p>Der Leiter des polnischen Verteidigungsministeriums traf auch mit dem ukrainischen Pr\u00e4sidenten Wolodymyr Selenskyj zusammen. Bei den Gespr\u00e4chen ging es um die aktuelle polnisch-ukrainische Zusammenarbeit und die Lage an der Frontlinie.<\/p>\n<p>\u201eIch bin sehr froh, dass die Beziehungen zwischen unseren L\u00e4ndern derzeit so gut sind. Wir haben Ukrainer aufgenommen. Frauen und Kinder, die in unserem Land Zuflucht gefunden haben. Dies ist ein Beweis f\u00fcr unsere Freundschaft und unsere gutnachbarlichen Beziehungen und ein gro\u00dfes Kapital f\u00fcr die Zukunft\u201d, erkl\u00e4rte der stellvertretende Ministerpr\u00e4sident.<\/p>\n<p>Der Leiter des Verteidigungsministeriums besuchte auch Irpin, eine Stadt in der Ukraine, die w\u00e4hrend der russischen Invasion v\u00f6llig zerst\u00f6rt wurde. Der stellvertretende Ministerpr\u00e4sident legte Blumen an der Mauer des Gedenkens an die f\u00fcr die Ukraine Gefallenen vor dem St. Michaelskloster in Kiew nieder.<\/p>\n<p>Arkadiusz S\u0142omczy\u0144ski<\/p>\n","protected":false},"excerpt":{"rendered":"<p>Der stellvertretende Ministerpr\u00e4sident und Minister f\u00fcr Nationale Verteidigung Mariusz B\u0142aszczak traf in Kiew mit Pr\u00e4sident Wolodymyr Selenskyj und dem ukrainischen Verteidigungsminister Oleksij Reznikow zusammen. Gespr\u00e4chsthema war die Unterst\u00fctzung der Ukraine&hellip;<\/p>\n","protected":false},"author":7,"featured_media":23820,"comment_status":"closed","ping_status":"open","sticky":false,"template":"","format":"standard","meta":{"_mi_skip_tracking":false,"footnotes":""},"categories":[53],"tags":[],"class_list":["post-23857","post","type-post","status-publish","format-standard","has-post-thumbnail","hentry","category-nachrichten"],"yoast_head":"<!-- This site is optimized with the Yoast SEO plugin v19.4 - https:\/\/yoast.com\/wordpress\/plugins\/seo\/ -->\n<title>Treffen des polnischen Verteidigungsministers mit Pr\u00e4sident Selenskyj in der Ukraine - W\u00fcrde - DignityNews.eu<\/title>\n<meta name=\"robots\" content=\"index, follow, max-snippet:-1, max-image-preview:large, max-video-preview:-1\" \/>\n<link rel=\"canonical\" href=\"https:\/\/dignitynews.eu\/de\/treffen-des-polnischen-verteidigungsministers-mit-praesident-selenskyj-in-der-ukraine\/\" \/>\n<meta property=\"og:locale\" content=\"de_DE\" \/>\n<meta property=\"og:type\" content=\"article\" \/>\n<meta property=\"og:title\" content=\"Treffen des polnischen Verteidigungsministers mit Pr\u00e4sident Selenskyj in der Ukraine - W\u00fcrde - DignityNews.eu\" \/>\n<meta property=\"og:description\" content=\"Der stellvertretende Ministerpr\u00e4sident und Minister f\u00fcr Nationale Verteidigung Mariusz B\u0142aszczak traf in Kiew mit Pr\u00e4sident Wolodymyr Selenskyj und dem ukrainischen Verteidigungsminister Oleksij Reznikow zusammen. Gespr\u00e4chsthema war die Unterst\u00fctzung der Ukraine&hellip;\" \/>\n<meta property=\"og:url\" content=\"https:\/\/dignitynews.eu\/de\/treffen-des-polnischen-verteidigungsministers-mit-praesident-selenskyj-in-der-ukraine\/\" \/>\n<meta property=\"og:site_name\" content=\"W\u00fcrde - DignityNews.eu\" \/>\n<meta property=\"article:published_time\" content=\"2022-07-13T09:10:03+00:00\" \/>\n<meta property=\"article:modified_time\" content=\"2022-07-13T14:32:29+00:00\" \/>\n<meta property=\"og:image\" content=\"https:\/\/dignitynews.eu\/wp-content\/uploads\/2022\/07\/minister-na-Ukrainie-fot.-MInisterstwo-Obrony-Narodowej.jpg\" \/>\n\t<meta property=\"og:image:width\" content=\"800\" \/>\n\t<meta property=\"og:image:height\" content=\"450\" \/>\n\t<meta property=\"og:image:type\" content=\"image\/jpeg\" \/>\n<meta name=\"author\" content=\"Dignity News\" \/>\n<meta name=\"twitter:card\" content=\"summary_large_image\" \/>\n<meta name=\"twitter:label1\" content=\"Verfasst von\" \/>\n\t<meta name=\"twitter:data1\" content=\"Dignity News\" \/>\n\t<meta name=\"twitter:label2\" content=\"Gesch\u00e4tzte Lesezeit\" \/>\n\t<meta name=\"twitter:data2\" content=\"2\u00a0Minuten\" \/>\n<script type=\"application\/ld+json\" class=\"yoast-schema-graph\">{\"@context\":\"https:\/\/schema.org\",\"@graph\":[{\"@type\":\"WebSite\",\"@id\":\"https:\/\/dignitynews.eu\/pl\/#website\",\"url\":\"https:\/\/dignitynews.eu\/pl\/\",\"name\":\"W\u00fcrde - DignityNews.eu\",\"description\":\"\",\"potentialAction\":[{\"@type\":\"SearchAction\",\"target\":{\"@type\":\"EntryPoint\",\"urlTemplate\":\"https:\/\/dignitynews.eu\/pl\/?s={search_term_string}\"},\"query-input\":\"required name=search_term_string\"}],\"inLanguage\":\"de\"},{\"@type\":\"WebPage\",\"@id\":\"https:\/\/dignitynews.eu\/de\/treffen-des-polnischen-verteidigungsministers-mit-praesident-selenskyj-in-der-ukraine\/\",\"url\":\"https:\/\/dignitynews.eu\/de\/treffen-des-polnischen-verteidigungsministers-mit-praesident-selenskyj-in-der-ukraine\/\",\"name\":\"Treffen des polnischen Verteidigungsministers mit Pr\u00e4sident Selenskyj in der Ukraine - W\u00fcrde - DignityNews.eu\",\"isPartOf\":{\"@id\":\"https:\/\/dignitynews.eu\/pl\/#website\"},\"datePublished\":\"2022-07-13T09:10:03+00:00\",\"dateModified\":\"2022-07-13T14:32:29+00:00\",\"author\":{\"@id\":\"https:\/\/dignitynews.eu\/pl\/#\/schema\/person\/0b62b762b8174802fabc81a3ecb1bfcb\"},\"breadcrumb\":{\"@id\":\"https:\/\/dignitynews.eu\/de\/treffen-des-polnischen-verteidigungsministers-mit-praesident-selenskyj-in-der-ukraine\/#breadcrumb\"},\"inLanguage\":\"de\",\"potentialAction\":[{\"@type\":\"ReadAction\",\"target\":[\"https:\/\/dignitynews.eu\/de\/treffen-des-polnischen-verteidigungsministers-mit-praesident-selenskyj-in-der-ukraine\/\"]}]},{\"@type\":\"BreadcrumbList\",\"@id\":\"https:\/\/dignitynews.eu\/de\/treffen-des-polnischen-verteidigungsministers-mit-praesident-selenskyj-in-der-ukraine\/#breadcrumb\",\"itemListElement\":[{\"@type\":\"ListItem\",\"position\":1,\"name\":\"Strona g\u0142\u00f3wna\",\"item\":\"https:\/\/dignitynews.eu\/de\/\"},{\"@type\":\"ListItem\",\"position\":2,\"name\":\"Treffen des polnischen Verteidigungsministers mit Pr\u00e4sident Selenskyj in der Ukraine\"}]},{\"@type\":\"Person\",\"@id\":\"https:\/\/dignitynews.eu\/pl\/#\/schema\/person\/0b62b762b8174802fabc81a3ecb1bfcb\",\"name\":\"Dignity News\",\"image\":{\"@type\":\"ImageObject\",\"inLanguage\":\"de\",\"@id\":\"https:\/\/dignitynews.eu\/pl\/#\/schema\/person\/image\/\",\"url\":\"https:\/\/secure.gravatar.com\/avatar\/97963171a6d9108f8381bbefb1c6b150c445b6ddd9e3077b96c86cf5892c85dc?s=96&d=mm&r=g\",\"contentUrl\":\"https:\/\/secure.gravatar.com\/avatar\/97963171a6d9108f8381bbefb1c6b150c445b6ddd9e3077b96c86cf5892c85dc?s=96&d=mm&r=g\",\"caption\":\"Dignity News\"},\"url\":\"https:\/\/dignitynews.eu\/de\/author\/mikolaj-palade\/\"}]}<\/script>\n<!-- \/ Yoast SEO plugin. -->","yoast_head_json":{"title":"Treffen des polnischen Verteidigungsministers mit Pr\u00e4sident Selenskyj in der Ukraine - W\u00fcrde - DignityNews.eu","robots":{"index":"index","follow":"follow","max-snippet":"max-snippet:-1","max-image-preview":"max-image-preview:large","max-video-preview":"max-video-preview:-1"},"canonical":"https:\/\/dignitynews.eu\/de\/treffen-des-polnischen-verteidigungsministers-mit-praesident-selenskyj-in-der-ukraine\/","og_locale":"de_DE","og_type":"article","og_title":"Treffen des polnischen Verteidigungsministers mit Pr\u00e4sident Selenskyj in der Ukraine - W\u00fcrde - DignityNews.eu","og_description":"Der stellvertretende Ministerpr\u00e4sident und Minister f\u00fcr Nationale Verteidigung Mariusz B\u0142aszczak traf in Kiew mit Pr\u00e4sident Wolodymyr Selenskyj und dem ukrainischen Verteidigungsminister Oleksij Reznikow zusammen. Gespr\u00e4chsthema war die Unterst\u00fctzung der Ukraine&hellip;","og_url":"https:\/\/dignitynews.eu\/de\/treffen-des-polnischen-verteidigungsministers-mit-praesident-selenskyj-in-der-ukraine\/","og_site_name":"W\u00fcrde - DignityNews.eu","article_published_time":"2022-07-13T09:10:03+00:00","article_modified_time":"2022-07-13T14:32:29+00:00","og_image":[{"width":800,"height":450,"url":"https:\/\/dignitynews.eu\/wp-content\/uploads\/2022\/07\/minister-na-Ukrainie-fot.-MInisterstwo-Obrony-Narodowej.jpg","type":"image\/jpeg"}],"author":"Dignity News","twitter_card":"summary_large_image","twitter_misc":{"Verfasst von":"Dignity News","Gesch\u00e4tzte Lesezeit":"2\u00a0Minuten"},"schema":{"@context":"https:\/\/schema.org","@graph":[{"@type":"WebSite","@id":"https:\/\/dignitynews.eu\/pl\/#website","url":"https:\/\/dignitynews.eu\/pl\/","name":"W\u00fcrde - DignityNews.eu","description":"","potentialAction":[{"@type":"SearchAction","target":{"@type":"EntryPoint","urlTemplate":"https:\/\/dignitynews.eu\/pl\/?s={search_term_string}"},"query-input":"required name=search_term_string"}],"inLanguage":"de"},{"@type":"WebPage","@id":"https:\/\/dignitynews.eu\/de\/treffen-des-polnischen-verteidigungsministers-mit-praesident-selenskyj-in-der-ukraine\/","url":"https:\/\/dignitynews.eu\/de\/treffen-des-polnischen-verteidigungsministers-mit-praesident-selenskyj-in-der-ukraine\/","name":"Treffen des polnischen Verteidigungsministers mit Pr\u00e4sident Selenskyj in der Ukraine - W\u00fcrde - DignityNews.eu","isPartOf":{"@id":"https:\/\/dignitynews.eu\/pl\/#website"},"datePublished":"2022-07-13T09:10:03+00:00","dateModified":"2022-07-13T14:32:29+00:00","author":{"@id":"https:\/\/dignitynews.eu\/pl\/#\/schema\/person\/0b62b762b8174802fabc81a3ecb1bfcb"},"breadcrumb":{"@id":"https:\/\/dignitynews.eu\/de\/treffen-des-polnischen-verteidigungsministers-mit-praesident-selenskyj-in-der-ukraine\/#breadcrumb"},"inLanguage":"de","potentialAction":[{"@type":"ReadAction","target":["https:\/\/dignitynews.eu\/de\/treffen-des-polnischen-verteidigungsministers-mit-praesident-selenskyj-in-der-ukraine\/"]}]},{"@type":"BreadcrumbList","@id":"https:\/\/dignitynews.eu\/de\/treffen-des-polnischen-verteidigungsministers-mit-praesident-selenskyj-in-der-ukraine\/#breadcrumb","itemListElement":[{"@type":"ListItem","position":1,"name":"Strona g\u0142\u00f3wna","item":"https:\/\/dignitynews.eu\/de\/"},{"@type":"ListItem","position":2,"name":"Treffen des polnischen Verteidigungsministers mit Pr\u00e4sident Selenskyj in der Ukraine"}]},{"@type":"Person","@id":"https:\/\/dignitynews.eu\/pl\/#\/schema\/person\/0b62b762b8174802fabc81a3ecb1bfcb","name":"Dignity News","image":{"@type":"ImageObject","inLanguage":"de","@id":"https:\/\/dignitynews.eu\/pl\/#\/schema\/person\/image\/","url":"https:\/\/secure.gravatar.com\/avatar\/97963171a6d9108f8381bbefb1c6b150c445b6ddd9e3077b96c86cf5892c85dc?s=96&d=mm&r=g","contentUrl":"https:\/\/secure.gravatar.com\/avatar\/97963171a6d9108f8381bbefb1c6b150c445b6ddd9e3077b96c86cf5892c85dc?s=96&d=mm&r=g","caption":"Dignity News"},"url":"https:\/\/dignitynews.eu\/de\/author\/mikolaj-palade\/"}]}},"_links":{"self":[{"href":"https:\/\/dignitynews.eu\/de\/wp-json\/wp\/v2\/posts\/23857","targetHints":{"allow":["GET"]}}],"collection":[{"href":"https:\/\/dignitynews.eu\/de\/wp-json\/wp\/v2\/posts"}],"about":[{"href":"https:\/\/dignitynews.eu\/de\/wp-json\/wp\/v2\/types\/post"}],"author":[{"embeddable":true,"href":"https:\/\/dignitynews.eu\/de\/wp-json\/wp\/v2\/users\/7"}],"replies":[{"embeddable":true,"href":"https:\/\/dignitynews.eu\/de\/wp-json\/wp\/v2\/comments?post=23857"}],"version-history":[{"count":1,"href":"https:\/\/dignitynews.eu\/de\/wp-json\/wp\/v2\/posts\/23857\/revisions"}],"predecessor-version":[{"id":23858,"href":"https:\/\/dignitynews.eu\/de\/wp-json\/wp\/v2\/posts\/23857\/revisions\/23858"}],"wp:featuredmedia":[{"embeddable":true,"href":"https:\/\/dignitynews.eu\/de\/wp-json\/wp\/v2\/media\/23820"}],"wp:attachment":[{"href":"https:\/\/dignitynews.eu\/de\/wp-json\/wp\/v2\/media?parent=23857"}],"wp:term":[{"taxonomy":"category","embeddable":true,"href":"https:\/\/dignitynews.eu\/de\/wp-json\/wp\/v2\/categories?post=23857"},{"taxonomy":"post_tag","embeddable":true,"href":"https:\/\/dignitynews.eu\/de\/wp-json\/wp\/v2\/tags?post=23857"}],"curies":[{"name":"wp","href":"https:\/\/api.w.org\/{rel}","templated":true}]}}