{"id":23853,"date":"2022-07-13T11:15:19","date_gmt":"2022-07-13T09:15:19","guid":{"rendered":"https:\/\/dignitynews.eu\/?p=23853"},"modified":"2022-07-13T16:30:48","modified_gmt":"2022-07-13T14:30:48","slug":"polen-und-israel-nehmen-diplomatische-beziehungen-wieder-auf-praesident-duda-der-erste-schritt-ist-bereits-getan","status":"publish","type":"post","link":"https:\/\/dignitynews.eu\/de\/polen-und-israel-nehmen-diplomatische-beziehungen-wieder-auf-praesident-duda-der-erste-schritt-ist-bereits-getan\/","title":{"rendered":"Polen und Israel nehmen diplomatische Beziehungen wieder auf. Pr\u00e4sident Duda: \u201eDer erste Schritt ist bereits getan\u201d"},"content":{"rendered":"<h5><strong>\u201ePolen nimmt die diplomatischen Beziehungen zu Israel wieder auf. Der erste Schritt ist bereits getan\u201d, schrieb Pr\u00e4<\/strong><strong>sident Andrzej Duda auf Twitter. Der neue israelische Botschafter in Polen, Yacov Livne, hat am Dienstag seine Beglaubigungsschreiben \u00fcberreicht. Der neue Botschafter sagte, er glaube, dass in Jerusalem und Warschau der Wunsch bestehe, zu einem gemeinsamen Weg zur\u00fc<\/strong><strong>ckzukehren.<\/strong><\/h5>\n<p>Yacov Livne wurde 1967 in Moskau geboren und wanderte 1974 nach Israel ein. Er hat einen Bachelor-Abschluss in Physik und einen Master-Abschluss in internationalen Beziehungen, Sicherheit und Diplomatie. Er promovierte in Geschichte.<\/p>\n<p>\u201eIch bin hierher gekommen, um unsere Beziehungen wieder aufzubauen und unsere L\u00e4nder zu den normalen, guten Beziehungen zur\u00fcckzubringen, die wir in der Vergangenheit hatten. Ich denke, es gibt Chancen, dass dies gelingt\u201d, sagte Livne dem Polnischen Rundfunk.<\/p>\n<p>In einem Beitrag auf Twitter schrieb Pr\u00e4sident Andrzej Duda, dass er auch auf eine rasche Wiedereinsetzung des polnischen Botschafters in Israel hoffe. Der Sprecher des Au\u00dfenministeriums, \u0141ukasz Jasina, wollte keine Einzelheiten \u00fcber seine Ernennung bekannt geben.<\/p>\n<p>Der Sprecher k\u00fcndigte an, dass die Kandidatur erst dann bekannt gegeben werde, wenn sie vorgestellt und im Ausschuss f\u00fcr ausw\u00e4rtige Angelegenheiten des polnischen Parlaments er\u00f6rtert werde.<\/p>\n<p>Polen hat seit letztem Jahr keinen eigenen Botschafter in Israel, als das israelische Au\u00dfenministerium die Empfehlung aussprach, dass der polnische Vertreter in Polen bleiben sollte. Die Abk\u00fchlung der Beziehungen zwischen Polen und Israel erfolgte, nachdem der polnische Sejm Ver\u00e4nderungen im Verwaltungsverfahrensgesetzbuch eingef\u00fchrt hatte. Die neue Gesetzgebung machte die R\u00fcckgabe von Eigentum, das nach dem Zweiten Weltkrieg von staatlichen Beh\u00f6rden enteignet wurde, unm\u00f6glich und f\u00fchrte eine 30-j\u00e4hrige Frist f\u00fcr die Anerkennung von Reprivatisierungsanspr\u00fcchen ein.<\/p>\n<p>Anfang Juli vereinbarten die Pr\u00e4sidenten Polens und Israels in einem Telefongespr\u00e4ch, dass die beiden L\u00e4nder bilaterale diplomatische Beziehungen aufbauen sollten. W\u00e4hrend des Gespr\u00e4chs kamen die Pr\u00e4sidenten \u00fcberein, dass ein polnischer Botschafter in Tel Aviv ernannt werden sollte.<\/p>\n<p>\u201eMan sei \u00fcbereingekommen, die Beziehungen zwischen den beiden L\u00e4ndern wieder auf den richtigen Weg zu bringen\u201d, schrieb die Pr\u00e4sidentenkanzlei damals in einer Mitteilung.<\/p>\n<p>Arkadiusz S\u0142omczy\u0144ski<\/p>\n","protected":false},"excerpt":{"rendered":"<p>\u201ePolen nimmt die diplomatischen Beziehungen zu Israel wieder auf. Der erste Schritt ist bereits getan\u201d, schrieb Pr\u00e4sident Andrzej Duda auf Twitter. Der neue israelische Botschafter in Polen, Yacov Livne, hat&hellip;<\/p>\n","protected":false},"author":7,"featured_media":23813,"comment_status":"closed","ping_status":"open","sticky":false,"template":"","format":"standard","meta":{"_mi_skip_tracking":false,"footnotes":""},"categories":[53],"tags":[],"class_list":["post-23853","post","type-post","status-publish","format-standard","has-post-thumbnail","hentry","category-nachrichten"],"yoast_head":"<!-- This site is optimized with the Yoast SEO plugin v19.4 - https:\/\/yoast.com\/wordpress\/plugins\/seo\/ -->\n<title>Polen und Israel nehmen diplomatische Beziehungen wieder auf. Pr\u00e4sident Duda: \u201eDer erste Schritt ist bereits getan\u201d - W\u00fcrde - DignityNews.eu<\/title>\n<meta name=\"robots\" content=\"index, follow, max-snippet:-1, max-image-preview:large, max-video-preview:-1\" \/>\n<link rel=\"canonical\" href=\"https:\/\/dignitynews.eu\/de\/polen-und-israel-nehmen-diplomatische-beziehungen-wieder-auf-praesident-duda-der-erste-schritt-ist-bereits-getan\/\" \/>\n<meta property=\"og:locale\" content=\"de_DE\" \/>\n<meta property=\"og:type\" content=\"article\" \/>\n<meta property=\"og:title\" content=\"Polen und Israel nehmen diplomatische Beziehungen wieder auf. Pr\u00e4sident Duda: \u201eDer erste Schritt ist bereits getan\u201d - W\u00fcrde - DignityNews.eu\" \/>\n<meta property=\"og:description\" content=\"\u201ePolen nimmt die diplomatischen Beziehungen zu Israel wieder auf. Der erste Schritt ist bereits getan\u201d, schrieb Pr\u00e4sident Andrzej Duda auf Twitter. Der neue israelische Botschafter in Polen, Yacov Livne, hat&hellip;\" \/>\n<meta property=\"og:url\" content=\"https:\/\/dignitynews.eu\/de\/polen-und-israel-nehmen-diplomatische-beziehungen-wieder-auf-praesident-duda-der-erste-schritt-ist-bereits-getan\/\" \/>\n<meta property=\"og:site_name\" content=\"W\u00fcrde - DignityNews.eu\" \/>\n<meta property=\"article:published_time\" content=\"2022-07-13T09:15:19+00:00\" \/>\n<meta property=\"article:modified_time\" content=\"2022-07-13T14:30:48+00:00\" \/>\n<meta property=\"og:image\" content=\"https:\/\/dignitynews.eu\/wp-content\/uploads\/2022\/07\/ambasador-Izraela-listy-uwierzytelniajace-fot.-Jan-Bielecki-East-News.jpg\" \/>\n\t<meta property=\"og:image:width\" content=\"1500\" \/>\n\t<meta property=\"og:image:height\" content=\"968\" \/>\n\t<meta property=\"og:image:type\" content=\"image\/jpeg\" \/>\n<meta name=\"author\" content=\"Dignity News\" \/>\n<meta name=\"twitter:card\" content=\"summary_large_image\" \/>\n<meta name=\"twitter:label1\" content=\"Verfasst von\" \/>\n\t<meta name=\"twitter:data1\" content=\"Dignity News\" \/>\n\t<meta name=\"twitter:label2\" content=\"Gesch\u00e4tzte Lesezeit\" \/>\n\t<meta name=\"twitter:data2\" content=\"2\u00a0Minuten\" \/>\n<script type=\"application\/ld+json\" class=\"yoast-schema-graph\">{\"@context\":\"https:\/\/schema.org\",\"@graph\":[{\"@type\":\"WebSite\",\"@id\":\"https:\/\/dignitynews.eu\/pl\/#website\",\"url\":\"https:\/\/dignitynews.eu\/pl\/\",\"name\":\"W\u00fcrde - DignityNews.eu\",\"description\":\"\",\"potentialAction\":[{\"@type\":\"SearchAction\",\"target\":{\"@type\":\"EntryPoint\",\"urlTemplate\":\"https:\/\/dignitynews.eu\/pl\/?s={search_term_string}\"},\"query-input\":\"required name=search_term_string\"}],\"inLanguage\":\"de\"},{\"@type\":\"WebPage\",\"@id\":\"https:\/\/dignitynews.eu\/de\/polen-und-israel-nehmen-diplomatische-beziehungen-wieder-auf-praesident-duda-der-erste-schritt-ist-bereits-getan\/\",\"url\":\"https:\/\/dignitynews.eu\/de\/polen-und-israel-nehmen-diplomatische-beziehungen-wieder-auf-praesident-duda-der-erste-schritt-ist-bereits-getan\/\",\"name\":\"Polen und Israel nehmen diplomatische Beziehungen wieder auf. Pr\u00e4sident Duda: \u201eDer erste Schritt ist bereits getan\u201d - W\u00fcrde - DignityNews.eu\",\"isPartOf\":{\"@id\":\"https:\/\/dignitynews.eu\/pl\/#website\"},\"datePublished\":\"2022-07-13T09:15:19+00:00\",\"dateModified\":\"2022-07-13T14:30:48+00:00\",\"author\":{\"@id\":\"https:\/\/dignitynews.eu\/pl\/#\/schema\/person\/0b62b762b8174802fabc81a3ecb1bfcb\"},\"breadcrumb\":{\"@id\":\"https:\/\/dignitynews.eu\/de\/polen-und-israel-nehmen-diplomatische-beziehungen-wieder-auf-praesident-duda-der-erste-schritt-ist-bereits-getan\/#breadcrumb\"},\"inLanguage\":\"de\",\"potentialAction\":[{\"@type\":\"ReadAction\",\"target\":[\"https:\/\/dignitynews.eu\/de\/polen-und-israel-nehmen-diplomatische-beziehungen-wieder-auf-praesident-duda-der-erste-schritt-ist-bereits-getan\/\"]}]},{\"@type\":\"BreadcrumbList\",\"@id\":\"https:\/\/dignitynews.eu\/de\/polen-und-israel-nehmen-diplomatische-beziehungen-wieder-auf-praesident-duda-der-erste-schritt-ist-bereits-getan\/#breadcrumb\",\"itemListElement\":[{\"@type\":\"ListItem\",\"position\":1,\"name\":\"Strona g\u0142\u00f3wna\",\"item\":\"https:\/\/dignitynews.eu\/de\/\"},{\"@type\":\"ListItem\",\"position\":2,\"name\":\"Polen und Israel nehmen diplomatische Beziehungen wieder auf. Pr\u00e4sident Duda: \u201eDer erste Schritt ist bereits getan\u201d\"}]},{\"@type\":\"Person\",\"@id\":\"https:\/\/dignitynews.eu\/pl\/#\/schema\/person\/0b62b762b8174802fabc81a3ecb1bfcb\",\"name\":\"Dignity News\",\"image\":{\"@type\":\"ImageObject\",\"inLanguage\":\"de\",\"@id\":\"https:\/\/dignitynews.eu\/pl\/#\/schema\/person\/image\/\",\"url\":\"https:\/\/secure.gravatar.com\/avatar\/97963171a6d9108f8381bbefb1c6b150c445b6ddd9e3077b96c86cf5892c85dc?s=96&d=mm&r=g\",\"contentUrl\":\"https:\/\/secure.gravatar.com\/avatar\/97963171a6d9108f8381bbefb1c6b150c445b6ddd9e3077b96c86cf5892c85dc?s=96&d=mm&r=g\",\"caption\":\"Dignity News\"},\"url\":\"https:\/\/dignitynews.eu\/de\/author\/mikolaj-palade\/\"}]}<\/script>\n<!-- \/ Yoast SEO plugin. -->","yoast_head_json":{"title":"Polen und Israel nehmen diplomatische Beziehungen wieder auf. Pr\u00e4sident Duda: \u201eDer erste Schritt ist bereits getan\u201d - W\u00fcrde - DignityNews.eu","robots":{"index":"index","follow":"follow","max-snippet":"max-snippet:-1","max-image-preview":"max-image-preview:large","max-video-preview":"max-video-preview:-1"},"canonical":"https:\/\/dignitynews.eu\/de\/polen-und-israel-nehmen-diplomatische-beziehungen-wieder-auf-praesident-duda-der-erste-schritt-ist-bereits-getan\/","og_locale":"de_DE","og_type":"article","og_title":"Polen und Israel nehmen diplomatische Beziehungen wieder auf. Pr\u00e4sident Duda: \u201eDer erste Schritt ist bereits getan\u201d - W\u00fcrde - DignityNews.eu","og_description":"\u201ePolen nimmt die diplomatischen Beziehungen zu Israel wieder auf. Der erste Schritt ist bereits getan\u201d, schrieb Pr\u00e4sident Andrzej Duda auf Twitter. Der neue israelische Botschafter in Polen, Yacov Livne, hat&hellip;","og_url":"https:\/\/dignitynews.eu\/de\/polen-und-israel-nehmen-diplomatische-beziehungen-wieder-auf-praesident-duda-der-erste-schritt-ist-bereits-getan\/","og_site_name":"W\u00fcrde - DignityNews.eu","article_published_time":"2022-07-13T09:15:19+00:00","article_modified_time":"2022-07-13T14:30:48+00:00","og_image":[{"width":1500,"height":968,"url":"https:\/\/dignitynews.eu\/wp-content\/uploads\/2022\/07\/ambasador-Izraela-listy-uwierzytelniajace-fot.-Jan-Bielecki-East-News.jpg","type":"image\/jpeg"}],"author":"Dignity News","twitter_card":"summary_large_image","twitter_misc":{"Verfasst von":"Dignity News","Gesch\u00e4tzte Lesezeit":"2\u00a0Minuten"},"schema":{"@context":"https:\/\/schema.org","@graph":[{"@type":"WebSite","@id":"https:\/\/dignitynews.eu\/pl\/#website","url":"https:\/\/dignitynews.eu\/pl\/","name":"W\u00fcrde - DignityNews.eu","description":"","potentialAction":[{"@type":"SearchAction","target":{"@type":"EntryPoint","urlTemplate":"https:\/\/dignitynews.eu\/pl\/?s={search_term_string}"},"query-input":"required name=search_term_string"}],"inLanguage":"de"},{"@type":"WebPage","@id":"https:\/\/dignitynews.eu\/de\/polen-und-israel-nehmen-diplomatische-beziehungen-wieder-auf-praesident-duda-der-erste-schritt-ist-bereits-getan\/","url":"https:\/\/dignitynews.eu\/de\/polen-und-israel-nehmen-diplomatische-beziehungen-wieder-auf-praesident-duda-der-erste-schritt-ist-bereits-getan\/","name":"Polen und Israel nehmen diplomatische Beziehungen wieder auf. Pr\u00e4sident Duda: \u201eDer erste Schritt ist bereits getan\u201d - W\u00fcrde - DignityNews.eu","isPartOf":{"@id":"https:\/\/dignitynews.eu\/pl\/#website"},"datePublished":"2022-07-13T09:15:19+00:00","dateModified":"2022-07-13T14:30:48+00:00","author":{"@id":"https:\/\/dignitynews.eu\/pl\/#\/schema\/person\/0b62b762b8174802fabc81a3ecb1bfcb"},"breadcrumb":{"@id":"https:\/\/dignitynews.eu\/de\/polen-und-israel-nehmen-diplomatische-beziehungen-wieder-auf-praesident-duda-der-erste-schritt-ist-bereits-getan\/#breadcrumb"},"inLanguage":"de","potentialAction":[{"@type":"ReadAction","target":["https:\/\/dignitynews.eu\/de\/polen-und-israel-nehmen-diplomatische-beziehungen-wieder-auf-praesident-duda-der-erste-schritt-ist-bereits-getan\/"]}]},{"@type":"BreadcrumbList","@id":"https:\/\/dignitynews.eu\/de\/polen-und-israel-nehmen-diplomatische-beziehungen-wieder-auf-praesident-duda-der-erste-schritt-ist-bereits-getan\/#breadcrumb","itemListElement":[{"@type":"ListItem","position":1,"name":"Strona g\u0142\u00f3wna","item":"https:\/\/dignitynews.eu\/de\/"},{"@type":"ListItem","position":2,"name":"Polen und Israel nehmen diplomatische Beziehungen wieder auf. Pr\u00e4sident Duda: \u201eDer erste Schritt ist bereits getan\u201d"}]},{"@type":"Person","@id":"https:\/\/dignitynews.eu\/pl\/#\/schema\/person\/0b62b762b8174802fabc81a3ecb1bfcb","name":"Dignity News","image":{"@type":"ImageObject","inLanguage":"de","@id":"https:\/\/dignitynews.eu\/pl\/#\/schema\/person\/image\/","url":"https:\/\/secure.gravatar.com\/avatar\/97963171a6d9108f8381bbefb1c6b150c445b6ddd9e3077b96c86cf5892c85dc?s=96&d=mm&r=g","contentUrl":"https:\/\/secure.gravatar.com\/avatar\/97963171a6d9108f8381bbefb1c6b150c445b6ddd9e3077b96c86cf5892c85dc?s=96&d=mm&r=g","caption":"Dignity News"},"url":"https:\/\/dignitynews.eu\/de\/author\/mikolaj-palade\/"}]}},"_links":{"self":[{"href":"https:\/\/dignitynews.eu\/de\/wp-json\/wp\/v2\/posts\/23853","targetHints":{"allow":["GET"]}}],"collection":[{"href":"https:\/\/dignitynews.eu\/de\/wp-json\/wp\/v2\/posts"}],"about":[{"href":"https:\/\/dignitynews.eu\/de\/wp-json\/wp\/v2\/types\/post"}],"author":[{"embeddable":true,"href":"https:\/\/dignitynews.eu\/de\/wp-json\/wp\/v2\/users\/7"}],"replies":[{"embeddable":true,"href":"https:\/\/dignitynews.eu\/de\/wp-json\/wp\/v2\/comments?post=23853"}],"version-history":[{"count":1,"href":"https:\/\/dignitynews.eu\/de\/wp-json\/wp\/v2\/posts\/23853\/revisions"}],"predecessor-version":[{"id":23854,"href":"https:\/\/dignitynews.eu\/de\/wp-json\/wp\/v2\/posts\/23853\/revisions\/23854"}],"wp:featuredmedia":[{"embeddable":true,"href":"https:\/\/dignitynews.eu\/de\/wp-json\/wp\/v2\/media\/23813"}],"wp:attachment":[{"href":"https:\/\/dignitynews.eu\/de\/wp-json\/wp\/v2\/media?parent=23853"}],"wp:term":[{"taxonomy":"category","embeddable":true,"href":"https:\/\/dignitynews.eu\/de\/wp-json\/wp\/v2\/categories?post=23853"},{"taxonomy":"post_tag","embeddable":true,"href":"https:\/\/dignitynews.eu\/de\/wp-json\/wp\/v2\/tags?post=23853"}],"curies":[{"name":"wp","href":"https:\/\/api.w.org\/{rel}","templated":true}]}}