{"id":23425,"date":"2022-07-07T09:07:04","date_gmt":"2022-07-07T07:07:04","guid":{"rendered":"https:\/\/dignitynews.eu\/?p=23425"},"modified":"2022-07-07T16:30:40","modified_gmt":"2022-07-07T14:30:40","slug":"gesundheitsminister-teilte-mit-wann-die-rueckkehr-zu-massentests-fuer-covid-19-notwendig-sein-wird","status":"publish","type":"post","link":"https:\/\/dignitynews.eu\/de\/gesundheitsminister-teilte-mit-wann-die-rueckkehr-zu-massentests-fuer-covid-19-notwendig-sein-wird\/","title":{"rendered":"Gesundheitsminister teilte mit, wann die R\u00fcckkehr zu Massentests f\u00fcr COVID-19 notwendig sein wird"},"content":{"rendered":"<h5><strong>\u201eSolange wir nicht einen bestimmten Schwellenwert an Krankenhausaufenthalten im Zusammenhang mit Covid erreichen, der bei etwa 5000 liegt, werden wir nicht zu Massentests zur\u00fcckkehren. Die Zahl der Krankenhausaufenthalte aufgrund von COVID-19 bel\u00e4uft sich derzeit auf etwa 400 Patienten. Wir sind also noch sehr weit von dieser Schwelle entfernt\u201d, sagte Gesundheitsminister Adam Niedzielski in der Sendung Graffiti des Fernsehsenders Polsat News auf die Frage nach der R\u00fcckkehr zu Massentests f\u00fcr COVID-19.<\/strong><\/h5>\n<p>In Bezug auf die Empfehlungen, die er dem Premierminister in Bezug auf die n\u00e4chste Welle der COVID-19-Pandemie geben wird, sagte der Leiter des Gesundheitsministeriums, dass \u201ewir die Art und Weise, wie wir die Epidemie \u00fcberwachen, neu ausrichten m\u00fcssen, in einer Situation, in der ein Teil der Bev\u00f6lkerung geimpft ist und ein Teil der Bev\u00f6lkerung schon von COVID-19 genesen ist\u201d.<\/p>\n<p>\u201eDie Last der \u00dcberwachung verlagert sich definitiv von der Zahl der F\u00e4lle, der t\u00e4glichen Infektionen, auf die Situation in den Krankenh\u00e4usern. Dies ist im Moment der wichtigste Parameter f\u00fcr die Entscheidungsfindung, und davon h\u00e4ngt ab, welche Ma\u00dfnahmen wir treffen werden\u201d, f\u00fcgte Niedzielski hinzu.<\/p>\n<p>Er erinnerte daran, dass die Woiwoden bereit seien, provisorische Krankenh\u00e4user wieder in Betrieb zu nehmen. \u201eDiese Pl\u00e4ne sind fertig, sie warten nur noch auf eine Entscheidung\u201d, erkl\u00e4rte er und versicherte, dass es sich trotz des Anstiegs, den wir beobachten, \u201evorerst nicht um Zahlen handelt, die die von uns angewandten Krisenmanagementverfahren ausl\u00f6sen\u201d.<\/p>\n<p>Der Gesundheitsminister teilte au\u00dferdem mit, dass die Zahl der Neuinfektionen in Polen heute bei 1.068 liegt. Vom 30. Juni bis zum 6. Juli gab es 4.163 F\u00e4lle von Coronavirus-Infektionen, darunter 556 Wiederholungsinfektionen, und 16 Menschen sind gestorben.<\/p>\n<p>Unterdessen kehren die Masken in Zypern seit Freitag, dem 8. Juni zur\u00fcck. Es ist das erste EU-Land, das die Wiedereinf\u00fchrung der Maskenpflicht in allen \u00f6ffentlichen Innenr\u00e4umen beschlossen hat.<\/p>\n<p>Adrian Andrzejewski<\/p>\n","protected":false},"excerpt":{"rendered":"<p>\u201eSolange wir nicht einen bestimmten Schwellenwert an Krankenhausaufenthalten im Zusammenhang mit Covid erreichen, der bei etwa 5000 liegt, werden wir nicht zu Massentests zur\u00fcckkehren. Die Zahl der Krankenhausaufenthalte aufgrund von&hellip;<\/p>\n","protected":false},"author":7,"featured_media":23360,"comment_status":"closed","ping_status":"open","sticky":false,"template":"","format":"standard","meta":{"_mi_skip_tracking":false,"footnotes":""},"categories":[53],"tags":[],"class_list":["post-23425","post","type-post","status-publish","format-standard","has-post-thumbnail","hentry","category-nachrichten"],"yoast_head":"<!-- This site is optimized with the Yoast SEO plugin v19.4 - https:\/\/yoast.com\/wordpress\/plugins\/seo\/ -->\n<title>Gesundheitsminister teilte mit, wann die R\u00fcckkehr zu Massentests f\u00fcr COVID-19 notwendig sein wird - W\u00fcrde - DignityNews.eu<\/title>\n<meta name=\"robots\" content=\"index, follow, max-snippet:-1, max-image-preview:large, max-video-preview:-1\" \/>\n<link rel=\"canonical\" href=\"https:\/\/dignitynews.eu\/de\/gesundheitsminister-teilte-mit-wann-die-rueckkehr-zu-massentests-fuer-covid-19-notwendig-sein-wird\/\" \/>\n<meta property=\"og:locale\" content=\"de_DE\" \/>\n<meta property=\"og:type\" content=\"article\" \/>\n<meta property=\"og:title\" content=\"Gesundheitsminister teilte mit, wann die R\u00fcckkehr zu Massentests f\u00fcr COVID-19 notwendig sein wird - W\u00fcrde - DignityNews.eu\" \/>\n<meta property=\"og:description\" content=\"\u201eSolange wir nicht einen bestimmten Schwellenwert an Krankenhausaufenthalten im Zusammenhang mit Covid erreichen, der bei etwa 5000 liegt, werden wir nicht zu Massentests zur\u00fcckkehren. Die Zahl der Krankenhausaufenthalte aufgrund von&hellip;\" \/>\n<meta property=\"og:url\" content=\"https:\/\/dignitynews.eu\/de\/gesundheitsminister-teilte-mit-wann-die-rueckkehr-zu-massentests-fuer-covid-19-notwendig-sein-wird\/\" \/>\n<meta property=\"og:site_name\" content=\"W\u00fcrde - DignityNews.eu\" \/>\n<meta property=\"article:published_time\" content=\"2022-07-07T07:07:04+00:00\" \/>\n<meta property=\"article:modified_time\" content=\"2022-07-07T14:30:40+00:00\" \/>\n<meta property=\"og:image\" content=\"https:\/\/dignitynews.eu\/wp-content\/uploads\/2022\/07\/Minister-Niedzielski-fot.-Jakub-Kaminski-East-News.jpg\" \/>\n\t<meta property=\"og:image:width\" content=\"1500\" \/>\n\t<meta property=\"og:image:height\" content=\"1002\" \/>\n\t<meta property=\"og:image:type\" content=\"image\/jpeg\" \/>\n<meta name=\"author\" content=\"Dignity News\" \/>\n<meta name=\"twitter:card\" content=\"summary_large_image\" \/>\n<meta name=\"twitter:label1\" content=\"Verfasst von\" \/>\n\t<meta name=\"twitter:data1\" content=\"Dignity News\" \/>\n\t<meta name=\"twitter:label2\" content=\"Gesch\u00e4tzte Lesezeit\" \/>\n\t<meta name=\"twitter:data2\" content=\"2\u00a0Minuten\" \/>\n<script type=\"application\/ld+json\" class=\"yoast-schema-graph\">{\"@context\":\"https:\/\/schema.org\",\"@graph\":[{\"@type\":\"WebSite\",\"@id\":\"https:\/\/dignitynews.eu\/pl\/#website\",\"url\":\"https:\/\/dignitynews.eu\/pl\/\",\"name\":\"W\u00fcrde - DignityNews.eu\",\"description\":\"\",\"potentialAction\":[{\"@type\":\"SearchAction\",\"target\":{\"@type\":\"EntryPoint\",\"urlTemplate\":\"https:\/\/dignitynews.eu\/pl\/?s={search_term_string}\"},\"query-input\":\"required name=search_term_string\"}],\"inLanguage\":\"de\"},{\"@type\":\"WebPage\",\"@id\":\"https:\/\/dignitynews.eu\/de\/gesundheitsminister-teilte-mit-wann-die-rueckkehr-zu-massentests-fuer-covid-19-notwendig-sein-wird\/\",\"url\":\"https:\/\/dignitynews.eu\/de\/gesundheitsminister-teilte-mit-wann-die-rueckkehr-zu-massentests-fuer-covid-19-notwendig-sein-wird\/\",\"name\":\"Gesundheitsminister teilte mit, wann die R\u00fcckkehr zu Massentests f\u00fcr COVID-19 notwendig sein wird - W\u00fcrde - DignityNews.eu\",\"isPartOf\":{\"@id\":\"https:\/\/dignitynews.eu\/pl\/#website\"},\"datePublished\":\"2022-07-07T07:07:04+00:00\",\"dateModified\":\"2022-07-07T14:30:40+00:00\",\"author\":{\"@id\":\"https:\/\/dignitynews.eu\/pl\/#\/schema\/person\/0b62b762b8174802fabc81a3ecb1bfcb\"},\"breadcrumb\":{\"@id\":\"https:\/\/dignitynews.eu\/de\/gesundheitsminister-teilte-mit-wann-die-rueckkehr-zu-massentests-fuer-covid-19-notwendig-sein-wird\/#breadcrumb\"},\"inLanguage\":\"de\",\"potentialAction\":[{\"@type\":\"ReadAction\",\"target\":[\"https:\/\/dignitynews.eu\/de\/gesundheitsminister-teilte-mit-wann-die-rueckkehr-zu-massentests-fuer-covid-19-notwendig-sein-wird\/\"]}]},{\"@type\":\"BreadcrumbList\",\"@id\":\"https:\/\/dignitynews.eu\/de\/gesundheitsminister-teilte-mit-wann-die-rueckkehr-zu-massentests-fuer-covid-19-notwendig-sein-wird\/#breadcrumb\",\"itemListElement\":[{\"@type\":\"ListItem\",\"position\":1,\"name\":\"Strona g\u0142\u00f3wna\",\"item\":\"https:\/\/dignitynews.eu\/de\/\"},{\"@type\":\"ListItem\",\"position\":2,\"name\":\"Gesundheitsminister teilte mit, wann die R\u00fcckkehr zu Massentests f\u00fcr COVID-19 notwendig sein wird\"}]},{\"@type\":\"Person\",\"@id\":\"https:\/\/dignitynews.eu\/pl\/#\/schema\/person\/0b62b762b8174802fabc81a3ecb1bfcb\",\"name\":\"Dignity News\",\"image\":{\"@type\":\"ImageObject\",\"inLanguage\":\"de\",\"@id\":\"https:\/\/dignitynews.eu\/pl\/#\/schema\/person\/image\/\",\"url\":\"https:\/\/secure.gravatar.com\/avatar\/97963171a6d9108f8381bbefb1c6b150c445b6ddd9e3077b96c86cf5892c85dc?s=96&d=mm&r=g\",\"contentUrl\":\"https:\/\/secure.gravatar.com\/avatar\/97963171a6d9108f8381bbefb1c6b150c445b6ddd9e3077b96c86cf5892c85dc?s=96&d=mm&r=g\",\"caption\":\"Dignity News\"},\"url\":\"https:\/\/dignitynews.eu\/de\/author\/mikolaj-palade\/\"}]}<\/script>\n<!-- \/ Yoast SEO plugin. -->","yoast_head_json":{"title":"Gesundheitsminister teilte mit, wann die R\u00fcckkehr zu Massentests f\u00fcr COVID-19 notwendig sein wird - W\u00fcrde - DignityNews.eu","robots":{"index":"index","follow":"follow","max-snippet":"max-snippet:-1","max-image-preview":"max-image-preview:large","max-video-preview":"max-video-preview:-1"},"canonical":"https:\/\/dignitynews.eu\/de\/gesundheitsminister-teilte-mit-wann-die-rueckkehr-zu-massentests-fuer-covid-19-notwendig-sein-wird\/","og_locale":"de_DE","og_type":"article","og_title":"Gesundheitsminister teilte mit, wann die R\u00fcckkehr zu Massentests f\u00fcr COVID-19 notwendig sein wird - W\u00fcrde - DignityNews.eu","og_description":"\u201eSolange wir nicht einen bestimmten Schwellenwert an Krankenhausaufenthalten im Zusammenhang mit Covid erreichen, der bei etwa 5000 liegt, werden wir nicht zu Massentests zur\u00fcckkehren. Die Zahl der Krankenhausaufenthalte aufgrund von&hellip;","og_url":"https:\/\/dignitynews.eu\/de\/gesundheitsminister-teilte-mit-wann-die-rueckkehr-zu-massentests-fuer-covid-19-notwendig-sein-wird\/","og_site_name":"W\u00fcrde - DignityNews.eu","article_published_time":"2022-07-07T07:07:04+00:00","article_modified_time":"2022-07-07T14:30:40+00:00","og_image":[{"width":1500,"height":1002,"url":"https:\/\/dignitynews.eu\/wp-content\/uploads\/2022\/07\/Minister-Niedzielski-fot.-Jakub-Kaminski-East-News.jpg","type":"image\/jpeg"}],"author":"Dignity News","twitter_card":"summary_large_image","twitter_misc":{"Verfasst von":"Dignity News","Gesch\u00e4tzte Lesezeit":"2\u00a0Minuten"},"schema":{"@context":"https:\/\/schema.org","@graph":[{"@type":"WebSite","@id":"https:\/\/dignitynews.eu\/pl\/#website","url":"https:\/\/dignitynews.eu\/pl\/","name":"W\u00fcrde - DignityNews.eu","description":"","potentialAction":[{"@type":"SearchAction","target":{"@type":"EntryPoint","urlTemplate":"https:\/\/dignitynews.eu\/pl\/?s={search_term_string}"},"query-input":"required name=search_term_string"}],"inLanguage":"de"},{"@type":"WebPage","@id":"https:\/\/dignitynews.eu\/de\/gesundheitsminister-teilte-mit-wann-die-rueckkehr-zu-massentests-fuer-covid-19-notwendig-sein-wird\/","url":"https:\/\/dignitynews.eu\/de\/gesundheitsminister-teilte-mit-wann-die-rueckkehr-zu-massentests-fuer-covid-19-notwendig-sein-wird\/","name":"Gesundheitsminister teilte mit, wann die R\u00fcckkehr zu Massentests f\u00fcr COVID-19 notwendig sein wird - W\u00fcrde - DignityNews.eu","isPartOf":{"@id":"https:\/\/dignitynews.eu\/pl\/#website"},"datePublished":"2022-07-07T07:07:04+00:00","dateModified":"2022-07-07T14:30:40+00:00","author":{"@id":"https:\/\/dignitynews.eu\/pl\/#\/schema\/person\/0b62b762b8174802fabc81a3ecb1bfcb"},"breadcrumb":{"@id":"https:\/\/dignitynews.eu\/de\/gesundheitsminister-teilte-mit-wann-die-rueckkehr-zu-massentests-fuer-covid-19-notwendig-sein-wird\/#breadcrumb"},"inLanguage":"de","potentialAction":[{"@type":"ReadAction","target":["https:\/\/dignitynews.eu\/de\/gesundheitsminister-teilte-mit-wann-die-rueckkehr-zu-massentests-fuer-covid-19-notwendig-sein-wird\/"]}]},{"@type":"BreadcrumbList","@id":"https:\/\/dignitynews.eu\/de\/gesundheitsminister-teilte-mit-wann-die-rueckkehr-zu-massentests-fuer-covid-19-notwendig-sein-wird\/#breadcrumb","itemListElement":[{"@type":"ListItem","position":1,"name":"Strona g\u0142\u00f3wna","item":"https:\/\/dignitynews.eu\/de\/"},{"@type":"ListItem","position":2,"name":"Gesundheitsminister teilte mit, wann die R\u00fcckkehr zu Massentests f\u00fcr COVID-19 notwendig sein wird"}]},{"@type":"Person","@id":"https:\/\/dignitynews.eu\/pl\/#\/schema\/person\/0b62b762b8174802fabc81a3ecb1bfcb","name":"Dignity News","image":{"@type":"ImageObject","inLanguage":"de","@id":"https:\/\/dignitynews.eu\/pl\/#\/schema\/person\/image\/","url":"https:\/\/secure.gravatar.com\/avatar\/97963171a6d9108f8381bbefb1c6b150c445b6ddd9e3077b96c86cf5892c85dc?s=96&d=mm&r=g","contentUrl":"https:\/\/secure.gravatar.com\/avatar\/97963171a6d9108f8381bbefb1c6b150c445b6ddd9e3077b96c86cf5892c85dc?s=96&d=mm&r=g","caption":"Dignity News"},"url":"https:\/\/dignitynews.eu\/de\/author\/mikolaj-palade\/"}]}},"_links":{"self":[{"href":"https:\/\/dignitynews.eu\/de\/wp-json\/wp\/v2\/posts\/23425","targetHints":{"allow":["GET"]}}],"collection":[{"href":"https:\/\/dignitynews.eu\/de\/wp-json\/wp\/v2\/posts"}],"about":[{"href":"https:\/\/dignitynews.eu\/de\/wp-json\/wp\/v2\/types\/post"}],"author":[{"embeddable":true,"href":"https:\/\/dignitynews.eu\/de\/wp-json\/wp\/v2\/users\/7"}],"replies":[{"embeddable":true,"href":"https:\/\/dignitynews.eu\/de\/wp-json\/wp\/v2\/comments?post=23425"}],"version-history":[{"count":1,"href":"https:\/\/dignitynews.eu\/de\/wp-json\/wp\/v2\/posts\/23425\/revisions"}],"predecessor-version":[{"id":23426,"href":"https:\/\/dignitynews.eu\/de\/wp-json\/wp\/v2\/posts\/23425\/revisions\/23426"}],"wp:featuredmedia":[{"embeddable":true,"href":"https:\/\/dignitynews.eu\/de\/wp-json\/wp\/v2\/media\/23360"}],"wp:attachment":[{"href":"https:\/\/dignitynews.eu\/de\/wp-json\/wp\/v2\/media?parent=23425"}],"wp:term":[{"taxonomy":"category","embeddable":true,"href":"https:\/\/dignitynews.eu\/de\/wp-json\/wp\/v2\/categories?post=23425"},{"taxonomy":"post_tag","embeddable":true,"href":"https:\/\/dignitynews.eu\/de\/wp-json\/wp\/v2\/tags?post=23425"}],"curies":[{"name":"wp","href":"https:\/\/api.w.org\/{rel}","templated":true}]}}