{"id":23421,"date":"2022-07-07T09:10:22","date_gmt":"2022-07-07T07:10:22","guid":{"rendered":"https:\/\/dignitynews.eu\/?p=23421"},"modified":"2022-07-07T16:28:51","modified_gmt":"2022-07-07T14:28:51","slug":"treffen-der-praesidenten-von-polen-und-litauen-in-der-suwalki-luecke","status":"publish","type":"post","link":"https:\/\/dignitynews.eu\/de\/treffen-der-praesidenten-von-polen-und-litauen-in-der-suwalki-luecke\/","title":{"rendered":"Treffen der Pr\u00e4sidenten von Polen und Litauen in der Suwa\u0142ki-L\u00fccke"},"content":{"rendered":"<h5><strong>Am Donnerstag, dem 7. Juli 2022, wird der polnische Pr\u00e4sident Andrzej Duda das mobile Befehlszentrum der multinationalen Nord-Ost-Division in der Suwa\u0142ki-L\u00fccke besuchen und dort mit dem litauischen Pr\u00e4sidenten Gitanas Naus\u0117da zusammentreffen. Anschlie\u00dfend werden die beiden Pr\u00e4sidenten das Logistikbataillon im litauischen Marijampol\u0117 besuchen.<\/strong><\/h5>\n<p>Das Treffen der Pr\u00e4sidenten Polens und Litauens in der Suwa\u0142ki-L\u00fccke hat eine symbolische Dimension. Es ist ein Gebiet um Suwa\u0142ki, August\u00f3w und Sejny. Es verbindet Polen mit Litauen und den \u00fcbrigen baltischen Staaten und trennt gleichzeitig die russische Oblast Kaliningrad von Belarus.<\/p>\n<p>Es ist die einzige Landverbindung zwischen den baltischen Staaten und dem Rest der NATO und der Europ\u00e4ischen Union. Im Zuge des Krieges in der Ukraine wurden Bef\u00fcrchtungen laut, dass die Suwa\u0142ki-L\u00fccke an der polnisch-litauischen Grenze, die als \u201eNATO-Engpass\u201d bezeichnet wird, von den Russen angegriffen werden k\u00f6nnte.<\/p>\n<p>Nach Angaben des Operationszentrums des polnischen Verteidigungsministeriums liegt die Suwa\u0142ki-L\u00fccke haupts\u00e4chlich im Zust\u00e4ndigkeitsbereich der 16. mechanisierten Division, insbesondere der zu ihr geh\u00f6renden 15. mechanisierten Brigade, und einer multinationalen Bataillonsgruppe im Rahmen der eFP-Initiative (enhanced Forward Presence) mit den USA als Rahmenstaat. Dar\u00fcber hinaus dienen dort Verb\u00fcndete aus Rum\u00e4nien, dem Vereinigten K\u00f6nigreich und Kroatien. Die Gruppe arbeitet t\u00e4glich mit der 15. Brigade zusammen. Polen spielt eine besondere Rolle in der eFP-Initiative \u2014 es ist eines der Gastgeberl\u00e4nder, aber auch ein Staat, der seine Kr\u00e4fte delegiert.<\/p>\n<p>Das Ministerium f\u00fcr Nationale Verteidigung erinnert daran, dass ein wichtiges Element beim Aufbau eines Sicherheitssystems in diesem Teil Polens die Zusammenarbeit mit Litauen ist. Das NATO-Kommando der multinationalen Nord-Ost-Division, das die Aktivit\u00e4ten der Kampftruppen der NATO Enhanced Forward Presence koordiniert, befindet sich in Elbl\u0105g.<\/p>\n<p>Adrian Andrzejewski<\/p>\n","protected":false},"excerpt":{"rendered":"<p>Am Donnerstag, dem 7. Juli 2022, wird der polnische Pr\u00e4sident Andrzej Duda das mobile Befehlszentrum der multinationalen Nord-Ost-Division in der Suwa\u0142ki-L\u00fccke besuchen und dort mit dem litauischen Pr\u00e4sidenten Gitanas Naus\u0117da&hellip;<\/p>\n","protected":false},"author":7,"featured_media":23346,"comment_status":"closed","ping_status":"open","sticky":false,"template":"","format":"standard","meta":{"_mi_skip_tracking":false,"footnotes":""},"categories":[53],"tags":[],"class_list":["post-23421","post","type-post","status-publish","format-standard","has-post-thumbnail","hentry","category-nachrichten"],"yoast_head":"<!-- This site is optimized with the Yoast SEO plugin v19.4 - https:\/\/yoast.com\/wordpress\/plugins\/seo\/ -->\n<title>Treffen der Pr\u00e4sidenten von Polen und Litauen in der Suwa\u0142ki-L\u00fccke - W\u00fcrde - DignityNews.eu<\/title>\n<meta name=\"robots\" content=\"index, follow, max-snippet:-1, max-image-preview:large, max-video-preview:-1\" \/>\n<link rel=\"canonical\" href=\"https:\/\/dignitynews.eu\/de\/treffen-der-praesidenten-von-polen-und-litauen-in-der-suwalki-luecke\/\" \/>\n<meta property=\"og:locale\" content=\"de_DE\" \/>\n<meta property=\"og:type\" content=\"article\" \/>\n<meta property=\"og:title\" content=\"Treffen der Pr\u00e4sidenten von Polen und Litauen in der Suwa\u0142ki-L\u00fccke - W\u00fcrde - DignityNews.eu\" \/>\n<meta property=\"og:description\" content=\"Am Donnerstag, dem 7. Juli 2022, wird der polnische Pr\u00e4sident Andrzej Duda das mobile Befehlszentrum der multinationalen Nord-Ost-Division in der Suwa\u0142ki-L\u00fccke besuchen und dort mit dem litauischen Pr\u00e4sidenten Gitanas Naus\u0117da&hellip;\" \/>\n<meta property=\"og:url\" content=\"https:\/\/dignitynews.eu\/de\/treffen-der-praesidenten-von-polen-und-litauen-in-der-suwalki-luecke\/\" \/>\n<meta property=\"og:site_name\" content=\"W\u00fcrde - DignityNews.eu\" \/>\n<meta property=\"article:published_time\" content=\"2022-07-07T07:10:22+00:00\" \/>\n<meta property=\"article:modified_time\" content=\"2022-07-07T14:28:51+00:00\" \/>\n<meta property=\"og:image\" content=\"https:\/\/dignitynews.eu\/wp-content\/uploads\/2022\/07\/Prezydenci-Polski-i-Litwy-fot.-Grzegorz-Bukala-REPORTER.jpg\" \/>\n\t<meta property=\"og:image:width\" content=\"1500\" \/>\n\t<meta property=\"og:image:height\" content=\"1000\" \/>\n\t<meta property=\"og:image:type\" content=\"image\/jpeg\" \/>\n<meta name=\"author\" content=\"Dignity News\" \/>\n<meta name=\"twitter:card\" content=\"summary_large_image\" \/>\n<meta name=\"twitter:label1\" content=\"Verfasst von\" \/>\n\t<meta name=\"twitter:data1\" content=\"Dignity News\" \/>\n\t<meta name=\"twitter:label2\" content=\"Gesch\u00e4tzte Lesezeit\" \/>\n\t<meta name=\"twitter:data2\" content=\"1\u00a0Minute\" \/>\n<script type=\"application\/ld+json\" class=\"yoast-schema-graph\">{\"@context\":\"https:\/\/schema.org\",\"@graph\":[{\"@type\":\"WebSite\",\"@id\":\"https:\/\/dignitynews.eu\/pl\/#website\",\"url\":\"https:\/\/dignitynews.eu\/pl\/\",\"name\":\"W\u00fcrde - DignityNews.eu\",\"description\":\"\",\"potentialAction\":[{\"@type\":\"SearchAction\",\"target\":{\"@type\":\"EntryPoint\",\"urlTemplate\":\"https:\/\/dignitynews.eu\/pl\/?s={search_term_string}\"},\"query-input\":\"required name=search_term_string\"}],\"inLanguage\":\"de\"},{\"@type\":\"WebPage\",\"@id\":\"https:\/\/dignitynews.eu\/de\/treffen-der-praesidenten-von-polen-und-litauen-in-der-suwalki-luecke\/\",\"url\":\"https:\/\/dignitynews.eu\/de\/treffen-der-praesidenten-von-polen-und-litauen-in-der-suwalki-luecke\/\",\"name\":\"Treffen der Pr\u00e4sidenten von Polen und Litauen in der Suwa\u0142ki-L\u00fccke - W\u00fcrde - DignityNews.eu\",\"isPartOf\":{\"@id\":\"https:\/\/dignitynews.eu\/pl\/#website\"},\"datePublished\":\"2022-07-07T07:10:22+00:00\",\"dateModified\":\"2022-07-07T14:28:51+00:00\",\"author\":{\"@id\":\"https:\/\/dignitynews.eu\/pl\/#\/schema\/person\/0b62b762b8174802fabc81a3ecb1bfcb\"},\"breadcrumb\":{\"@id\":\"https:\/\/dignitynews.eu\/de\/treffen-der-praesidenten-von-polen-und-litauen-in-der-suwalki-luecke\/#breadcrumb\"},\"inLanguage\":\"de\",\"potentialAction\":[{\"@type\":\"ReadAction\",\"target\":[\"https:\/\/dignitynews.eu\/de\/treffen-der-praesidenten-von-polen-und-litauen-in-der-suwalki-luecke\/\"]}]},{\"@type\":\"BreadcrumbList\",\"@id\":\"https:\/\/dignitynews.eu\/de\/treffen-der-praesidenten-von-polen-und-litauen-in-der-suwalki-luecke\/#breadcrumb\",\"itemListElement\":[{\"@type\":\"ListItem\",\"position\":1,\"name\":\"Strona g\u0142\u00f3wna\",\"item\":\"https:\/\/dignitynews.eu\/de\/\"},{\"@type\":\"ListItem\",\"position\":2,\"name\":\"Treffen der Pr\u00e4sidenten von Polen und Litauen in der Suwa\u0142ki-L\u00fccke\"}]},{\"@type\":\"Person\",\"@id\":\"https:\/\/dignitynews.eu\/pl\/#\/schema\/person\/0b62b762b8174802fabc81a3ecb1bfcb\",\"name\":\"Dignity News\",\"image\":{\"@type\":\"ImageObject\",\"inLanguage\":\"de\",\"@id\":\"https:\/\/dignitynews.eu\/pl\/#\/schema\/person\/image\/\",\"url\":\"https:\/\/secure.gravatar.com\/avatar\/97963171a6d9108f8381bbefb1c6b150c445b6ddd9e3077b96c86cf5892c85dc?s=96&d=mm&r=g\",\"contentUrl\":\"https:\/\/secure.gravatar.com\/avatar\/97963171a6d9108f8381bbefb1c6b150c445b6ddd9e3077b96c86cf5892c85dc?s=96&d=mm&r=g\",\"caption\":\"Dignity News\"},\"url\":\"https:\/\/dignitynews.eu\/de\/author\/mikolaj-palade\/\"}]}<\/script>\n<!-- \/ Yoast SEO plugin. -->","yoast_head_json":{"title":"Treffen der Pr\u00e4sidenten von Polen und Litauen in der Suwa\u0142ki-L\u00fccke - W\u00fcrde - DignityNews.eu","robots":{"index":"index","follow":"follow","max-snippet":"max-snippet:-1","max-image-preview":"max-image-preview:large","max-video-preview":"max-video-preview:-1"},"canonical":"https:\/\/dignitynews.eu\/de\/treffen-der-praesidenten-von-polen-und-litauen-in-der-suwalki-luecke\/","og_locale":"de_DE","og_type":"article","og_title":"Treffen der Pr\u00e4sidenten von Polen und Litauen in der Suwa\u0142ki-L\u00fccke - W\u00fcrde - DignityNews.eu","og_description":"Am Donnerstag, dem 7. Juli 2022, wird der polnische Pr\u00e4sident Andrzej Duda das mobile Befehlszentrum der multinationalen Nord-Ost-Division in der Suwa\u0142ki-L\u00fccke besuchen und dort mit dem litauischen Pr\u00e4sidenten Gitanas Naus\u0117da&hellip;","og_url":"https:\/\/dignitynews.eu\/de\/treffen-der-praesidenten-von-polen-und-litauen-in-der-suwalki-luecke\/","og_site_name":"W\u00fcrde - DignityNews.eu","article_published_time":"2022-07-07T07:10:22+00:00","article_modified_time":"2022-07-07T14:28:51+00:00","og_image":[{"width":1500,"height":1000,"url":"https:\/\/dignitynews.eu\/wp-content\/uploads\/2022\/07\/Prezydenci-Polski-i-Litwy-fot.-Grzegorz-Bukala-REPORTER.jpg","type":"image\/jpeg"}],"author":"Dignity News","twitter_card":"summary_large_image","twitter_misc":{"Verfasst von":"Dignity News","Gesch\u00e4tzte Lesezeit":"1\u00a0Minute"},"schema":{"@context":"https:\/\/schema.org","@graph":[{"@type":"WebSite","@id":"https:\/\/dignitynews.eu\/pl\/#website","url":"https:\/\/dignitynews.eu\/pl\/","name":"W\u00fcrde - DignityNews.eu","description":"","potentialAction":[{"@type":"SearchAction","target":{"@type":"EntryPoint","urlTemplate":"https:\/\/dignitynews.eu\/pl\/?s={search_term_string}"},"query-input":"required name=search_term_string"}],"inLanguage":"de"},{"@type":"WebPage","@id":"https:\/\/dignitynews.eu\/de\/treffen-der-praesidenten-von-polen-und-litauen-in-der-suwalki-luecke\/","url":"https:\/\/dignitynews.eu\/de\/treffen-der-praesidenten-von-polen-und-litauen-in-der-suwalki-luecke\/","name":"Treffen der Pr\u00e4sidenten von Polen und Litauen in der Suwa\u0142ki-L\u00fccke - W\u00fcrde - DignityNews.eu","isPartOf":{"@id":"https:\/\/dignitynews.eu\/pl\/#website"},"datePublished":"2022-07-07T07:10:22+00:00","dateModified":"2022-07-07T14:28:51+00:00","author":{"@id":"https:\/\/dignitynews.eu\/pl\/#\/schema\/person\/0b62b762b8174802fabc81a3ecb1bfcb"},"breadcrumb":{"@id":"https:\/\/dignitynews.eu\/de\/treffen-der-praesidenten-von-polen-und-litauen-in-der-suwalki-luecke\/#breadcrumb"},"inLanguage":"de","potentialAction":[{"@type":"ReadAction","target":["https:\/\/dignitynews.eu\/de\/treffen-der-praesidenten-von-polen-und-litauen-in-der-suwalki-luecke\/"]}]},{"@type":"BreadcrumbList","@id":"https:\/\/dignitynews.eu\/de\/treffen-der-praesidenten-von-polen-und-litauen-in-der-suwalki-luecke\/#breadcrumb","itemListElement":[{"@type":"ListItem","position":1,"name":"Strona g\u0142\u00f3wna","item":"https:\/\/dignitynews.eu\/de\/"},{"@type":"ListItem","position":2,"name":"Treffen der Pr\u00e4sidenten von Polen und Litauen in der Suwa\u0142ki-L\u00fccke"}]},{"@type":"Person","@id":"https:\/\/dignitynews.eu\/pl\/#\/schema\/person\/0b62b762b8174802fabc81a3ecb1bfcb","name":"Dignity News","image":{"@type":"ImageObject","inLanguage":"de","@id":"https:\/\/dignitynews.eu\/pl\/#\/schema\/person\/image\/","url":"https:\/\/secure.gravatar.com\/avatar\/97963171a6d9108f8381bbefb1c6b150c445b6ddd9e3077b96c86cf5892c85dc?s=96&d=mm&r=g","contentUrl":"https:\/\/secure.gravatar.com\/avatar\/97963171a6d9108f8381bbefb1c6b150c445b6ddd9e3077b96c86cf5892c85dc?s=96&d=mm&r=g","caption":"Dignity News"},"url":"https:\/\/dignitynews.eu\/de\/author\/mikolaj-palade\/"}]}},"_links":{"self":[{"href":"https:\/\/dignitynews.eu\/de\/wp-json\/wp\/v2\/posts\/23421","targetHints":{"allow":["GET"]}}],"collection":[{"href":"https:\/\/dignitynews.eu\/de\/wp-json\/wp\/v2\/posts"}],"about":[{"href":"https:\/\/dignitynews.eu\/de\/wp-json\/wp\/v2\/types\/post"}],"author":[{"embeddable":true,"href":"https:\/\/dignitynews.eu\/de\/wp-json\/wp\/v2\/users\/7"}],"replies":[{"embeddable":true,"href":"https:\/\/dignitynews.eu\/de\/wp-json\/wp\/v2\/comments?post=23421"}],"version-history":[{"count":1,"href":"https:\/\/dignitynews.eu\/de\/wp-json\/wp\/v2\/posts\/23421\/revisions"}],"predecessor-version":[{"id":23422,"href":"https:\/\/dignitynews.eu\/de\/wp-json\/wp\/v2\/posts\/23421\/revisions\/23422"}],"wp:featuredmedia":[{"embeddable":true,"href":"https:\/\/dignitynews.eu\/de\/wp-json\/wp\/v2\/media\/23346"}],"wp:attachment":[{"href":"https:\/\/dignitynews.eu\/de\/wp-json\/wp\/v2\/media?parent=23421"}],"wp:term":[{"taxonomy":"category","embeddable":true,"href":"https:\/\/dignitynews.eu\/de\/wp-json\/wp\/v2\/categories?post=23421"},{"taxonomy":"post_tag","embeddable":true,"href":"https:\/\/dignitynews.eu\/de\/wp-json\/wp\/v2\/tags?post=23421"}],"curies":[{"name":"wp","href":"https:\/\/api.w.org\/{rel}","templated":true}]}}