{"id":23313,"date":"2022-07-06T11:05:31","date_gmt":"2022-07-06T09:05:31","guid":{"rendered":"https:\/\/dignitynews.eu\/?p=23313"},"modified":"2022-07-06T16:27:09","modified_gmt":"2022-07-06T14:27:09","slug":"steigende-zahl-der-covid-19-infektionen-weltweit-und-in-polen","status":"publish","type":"post","link":"https:\/\/dignitynews.eu\/de\/steigende-zahl-der-covid-19-infektionen-weltweit-und-in-polen\/","title":{"rendered":"Steigende Zahl der COVID-19-Infektionen weltweit und in Polen"},"content":{"rendered":"<h5><strong>\u201eAm Dienstag, dem 5. Juli, \u00fcberstieg die t\u00e4gliche Zahl der COVID-19-Infektionen zum ersten Mal seit mehr als zwei Monaten die Zahl von 1000 F\u00e4llen. Die Zahl der Krankenhausaufenthalte bleibt unter 400. Wir haben es mit einer steigenden Zahl von Infektionen zu tun, die jedoch keine Gefahr f\u00fcr die Kapazit\u00e4t des Gesundheitssystems darstellt\u201d, teilte Gesundheitsminister Adam Niedzielski in einem Beitrag auf Twitter mit.<\/strong><\/h5>\n<p>Nach Angaben des Gesundheitsministeriums wurden am 5. Juli 1075 Coronavirus-Infektionen registriert, darunter 166 Wiederholungsinfektionen. Vor einer Woche wurden 696 Coronavirus-Infektionen gemeldet, darunter 71 Wiederholungsinfektionen.<\/p>\n<p>Das Gesundheitsministerium versichert, dass es zusammen mit den kooperierenden Expertenzentren nationale und internationale Analysen verfolgt. Dabei unterstreicht es, dass es sich auf verschiedene Szenarien vorbereitet, w\u00e4hrend zum jetzigen Zeitpunkt \u201enoch keine Entscheidungen f\u00fcr regulatorische \u00c4nderungen getroffen wurden\u201d.<\/p>\n<p>Die Zahl der Neuinfektionen mit COVID-19 nimmt weltweit zu. Die Omicron-Untervarianten BA.5 und BA.4 sind vorherrschend und im Vergleich zu den bestehenden Varianten ansteckender.<\/p>\n<p>BA.5 macht 54% der neuen F\u00e4lle in den USA aus. In S\u00fcdkorea liegt der Anteil dieser Untervariante bereits bei 25%, und auch in Italien und Deutschland ist sie weit verbreitet.<\/p>\n<p>Nach Angaben des Robert-Koch-Instituts gibt es in Deutschland derzeit 688 Neuinfektionen pro 100.000 Einwohner im 7-Tage-Schnitt. Wie die deutsche Nachrichtenagentur DPA berichtet, gehen Experten jedoch davon aus, dass die Zahl der Infektionen doppelt so hoch ist, da viele Menschen den PCR-Test nicht mehr durchf\u00fchren und somit nicht in die Statistik eingehen.<\/p>\n<p>\u201eDie Untervarianten des Omikrons BA.4 und BA.5 sind noch st\u00e4rker mutiert als das urspr\u00fcngliche Omikron, was bedeutet, dass unser Immunsystem Schwierigkeiten hat, diese neuen Untervarianten zu erkennen, unabh\u00e4ngig davon, ob wir zuvor geimpft oder infiziert wurden\u201d, schrieb Celine Gounder, eine Expertin f\u00fcr Infektionskrankheiten an der New York University, auf Twitter.<\/p>\n<p>Adrian Andrzejewski<\/p>\n","protected":false},"excerpt":{"rendered":"<p>\u201eAm Dienstag, dem 5. Juli, \u00fcberstieg die t\u00e4gliche Zahl der COVID-19-Infektionen zum ersten Mal seit mehr als zwei Monaten die Zahl von 1000 F\u00e4llen. Die Zahl der Krankenhausaufenthalte bleibt unter&hellip;<\/p>\n","protected":false},"author":7,"featured_media":23253,"comment_status":"closed","ping_status":"open","sticky":false,"template":"","format":"standard","meta":{"_mi_skip_tracking":false,"footnotes":""},"categories":[53],"tags":[],"class_list":["post-23313","post","type-post","status-publish","format-standard","has-post-thumbnail","hentry","category-nachrichten"],"yoast_head":"<!-- This site is optimized with the Yoast SEO plugin v19.4 - https:\/\/yoast.com\/wordpress\/plugins\/seo\/ -->\n<title>Steigende Zahl der COVID-19-Infektionen weltweit und in Polen - W\u00fcrde - DignityNews.eu<\/title>\n<meta name=\"robots\" content=\"index, follow, max-snippet:-1, max-image-preview:large, max-video-preview:-1\" \/>\n<link rel=\"canonical\" href=\"https:\/\/dignitynews.eu\/de\/steigende-zahl-der-covid-19-infektionen-weltweit-und-in-polen\/\" \/>\n<meta property=\"og:locale\" content=\"de_DE\" \/>\n<meta property=\"og:type\" content=\"article\" \/>\n<meta property=\"og:title\" content=\"Steigende Zahl der COVID-19-Infektionen weltweit und in Polen - W\u00fcrde - DignityNews.eu\" \/>\n<meta property=\"og:description\" content=\"\u201eAm Dienstag, dem 5. Juli, \u00fcberstieg die t\u00e4gliche Zahl der COVID-19-Infektionen zum ersten Mal seit mehr als zwei Monaten die Zahl von 1000 F\u00e4llen. Die Zahl der Krankenhausaufenthalte bleibt unter&hellip;\" \/>\n<meta property=\"og:url\" content=\"https:\/\/dignitynews.eu\/de\/steigende-zahl-der-covid-19-infektionen-weltweit-und-in-polen\/\" \/>\n<meta property=\"og:site_name\" content=\"W\u00fcrde - DignityNews.eu\" \/>\n<meta property=\"article:published_time\" content=\"2022-07-06T09:05:31+00:00\" \/>\n<meta property=\"article:modified_time\" content=\"2022-07-06T14:27:09+00:00\" \/>\n<meta property=\"og:image\" content=\"https:\/\/dignitynews.eu\/wp-content\/uploads\/2022\/07\/COVID19-fot.-ARKADIUSZ-ZIOLEK-East-News.jpg\" \/>\n\t<meta property=\"og:image:width\" content=\"1500\" \/>\n\t<meta property=\"og:image:height\" content=\"1000\" \/>\n\t<meta property=\"og:image:type\" content=\"image\/jpeg\" \/>\n<meta name=\"author\" content=\"Dignity News\" \/>\n<meta name=\"twitter:card\" content=\"summary_large_image\" \/>\n<meta name=\"twitter:label1\" content=\"Verfasst von\" \/>\n\t<meta name=\"twitter:data1\" content=\"Dignity News\" \/>\n\t<meta name=\"twitter:label2\" content=\"Gesch\u00e4tzte Lesezeit\" \/>\n\t<meta name=\"twitter:data2\" content=\"1\u00a0Minute\" \/>\n<script type=\"application\/ld+json\" class=\"yoast-schema-graph\">{\"@context\":\"https:\/\/schema.org\",\"@graph\":[{\"@type\":\"WebSite\",\"@id\":\"https:\/\/dignitynews.eu\/pl\/#website\",\"url\":\"https:\/\/dignitynews.eu\/pl\/\",\"name\":\"W\u00fcrde - DignityNews.eu\",\"description\":\"\",\"potentialAction\":[{\"@type\":\"SearchAction\",\"target\":{\"@type\":\"EntryPoint\",\"urlTemplate\":\"https:\/\/dignitynews.eu\/pl\/?s={search_term_string}\"},\"query-input\":\"required name=search_term_string\"}],\"inLanguage\":\"de\"},{\"@type\":\"WebPage\",\"@id\":\"https:\/\/dignitynews.eu\/de\/steigende-zahl-der-covid-19-infektionen-weltweit-und-in-polen\/\",\"url\":\"https:\/\/dignitynews.eu\/de\/steigende-zahl-der-covid-19-infektionen-weltweit-und-in-polen\/\",\"name\":\"Steigende Zahl der COVID-19-Infektionen weltweit und in Polen - W\u00fcrde - DignityNews.eu\",\"isPartOf\":{\"@id\":\"https:\/\/dignitynews.eu\/pl\/#website\"},\"datePublished\":\"2022-07-06T09:05:31+00:00\",\"dateModified\":\"2022-07-06T14:27:09+00:00\",\"author\":{\"@id\":\"https:\/\/dignitynews.eu\/pl\/#\/schema\/person\/0b62b762b8174802fabc81a3ecb1bfcb\"},\"breadcrumb\":{\"@id\":\"https:\/\/dignitynews.eu\/de\/steigende-zahl-der-covid-19-infektionen-weltweit-und-in-polen\/#breadcrumb\"},\"inLanguage\":\"de\",\"potentialAction\":[{\"@type\":\"ReadAction\",\"target\":[\"https:\/\/dignitynews.eu\/de\/steigende-zahl-der-covid-19-infektionen-weltweit-und-in-polen\/\"]}]},{\"@type\":\"BreadcrumbList\",\"@id\":\"https:\/\/dignitynews.eu\/de\/steigende-zahl-der-covid-19-infektionen-weltweit-und-in-polen\/#breadcrumb\",\"itemListElement\":[{\"@type\":\"ListItem\",\"position\":1,\"name\":\"Strona g\u0142\u00f3wna\",\"item\":\"https:\/\/dignitynews.eu\/de\/\"},{\"@type\":\"ListItem\",\"position\":2,\"name\":\"Steigende Zahl der COVID-19-Infektionen weltweit und in Polen\"}]},{\"@type\":\"Person\",\"@id\":\"https:\/\/dignitynews.eu\/pl\/#\/schema\/person\/0b62b762b8174802fabc81a3ecb1bfcb\",\"name\":\"Dignity News\",\"image\":{\"@type\":\"ImageObject\",\"inLanguage\":\"de\",\"@id\":\"https:\/\/dignitynews.eu\/pl\/#\/schema\/person\/image\/\",\"url\":\"https:\/\/secure.gravatar.com\/avatar\/97963171a6d9108f8381bbefb1c6b150c445b6ddd9e3077b96c86cf5892c85dc?s=96&d=mm&r=g\",\"contentUrl\":\"https:\/\/secure.gravatar.com\/avatar\/97963171a6d9108f8381bbefb1c6b150c445b6ddd9e3077b96c86cf5892c85dc?s=96&d=mm&r=g\",\"caption\":\"Dignity News\"},\"url\":\"https:\/\/dignitynews.eu\/de\/author\/mikolaj-palade\/\"}]}<\/script>\n<!-- \/ Yoast SEO plugin. -->","yoast_head_json":{"title":"Steigende Zahl der COVID-19-Infektionen weltweit und in Polen - W\u00fcrde - DignityNews.eu","robots":{"index":"index","follow":"follow","max-snippet":"max-snippet:-1","max-image-preview":"max-image-preview:large","max-video-preview":"max-video-preview:-1"},"canonical":"https:\/\/dignitynews.eu\/de\/steigende-zahl-der-covid-19-infektionen-weltweit-und-in-polen\/","og_locale":"de_DE","og_type":"article","og_title":"Steigende Zahl der COVID-19-Infektionen weltweit und in Polen - W\u00fcrde - DignityNews.eu","og_description":"\u201eAm Dienstag, dem 5. Juli, \u00fcberstieg die t\u00e4gliche Zahl der COVID-19-Infektionen zum ersten Mal seit mehr als zwei Monaten die Zahl von 1000 F\u00e4llen. Die Zahl der Krankenhausaufenthalte bleibt unter&hellip;","og_url":"https:\/\/dignitynews.eu\/de\/steigende-zahl-der-covid-19-infektionen-weltweit-und-in-polen\/","og_site_name":"W\u00fcrde - DignityNews.eu","article_published_time":"2022-07-06T09:05:31+00:00","article_modified_time":"2022-07-06T14:27:09+00:00","og_image":[{"width":1500,"height":1000,"url":"https:\/\/dignitynews.eu\/wp-content\/uploads\/2022\/07\/COVID19-fot.-ARKADIUSZ-ZIOLEK-East-News.jpg","type":"image\/jpeg"}],"author":"Dignity News","twitter_card":"summary_large_image","twitter_misc":{"Verfasst von":"Dignity News","Gesch\u00e4tzte Lesezeit":"1\u00a0Minute"},"schema":{"@context":"https:\/\/schema.org","@graph":[{"@type":"WebSite","@id":"https:\/\/dignitynews.eu\/pl\/#website","url":"https:\/\/dignitynews.eu\/pl\/","name":"W\u00fcrde - DignityNews.eu","description":"","potentialAction":[{"@type":"SearchAction","target":{"@type":"EntryPoint","urlTemplate":"https:\/\/dignitynews.eu\/pl\/?s={search_term_string}"},"query-input":"required name=search_term_string"}],"inLanguage":"de"},{"@type":"WebPage","@id":"https:\/\/dignitynews.eu\/de\/steigende-zahl-der-covid-19-infektionen-weltweit-und-in-polen\/","url":"https:\/\/dignitynews.eu\/de\/steigende-zahl-der-covid-19-infektionen-weltweit-und-in-polen\/","name":"Steigende Zahl der COVID-19-Infektionen weltweit und in Polen - W\u00fcrde - DignityNews.eu","isPartOf":{"@id":"https:\/\/dignitynews.eu\/pl\/#website"},"datePublished":"2022-07-06T09:05:31+00:00","dateModified":"2022-07-06T14:27:09+00:00","author":{"@id":"https:\/\/dignitynews.eu\/pl\/#\/schema\/person\/0b62b762b8174802fabc81a3ecb1bfcb"},"breadcrumb":{"@id":"https:\/\/dignitynews.eu\/de\/steigende-zahl-der-covid-19-infektionen-weltweit-und-in-polen\/#breadcrumb"},"inLanguage":"de","potentialAction":[{"@type":"ReadAction","target":["https:\/\/dignitynews.eu\/de\/steigende-zahl-der-covid-19-infektionen-weltweit-und-in-polen\/"]}]},{"@type":"BreadcrumbList","@id":"https:\/\/dignitynews.eu\/de\/steigende-zahl-der-covid-19-infektionen-weltweit-und-in-polen\/#breadcrumb","itemListElement":[{"@type":"ListItem","position":1,"name":"Strona g\u0142\u00f3wna","item":"https:\/\/dignitynews.eu\/de\/"},{"@type":"ListItem","position":2,"name":"Steigende Zahl der COVID-19-Infektionen weltweit und in Polen"}]},{"@type":"Person","@id":"https:\/\/dignitynews.eu\/pl\/#\/schema\/person\/0b62b762b8174802fabc81a3ecb1bfcb","name":"Dignity News","image":{"@type":"ImageObject","inLanguage":"de","@id":"https:\/\/dignitynews.eu\/pl\/#\/schema\/person\/image\/","url":"https:\/\/secure.gravatar.com\/avatar\/97963171a6d9108f8381bbefb1c6b150c445b6ddd9e3077b96c86cf5892c85dc?s=96&d=mm&r=g","contentUrl":"https:\/\/secure.gravatar.com\/avatar\/97963171a6d9108f8381bbefb1c6b150c445b6ddd9e3077b96c86cf5892c85dc?s=96&d=mm&r=g","caption":"Dignity News"},"url":"https:\/\/dignitynews.eu\/de\/author\/mikolaj-palade\/"}]}},"_links":{"self":[{"href":"https:\/\/dignitynews.eu\/de\/wp-json\/wp\/v2\/posts\/23313","targetHints":{"allow":["GET"]}}],"collection":[{"href":"https:\/\/dignitynews.eu\/de\/wp-json\/wp\/v2\/posts"}],"about":[{"href":"https:\/\/dignitynews.eu\/de\/wp-json\/wp\/v2\/types\/post"}],"author":[{"embeddable":true,"href":"https:\/\/dignitynews.eu\/de\/wp-json\/wp\/v2\/users\/7"}],"replies":[{"embeddable":true,"href":"https:\/\/dignitynews.eu\/de\/wp-json\/wp\/v2\/comments?post=23313"}],"version-history":[{"count":1,"href":"https:\/\/dignitynews.eu\/de\/wp-json\/wp\/v2\/posts\/23313\/revisions"}],"predecessor-version":[{"id":23314,"href":"https:\/\/dignitynews.eu\/de\/wp-json\/wp\/v2\/posts\/23313\/revisions\/23314"}],"wp:featuredmedia":[{"embeddable":true,"href":"https:\/\/dignitynews.eu\/de\/wp-json\/wp\/v2\/media\/23253"}],"wp:attachment":[{"href":"https:\/\/dignitynews.eu\/de\/wp-json\/wp\/v2\/media?parent=23313"}],"wp:term":[{"taxonomy":"category","embeddable":true,"href":"https:\/\/dignitynews.eu\/de\/wp-json\/wp\/v2\/categories?post=23313"},{"taxonomy":"post_tag","embeddable":true,"href":"https:\/\/dignitynews.eu\/de\/wp-json\/wp\/v2\/tags?post=23313"}],"curies":[{"name":"wp","href":"https:\/\/api.w.org\/{rel}","templated":true}]}}