{"id":23311,"date":"2022-07-06T11:04:46","date_gmt":"2022-07-06T09:04:46","guid":{"rendered":"https:\/\/dignitynews.eu\/?p=23311"},"modified":"2022-07-06T16:26:13","modified_gmt":"2022-07-06T14:26:13","slug":"blumen-und-kerzen-auf-dem-friedhof-der-soldaten-der-heimatarmee-in-mikulischki-der-von-den-belarussischen-behoerden-zerstoert-wurde","status":"publish","type":"post","link":"https:\/\/dignitynews.eu\/de\/blumen-und-kerzen-auf-dem-friedhof-der-soldaten-der-heimatarmee-in-mikulischki-der-von-den-belarussischen-behoerden-zerstoert-wurde\/","title":{"rendered":"Blumen und Kerzen auf dem Friedhof der Soldaten der Heimatarmee in Mikulischki, der von den belarussischen Beh\u00f6rden zerst\u00f6rt wurde"},"content":{"rendered":"<h5><strong>Der polnische Gesch\u00e4ftstr\u00e4ger in Wei\u00dfrussland, Marcin Wojciechowski, legte Blumen nieder und z\u00fcndete Kerzen an den Gr\u00e4bern der Soldaten der Heimatarmee (<em>Armia Krajowa<\/em>, AK) in Mikulischki an, einem Friedhof, der auf barbarische Weise dem Erdboden gleichgemacht wurde. \u201eDie polnischen nationalen Gedenkst\u00e4tten in Belarus werden nicht vergessen werden. Ruhm f\u00fcr die Helden!\u201d, wurde auf dem Twitter-Account der polnischen Botschaft in Minsk geschrieben.<\/strong><\/h5>\n<p>In Mikulischki im Rajon Aschmjany im Nordosten der Region Hrodna haben die belarussischen Beh\u00f6rden mit schwerem Ger\u00e4t die Gr\u00e4ber der 1944 gefallenen Soldaten der 3. und 6. Brigade der Heimatarmee zerst\u00f6rt. Keines der 22 Kreuze, die an dieser Gedenkst\u00e4tte errichtet wurden, ist erhalten geblieben.<\/p>\n<p>In diesem Friedhof wurden 1944 zu verschiedenen Zeiten Soldaten der Heimatarmee begraben, sowohl vor als auch nach der Operation \u201eOstra Brama\u201d, die von Einheiten der Heimatarmee vom 7. bis 15. Juli durchgef\u00fchrt wurde, um Vilnius aus deutscher Hand zur\u00fcckzuerobern.<\/p>\n<p>Am 5. Juli 2022 wurde der belarussische Gesch\u00e4ftstr\u00e4ger ins polnische Au\u00dfenministerium einbestellt, dem ein scharfer Protest im Zusammenhang mit der Zerst\u00f6rung des Soldatenfriedhofs der Heimatarmee in Mikulischki \u00fcbergeben wurde.<\/p>\n<p>Das Au\u00dfenministerium gab ebenfalls eine Erkl\u00e4rung ab, in der es hie\u00df, dass \u201edieses au\u00dferordentlich besch\u00e4mende Ereignis ein Beispiel daf\u00fcr ist, dass die derzeitigen belarussischen Beh\u00f6rden alle ihre Verpflichtungen in Bezug auf Gedenkst\u00e4tten in ihrem Hoheitsgebiet verletzen\u201d.<\/p>\n<p>\u201eDies erinnert an die dunkelsten Kapitel der Geschichte des Kommunismus und kann angesichts fr\u00fcherer Berichte \u00fcber die Verw\u00fcstung polnischer Kriegsgr\u00e4ber nur als eine bewusste Aktion zur weiteren Verschlechterung der gegenseitigen Beziehungen zwischen Polen und Wei\u00dfrussland gewertet werden\u201d, schreibt das polnische Au\u00dfenministerium.<\/p>\n<p>\u201eDie Liquidierung polnischer Gr\u00e4ber und Gedenkst\u00e4tten ist ein weiteres und sehr deutliches Beispiel f\u00fcr das Vorgehen des Minsker Regimes gegen die Polen in Wei\u00dfrussland\u201d, hei\u00dft es weiter.<\/p>\n<p>Das Au\u00dfenministerium verurteilte die antipolnische Kampagne der belarussischen Beh\u00f6rden, die darauf abzielt, die Spuren des Polentums in Belarus zu beseitigen.<\/p>\n<p>Adrian Andrzejewski<\/p>\n","protected":false},"excerpt":{"rendered":"<p>Der polnische Gesch\u00e4ftstr\u00e4ger in Wei\u00dfrussland, Marcin Wojciechowski, legte Blumen nieder und z\u00fcndete Kerzen an den Gr\u00e4bern der Soldaten der Heimatarmee (Armia Krajowa, AK) in Mikulischki an, einem Friedhof, der auf&hellip;<\/p>\n","protected":false},"author":7,"featured_media":23246,"comment_status":"closed","ping_status":"open","sticky":false,"template":"","format":"standard","meta":{"_mi_skip_tracking":false,"footnotes":""},"categories":[53],"tags":[],"class_list":["post-23311","post","type-post","status-publish","format-standard","has-post-thumbnail","hentry","category-nachrichten"],"yoast_head":"<!-- This site is optimized with the Yoast SEO plugin v19.4 - https:\/\/yoast.com\/wordpress\/plugins\/seo\/ -->\n<title>Blumen und Kerzen auf dem Friedhof der Soldaten der Heimatarmee in Mikulischki, der von den belarussischen Beh\u00f6rden zerst\u00f6rt wurde - W\u00fcrde - DignityNews.eu<\/title>\n<meta name=\"robots\" content=\"index, follow, max-snippet:-1, max-image-preview:large, max-video-preview:-1\" \/>\n<link rel=\"canonical\" href=\"https:\/\/dignitynews.eu\/de\/blumen-und-kerzen-auf-dem-friedhof-der-soldaten-der-heimatarmee-in-mikulischki-der-von-den-belarussischen-behoerden-zerstoert-wurde\/\" \/>\n<meta property=\"og:locale\" content=\"de_DE\" \/>\n<meta property=\"og:type\" content=\"article\" \/>\n<meta property=\"og:title\" content=\"Blumen und Kerzen auf dem Friedhof der Soldaten der Heimatarmee in Mikulischki, der von den belarussischen Beh\u00f6rden zerst\u00f6rt wurde - W\u00fcrde - DignityNews.eu\" \/>\n<meta property=\"og:description\" content=\"Der polnische Gesch\u00e4ftstr\u00e4ger in Wei\u00dfrussland, Marcin Wojciechowski, legte Blumen nieder und z\u00fcndete Kerzen an den Gr\u00e4bern der Soldaten der Heimatarmee (Armia Krajowa, AK) in Mikulischki an, einem Friedhof, der auf&hellip;\" \/>\n<meta property=\"og:url\" content=\"https:\/\/dignitynews.eu\/de\/blumen-und-kerzen-auf-dem-friedhof-der-soldaten-der-heimatarmee-in-mikulischki-der-von-den-belarussischen-behoerden-zerstoert-wurde\/\" \/>\n<meta property=\"og:site_name\" content=\"W\u00fcrde - DignityNews.eu\" \/>\n<meta property=\"article:published_time\" content=\"2022-07-06T09:04:46+00:00\" \/>\n<meta property=\"article:modified_time\" content=\"2022-07-06T14:26:13+00:00\" \/>\n<meta property=\"og:image\" content=\"https:\/\/dignitynews.eu\/wp-content\/uploads\/2022\/07\/Mikuliszki-fot.-Twitter-PLinBelarus.jpg\" \/>\n\t<meta property=\"og:image:width\" content=\"680\" \/>\n\t<meta property=\"og:image:height\" content=\"510\" \/>\n\t<meta property=\"og:image:type\" content=\"image\/jpeg\" \/>\n<meta name=\"author\" content=\"Dignity News\" \/>\n<meta name=\"twitter:card\" content=\"summary_large_image\" \/>\n<meta name=\"twitter:label1\" content=\"Verfasst von\" \/>\n\t<meta name=\"twitter:data1\" content=\"Dignity News\" \/>\n\t<meta name=\"twitter:label2\" content=\"Gesch\u00e4tzte Lesezeit\" \/>\n\t<meta name=\"twitter:data2\" content=\"2\u00a0Minuten\" \/>\n<script type=\"application\/ld+json\" class=\"yoast-schema-graph\">{\"@context\":\"https:\/\/schema.org\",\"@graph\":[{\"@type\":\"WebSite\",\"@id\":\"https:\/\/dignitynews.eu\/pl\/#website\",\"url\":\"https:\/\/dignitynews.eu\/pl\/\",\"name\":\"W\u00fcrde - DignityNews.eu\",\"description\":\"\",\"potentialAction\":[{\"@type\":\"SearchAction\",\"target\":{\"@type\":\"EntryPoint\",\"urlTemplate\":\"https:\/\/dignitynews.eu\/pl\/?s={search_term_string}\"},\"query-input\":\"required name=search_term_string\"}],\"inLanguage\":\"de\"},{\"@type\":\"WebPage\",\"@id\":\"https:\/\/dignitynews.eu\/de\/blumen-und-kerzen-auf-dem-friedhof-der-soldaten-der-heimatarmee-in-mikulischki-der-von-den-belarussischen-behoerden-zerstoert-wurde\/\",\"url\":\"https:\/\/dignitynews.eu\/de\/blumen-und-kerzen-auf-dem-friedhof-der-soldaten-der-heimatarmee-in-mikulischki-der-von-den-belarussischen-behoerden-zerstoert-wurde\/\",\"name\":\"Blumen und Kerzen auf dem Friedhof der Soldaten der Heimatarmee in Mikulischki, der von den belarussischen Beh\u00f6rden zerst\u00f6rt wurde - W\u00fcrde - DignityNews.eu\",\"isPartOf\":{\"@id\":\"https:\/\/dignitynews.eu\/pl\/#website\"},\"datePublished\":\"2022-07-06T09:04:46+00:00\",\"dateModified\":\"2022-07-06T14:26:13+00:00\",\"author\":{\"@id\":\"https:\/\/dignitynews.eu\/pl\/#\/schema\/person\/0b62b762b8174802fabc81a3ecb1bfcb\"},\"breadcrumb\":{\"@id\":\"https:\/\/dignitynews.eu\/de\/blumen-und-kerzen-auf-dem-friedhof-der-soldaten-der-heimatarmee-in-mikulischki-der-von-den-belarussischen-behoerden-zerstoert-wurde\/#breadcrumb\"},\"inLanguage\":\"de\",\"potentialAction\":[{\"@type\":\"ReadAction\",\"target\":[\"https:\/\/dignitynews.eu\/de\/blumen-und-kerzen-auf-dem-friedhof-der-soldaten-der-heimatarmee-in-mikulischki-der-von-den-belarussischen-behoerden-zerstoert-wurde\/\"]}]},{\"@type\":\"BreadcrumbList\",\"@id\":\"https:\/\/dignitynews.eu\/de\/blumen-und-kerzen-auf-dem-friedhof-der-soldaten-der-heimatarmee-in-mikulischki-der-von-den-belarussischen-behoerden-zerstoert-wurde\/#breadcrumb\",\"itemListElement\":[{\"@type\":\"ListItem\",\"position\":1,\"name\":\"Strona g\u0142\u00f3wna\",\"item\":\"https:\/\/dignitynews.eu\/de\/\"},{\"@type\":\"ListItem\",\"position\":2,\"name\":\"Blumen und Kerzen auf dem Friedhof der Soldaten der Heimatarmee in Mikulischki, der von den belarussischen Beh\u00f6rden zerst\u00f6rt wurde\"}]},{\"@type\":\"Person\",\"@id\":\"https:\/\/dignitynews.eu\/pl\/#\/schema\/person\/0b62b762b8174802fabc81a3ecb1bfcb\",\"name\":\"Dignity News\",\"image\":{\"@type\":\"ImageObject\",\"inLanguage\":\"de\",\"@id\":\"https:\/\/dignitynews.eu\/pl\/#\/schema\/person\/image\/\",\"url\":\"https:\/\/secure.gravatar.com\/avatar\/97963171a6d9108f8381bbefb1c6b150c445b6ddd9e3077b96c86cf5892c85dc?s=96&d=mm&r=g\",\"contentUrl\":\"https:\/\/secure.gravatar.com\/avatar\/97963171a6d9108f8381bbefb1c6b150c445b6ddd9e3077b96c86cf5892c85dc?s=96&d=mm&r=g\",\"caption\":\"Dignity News\"},\"url\":\"https:\/\/dignitynews.eu\/de\/author\/mikolaj-palade\/\"}]}<\/script>\n<!-- \/ Yoast SEO plugin. -->","yoast_head_json":{"title":"Blumen und Kerzen auf dem Friedhof der Soldaten der Heimatarmee in Mikulischki, der von den belarussischen Beh\u00f6rden zerst\u00f6rt wurde - W\u00fcrde - DignityNews.eu","robots":{"index":"index","follow":"follow","max-snippet":"max-snippet:-1","max-image-preview":"max-image-preview:large","max-video-preview":"max-video-preview:-1"},"canonical":"https:\/\/dignitynews.eu\/de\/blumen-und-kerzen-auf-dem-friedhof-der-soldaten-der-heimatarmee-in-mikulischki-der-von-den-belarussischen-behoerden-zerstoert-wurde\/","og_locale":"de_DE","og_type":"article","og_title":"Blumen und Kerzen auf dem Friedhof der Soldaten der Heimatarmee in Mikulischki, der von den belarussischen Beh\u00f6rden zerst\u00f6rt wurde - W\u00fcrde - DignityNews.eu","og_description":"Der polnische Gesch\u00e4ftstr\u00e4ger in Wei\u00dfrussland, Marcin Wojciechowski, legte Blumen nieder und z\u00fcndete Kerzen an den Gr\u00e4bern der Soldaten der Heimatarmee (Armia Krajowa, AK) in Mikulischki an, einem Friedhof, der auf&hellip;","og_url":"https:\/\/dignitynews.eu\/de\/blumen-und-kerzen-auf-dem-friedhof-der-soldaten-der-heimatarmee-in-mikulischki-der-von-den-belarussischen-behoerden-zerstoert-wurde\/","og_site_name":"W\u00fcrde - DignityNews.eu","article_published_time":"2022-07-06T09:04:46+00:00","article_modified_time":"2022-07-06T14:26:13+00:00","og_image":[{"width":680,"height":510,"url":"https:\/\/dignitynews.eu\/wp-content\/uploads\/2022\/07\/Mikuliszki-fot.-Twitter-PLinBelarus.jpg","type":"image\/jpeg"}],"author":"Dignity News","twitter_card":"summary_large_image","twitter_misc":{"Verfasst von":"Dignity News","Gesch\u00e4tzte Lesezeit":"2\u00a0Minuten"},"schema":{"@context":"https:\/\/schema.org","@graph":[{"@type":"WebSite","@id":"https:\/\/dignitynews.eu\/pl\/#website","url":"https:\/\/dignitynews.eu\/pl\/","name":"W\u00fcrde - DignityNews.eu","description":"","potentialAction":[{"@type":"SearchAction","target":{"@type":"EntryPoint","urlTemplate":"https:\/\/dignitynews.eu\/pl\/?s={search_term_string}"},"query-input":"required name=search_term_string"}],"inLanguage":"de"},{"@type":"WebPage","@id":"https:\/\/dignitynews.eu\/de\/blumen-und-kerzen-auf-dem-friedhof-der-soldaten-der-heimatarmee-in-mikulischki-der-von-den-belarussischen-behoerden-zerstoert-wurde\/","url":"https:\/\/dignitynews.eu\/de\/blumen-und-kerzen-auf-dem-friedhof-der-soldaten-der-heimatarmee-in-mikulischki-der-von-den-belarussischen-behoerden-zerstoert-wurde\/","name":"Blumen und Kerzen auf dem Friedhof der Soldaten der Heimatarmee in Mikulischki, der von den belarussischen Beh\u00f6rden zerst\u00f6rt wurde - W\u00fcrde - DignityNews.eu","isPartOf":{"@id":"https:\/\/dignitynews.eu\/pl\/#website"},"datePublished":"2022-07-06T09:04:46+00:00","dateModified":"2022-07-06T14:26:13+00:00","author":{"@id":"https:\/\/dignitynews.eu\/pl\/#\/schema\/person\/0b62b762b8174802fabc81a3ecb1bfcb"},"breadcrumb":{"@id":"https:\/\/dignitynews.eu\/de\/blumen-und-kerzen-auf-dem-friedhof-der-soldaten-der-heimatarmee-in-mikulischki-der-von-den-belarussischen-behoerden-zerstoert-wurde\/#breadcrumb"},"inLanguage":"de","potentialAction":[{"@type":"ReadAction","target":["https:\/\/dignitynews.eu\/de\/blumen-und-kerzen-auf-dem-friedhof-der-soldaten-der-heimatarmee-in-mikulischki-der-von-den-belarussischen-behoerden-zerstoert-wurde\/"]}]},{"@type":"BreadcrumbList","@id":"https:\/\/dignitynews.eu\/de\/blumen-und-kerzen-auf-dem-friedhof-der-soldaten-der-heimatarmee-in-mikulischki-der-von-den-belarussischen-behoerden-zerstoert-wurde\/#breadcrumb","itemListElement":[{"@type":"ListItem","position":1,"name":"Strona g\u0142\u00f3wna","item":"https:\/\/dignitynews.eu\/de\/"},{"@type":"ListItem","position":2,"name":"Blumen und Kerzen auf dem Friedhof der Soldaten der Heimatarmee in Mikulischki, der von den belarussischen Beh\u00f6rden zerst\u00f6rt wurde"}]},{"@type":"Person","@id":"https:\/\/dignitynews.eu\/pl\/#\/schema\/person\/0b62b762b8174802fabc81a3ecb1bfcb","name":"Dignity News","image":{"@type":"ImageObject","inLanguage":"de","@id":"https:\/\/dignitynews.eu\/pl\/#\/schema\/person\/image\/","url":"https:\/\/secure.gravatar.com\/avatar\/97963171a6d9108f8381bbefb1c6b150c445b6ddd9e3077b96c86cf5892c85dc?s=96&d=mm&r=g","contentUrl":"https:\/\/secure.gravatar.com\/avatar\/97963171a6d9108f8381bbefb1c6b150c445b6ddd9e3077b96c86cf5892c85dc?s=96&d=mm&r=g","caption":"Dignity News"},"url":"https:\/\/dignitynews.eu\/de\/author\/mikolaj-palade\/"}]}},"_links":{"self":[{"href":"https:\/\/dignitynews.eu\/de\/wp-json\/wp\/v2\/posts\/23311","targetHints":{"allow":["GET"]}}],"collection":[{"href":"https:\/\/dignitynews.eu\/de\/wp-json\/wp\/v2\/posts"}],"about":[{"href":"https:\/\/dignitynews.eu\/de\/wp-json\/wp\/v2\/types\/post"}],"author":[{"embeddable":true,"href":"https:\/\/dignitynews.eu\/de\/wp-json\/wp\/v2\/users\/7"}],"replies":[{"embeddable":true,"href":"https:\/\/dignitynews.eu\/de\/wp-json\/wp\/v2\/comments?post=23311"}],"version-history":[{"count":1,"href":"https:\/\/dignitynews.eu\/de\/wp-json\/wp\/v2\/posts\/23311\/revisions"}],"predecessor-version":[{"id":23312,"href":"https:\/\/dignitynews.eu\/de\/wp-json\/wp\/v2\/posts\/23311\/revisions\/23312"}],"wp:featuredmedia":[{"embeddable":true,"href":"https:\/\/dignitynews.eu\/de\/wp-json\/wp\/v2\/media\/23246"}],"wp:attachment":[{"href":"https:\/\/dignitynews.eu\/de\/wp-json\/wp\/v2\/media?parent=23311"}],"wp:term":[{"taxonomy":"category","embeddable":true,"href":"https:\/\/dignitynews.eu\/de\/wp-json\/wp\/v2\/categories?post=23311"},{"taxonomy":"post_tag","embeddable":true,"href":"https:\/\/dignitynews.eu\/de\/wp-json\/wp\/v2\/tags?post=23311"}],"curies":[{"name":"wp","href":"https:\/\/api.w.org\/{rel}","templated":true}]}}