{"id":23307,"date":"2022-07-06T11:02:56","date_gmt":"2022-07-06T09:02:56","guid":{"rendered":"https:\/\/dignitynews.eu\/?p=23307"},"modified":"2022-07-06T16:24:25","modified_gmt":"2022-07-06T14:24:25","slug":"vorlaeufiger-vorschlag-nach-der-konferenz-von-lugano-polen-und-italien-werden-die-region-donezk-wiederaufbauen","status":"publish","type":"post","link":"https:\/\/dignitynews.eu\/de\/vorlaeufiger-vorschlag-nach-der-konferenz-von-lugano-polen-und-italien-werden-die-region-donezk-wiederaufbauen\/","title":{"rendered":"Vorl\u00e4ufiger Vorschlag nach der Konferenz von Lugano. Polen und Italien werden die Region Donezk wiederaufbauen"},"content":{"rendered":"<h5><strong>\u201ePolen ist bereit, eine aktive Rolle beim Wiederaufbau der Ukraine nach dem Krieg zu spielen und mit der ukrainischen Seite sowohl auf staatlicher, regionaler und lokaler als auch auf nichtstaatlicher Ebene zusammenzuarbeiten\u201d, sagte der stellvertretende Ministerpr<\/strong><strong>\u00e4<\/strong><strong>sident und Minister f<\/strong><strong>\u00fc<\/strong><strong>r Kultur und nationales Erbe Piotr <\/strong><strong>Gli<\/strong><strong>\u0144ski<\/strong><strong> bei der Vorstellung der polnischen Position auf einer internationalen Konferenz zum Wiederaufbau der Ukraine. <\/strong><\/h5>\n<p>Die Ukraine Recovery Conference (URC 2022) fand am 4. und 5. Juli in Lugano, Schweiz, statt. An ihr nahmen rund 1000 Delegierte aus mehr als 40 L\u00e4ndern und Vertreter von etwa 20 internationalen Organisationen teil.<\/p>\n<p>Die Teilnehmer der Konferenz unterzeichneten eine gemeinsame Erkl\u00e4rung \u00fcber den Wiederaufbau der Ukraine nach dem Krieg. Sie unterst\u00fctzt die europ\u00e4ischen Bestrebungen der Ukraine. Die in Lugano Versammelten brachten ihre \u00dcberzeugung zum Ausdruck, dass die Ukraine auf ihrem \u201eWeg zum Wiederaufbau und zur Mitgliedschaft in der Europ\u00e4ischen Union\u201d unterst\u00fctzt werden sollte.<\/p>\n<p>Der stellvertretende Au\u00dfenminister Marcin Przydacz betonte im 3. Programm des polnischen Rundfunks, dass Polen w\u00e4hrend der Konferenz versucht habe, die in Lugano anwesenden Finanzinstitutionen zu ermutigen, ihre finanzielle Unterst\u00fctzung zu verst\u00e4rken. Er f\u00fcgte jedoch hinzu, dass die zweite polnische Forderung gewesen sei, Mittel aus der Beschlagnahmung der russischen Devisenreserven zu beschaffen.<\/p>\n<p>\u201eRussland ist f\u00fcr die Invasion verantwortlich, Russland ist f\u00fcr die Zerst\u00f6rung verantwortlich, Russland sollte in erster Linie f\u00fcr den Wiederaufbau der Ukraine aufkommen\u201d, sagte Przydacz und f\u00fcgte hinzu, dass polnische Unternehmer die M\u00f6glichkeit haben sollten, von diesem Wiederaufbau zu profitieren, allerdings mit Mitteln, die von den Russen beschlagnahmt w\u00fcrden.<\/p>\n<p>Der ukrainische Ministerpr\u00e4sident Denys Schmyhal legte einen vorl\u00e4ufigen Plan vor, aus dem hervorgeht, dass sich Polen und Italien am Wiederaufbau der Region Donezk beteiligen w\u00fcrden.\u00a0Er berichtete auch, dass sich die Kosten f\u00fcr den Wiederaufbau seines Landes bereits auf 750 Milliarden USD beliefen und dass allein der Wiederaufbau der Infrastruktur mehr als 100 Milliarden USD ausmache.<\/p>\n<p>Adrian Andrzejewski<\/p>\n","protected":false},"excerpt":{"rendered":"<p>\u201ePolen ist bereit, eine aktive Rolle beim Wiederaufbau der Ukraine nach dem Krieg zu spielen und mit der ukrainischen Seite sowohl auf staatlicher, regionaler und lokaler als auch auf nichtstaatlicher&hellip;<\/p>\n","protected":false},"author":7,"featured_media":23232,"comment_status":"closed","ping_status":"open","sticky":false,"template":"","format":"standard","meta":{"_mi_skip_tracking":false,"footnotes":""},"categories":[53],"tags":[],"class_list":["post-23307","post","type-post","status-publish","format-standard","has-post-thumbnail","hentry","category-nachrichten"],"yoast_head":"<!-- This site is optimized with the Yoast SEO plugin v19.4 - https:\/\/yoast.com\/wordpress\/plugins\/seo\/ -->\n<title>Vorl\u00e4ufiger Vorschlag nach der Konferenz von Lugano. Polen und Italien werden die Region Donezk wiederaufbauen - W\u00fcrde - DignityNews.eu<\/title>\n<meta name=\"robots\" content=\"index, follow, max-snippet:-1, max-image-preview:large, max-video-preview:-1\" \/>\n<link rel=\"canonical\" href=\"https:\/\/dignitynews.eu\/de\/vorlaeufiger-vorschlag-nach-der-konferenz-von-lugano-polen-und-italien-werden-die-region-donezk-wiederaufbauen\/\" \/>\n<meta property=\"og:locale\" content=\"de_DE\" \/>\n<meta property=\"og:type\" content=\"article\" \/>\n<meta property=\"og:title\" content=\"Vorl\u00e4ufiger Vorschlag nach der Konferenz von Lugano. Polen und Italien werden die Region Donezk wiederaufbauen - W\u00fcrde - DignityNews.eu\" \/>\n<meta property=\"og:description\" content=\"\u201ePolen ist bereit, eine aktive Rolle beim Wiederaufbau der Ukraine nach dem Krieg zu spielen und mit der ukrainischen Seite sowohl auf staatlicher, regionaler und lokaler als auch auf nichtstaatlicher&hellip;\" \/>\n<meta property=\"og:url\" content=\"https:\/\/dignitynews.eu\/de\/vorlaeufiger-vorschlag-nach-der-konferenz-von-lugano-polen-und-italien-werden-die-region-donezk-wiederaufbauen\/\" \/>\n<meta property=\"og:site_name\" content=\"W\u00fcrde - DignityNews.eu\" \/>\n<meta property=\"article:published_time\" content=\"2022-07-06T09:02:56+00:00\" \/>\n<meta property=\"article:modified_time\" content=\"2022-07-06T14:24:25+00:00\" \/>\n<meta property=\"og:image\" content=\"https:\/\/dignitynews.eu\/wp-content\/uploads\/2022\/07\/Odbudowa-Ukrainy-fot.-Twitter-Denys-Shmyhal.jpg\" \/>\n\t<meta property=\"og:image:width\" content=\"1280\" \/>\n\t<meta property=\"og:image:height\" content=\"853\" \/>\n\t<meta property=\"og:image:type\" content=\"image\/jpeg\" \/>\n<meta name=\"author\" content=\"Dignity News\" \/>\n<meta name=\"twitter:card\" content=\"summary_large_image\" \/>\n<meta name=\"twitter:label1\" content=\"Verfasst von\" \/>\n\t<meta name=\"twitter:data1\" content=\"Dignity News\" \/>\n\t<meta name=\"twitter:label2\" content=\"Gesch\u00e4tzte Lesezeit\" \/>\n\t<meta name=\"twitter:data2\" content=\"2\u00a0Minuten\" \/>\n<script type=\"application\/ld+json\" class=\"yoast-schema-graph\">{\"@context\":\"https:\/\/schema.org\",\"@graph\":[{\"@type\":\"WebSite\",\"@id\":\"https:\/\/dignitynews.eu\/pl\/#website\",\"url\":\"https:\/\/dignitynews.eu\/pl\/\",\"name\":\"W\u00fcrde - DignityNews.eu\",\"description\":\"\",\"potentialAction\":[{\"@type\":\"SearchAction\",\"target\":{\"@type\":\"EntryPoint\",\"urlTemplate\":\"https:\/\/dignitynews.eu\/pl\/?s={search_term_string}\"},\"query-input\":\"required name=search_term_string\"}],\"inLanguage\":\"de\"},{\"@type\":\"WebPage\",\"@id\":\"https:\/\/dignitynews.eu\/de\/vorlaeufiger-vorschlag-nach-der-konferenz-von-lugano-polen-und-italien-werden-die-region-donezk-wiederaufbauen\/\",\"url\":\"https:\/\/dignitynews.eu\/de\/vorlaeufiger-vorschlag-nach-der-konferenz-von-lugano-polen-und-italien-werden-die-region-donezk-wiederaufbauen\/\",\"name\":\"Vorl\u00e4ufiger Vorschlag nach der Konferenz von Lugano. Polen und Italien werden die Region Donezk wiederaufbauen - W\u00fcrde - DignityNews.eu\",\"isPartOf\":{\"@id\":\"https:\/\/dignitynews.eu\/pl\/#website\"},\"datePublished\":\"2022-07-06T09:02:56+00:00\",\"dateModified\":\"2022-07-06T14:24:25+00:00\",\"author\":{\"@id\":\"https:\/\/dignitynews.eu\/pl\/#\/schema\/person\/0b62b762b8174802fabc81a3ecb1bfcb\"},\"breadcrumb\":{\"@id\":\"https:\/\/dignitynews.eu\/de\/vorlaeufiger-vorschlag-nach-der-konferenz-von-lugano-polen-und-italien-werden-die-region-donezk-wiederaufbauen\/#breadcrumb\"},\"inLanguage\":\"de\",\"potentialAction\":[{\"@type\":\"ReadAction\",\"target\":[\"https:\/\/dignitynews.eu\/de\/vorlaeufiger-vorschlag-nach-der-konferenz-von-lugano-polen-und-italien-werden-die-region-donezk-wiederaufbauen\/\"]}]},{\"@type\":\"BreadcrumbList\",\"@id\":\"https:\/\/dignitynews.eu\/de\/vorlaeufiger-vorschlag-nach-der-konferenz-von-lugano-polen-und-italien-werden-die-region-donezk-wiederaufbauen\/#breadcrumb\",\"itemListElement\":[{\"@type\":\"ListItem\",\"position\":1,\"name\":\"Strona g\u0142\u00f3wna\",\"item\":\"https:\/\/dignitynews.eu\/de\/\"},{\"@type\":\"ListItem\",\"position\":2,\"name\":\"Vorl\u00e4ufiger Vorschlag nach der Konferenz von Lugano. Polen und Italien werden die Region Donezk wiederaufbauen\"}]},{\"@type\":\"Person\",\"@id\":\"https:\/\/dignitynews.eu\/pl\/#\/schema\/person\/0b62b762b8174802fabc81a3ecb1bfcb\",\"name\":\"Dignity News\",\"image\":{\"@type\":\"ImageObject\",\"inLanguage\":\"de\",\"@id\":\"https:\/\/dignitynews.eu\/pl\/#\/schema\/person\/image\/\",\"url\":\"https:\/\/secure.gravatar.com\/avatar\/97963171a6d9108f8381bbefb1c6b150c445b6ddd9e3077b96c86cf5892c85dc?s=96&d=mm&r=g\",\"contentUrl\":\"https:\/\/secure.gravatar.com\/avatar\/97963171a6d9108f8381bbefb1c6b150c445b6ddd9e3077b96c86cf5892c85dc?s=96&d=mm&r=g\",\"caption\":\"Dignity News\"},\"url\":\"https:\/\/dignitynews.eu\/de\/author\/mikolaj-palade\/\"}]}<\/script>\n<!-- \/ Yoast SEO plugin. -->","yoast_head_json":{"title":"Vorl\u00e4ufiger Vorschlag nach der Konferenz von Lugano. Polen und Italien werden die Region Donezk wiederaufbauen - W\u00fcrde - DignityNews.eu","robots":{"index":"index","follow":"follow","max-snippet":"max-snippet:-1","max-image-preview":"max-image-preview:large","max-video-preview":"max-video-preview:-1"},"canonical":"https:\/\/dignitynews.eu\/de\/vorlaeufiger-vorschlag-nach-der-konferenz-von-lugano-polen-und-italien-werden-die-region-donezk-wiederaufbauen\/","og_locale":"de_DE","og_type":"article","og_title":"Vorl\u00e4ufiger Vorschlag nach der Konferenz von Lugano. Polen und Italien werden die Region Donezk wiederaufbauen - W\u00fcrde - DignityNews.eu","og_description":"\u201ePolen ist bereit, eine aktive Rolle beim Wiederaufbau der Ukraine nach dem Krieg zu spielen und mit der ukrainischen Seite sowohl auf staatlicher, regionaler und lokaler als auch auf nichtstaatlicher&hellip;","og_url":"https:\/\/dignitynews.eu\/de\/vorlaeufiger-vorschlag-nach-der-konferenz-von-lugano-polen-und-italien-werden-die-region-donezk-wiederaufbauen\/","og_site_name":"W\u00fcrde - DignityNews.eu","article_published_time":"2022-07-06T09:02:56+00:00","article_modified_time":"2022-07-06T14:24:25+00:00","og_image":[{"width":1280,"height":853,"url":"https:\/\/dignitynews.eu\/wp-content\/uploads\/2022\/07\/Odbudowa-Ukrainy-fot.-Twitter-Denys-Shmyhal.jpg","type":"image\/jpeg"}],"author":"Dignity News","twitter_card":"summary_large_image","twitter_misc":{"Verfasst von":"Dignity News","Gesch\u00e4tzte Lesezeit":"2\u00a0Minuten"},"schema":{"@context":"https:\/\/schema.org","@graph":[{"@type":"WebSite","@id":"https:\/\/dignitynews.eu\/pl\/#website","url":"https:\/\/dignitynews.eu\/pl\/","name":"W\u00fcrde - DignityNews.eu","description":"","potentialAction":[{"@type":"SearchAction","target":{"@type":"EntryPoint","urlTemplate":"https:\/\/dignitynews.eu\/pl\/?s={search_term_string}"},"query-input":"required name=search_term_string"}],"inLanguage":"de"},{"@type":"WebPage","@id":"https:\/\/dignitynews.eu\/de\/vorlaeufiger-vorschlag-nach-der-konferenz-von-lugano-polen-und-italien-werden-die-region-donezk-wiederaufbauen\/","url":"https:\/\/dignitynews.eu\/de\/vorlaeufiger-vorschlag-nach-der-konferenz-von-lugano-polen-und-italien-werden-die-region-donezk-wiederaufbauen\/","name":"Vorl\u00e4ufiger Vorschlag nach der Konferenz von Lugano. Polen und Italien werden die Region Donezk wiederaufbauen - W\u00fcrde - DignityNews.eu","isPartOf":{"@id":"https:\/\/dignitynews.eu\/pl\/#website"},"datePublished":"2022-07-06T09:02:56+00:00","dateModified":"2022-07-06T14:24:25+00:00","author":{"@id":"https:\/\/dignitynews.eu\/pl\/#\/schema\/person\/0b62b762b8174802fabc81a3ecb1bfcb"},"breadcrumb":{"@id":"https:\/\/dignitynews.eu\/de\/vorlaeufiger-vorschlag-nach-der-konferenz-von-lugano-polen-und-italien-werden-die-region-donezk-wiederaufbauen\/#breadcrumb"},"inLanguage":"de","potentialAction":[{"@type":"ReadAction","target":["https:\/\/dignitynews.eu\/de\/vorlaeufiger-vorschlag-nach-der-konferenz-von-lugano-polen-und-italien-werden-die-region-donezk-wiederaufbauen\/"]}]},{"@type":"BreadcrumbList","@id":"https:\/\/dignitynews.eu\/de\/vorlaeufiger-vorschlag-nach-der-konferenz-von-lugano-polen-und-italien-werden-die-region-donezk-wiederaufbauen\/#breadcrumb","itemListElement":[{"@type":"ListItem","position":1,"name":"Strona g\u0142\u00f3wna","item":"https:\/\/dignitynews.eu\/de\/"},{"@type":"ListItem","position":2,"name":"Vorl\u00e4ufiger Vorschlag nach der Konferenz von Lugano. Polen und Italien werden die Region Donezk wiederaufbauen"}]},{"@type":"Person","@id":"https:\/\/dignitynews.eu\/pl\/#\/schema\/person\/0b62b762b8174802fabc81a3ecb1bfcb","name":"Dignity News","image":{"@type":"ImageObject","inLanguage":"de","@id":"https:\/\/dignitynews.eu\/pl\/#\/schema\/person\/image\/","url":"https:\/\/secure.gravatar.com\/avatar\/97963171a6d9108f8381bbefb1c6b150c445b6ddd9e3077b96c86cf5892c85dc?s=96&d=mm&r=g","contentUrl":"https:\/\/secure.gravatar.com\/avatar\/97963171a6d9108f8381bbefb1c6b150c445b6ddd9e3077b96c86cf5892c85dc?s=96&d=mm&r=g","caption":"Dignity News"},"url":"https:\/\/dignitynews.eu\/de\/author\/mikolaj-palade\/"}]}},"_links":{"self":[{"href":"https:\/\/dignitynews.eu\/de\/wp-json\/wp\/v2\/posts\/23307","targetHints":{"allow":["GET"]}}],"collection":[{"href":"https:\/\/dignitynews.eu\/de\/wp-json\/wp\/v2\/posts"}],"about":[{"href":"https:\/\/dignitynews.eu\/de\/wp-json\/wp\/v2\/types\/post"}],"author":[{"embeddable":true,"href":"https:\/\/dignitynews.eu\/de\/wp-json\/wp\/v2\/users\/7"}],"replies":[{"embeddable":true,"href":"https:\/\/dignitynews.eu\/de\/wp-json\/wp\/v2\/comments?post=23307"}],"version-history":[{"count":1,"href":"https:\/\/dignitynews.eu\/de\/wp-json\/wp\/v2\/posts\/23307\/revisions"}],"predecessor-version":[{"id":23308,"href":"https:\/\/dignitynews.eu\/de\/wp-json\/wp\/v2\/posts\/23307\/revisions\/23308"}],"wp:featuredmedia":[{"embeddable":true,"href":"https:\/\/dignitynews.eu\/de\/wp-json\/wp\/v2\/media\/23232"}],"wp:attachment":[{"href":"https:\/\/dignitynews.eu\/de\/wp-json\/wp\/v2\/media?parent=23307"}],"wp:term":[{"taxonomy":"category","embeddable":true,"href":"https:\/\/dignitynews.eu\/de\/wp-json\/wp\/v2\/categories?post=23307"},{"taxonomy":"post_tag","embeddable":true,"href":"https:\/\/dignitynews.eu\/de\/wp-json\/wp\/v2\/tags?post=23307"}],"curies":[{"name":"wp","href":"https:\/\/api.w.org\/{rel}","templated":true}]}}