{"id":23161,"date":"2022-07-05T11:39:38","date_gmt":"2022-07-05T09:39:38","guid":{"rendered":"https:\/\/dignitynews.eu\/?p=23161"},"modified":"2022-07-05T15:26:12","modified_gmt":"2022-07-05T13:26:12","slug":"minister-fuer-bildung-und-wissenschaft-ergebnisse-der-abiturpruefungen-besser-als-im-letzten-jahr","status":"publish","type":"post","link":"https:\/\/dignitynews.eu\/de\/minister-fuer-bildung-und-wissenschaft-ergebnisse-der-abiturpruefungen-besser-als-im-letzten-jahr\/","title":{"rendered":"Minister f\u00fcr Bildung und Wissenschaft: Ergebnisse der Abiturpr\u00fcfungen besser als im letzten Jahr"},"content":{"rendered":"<h5><strong>Nach Angaben des Ministers f\u00fc<\/strong><strong>r Bildung und Wissenschaft, Przemys\u0142aw Czarn<\/strong><strong>ek, haben die diesj\u00e4<\/strong><strong>hrigen Abiturienten bessere Ergebnisse bei den Abiturpr\u00fc<\/strong><strong>fungen erreicht als die Abiturienten des letzten Jahres. \u201eDie Pr\u00fc<\/strong><strong>fungen wurden nach denselben Anforderungen durchgef\u00fc<\/strong><strong>hrt, die wir am 16. Dezember 2020 festgelegt haben, als wir d<\/strong><strong>en Umfang des f\u00fc<\/strong><strong>r das Bestehen der Pr\u00fc<\/strong><strong>fungen erforderlichen Stoffs leicht reduziert haben. Aus diesem Grund ist dieses Ergebnis anders als vor zwei Jahren, aber besser als im letzten Jahr\u201d, sagte Minister Czarnek.<\/strong><\/h5>\n<p>Die Ergebnisse der Abiturpr\u00fcfungen werden am Dienstag bekannt gegeben. Die Abiturienten k\u00f6nnen sie im Online-System \u00fcberpr\u00fcfen. Die Ergebnisse werden auch auf dem Reifezeugnis vermerkt, das sie in ihrer Schule abholen k\u00f6nnen. Mehr als 289.000 der diesj\u00e4hrigen Absolventen von Lyzeen und Fachschulen haben im Mai ihre Pr\u00fcfungen abgelegt.<\/p>\n<p>Minister Czarnek sch\u00e4tzte ein, dass die diesj\u00e4hrigen Abiturpr\u00fcfungen \u2014 wie vom Ministerium vorhergesagt \u2014 besser ausgefallen sind als die letztj\u00e4hrigen, was unter anderem auf den Pr\u00e4senzunterricht\u00a0 zur\u00fcckzuf\u00fchren ist.<\/p>\n<p>\u201eDie Absolventen der Sekundarstufe bereiteten sich in den Schulen zusammen mit ihren Lehrern auf die Pr\u00fcfungen vor. Im vergangenen Jahr erfolgte die Vorbereitung gr\u00f6\u00dftenteils aus der Ferne, so dass sie notwendigerweise von den Sch\u00fclern selbst oder m\u00f6glicherweise von Sch\u00fclern und Tutoren durchgef\u00fchrt wurde\u201d, sagte der Leiter des Ministeriums f\u00fcr Bildung und Wissenschaft.<\/p>\n<p>Minister Czarek wies darauf hin, dass die diesj\u00e4hrigen Abiturpr\u00fcfungen nach den gleichen Pr\u00fcfungsanforderungen durchgef\u00fchrt wurden, die das Ministerium am 16. Dezember 2020 festgelegt hatte. Der Umfang des f\u00fcr das Bestehen der Pr\u00fcfungen erforderlichen Stoffs wurde damals aufgrund der herrschenden Pandemie und des Fernunterrichts leicht eingeschr\u00e4nkt. Aus diesem Grund ist dieses Ergebnis anders als vor zwei Jahren, aber besser als im letzten Jahr.<\/p>\n<p>In einem Interview mit Polskie Radio 24 wurde auch das Thema einer m\u00f6glichen R\u00fcckkehr zum Fernunterricht im neuen Schuljahr angesprochen.<\/p>\n<p>\u201eUns liegen keine Signale seitens des Gesundheitsministeriums oder der Gesundheitsdienste vor, die darauf hindeuten, dass wir in irgendeiner Weise von einer Beschr\u00e4nkung des Pr\u00e4senzunterrichts bedroht sind. Wir bereiten uns wie im letzten Jahr auf den Unterricht im Regelbetrieb vor\u201d, k\u00fcndigte Przemys\u0142aw Czarnek an.<\/p>\n<p>Arkadiusz S\u0142omczy\u0144ski<\/p>\n","protected":false},"excerpt":{"rendered":"<p>Nach Angaben des Ministers f\u00fcr Bildung und Wissenschaft, Przemys\u0142aw Czarnek, haben die diesj\u00e4hrigen Abiturienten bessere Ergebnisse bei den Abiturpr\u00fcfungen erreicht als die Abiturienten des letzten Jahres. \u201eDie Pr\u00fcfungen wurden nach&hellip;<\/p>\n","protected":false},"author":7,"featured_media":23122,"comment_status":"closed","ping_status":"open","sticky":false,"template":"","format":"standard","meta":{"_mi_skip_tracking":false,"footnotes":""},"categories":[53],"tags":[],"class_list":["post-23161","post","type-post","status-publish","format-standard","has-post-thumbnail","hentry","category-nachrichten"],"yoast_head":"<!-- This site is optimized with the Yoast SEO plugin v19.4 - https:\/\/yoast.com\/wordpress\/plugins\/seo\/ -->\n<title>Minister f\u00fcr Bildung und Wissenschaft: Ergebnisse der Abiturpr\u00fcfungen besser als im letzten Jahr - W\u00fcrde - DignityNews.eu<\/title>\n<meta name=\"robots\" content=\"index, follow, max-snippet:-1, max-image-preview:large, max-video-preview:-1\" \/>\n<link rel=\"canonical\" href=\"https:\/\/dignitynews.eu\/de\/minister-fuer-bildung-und-wissenschaft-ergebnisse-der-abiturpruefungen-besser-als-im-letzten-jahr\/\" \/>\n<meta property=\"og:locale\" content=\"de_DE\" \/>\n<meta property=\"og:type\" content=\"article\" \/>\n<meta property=\"og:title\" content=\"Minister f\u00fcr Bildung und Wissenschaft: Ergebnisse der Abiturpr\u00fcfungen besser als im letzten Jahr - W\u00fcrde - DignityNews.eu\" \/>\n<meta property=\"og:description\" content=\"Nach Angaben des Ministers f\u00fcr Bildung und Wissenschaft, Przemys\u0142aw Czarnek, haben die diesj\u00e4hrigen Abiturienten bessere Ergebnisse bei den Abiturpr\u00fcfungen erreicht als die Abiturienten des letzten Jahres. \u201eDie Pr\u00fcfungen wurden nach&hellip;\" \/>\n<meta property=\"og:url\" content=\"https:\/\/dignitynews.eu\/de\/minister-fuer-bildung-und-wissenschaft-ergebnisse-der-abiturpruefungen-besser-als-im-letzten-jahr\/\" \/>\n<meta property=\"og:site_name\" content=\"W\u00fcrde - DignityNews.eu\" \/>\n<meta property=\"article:published_time\" content=\"2022-07-05T09:39:38+00:00\" \/>\n<meta property=\"article:modified_time\" content=\"2022-07-05T13:26:12+00:00\" \/>\n<meta property=\"og:image\" content=\"https:\/\/dignitynews.eu\/wp-content\/uploads\/2022\/07\/MEiN-o-wynikach-matur-fot.-Zbyszek-Kaczmarek-REPORTER.jpg\" \/>\n\t<meta property=\"og:image:width\" content=\"1500\" \/>\n\t<meta property=\"og:image:height\" content=\"998\" \/>\n\t<meta property=\"og:image:type\" content=\"image\/jpeg\" \/>\n<meta name=\"author\" content=\"Dignity News\" \/>\n<meta name=\"twitter:card\" content=\"summary_large_image\" \/>\n<meta name=\"twitter:label1\" content=\"Verfasst von\" \/>\n\t<meta name=\"twitter:data1\" content=\"Dignity News\" \/>\n\t<meta name=\"twitter:label2\" content=\"Gesch\u00e4tzte Lesezeit\" \/>\n\t<meta name=\"twitter:data2\" content=\"2\u00a0Minuten\" \/>\n<script type=\"application\/ld+json\" class=\"yoast-schema-graph\">{\"@context\":\"https:\/\/schema.org\",\"@graph\":[{\"@type\":\"WebSite\",\"@id\":\"https:\/\/dignitynews.eu\/pl\/#website\",\"url\":\"https:\/\/dignitynews.eu\/pl\/\",\"name\":\"W\u00fcrde - DignityNews.eu\",\"description\":\"\",\"potentialAction\":[{\"@type\":\"SearchAction\",\"target\":{\"@type\":\"EntryPoint\",\"urlTemplate\":\"https:\/\/dignitynews.eu\/pl\/?s={search_term_string}\"},\"query-input\":\"required name=search_term_string\"}],\"inLanguage\":\"de\"},{\"@type\":\"WebPage\",\"@id\":\"https:\/\/dignitynews.eu\/de\/minister-fuer-bildung-und-wissenschaft-ergebnisse-der-abiturpruefungen-besser-als-im-letzten-jahr\/\",\"url\":\"https:\/\/dignitynews.eu\/de\/minister-fuer-bildung-und-wissenschaft-ergebnisse-der-abiturpruefungen-besser-als-im-letzten-jahr\/\",\"name\":\"Minister f\u00fcr Bildung und Wissenschaft: Ergebnisse der Abiturpr\u00fcfungen besser als im letzten Jahr - W\u00fcrde - DignityNews.eu\",\"isPartOf\":{\"@id\":\"https:\/\/dignitynews.eu\/pl\/#website\"},\"datePublished\":\"2022-07-05T09:39:38+00:00\",\"dateModified\":\"2022-07-05T13:26:12+00:00\",\"author\":{\"@id\":\"https:\/\/dignitynews.eu\/pl\/#\/schema\/person\/0b62b762b8174802fabc81a3ecb1bfcb\"},\"breadcrumb\":{\"@id\":\"https:\/\/dignitynews.eu\/de\/minister-fuer-bildung-und-wissenschaft-ergebnisse-der-abiturpruefungen-besser-als-im-letzten-jahr\/#breadcrumb\"},\"inLanguage\":\"de\",\"potentialAction\":[{\"@type\":\"ReadAction\",\"target\":[\"https:\/\/dignitynews.eu\/de\/minister-fuer-bildung-und-wissenschaft-ergebnisse-der-abiturpruefungen-besser-als-im-letzten-jahr\/\"]}]},{\"@type\":\"BreadcrumbList\",\"@id\":\"https:\/\/dignitynews.eu\/de\/minister-fuer-bildung-und-wissenschaft-ergebnisse-der-abiturpruefungen-besser-als-im-letzten-jahr\/#breadcrumb\",\"itemListElement\":[{\"@type\":\"ListItem\",\"position\":1,\"name\":\"Strona g\u0142\u00f3wna\",\"item\":\"https:\/\/dignitynews.eu\/de\/\"},{\"@type\":\"ListItem\",\"position\":2,\"name\":\"Minister f\u00fcr Bildung und Wissenschaft: Ergebnisse der Abiturpr\u00fcfungen besser als im letzten Jahr\"}]},{\"@type\":\"Person\",\"@id\":\"https:\/\/dignitynews.eu\/pl\/#\/schema\/person\/0b62b762b8174802fabc81a3ecb1bfcb\",\"name\":\"Dignity News\",\"image\":{\"@type\":\"ImageObject\",\"inLanguage\":\"de\",\"@id\":\"https:\/\/dignitynews.eu\/pl\/#\/schema\/person\/image\/\",\"url\":\"https:\/\/secure.gravatar.com\/avatar\/97963171a6d9108f8381bbefb1c6b150c445b6ddd9e3077b96c86cf5892c85dc?s=96&d=mm&r=g\",\"contentUrl\":\"https:\/\/secure.gravatar.com\/avatar\/97963171a6d9108f8381bbefb1c6b150c445b6ddd9e3077b96c86cf5892c85dc?s=96&d=mm&r=g\",\"caption\":\"Dignity News\"},\"url\":\"https:\/\/dignitynews.eu\/de\/author\/mikolaj-palade\/\"}]}<\/script>\n<!-- \/ Yoast SEO plugin. -->","yoast_head_json":{"title":"Minister f\u00fcr Bildung und Wissenschaft: Ergebnisse der Abiturpr\u00fcfungen besser als im letzten Jahr - W\u00fcrde - DignityNews.eu","robots":{"index":"index","follow":"follow","max-snippet":"max-snippet:-1","max-image-preview":"max-image-preview:large","max-video-preview":"max-video-preview:-1"},"canonical":"https:\/\/dignitynews.eu\/de\/minister-fuer-bildung-und-wissenschaft-ergebnisse-der-abiturpruefungen-besser-als-im-letzten-jahr\/","og_locale":"de_DE","og_type":"article","og_title":"Minister f\u00fcr Bildung und Wissenschaft: Ergebnisse der Abiturpr\u00fcfungen besser als im letzten Jahr - W\u00fcrde - DignityNews.eu","og_description":"Nach Angaben des Ministers f\u00fcr Bildung und Wissenschaft, Przemys\u0142aw Czarnek, haben die diesj\u00e4hrigen Abiturienten bessere Ergebnisse bei den Abiturpr\u00fcfungen erreicht als die Abiturienten des letzten Jahres. \u201eDie Pr\u00fcfungen wurden nach&hellip;","og_url":"https:\/\/dignitynews.eu\/de\/minister-fuer-bildung-und-wissenschaft-ergebnisse-der-abiturpruefungen-besser-als-im-letzten-jahr\/","og_site_name":"W\u00fcrde - DignityNews.eu","article_published_time":"2022-07-05T09:39:38+00:00","article_modified_time":"2022-07-05T13:26:12+00:00","og_image":[{"width":1500,"height":998,"url":"https:\/\/dignitynews.eu\/wp-content\/uploads\/2022\/07\/MEiN-o-wynikach-matur-fot.-Zbyszek-Kaczmarek-REPORTER.jpg","type":"image\/jpeg"}],"author":"Dignity News","twitter_card":"summary_large_image","twitter_misc":{"Verfasst von":"Dignity News","Gesch\u00e4tzte Lesezeit":"2\u00a0Minuten"},"schema":{"@context":"https:\/\/schema.org","@graph":[{"@type":"WebSite","@id":"https:\/\/dignitynews.eu\/pl\/#website","url":"https:\/\/dignitynews.eu\/pl\/","name":"W\u00fcrde - DignityNews.eu","description":"","potentialAction":[{"@type":"SearchAction","target":{"@type":"EntryPoint","urlTemplate":"https:\/\/dignitynews.eu\/pl\/?s={search_term_string}"},"query-input":"required name=search_term_string"}],"inLanguage":"de"},{"@type":"WebPage","@id":"https:\/\/dignitynews.eu\/de\/minister-fuer-bildung-und-wissenschaft-ergebnisse-der-abiturpruefungen-besser-als-im-letzten-jahr\/","url":"https:\/\/dignitynews.eu\/de\/minister-fuer-bildung-und-wissenschaft-ergebnisse-der-abiturpruefungen-besser-als-im-letzten-jahr\/","name":"Minister f\u00fcr Bildung und Wissenschaft: Ergebnisse der Abiturpr\u00fcfungen besser als im letzten Jahr - W\u00fcrde - DignityNews.eu","isPartOf":{"@id":"https:\/\/dignitynews.eu\/pl\/#website"},"datePublished":"2022-07-05T09:39:38+00:00","dateModified":"2022-07-05T13:26:12+00:00","author":{"@id":"https:\/\/dignitynews.eu\/pl\/#\/schema\/person\/0b62b762b8174802fabc81a3ecb1bfcb"},"breadcrumb":{"@id":"https:\/\/dignitynews.eu\/de\/minister-fuer-bildung-und-wissenschaft-ergebnisse-der-abiturpruefungen-besser-als-im-letzten-jahr\/#breadcrumb"},"inLanguage":"de","potentialAction":[{"@type":"ReadAction","target":["https:\/\/dignitynews.eu\/de\/minister-fuer-bildung-und-wissenschaft-ergebnisse-der-abiturpruefungen-besser-als-im-letzten-jahr\/"]}]},{"@type":"BreadcrumbList","@id":"https:\/\/dignitynews.eu\/de\/minister-fuer-bildung-und-wissenschaft-ergebnisse-der-abiturpruefungen-besser-als-im-letzten-jahr\/#breadcrumb","itemListElement":[{"@type":"ListItem","position":1,"name":"Strona g\u0142\u00f3wna","item":"https:\/\/dignitynews.eu\/de\/"},{"@type":"ListItem","position":2,"name":"Minister f\u00fcr Bildung und Wissenschaft: Ergebnisse der Abiturpr\u00fcfungen besser als im letzten Jahr"}]},{"@type":"Person","@id":"https:\/\/dignitynews.eu\/pl\/#\/schema\/person\/0b62b762b8174802fabc81a3ecb1bfcb","name":"Dignity News","image":{"@type":"ImageObject","inLanguage":"de","@id":"https:\/\/dignitynews.eu\/pl\/#\/schema\/person\/image\/","url":"https:\/\/secure.gravatar.com\/avatar\/97963171a6d9108f8381bbefb1c6b150c445b6ddd9e3077b96c86cf5892c85dc?s=96&d=mm&r=g","contentUrl":"https:\/\/secure.gravatar.com\/avatar\/97963171a6d9108f8381bbefb1c6b150c445b6ddd9e3077b96c86cf5892c85dc?s=96&d=mm&r=g","caption":"Dignity News"},"url":"https:\/\/dignitynews.eu\/de\/author\/mikolaj-palade\/"}]}},"_links":{"self":[{"href":"https:\/\/dignitynews.eu\/de\/wp-json\/wp\/v2\/posts\/23161","targetHints":{"allow":["GET"]}}],"collection":[{"href":"https:\/\/dignitynews.eu\/de\/wp-json\/wp\/v2\/posts"}],"about":[{"href":"https:\/\/dignitynews.eu\/de\/wp-json\/wp\/v2\/types\/post"}],"author":[{"embeddable":true,"href":"https:\/\/dignitynews.eu\/de\/wp-json\/wp\/v2\/users\/7"}],"replies":[{"embeddable":true,"href":"https:\/\/dignitynews.eu\/de\/wp-json\/wp\/v2\/comments?post=23161"}],"version-history":[{"count":1,"href":"https:\/\/dignitynews.eu\/de\/wp-json\/wp\/v2\/posts\/23161\/revisions"}],"predecessor-version":[{"id":23162,"href":"https:\/\/dignitynews.eu\/de\/wp-json\/wp\/v2\/posts\/23161\/revisions\/23162"}],"wp:featuredmedia":[{"embeddable":true,"href":"https:\/\/dignitynews.eu\/de\/wp-json\/wp\/v2\/media\/23122"}],"wp:attachment":[{"href":"https:\/\/dignitynews.eu\/de\/wp-json\/wp\/v2\/media?parent=23161"}],"wp:term":[{"taxonomy":"category","embeddable":true,"href":"https:\/\/dignitynews.eu\/de\/wp-json\/wp\/v2\/categories?post=23161"},{"taxonomy":"post_tag","embeddable":true,"href":"https:\/\/dignitynews.eu\/de\/wp-json\/wp\/v2\/tags?post=23161"}],"curies":[{"name":"wp","href":"https:\/\/api.w.org\/{rel}","templated":true}]}}