{"id":23155,"date":"2022-07-05T10:51:44","date_gmt":"2022-07-05T08:51:44","guid":{"rendered":"https:\/\/dignitynews.eu\/?p=23155"},"modified":"2022-07-05T15:23:12","modified_gmt":"2022-07-05T13:23:12","slug":"praesident-nach-der-sitzung-des-nationalen-sicherheitsrates-polens-sicherheit-steht-ueber-allen-politischen-spaltungen","status":"publish","type":"post","link":"https:\/\/dignitynews.eu\/de\/praesident-nach-der-sitzung-des-nationalen-sicherheitsrates-polens-sicherheit-steht-ueber-allen-politischen-spaltungen\/","title":{"rendered":"Pr\u00e4sident nach der Sitzung des Nationalen Sicherheitsrates: \u201ePolens Sicherheit steht \u00fcber allen politischen Spaltungen&#8220;"},"content":{"rendered":"<h5><strong>Pr\u00e4<\/strong><strong>sident Andrzej Duda sagte nach der Sitzung des Nationalen Sicherheitsrates (poln. <em>Rad<\/em><\/strong><strong><em>a Bezpiecze\u0144stwa Narodowego<\/em><\/strong><strong>, RBN), es sei ein sehr konkretes Gespr\u00e4<\/strong><strong>ch \u00fc<\/strong><strong>ber wichtige polnische Themen, Sicherheitsfragen und die milit\u00e4<\/strong><strong>rische Lage Polens gewesen. Er f\u00fc<\/strong><strong>gte hinzu, dass die Atmosph\u00e4<\/strong><strong>re des Treffens staatsfreundlich und sachlich gewesen sei und dass w\u00e4<\/strong><strong>hrend des Treffens eine Reihe von interessanten Vorschl\u00e4<\/strong><strong>gen gemacht worden seien.<\/strong><\/h5>\n<p>Der Pr\u00e4sident erkl\u00e4rte, er habe den Teilnehmern der RBN-Sitzung \u00fcber den Verlauf des NATO-Gipfels in Madrid berichtet. Er berichtete ausf\u00fchrlich \u00fcber alle Beschl\u00fcsse, die er gefasst hatte, sowie \u00fcber die Gespr\u00e4che, die er hinter den Kulissen gef\u00fchrt hatte, und \u00fcber die Atmosph\u00e4re auf dem Gipfel.<\/p>\n<p>In Bezug auf das Treffen des Nationales Sicherheitsrates betonte Andrzej Duda, dass die Atmosph\u00e4re des Treffens sehr gut und staatsfreundlich war und die Aussagen sehr sachlich.<\/p>\n<p>\u201eEs war keine politische Debatte, sondern ein sehr konkretes Gespr\u00e4ch \u00fcber wichtige polnische Fragen, sehr konkrete Fragen im Zusammenhang mit der Sicherheit, mit der milit\u00e4rischen Lage Polens im Kontext der Bestimmungen des NATO-Gipfels, im Kontext der alliierten Pr\u00e4senz in unserem Land und an der Ostflanke der NATO\u201d, sagte er.<\/p>\n<p>Nach Aussage des Pr\u00e4sidenten wurden auf der Sitzung eine Reihe interessanter Vorschl\u00e4ge f\u00fcr die Zukunft gemacht.<\/p>\n<p>\u201eIch glaube, ich kann allen meinen Landsleuten sagen, dass Politiker aller Parteien die Frage der Sicherheit Polens \u00fcber alle Spaltungen hinweg sehr ernst nehmen\u201d, sagte Andrzej Duda und f\u00fcgte hinzu, dass die Sorge um die Sicherheit unver\u00e4nderlich sei, unabh\u00e4ngig davon, wer gerade an der Macht sei.<\/p>\n<p>Der Pr\u00e4sident verwies auch auf den NATO-Gipfel in Madrid. Er sch\u00e4tzte ein, dass die dort getroffenen Entscheidungen \u2014 insbesondere die \u00fcber die st\u00e4ndige Pr\u00e4senz des Oberkommandos des V. Corps der US-Armee \u2014 die Sicherheit Polens erheblich st\u00e4rkten. Er wies darauf hin, dass diese alliierte Pr\u00e4senz von grundlegender Bedeutung sei, bis Polen sein Programm zur Modernisierung der Armee und zu ihrer Verst\u00e4rkung in Bezug auf die Infrastruktur und die Zahl der Soldaten abschlie\u00dfen werde.<\/p>\n<p>Arkadiusz S\u0142omczy\u0144ski<\/p>\n","protected":false},"excerpt":{"rendered":"<p>Pr\u00e4sident Andrzej Duda sagte nach der Sitzung des Nationalen Sicherheitsrates (poln. Rada Bezpiecze\u0144stwa Narodowego, RBN), es sei ein sehr konkretes Gespr\u00e4ch \u00fcber wichtige polnische Themen, Sicherheitsfragen und die milit\u00e4rische Lage&hellip;<\/p>\n","protected":false},"author":7,"featured_media":23103,"comment_status":"closed","ping_status":"open","sticky":false,"template":"","format":"standard","meta":{"_mi_skip_tracking":false,"footnotes":""},"categories":[53],"tags":[],"class_list":["post-23155","post","type-post","status-publish","format-standard","has-post-thumbnail","hentry","category-nachrichten"],"yoast_head":"<!-- This site is optimized with the Yoast SEO plugin v19.4 - https:\/\/yoast.com\/wordpress\/plugins\/seo\/ -->\n<title>Pr\u00e4sident nach der Sitzung des Nationalen Sicherheitsrates: \u201ePolens Sicherheit steht \u00fcber allen politischen Spaltungen&quot; - W\u00fcrde - DignityNews.eu<\/title>\n<meta name=\"robots\" content=\"index, follow, max-snippet:-1, max-image-preview:large, max-video-preview:-1\" \/>\n<link rel=\"canonical\" href=\"https:\/\/dignitynews.eu\/de\/praesident-nach-der-sitzung-des-nationalen-sicherheitsrates-polens-sicherheit-steht-ueber-allen-politischen-spaltungen\/\" \/>\n<meta property=\"og:locale\" content=\"de_DE\" \/>\n<meta property=\"og:type\" content=\"article\" \/>\n<meta property=\"og:title\" content=\"Pr\u00e4sident nach der Sitzung des Nationalen Sicherheitsrates: \u201ePolens Sicherheit steht \u00fcber allen politischen Spaltungen&quot; - W\u00fcrde - DignityNews.eu\" \/>\n<meta property=\"og:description\" content=\"Pr\u00e4sident Andrzej Duda sagte nach der Sitzung des Nationalen Sicherheitsrates (poln. Rada Bezpiecze\u0144stwa Narodowego, RBN), es sei ein sehr konkretes Gespr\u00e4ch \u00fcber wichtige polnische Themen, Sicherheitsfragen und die milit\u00e4rische Lage&hellip;\" \/>\n<meta property=\"og:url\" content=\"https:\/\/dignitynews.eu\/de\/praesident-nach-der-sitzung-des-nationalen-sicherheitsrates-polens-sicherheit-steht-ueber-allen-politischen-spaltungen\/\" \/>\n<meta property=\"og:site_name\" content=\"W\u00fcrde - DignityNews.eu\" \/>\n<meta property=\"article:published_time\" content=\"2022-07-05T08:51:44+00:00\" \/>\n<meta property=\"article:modified_time\" content=\"2022-07-05T13:23:12+00:00\" \/>\n<meta property=\"og:image\" content=\"https:\/\/dignitynews.eu\/wp-content\/uploads\/2022\/07\/prezydent-po-RBN-fot.-Beata-Zawadzka-East-News.jpg\" \/>\n\t<meta property=\"og:image:width\" content=\"1122\" \/>\n\t<meta property=\"og:image:height\" content=\"1500\" \/>\n\t<meta property=\"og:image:type\" content=\"image\/jpeg\" \/>\n<meta name=\"author\" content=\"Dignity News\" \/>\n<meta name=\"twitter:card\" content=\"summary_large_image\" \/>\n<meta name=\"twitter:label1\" content=\"Verfasst von\" \/>\n\t<meta name=\"twitter:data1\" content=\"Dignity News\" \/>\n\t<meta name=\"twitter:label2\" content=\"Gesch\u00e4tzte Lesezeit\" \/>\n\t<meta name=\"twitter:data2\" content=\"2\u00a0Minuten\" \/>\n<script type=\"application\/ld+json\" class=\"yoast-schema-graph\">{\"@context\":\"https:\/\/schema.org\",\"@graph\":[{\"@type\":\"WebSite\",\"@id\":\"https:\/\/dignitynews.eu\/pl\/#website\",\"url\":\"https:\/\/dignitynews.eu\/pl\/\",\"name\":\"W\u00fcrde - DignityNews.eu\",\"description\":\"\",\"potentialAction\":[{\"@type\":\"SearchAction\",\"target\":{\"@type\":\"EntryPoint\",\"urlTemplate\":\"https:\/\/dignitynews.eu\/pl\/?s={search_term_string}\"},\"query-input\":\"required name=search_term_string\"}],\"inLanguage\":\"de\"},{\"@type\":\"WebPage\",\"@id\":\"https:\/\/dignitynews.eu\/de\/praesident-nach-der-sitzung-des-nationalen-sicherheitsrates-polens-sicherheit-steht-ueber-allen-politischen-spaltungen\/\",\"url\":\"https:\/\/dignitynews.eu\/de\/praesident-nach-der-sitzung-des-nationalen-sicherheitsrates-polens-sicherheit-steht-ueber-allen-politischen-spaltungen\/\",\"name\":\"Pr\u00e4sident nach der Sitzung des Nationalen Sicherheitsrates: \u201ePolens Sicherheit steht \u00fcber allen politischen Spaltungen\\\" - W\u00fcrde - DignityNews.eu\",\"isPartOf\":{\"@id\":\"https:\/\/dignitynews.eu\/pl\/#website\"},\"datePublished\":\"2022-07-05T08:51:44+00:00\",\"dateModified\":\"2022-07-05T13:23:12+00:00\",\"author\":{\"@id\":\"https:\/\/dignitynews.eu\/pl\/#\/schema\/person\/0b62b762b8174802fabc81a3ecb1bfcb\"},\"breadcrumb\":{\"@id\":\"https:\/\/dignitynews.eu\/de\/praesident-nach-der-sitzung-des-nationalen-sicherheitsrates-polens-sicherheit-steht-ueber-allen-politischen-spaltungen\/#breadcrumb\"},\"inLanguage\":\"de\",\"potentialAction\":[{\"@type\":\"ReadAction\",\"target\":[\"https:\/\/dignitynews.eu\/de\/praesident-nach-der-sitzung-des-nationalen-sicherheitsrates-polens-sicherheit-steht-ueber-allen-politischen-spaltungen\/\"]}]},{\"@type\":\"BreadcrumbList\",\"@id\":\"https:\/\/dignitynews.eu\/de\/praesident-nach-der-sitzung-des-nationalen-sicherheitsrates-polens-sicherheit-steht-ueber-allen-politischen-spaltungen\/#breadcrumb\",\"itemListElement\":[{\"@type\":\"ListItem\",\"position\":1,\"name\":\"Strona g\u0142\u00f3wna\",\"item\":\"https:\/\/dignitynews.eu\/de\/\"},{\"@type\":\"ListItem\",\"position\":2,\"name\":\"Pr\u00e4sident nach der Sitzung des Nationalen Sicherheitsrates: \u201ePolens Sicherheit steht \u00fcber allen politischen Spaltungen&#8221;\"}]},{\"@type\":\"Person\",\"@id\":\"https:\/\/dignitynews.eu\/pl\/#\/schema\/person\/0b62b762b8174802fabc81a3ecb1bfcb\",\"name\":\"Dignity News\",\"image\":{\"@type\":\"ImageObject\",\"inLanguage\":\"de\",\"@id\":\"https:\/\/dignitynews.eu\/pl\/#\/schema\/person\/image\/\",\"url\":\"https:\/\/secure.gravatar.com\/avatar\/97963171a6d9108f8381bbefb1c6b150c445b6ddd9e3077b96c86cf5892c85dc?s=96&d=mm&r=g\",\"contentUrl\":\"https:\/\/secure.gravatar.com\/avatar\/97963171a6d9108f8381bbefb1c6b150c445b6ddd9e3077b96c86cf5892c85dc?s=96&d=mm&r=g\",\"caption\":\"Dignity News\"},\"url\":\"https:\/\/dignitynews.eu\/de\/author\/mikolaj-palade\/\"}]}<\/script>\n<!-- \/ Yoast SEO plugin. -->","yoast_head_json":{"title":"Pr\u00e4sident nach der Sitzung des Nationalen Sicherheitsrates: \u201ePolens Sicherheit steht \u00fcber allen politischen Spaltungen\" - W\u00fcrde - DignityNews.eu","robots":{"index":"index","follow":"follow","max-snippet":"max-snippet:-1","max-image-preview":"max-image-preview:large","max-video-preview":"max-video-preview:-1"},"canonical":"https:\/\/dignitynews.eu\/de\/praesident-nach-der-sitzung-des-nationalen-sicherheitsrates-polens-sicherheit-steht-ueber-allen-politischen-spaltungen\/","og_locale":"de_DE","og_type":"article","og_title":"Pr\u00e4sident nach der Sitzung des Nationalen Sicherheitsrates: \u201ePolens Sicherheit steht \u00fcber allen politischen Spaltungen\" - W\u00fcrde - DignityNews.eu","og_description":"Pr\u00e4sident Andrzej Duda sagte nach der Sitzung des Nationalen Sicherheitsrates (poln. Rada Bezpiecze\u0144stwa Narodowego, RBN), es sei ein sehr konkretes Gespr\u00e4ch \u00fcber wichtige polnische Themen, Sicherheitsfragen und die milit\u00e4rische Lage&hellip;","og_url":"https:\/\/dignitynews.eu\/de\/praesident-nach-der-sitzung-des-nationalen-sicherheitsrates-polens-sicherheit-steht-ueber-allen-politischen-spaltungen\/","og_site_name":"W\u00fcrde - DignityNews.eu","article_published_time":"2022-07-05T08:51:44+00:00","article_modified_time":"2022-07-05T13:23:12+00:00","og_image":[{"width":1122,"height":1500,"url":"https:\/\/dignitynews.eu\/wp-content\/uploads\/2022\/07\/prezydent-po-RBN-fot.-Beata-Zawadzka-East-News.jpg","type":"image\/jpeg"}],"author":"Dignity News","twitter_card":"summary_large_image","twitter_misc":{"Verfasst von":"Dignity News","Gesch\u00e4tzte Lesezeit":"2\u00a0Minuten"},"schema":{"@context":"https:\/\/schema.org","@graph":[{"@type":"WebSite","@id":"https:\/\/dignitynews.eu\/pl\/#website","url":"https:\/\/dignitynews.eu\/pl\/","name":"W\u00fcrde - DignityNews.eu","description":"","potentialAction":[{"@type":"SearchAction","target":{"@type":"EntryPoint","urlTemplate":"https:\/\/dignitynews.eu\/pl\/?s={search_term_string}"},"query-input":"required name=search_term_string"}],"inLanguage":"de"},{"@type":"WebPage","@id":"https:\/\/dignitynews.eu\/de\/praesident-nach-der-sitzung-des-nationalen-sicherheitsrates-polens-sicherheit-steht-ueber-allen-politischen-spaltungen\/","url":"https:\/\/dignitynews.eu\/de\/praesident-nach-der-sitzung-des-nationalen-sicherheitsrates-polens-sicherheit-steht-ueber-allen-politischen-spaltungen\/","name":"Pr\u00e4sident nach der Sitzung des Nationalen Sicherheitsrates: \u201ePolens Sicherheit steht \u00fcber allen politischen Spaltungen\" - W\u00fcrde - DignityNews.eu","isPartOf":{"@id":"https:\/\/dignitynews.eu\/pl\/#website"},"datePublished":"2022-07-05T08:51:44+00:00","dateModified":"2022-07-05T13:23:12+00:00","author":{"@id":"https:\/\/dignitynews.eu\/pl\/#\/schema\/person\/0b62b762b8174802fabc81a3ecb1bfcb"},"breadcrumb":{"@id":"https:\/\/dignitynews.eu\/de\/praesident-nach-der-sitzung-des-nationalen-sicherheitsrates-polens-sicherheit-steht-ueber-allen-politischen-spaltungen\/#breadcrumb"},"inLanguage":"de","potentialAction":[{"@type":"ReadAction","target":["https:\/\/dignitynews.eu\/de\/praesident-nach-der-sitzung-des-nationalen-sicherheitsrates-polens-sicherheit-steht-ueber-allen-politischen-spaltungen\/"]}]},{"@type":"BreadcrumbList","@id":"https:\/\/dignitynews.eu\/de\/praesident-nach-der-sitzung-des-nationalen-sicherheitsrates-polens-sicherheit-steht-ueber-allen-politischen-spaltungen\/#breadcrumb","itemListElement":[{"@type":"ListItem","position":1,"name":"Strona g\u0142\u00f3wna","item":"https:\/\/dignitynews.eu\/de\/"},{"@type":"ListItem","position":2,"name":"Pr\u00e4sident nach der Sitzung des Nationalen Sicherheitsrates: \u201ePolens Sicherheit steht \u00fcber allen politischen Spaltungen&#8221;"}]},{"@type":"Person","@id":"https:\/\/dignitynews.eu\/pl\/#\/schema\/person\/0b62b762b8174802fabc81a3ecb1bfcb","name":"Dignity News","image":{"@type":"ImageObject","inLanguage":"de","@id":"https:\/\/dignitynews.eu\/pl\/#\/schema\/person\/image\/","url":"https:\/\/secure.gravatar.com\/avatar\/97963171a6d9108f8381bbefb1c6b150c445b6ddd9e3077b96c86cf5892c85dc?s=96&d=mm&r=g","contentUrl":"https:\/\/secure.gravatar.com\/avatar\/97963171a6d9108f8381bbefb1c6b150c445b6ddd9e3077b96c86cf5892c85dc?s=96&d=mm&r=g","caption":"Dignity News"},"url":"https:\/\/dignitynews.eu\/de\/author\/mikolaj-palade\/"}]}},"_links":{"self":[{"href":"https:\/\/dignitynews.eu\/de\/wp-json\/wp\/v2\/posts\/23155","targetHints":{"allow":["GET"]}}],"collection":[{"href":"https:\/\/dignitynews.eu\/de\/wp-json\/wp\/v2\/posts"}],"about":[{"href":"https:\/\/dignitynews.eu\/de\/wp-json\/wp\/v2\/types\/post"}],"author":[{"embeddable":true,"href":"https:\/\/dignitynews.eu\/de\/wp-json\/wp\/v2\/users\/7"}],"replies":[{"embeddable":true,"href":"https:\/\/dignitynews.eu\/de\/wp-json\/wp\/v2\/comments?post=23155"}],"version-history":[{"count":1,"href":"https:\/\/dignitynews.eu\/de\/wp-json\/wp\/v2\/posts\/23155\/revisions"}],"predecessor-version":[{"id":23156,"href":"https:\/\/dignitynews.eu\/de\/wp-json\/wp\/v2\/posts\/23155\/revisions\/23156"}],"wp:featuredmedia":[{"embeddable":true,"href":"https:\/\/dignitynews.eu\/de\/wp-json\/wp\/v2\/media\/23103"}],"wp:attachment":[{"href":"https:\/\/dignitynews.eu\/de\/wp-json\/wp\/v2\/media?parent=23155"}],"wp:term":[{"taxonomy":"category","embeddable":true,"href":"https:\/\/dignitynews.eu\/de\/wp-json\/wp\/v2\/categories?post=23155"},{"taxonomy":"post_tag","embeddable":true,"href":"https:\/\/dignitynews.eu\/de\/wp-json\/wp\/v2\/tags?post=23155"}],"curies":[{"name":"wp","href":"https:\/\/api.w.org\/{rel}","templated":true}]}}