{"id":23153,"date":"2022-07-05T11:46:50","date_gmt":"2022-07-05T09:46:50","guid":{"rendered":"https:\/\/dignitynews.eu\/?p=23153"},"modified":"2022-07-05T15:22:18","modified_gmt":"2022-07-05T13:22:18","slug":"praesidenten-polens-und-israels-die-beziehungen-zwischen-den-laendern-werden-wieder-in-ihren-richtigen-gang-gebracht","status":"publish","type":"post","link":"https:\/\/dignitynews.eu\/de\/praesidenten-polens-und-israels-die-beziehungen-zwischen-den-laendern-werden-wieder-in-ihren-richtigen-gang-gebracht\/","title":{"rendered":"Pr\u00e4sidenten Polens und Israels: Die Beziehungen zwischen den L\u00e4ndern werden wieder in ihren richtigen Gang gebracht"},"content":{"rendered":"<h5><strong>Die Kanzlei des Pr\u00e4<\/strong><strong>sidenten der Republik Polen (KPRP) hat angek\u00fc<\/strong><strong>ndigt, dass der neue israelische Botschafter in Polen in den kommenden Tagen sein Beglaubigungsschreiben vorlegen wird. Sie betonte auch, dass die Beziehungen zwischen den beiden L\u00e4<\/strong><strong>ndern wieder in ihren richtigen Gang gebracht werden.<\/strong><\/h5>\n<p>Die Kanzlei des polnischen Pr\u00e4sidenten teilte mit, dass Pr\u00e4sident Andrzej Duda mit dem israelischen Staatspr\u00e4sidenten Isaac Herzog telefoniert habe. Wie \u00fcbermittelt, sprachen die Pr\u00e4sidenten w\u00e4hrend des Gespr\u00e4chs von ihrer Unterst\u00fctzung f\u00fcr die Entwicklung der bilateralen Beziehungen zwischen Polen und Israel. Es wurde vereinbart, dass die Beziehungen zwischen den beiden L\u00e4ndern wieder auf den richtigen Weg gebracht werden sollen.<\/p>\n<p>In ihrer Mitteilung stellte die Kanzlei des Pr\u00e4sidenten fest, dass Pr\u00e4sident Herzog in einer gemeinsamen Initiative mit dem Premierminister und dem Au\u00dfenminister Israels die R\u00fcckkehr des polnischen Botschafters nach Israel gefordert habe.<\/p>\n<p>Pr\u00e4sident Duda stimmte zu, dass ein polnischer Botschafter in kurzer Zeit ernannt werden sollte, und sagte, dass der neue israelische Botschafter in Polen in den kommenden Tagen sein Beglaubigungsschreiben vorlegen werde. Beide Pr\u00e4sidenten brachten ihre Hoffnung zum Ausdruck, dass alle Probleme in den bilateralen Beziehungen in Zukunft durch einen aufrichtigen und offenen Dialog im Geiste des gegenseitigen Respekts gel\u00f6st werden k\u00f6nnen, hei\u00dft es in der Mitteilung.<\/p>\n<p>Der neue israelische Botschafter Yacov Livne traf Ende Februar in Polen ein, wie die israelische Botschaft mitteilte. Zuvor war er Leiter ds Departments f\u00fcr Eurasien im israelischen Au\u00dfenministerium, au\u00dferdem war er u.a. als Gesch\u00e4ftstr\u00e4ger der diplomatischen Vertretung in Moskau und als politischer Berater in der Botschaft in Deutschland t\u00e4tig.<\/p>\n<p>Im September 2020 wurde Yacov Livne vom israelischen Au\u00dfenministerium f\u00fcr den Posten des Botschafters in Warschau nominiert, doch war dies eine von vielen diplomatischen Ernennungen, die aufgrund von Konflikten innerhalb der Koalition nicht die Zustimmung der vorherigen israelischen Regierung fanden. Yacov Livne wurde fast ein Jahr sp\u00e4ter, Ende Juni letzten Jahres, zum Botschafter in Polen ernannt.<\/p>\n<p>Arkadiusz S\u0142omczy\u0144ski<\/p>\n","protected":false},"excerpt":{"rendered":"<p>Die Kanzlei des Pr\u00e4sidenten der Republik Polen (KPRP) hat angek\u00fcndigt, dass der neue israelische Botschafter in Polen in den kommenden Tagen sein Beglaubigungsschreiben vorlegen wird. Sie betonte auch, dass die&hellip;<\/p>\n","protected":false},"author":7,"featured_media":23115,"comment_status":"closed","ping_status":"open","sticky":false,"template":"","format":"standard","meta":{"_mi_skip_tracking":false,"footnotes":""},"categories":[53],"tags":[],"class_list":["post-23153","post","type-post","status-publish","format-standard","has-post-thumbnail","hentry","category-nachrichten"],"yoast_head":"<!-- This site is optimized with the Yoast SEO plugin v19.4 - https:\/\/yoast.com\/wordpress\/plugins\/seo\/ -->\n<title>Pr\u00e4sidenten Polens und Israels: Die Beziehungen zwischen den L\u00e4ndern werden wieder in ihren richtigen Gang gebracht - W\u00fcrde - DignityNews.eu<\/title>\n<meta name=\"robots\" content=\"index, follow, max-snippet:-1, max-image-preview:large, max-video-preview:-1\" \/>\n<link rel=\"canonical\" href=\"https:\/\/dignitynews.eu\/de\/praesidenten-polens-und-israels-die-beziehungen-zwischen-den-laendern-werden-wieder-in-ihren-richtigen-gang-gebracht\/\" \/>\n<meta property=\"og:locale\" content=\"de_DE\" \/>\n<meta property=\"og:type\" content=\"article\" \/>\n<meta property=\"og:title\" content=\"Pr\u00e4sidenten Polens und Israels: Die Beziehungen zwischen den L\u00e4ndern werden wieder in ihren richtigen Gang gebracht - W\u00fcrde - DignityNews.eu\" \/>\n<meta property=\"og:description\" content=\"Die Kanzlei des Pr\u00e4sidenten der Republik Polen (KPRP) hat angek\u00fcndigt, dass der neue israelische Botschafter in Polen in den kommenden Tagen sein Beglaubigungsschreiben vorlegen wird. Sie betonte auch, dass die&hellip;\" \/>\n<meta property=\"og:url\" content=\"https:\/\/dignitynews.eu\/de\/praesidenten-polens-und-israels-die-beziehungen-zwischen-den-laendern-werden-wieder-in-ihren-richtigen-gang-gebracht\/\" \/>\n<meta property=\"og:site_name\" content=\"W\u00fcrde - DignityNews.eu\" \/>\n<meta property=\"article:published_time\" content=\"2022-07-05T09:46:50+00:00\" \/>\n<meta property=\"article:modified_time\" content=\"2022-07-05T13:22:18+00:00\" \/>\n<meta property=\"og:image\" content=\"https:\/\/dignitynews.eu\/wp-content\/uploads\/2022\/07\/prezydenci-Polski-i-Izraela-fot.-Jan-Bielecki-East-News.jpg\" \/>\n\t<meta property=\"og:image:width\" content=\"945\" \/>\n\t<meta property=\"og:image:height\" content=\"1500\" \/>\n\t<meta property=\"og:image:type\" content=\"image\/jpeg\" \/>\n<meta name=\"author\" content=\"Dignity News\" \/>\n<meta name=\"twitter:card\" content=\"summary_large_image\" \/>\n<meta name=\"twitter:label1\" content=\"Verfasst von\" \/>\n\t<meta name=\"twitter:data1\" content=\"Dignity News\" \/>\n\t<meta name=\"twitter:label2\" content=\"Gesch\u00e4tzte Lesezeit\" \/>\n\t<meta name=\"twitter:data2\" content=\"2\u00a0Minuten\" \/>\n<script type=\"application\/ld+json\" class=\"yoast-schema-graph\">{\"@context\":\"https:\/\/schema.org\",\"@graph\":[{\"@type\":\"WebSite\",\"@id\":\"https:\/\/dignitynews.eu\/pl\/#website\",\"url\":\"https:\/\/dignitynews.eu\/pl\/\",\"name\":\"W\u00fcrde - DignityNews.eu\",\"description\":\"\",\"potentialAction\":[{\"@type\":\"SearchAction\",\"target\":{\"@type\":\"EntryPoint\",\"urlTemplate\":\"https:\/\/dignitynews.eu\/pl\/?s={search_term_string}\"},\"query-input\":\"required name=search_term_string\"}],\"inLanguage\":\"de\"},{\"@type\":\"WebPage\",\"@id\":\"https:\/\/dignitynews.eu\/de\/praesidenten-polens-und-israels-die-beziehungen-zwischen-den-laendern-werden-wieder-in-ihren-richtigen-gang-gebracht\/\",\"url\":\"https:\/\/dignitynews.eu\/de\/praesidenten-polens-und-israels-die-beziehungen-zwischen-den-laendern-werden-wieder-in-ihren-richtigen-gang-gebracht\/\",\"name\":\"Pr\u00e4sidenten Polens und Israels: Die Beziehungen zwischen den L\u00e4ndern werden wieder in ihren richtigen Gang gebracht - W\u00fcrde - DignityNews.eu\",\"isPartOf\":{\"@id\":\"https:\/\/dignitynews.eu\/pl\/#website\"},\"datePublished\":\"2022-07-05T09:46:50+00:00\",\"dateModified\":\"2022-07-05T13:22:18+00:00\",\"author\":{\"@id\":\"https:\/\/dignitynews.eu\/pl\/#\/schema\/person\/0b62b762b8174802fabc81a3ecb1bfcb\"},\"breadcrumb\":{\"@id\":\"https:\/\/dignitynews.eu\/de\/praesidenten-polens-und-israels-die-beziehungen-zwischen-den-laendern-werden-wieder-in-ihren-richtigen-gang-gebracht\/#breadcrumb\"},\"inLanguage\":\"de\",\"potentialAction\":[{\"@type\":\"ReadAction\",\"target\":[\"https:\/\/dignitynews.eu\/de\/praesidenten-polens-und-israels-die-beziehungen-zwischen-den-laendern-werden-wieder-in-ihren-richtigen-gang-gebracht\/\"]}]},{\"@type\":\"BreadcrumbList\",\"@id\":\"https:\/\/dignitynews.eu\/de\/praesidenten-polens-und-israels-die-beziehungen-zwischen-den-laendern-werden-wieder-in-ihren-richtigen-gang-gebracht\/#breadcrumb\",\"itemListElement\":[{\"@type\":\"ListItem\",\"position\":1,\"name\":\"Strona g\u0142\u00f3wna\",\"item\":\"https:\/\/dignitynews.eu\/de\/\"},{\"@type\":\"ListItem\",\"position\":2,\"name\":\"Pr\u00e4sidenten Polens und Israels: Die Beziehungen zwischen den L\u00e4ndern werden wieder in ihren richtigen Gang gebracht\"}]},{\"@type\":\"Person\",\"@id\":\"https:\/\/dignitynews.eu\/pl\/#\/schema\/person\/0b62b762b8174802fabc81a3ecb1bfcb\",\"name\":\"Dignity News\",\"image\":{\"@type\":\"ImageObject\",\"inLanguage\":\"de\",\"@id\":\"https:\/\/dignitynews.eu\/pl\/#\/schema\/person\/image\/\",\"url\":\"https:\/\/secure.gravatar.com\/avatar\/97963171a6d9108f8381bbefb1c6b150c445b6ddd9e3077b96c86cf5892c85dc?s=96&d=mm&r=g\",\"contentUrl\":\"https:\/\/secure.gravatar.com\/avatar\/97963171a6d9108f8381bbefb1c6b150c445b6ddd9e3077b96c86cf5892c85dc?s=96&d=mm&r=g\",\"caption\":\"Dignity News\"},\"url\":\"https:\/\/dignitynews.eu\/de\/author\/mikolaj-palade\/\"}]}<\/script>\n<!-- \/ Yoast SEO plugin. -->","yoast_head_json":{"title":"Pr\u00e4sidenten Polens und Israels: Die Beziehungen zwischen den L\u00e4ndern werden wieder in ihren richtigen Gang gebracht - W\u00fcrde - DignityNews.eu","robots":{"index":"index","follow":"follow","max-snippet":"max-snippet:-1","max-image-preview":"max-image-preview:large","max-video-preview":"max-video-preview:-1"},"canonical":"https:\/\/dignitynews.eu\/de\/praesidenten-polens-und-israels-die-beziehungen-zwischen-den-laendern-werden-wieder-in-ihren-richtigen-gang-gebracht\/","og_locale":"de_DE","og_type":"article","og_title":"Pr\u00e4sidenten Polens und Israels: Die Beziehungen zwischen den L\u00e4ndern werden wieder in ihren richtigen Gang gebracht - W\u00fcrde - DignityNews.eu","og_description":"Die Kanzlei des Pr\u00e4sidenten der Republik Polen (KPRP) hat angek\u00fcndigt, dass der neue israelische Botschafter in Polen in den kommenden Tagen sein Beglaubigungsschreiben vorlegen wird. Sie betonte auch, dass die&hellip;","og_url":"https:\/\/dignitynews.eu\/de\/praesidenten-polens-und-israels-die-beziehungen-zwischen-den-laendern-werden-wieder-in-ihren-richtigen-gang-gebracht\/","og_site_name":"W\u00fcrde - DignityNews.eu","article_published_time":"2022-07-05T09:46:50+00:00","article_modified_time":"2022-07-05T13:22:18+00:00","og_image":[{"width":945,"height":1500,"url":"https:\/\/dignitynews.eu\/wp-content\/uploads\/2022\/07\/prezydenci-Polski-i-Izraela-fot.-Jan-Bielecki-East-News.jpg","type":"image\/jpeg"}],"author":"Dignity News","twitter_card":"summary_large_image","twitter_misc":{"Verfasst von":"Dignity News","Gesch\u00e4tzte Lesezeit":"2\u00a0Minuten"},"schema":{"@context":"https:\/\/schema.org","@graph":[{"@type":"WebSite","@id":"https:\/\/dignitynews.eu\/pl\/#website","url":"https:\/\/dignitynews.eu\/pl\/","name":"W\u00fcrde - DignityNews.eu","description":"","potentialAction":[{"@type":"SearchAction","target":{"@type":"EntryPoint","urlTemplate":"https:\/\/dignitynews.eu\/pl\/?s={search_term_string}"},"query-input":"required name=search_term_string"}],"inLanguage":"de"},{"@type":"WebPage","@id":"https:\/\/dignitynews.eu\/de\/praesidenten-polens-und-israels-die-beziehungen-zwischen-den-laendern-werden-wieder-in-ihren-richtigen-gang-gebracht\/","url":"https:\/\/dignitynews.eu\/de\/praesidenten-polens-und-israels-die-beziehungen-zwischen-den-laendern-werden-wieder-in-ihren-richtigen-gang-gebracht\/","name":"Pr\u00e4sidenten Polens und Israels: Die Beziehungen zwischen den L\u00e4ndern werden wieder in ihren richtigen Gang gebracht - W\u00fcrde - DignityNews.eu","isPartOf":{"@id":"https:\/\/dignitynews.eu\/pl\/#website"},"datePublished":"2022-07-05T09:46:50+00:00","dateModified":"2022-07-05T13:22:18+00:00","author":{"@id":"https:\/\/dignitynews.eu\/pl\/#\/schema\/person\/0b62b762b8174802fabc81a3ecb1bfcb"},"breadcrumb":{"@id":"https:\/\/dignitynews.eu\/de\/praesidenten-polens-und-israels-die-beziehungen-zwischen-den-laendern-werden-wieder-in-ihren-richtigen-gang-gebracht\/#breadcrumb"},"inLanguage":"de","potentialAction":[{"@type":"ReadAction","target":["https:\/\/dignitynews.eu\/de\/praesidenten-polens-und-israels-die-beziehungen-zwischen-den-laendern-werden-wieder-in-ihren-richtigen-gang-gebracht\/"]}]},{"@type":"BreadcrumbList","@id":"https:\/\/dignitynews.eu\/de\/praesidenten-polens-und-israels-die-beziehungen-zwischen-den-laendern-werden-wieder-in-ihren-richtigen-gang-gebracht\/#breadcrumb","itemListElement":[{"@type":"ListItem","position":1,"name":"Strona g\u0142\u00f3wna","item":"https:\/\/dignitynews.eu\/de\/"},{"@type":"ListItem","position":2,"name":"Pr\u00e4sidenten Polens und Israels: Die Beziehungen zwischen den L\u00e4ndern werden wieder in ihren richtigen Gang gebracht"}]},{"@type":"Person","@id":"https:\/\/dignitynews.eu\/pl\/#\/schema\/person\/0b62b762b8174802fabc81a3ecb1bfcb","name":"Dignity News","image":{"@type":"ImageObject","inLanguage":"de","@id":"https:\/\/dignitynews.eu\/pl\/#\/schema\/person\/image\/","url":"https:\/\/secure.gravatar.com\/avatar\/97963171a6d9108f8381bbefb1c6b150c445b6ddd9e3077b96c86cf5892c85dc?s=96&d=mm&r=g","contentUrl":"https:\/\/secure.gravatar.com\/avatar\/97963171a6d9108f8381bbefb1c6b150c445b6ddd9e3077b96c86cf5892c85dc?s=96&d=mm&r=g","caption":"Dignity News"},"url":"https:\/\/dignitynews.eu\/de\/author\/mikolaj-palade\/"}]}},"_links":{"self":[{"href":"https:\/\/dignitynews.eu\/de\/wp-json\/wp\/v2\/posts\/23153","targetHints":{"allow":["GET"]}}],"collection":[{"href":"https:\/\/dignitynews.eu\/de\/wp-json\/wp\/v2\/posts"}],"about":[{"href":"https:\/\/dignitynews.eu\/de\/wp-json\/wp\/v2\/types\/post"}],"author":[{"embeddable":true,"href":"https:\/\/dignitynews.eu\/de\/wp-json\/wp\/v2\/users\/7"}],"replies":[{"embeddable":true,"href":"https:\/\/dignitynews.eu\/de\/wp-json\/wp\/v2\/comments?post=23153"}],"version-history":[{"count":1,"href":"https:\/\/dignitynews.eu\/de\/wp-json\/wp\/v2\/posts\/23153\/revisions"}],"predecessor-version":[{"id":23154,"href":"https:\/\/dignitynews.eu\/de\/wp-json\/wp\/v2\/posts\/23153\/revisions\/23154"}],"wp:featuredmedia":[{"embeddable":true,"href":"https:\/\/dignitynews.eu\/de\/wp-json\/wp\/v2\/media\/23115"}],"wp:attachment":[{"href":"https:\/\/dignitynews.eu\/de\/wp-json\/wp\/v2\/media?parent=23153"}],"wp:term":[{"taxonomy":"category","embeddable":true,"href":"https:\/\/dignitynews.eu\/de\/wp-json\/wp\/v2\/categories?post=23153"},{"taxonomy":"post_tag","embeddable":true,"href":"https:\/\/dignitynews.eu\/de\/wp-json\/wp\/v2\/tags?post=23153"}],"curies":[{"name":"wp","href":"https:\/\/api.w.org\/{rel}","templated":true}]}}