{"id":23082,"date":"2022-07-04T11:20:29","date_gmt":"2022-07-04T09:20:29","guid":{"rendered":"https:\/\/dignitynews.eu\/?p=23082"},"modified":"2022-07-04T19:28:59","modified_gmt":"2022-07-04T17:28:59","slug":"mateusz-morawiecki-die-situation-ist-nicht-mit-der-von-1939-vergleichbar","status":"publish","type":"post","link":"https:\/\/dignitynews.eu\/de\/mateusz-morawiecki-die-situation-ist-nicht-mit-der-von-1939-vergleichbar\/","title":{"rendered":"Mateusz Morawiecki: \u201eDie Situation ist nicht mit der von 1939 vergleichbar\u201d"},"content":{"rendered":"<h5><strong>\u201eDie Situation ist aus vielen Gr<\/strong><strong>\u00fc<\/strong><strong>nden nicht mit der von 1939 vergleichbar. Damals waren wir von zwei extrem feindlichen M<\/strong><strong>\u00e4<\/strong><strong>chten umgeben. Heute sind wir ein Teil des m<\/strong><strong>\u00e4<\/strong><strong>chtigsten Milit<\/strong><strong>\u00e4rb\u00fc<\/strong><strong>ndnisses der Welt, und seine F<\/strong><strong>\u00fc<\/strong><strong>hrer betonen, dass sie jeden Zentimeter Land eines NATO-Mitgliedsstaates verteidigen werden\u201d, sagte Ministerpr<\/strong><strong>\u00e4<\/strong><strong>sident Mateusz Morawiecki in einem Interview mit der Tageszeitung \u201e<\/strong><strong>Polska Times<\/strong><strong>\u201d<\/strong><strong>.<\/strong><\/h5>\n<p>Der polnische Regierungschef erkl\u00e4rte, dass \u201eRussland zwar droht, erpresst und seine Muskeln spielen l\u00e4sst\u201d, der Nordatlantikpakt in den letzten Monaten jedoch genug Entschlossenheit gezeigt habe, um keinen Zweifel daran zu lassen, dass er vor Drohungen nicht zur\u00fcckschrecken werde.<\/p>\n<p>Er betonte, dass die erh\u00f6hte Sicherheit Polens auch durch die wachsende St\u00e4rke unserer eigenen Armee sowie durch die St\u00e4rkung der NATO durch den Beitritt Finnlands und Schwedens beeinflusst werde.<\/p>\n<p>In Bezug auf die Beteiligung Polens und polnischer Unternehmen am Wiederaufbau der zerst\u00f6rten Ukraine sagte Morawiecki, dass einer der Schl\u00fcssel zum Erfolg dieses Prozesses darin bestehe, dass die internationale Gemeinschaft gen\u00fcgend Mittel f\u00fcr den schnellstm\u00f6glichen Wiederaufbau der ukrainischen Infrastruktur aufbringe.<\/p>\n<p>\u201eBei meinen verschiedenen Gespr\u00e4chen best\u00e4tigten der ukrainische Premierminister und der Pr\u00e4sident, dass polnische Unternehmen in der Ukraine bevorzugt werden w\u00fcrden. Das Gesetz, das die ukrainische Seite vorbereitet, soll polnischen Arbeitnehmern und Unternehmern eine sehr freundliche Behandlung zuteil werden lassen. Das beweist, dass Polen dort ein sehr willkommener Investor ist\u201d, so der polnische Ministerpr\u00e4sident.<\/p>\n<p>Mateusz Morawiecki argumentierte, dass die Wirtschaftssanktionen, die gegen Russland im Zusammenhang mit seiner Aggression gegen die Ukraine verh\u00e4ngt wurden, langfristig sinnvoll seien. Sie seien stark, aber sie w\u00fcrden mittel- und langfristig funktionieren. Sie schw\u00e4chten Russlands wirtschaftliches Potenzial erheblich und sollten zu seiner Isolierung f\u00fchren, meint der polnische Regierungschef.<\/p>\n<p>Seiner Meinung nach haben \u201enur die L\u00e4nder, die in der Lage sind, mit andere zu konkurrieren und neue Technologien in Zusammenarbeit mit den fortschrittlichsten L\u00e4ndern und Anbietern dieser Technologien zu entwickeln, eine Chance, auf der Leiter des Mehrwerts aufzusteigen. Russland wird jetzt dieser Chance beraubt\u201d, f\u00fcgte er hinzu.<\/p>\n<p>Adrian Andrzejewski<\/p>\n","protected":false},"excerpt":{"rendered":"<p>\u201eDie Situation ist aus vielen Gr\u00fcnden nicht mit der von 1939 vergleichbar. Damals waren wir von zwei extrem feindlichen M\u00e4chten umgeben. Heute sind wir ein Teil des m\u00e4chtigsten Milit\u00e4rb\u00fcndnisses der&hellip;<\/p>\n","protected":false},"author":7,"featured_media":23016,"comment_status":"closed","ping_status":"open","sticky":false,"template":"","format":"standard","meta":{"_mi_skip_tracking":false,"footnotes":""},"categories":[53],"tags":[],"class_list":["post-23082","post","type-post","status-publish","format-standard","has-post-thumbnail","hentry","category-nachrichten"],"yoast_head":"<!-- This site is optimized with the Yoast SEO plugin v19.4 - https:\/\/yoast.com\/wordpress\/plugins\/seo\/ -->\n<title>Mateusz Morawiecki: \u201eDie Situation ist nicht mit der von 1939 vergleichbar\u201d - W\u00fcrde - DignityNews.eu<\/title>\n<meta name=\"robots\" content=\"index, follow, max-snippet:-1, max-image-preview:large, max-video-preview:-1\" \/>\n<link rel=\"canonical\" href=\"https:\/\/dignitynews.eu\/de\/mateusz-morawiecki-die-situation-ist-nicht-mit-der-von-1939-vergleichbar\/\" \/>\n<meta property=\"og:locale\" content=\"de_DE\" \/>\n<meta property=\"og:type\" content=\"article\" \/>\n<meta property=\"og:title\" content=\"Mateusz Morawiecki: \u201eDie Situation ist nicht mit der von 1939 vergleichbar\u201d - W\u00fcrde - DignityNews.eu\" \/>\n<meta property=\"og:description\" content=\"\u201eDie Situation ist aus vielen Gr\u00fcnden nicht mit der von 1939 vergleichbar. Damals waren wir von zwei extrem feindlichen M\u00e4chten umgeben. Heute sind wir ein Teil des m\u00e4chtigsten Milit\u00e4rb\u00fcndnisses der&hellip;\" \/>\n<meta property=\"og:url\" content=\"https:\/\/dignitynews.eu\/de\/mateusz-morawiecki-die-situation-ist-nicht-mit-der-von-1939-vergleichbar\/\" \/>\n<meta property=\"og:site_name\" content=\"W\u00fcrde - DignityNews.eu\" \/>\n<meta property=\"article:published_time\" content=\"2022-07-04T09:20:29+00:00\" \/>\n<meta property=\"article:modified_time\" content=\"2022-07-04T17:28:59+00:00\" \/>\n<meta property=\"og:image\" content=\"https:\/\/dignitynews.eu\/wp-content\/uploads\/2022\/07\/Mateusz-Morawiecki-fot.-Marek-Maliszewski-REPORTER.jpg\" \/>\n\t<meta property=\"og:image:width\" content=\"1500\" \/>\n\t<meta property=\"og:image:height\" content=\"1000\" \/>\n\t<meta property=\"og:image:type\" content=\"image\/jpeg\" \/>\n<meta name=\"author\" content=\"Dignity News\" \/>\n<meta name=\"twitter:card\" content=\"summary_large_image\" \/>\n<meta name=\"twitter:label1\" content=\"Verfasst von\" \/>\n\t<meta name=\"twitter:data1\" content=\"Dignity News\" \/>\n\t<meta name=\"twitter:label2\" content=\"Gesch\u00e4tzte Lesezeit\" \/>\n\t<meta name=\"twitter:data2\" content=\"2\u00a0Minuten\" \/>\n<script type=\"application\/ld+json\" class=\"yoast-schema-graph\">{\"@context\":\"https:\/\/schema.org\",\"@graph\":[{\"@type\":\"WebSite\",\"@id\":\"https:\/\/dignitynews.eu\/pl\/#website\",\"url\":\"https:\/\/dignitynews.eu\/pl\/\",\"name\":\"W\u00fcrde - DignityNews.eu\",\"description\":\"\",\"potentialAction\":[{\"@type\":\"SearchAction\",\"target\":{\"@type\":\"EntryPoint\",\"urlTemplate\":\"https:\/\/dignitynews.eu\/pl\/?s={search_term_string}\"},\"query-input\":\"required name=search_term_string\"}],\"inLanguage\":\"de\"},{\"@type\":\"WebPage\",\"@id\":\"https:\/\/dignitynews.eu\/de\/mateusz-morawiecki-die-situation-ist-nicht-mit-der-von-1939-vergleichbar\/\",\"url\":\"https:\/\/dignitynews.eu\/de\/mateusz-morawiecki-die-situation-ist-nicht-mit-der-von-1939-vergleichbar\/\",\"name\":\"Mateusz Morawiecki: \u201eDie Situation ist nicht mit der von 1939 vergleichbar\u201d - W\u00fcrde - DignityNews.eu\",\"isPartOf\":{\"@id\":\"https:\/\/dignitynews.eu\/pl\/#website\"},\"datePublished\":\"2022-07-04T09:20:29+00:00\",\"dateModified\":\"2022-07-04T17:28:59+00:00\",\"author\":{\"@id\":\"https:\/\/dignitynews.eu\/pl\/#\/schema\/person\/0b62b762b8174802fabc81a3ecb1bfcb\"},\"breadcrumb\":{\"@id\":\"https:\/\/dignitynews.eu\/de\/mateusz-morawiecki-die-situation-ist-nicht-mit-der-von-1939-vergleichbar\/#breadcrumb\"},\"inLanguage\":\"de\",\"potentialAction\":[{\"@type\":\"ReadAction\",\"target\":[\"https:\/\/dignitynews.eu\/de\/mateusz-morawiecki-die-situation-ist-nicht-mit-der-von-1939-vergleichbar\/\"]}]},{\"@type\":\"BreadcrumbList\",\"@id\":\"https:\/\/dignitynews.eu\/de\/mateusz-morawiecki-die-situation-ist-nicht-mit-der-von-1939-vergleichbar\/#breadcrumb\",\"itemListElement\":[{\"@type\":\"ListItem\",\"position\":1,\"name\":\"Strona g\u0142\u00f3wna\",\"item\":\"https:\/\/dignitynews.eu\/de\/\"},{\"@type\":\"ListItem\",\"position\":2,\"name\":\"Mateusz Morawiecki: \u201eDie Situation ist nicht mit der von 1939 vergleichbar\u201d\"}]},{\"@type\":\"Person\",\"@id\":\"https:\/\/dignitynews.eu\/pl\/#\/schema\/person\/0b62b762b8174802fabc81a3ecb1bfcb\",\"name\":\"Dignity News\",\"image\":{\"@type\":\"ImageObject\",\"inLanguage\":\"de\",\"@id\":\"https:\/\/dignitynews.eu\/pl\/#\/schema\/person\/image\/\",\"url\":\"https:\/\/secure.gravatar.com\/avatar\/97963171a6d9108f8381bbefb1c6b150c445b6ddd9e3077b96c86cf5892c85dc?s=96&d=mm&r=g\",\"contentUrl\":\"https:\/\/secure.gravatar.com\/avatar\/97963171a6d9108f8381bbefb1c6b150c445b6ddd9e3077b96c86cf5892c85dc?s=96&d=mm&r=g\",\"caption\":\"Dignity News\"},\"url\":\"https:\/\/dignitynews.eu\/de\/author\/mikolaj-palade\/\"}]}<\/script>\n<!-- \/ Yoast SEO plugin. -->","yoast_head_json":{"title":"Mateusz Morawiecki: \u201eDie Situation ist nicht mit der von 1939 vergleichbar\u201d - W\u00fcrde - DignityNews.eu","robots":{"index":"index","follow":"follow","max-snippet":"max-snippet:-1","max-image-preview":"max-image-preview:large","max-video-preview":"max-video-preview:-1"},"canonical":"https:\/\/dignitynews.eu\/de\/mateusz-morawiecki-die-situation-ist-nicht-mit-der-von-1939-vergleichbar\/","og_locale":"de_DE","og_type":"article","og_title":"Mateusz Morawiecki: \u201eDie Situation ist nicht mit der von 1939 vergleichbar\u201d - W\u00fcrde - DignityNews.eu","og_description":"\u201eDie Situation ist aus vielen Gr\u00fcnden nicht mit der von 1939 vergleichbar. Damals waren wir von zwei extrem feindlichen M\u00e4chten umgeben. Heute sind wir ein Teil des m\u00e4chtigsten Milit\u00e4rb\u00fcndnisses der&hellip;","og_url":"https:\/\/dignitynews.eu\/de\/mateusz-morawiecki-die-situation-ist-nicht-mit-der-von-1939-vergleichbar\/","og_site_name":"W\u00fcrde - DignityNews.eu","article_published_time":"2022-07-04T09:20:29+00:00","article_modified_time":"2022-07-04T17:28:59+00:00","og_image":[{"width":1500,"height":1000,"url":"https:\/\/dignitynews.eu\/wp-content\/uploads\/2022\/07\/Mateusz-Morawiecki-fot.-Marek-Maliszewski-REPORTER.jpg","type":"image\/jpeg"}],"author":"Dignity News","twitter_card":"summary_large_image","twitter_misc":{"Verfasst von":"Dignity News","Gesch\u00e4tzte Lesezeit":"2\u00a0Minuten"},"schema":{"@context":"https:\/\/schema.org","@graph":[{"@type":"WebSite","@id":"https:\/\/dignitynews.eu\/pl\/#website","url":"https:\/\/dignitynews.eu\/pl\/","name":"W\u00fcrde - DignityNews.eu","description":"","potentialAction":[{"@type":"SearchAction","target":{"@type":"EntryPoint","urlTemplate":"https:\/\/dignitynews.eu\/pl\/?s={search_term_string}"},"query-input":"required name=search_term_string"}],"inLanguage":"de"},{"@type":"WebPage","@id":"https:\/\/dignitynews.eu\/de\/mateusz-morawiecki-die-situation-ist-nicht-mit-der-von-1939-vergleichbar\/","url":"https:\/\/dignitynews.eu\/de\/mateusz-morawiecki-die-situation-ist-nicht-mit-der-von-1939-vergleichbar\/","name":"Mateusz Morawiecki: \u201eDie Situation ist nicht mit der von 1939 vergleichbar\u201d - W\u00fcrde - DignityNews.eu","isPartOf":{"@id":"https:\/\/dignitynews.eu\/pl\/#website"},"datePublished":"2022-07-04T09:20:29+00:00","dateModified":"2022-07-04T17:28:59+00:00","author":{"@id":"https:\/\/dignitynews.eu\/pl\/#\/schema\/person\/0b62b762b8174802fabc81a3ecb1bfcb"},"breadcrumb":{"@id":"https:\/\/dignitynews.eu\/de\/mateusz-morawiecki-die-situation-ist-nicht-mit-der-von-1939-vergleichbar\/#breadcrumb"},"inLanguage":"de","potentialAction":[{"@type":"ReadAction","target":["https:\/\/dignitynews.eu\/de\/mateusz-morawiecki-die-situation-ist-nicht-mit-der-von-1939-vergleichbar\/"]}]},{"@type":"BreadcrumbList","@id":"https:\/\/dignitynews.eu\/de\/mateusz-morawiecki-die-situation-ist-nicht-mit-der-von-1939-vergleichbar\/#breadcrumb","itemListElement":[{"@type":"ListItem","position":1,"name":"Strona g\u0142\u00f3wna","item":"https:\/\/dignitynews.eu\/de\/"},{"@type":"ListItem","position":2,"name":"Mateusz Morawiecki: \u201eDie Situation ist nicht mit der von 1939 vergleichbar\u201d"}]},{"@type":"Person","@id":"https:\/\/dignitynews.eu\/pl\/#\/schema\/person\/0b62b762b8174802fabc81a3ecb1bfcb","name":"Dignity News","image":{"@type":"ImageObject","inLanguage":"de","@id":"https:\/\/dignitynews.eu\/pl\/#\/schema\/person\/image\/","url":"https:\/\/secure.gravatar.com\/avatar\/97963171a6d9108f8381bbefb1c6b150c445b6ddd9e3077b96c86cf5892c85dc?s=96&d=mm&r=g","contentUrl":"https:\/\/secure.gravatar.com\/avatar\/97963171a6d9108f8381bbefb1c6b150c445b6ddd9e3077b96c86cf5892c85dc?s=96&d=mm&r=g","caption":"Dignity News"},"url":"https:\/\/dignitynews.eu\/de\/author\/mikolaj-palade\/"}]}},"_links":{"self":[{"href":"https:\/\/dignitynews.eu\/de\/wp-json\/wp\/v2\/posts\/23082","targetHints":{"allow":["GET"]}}],"collection":[{"href":"https:\/\/dignitynews.eu\/de\/wp-json\/wp\/v2\/posts"}],"about":[{"href":"https:\/\/dignitynews.eu\/de\/wp-json\/wp\/v2\/types\/post"}],"author":[{"embeddable":true,"href":"https:\/\/dignitynews.eu\/de\/wp-json\/wp\/v2\/users\/7"}],"replies":[{"embeddable":true,"href":"https:\/\/dignitynews.eu\/de\/wp-json\/wp\/v2\/comments?post=23082"}],"version-history":[{"count":1,"href":"https:\/\/dignitynews.eu\/de\/wp-json\/wp\/v2\/posts\/23082\/revisions"}],"predecessor-version":[{"id":23083,"href":"https:\/\/dignitynews.eu\/de\/wp-json\/wp\/v2\/posts\/23082\/revisions\/23083"}],"wp:featuredmedia":[{"embeddable":true,"href":"https:\/\/dignitynews.eu\/de\/wp-json\/wp\/v2\/media\/23016"}],"wp:attachment":[{"href":"https:\/\/dignitynews.eu\/de\/wp-json\/wp\/v2\/media?parent=23082"}],"wp:term":[{"taxonomy":"category","embeddable":true,"href":"https:\/\/dignitynews.eu\/de\/wp-json\/wp\/v2\/categories?post=23082"},{"taxonomy":"post_tag","embeddable":true,"href":"https:\/\/dignitynews.eu\/de\/wp-json\/wp\/v2\/tags?post=23082"}],"curies":[{"name":"wp","href":"https:\/\/api.w.org\/{rel}","templated":true}]}}