{"id":22939,"date":"2022-07-01T12:04:17","date_gmt":"2022-07-01T10:04:17","guid":{"rendered":"https:\/\/dignitynews.eu\/?p=22939"},"modified":"2022-07-01T18:45:52","modified_gmt":"2022-07-01T16:45:52","slug":"premierminister-wir-haben-die-verhandlungen-mit-der-europaeischen-kommission-ueber-das-partnerschaftsabkommen-abgeschlossen","status":"publish","type":"post","link":"https:\/\/dignitynews.eu\/de\/premierminister-wir-haben-die-verhandlungen-mit-der-europaeischen-kommission-ueber-das-partnerschaftsabkommen-abgeschlossen\/","title":{"rendered":"Premierminister: \u201eWir haben die Verhandlungen mit der Europ\u00e4ischen Kommission \u00fcber das Partnerschaftsabkommen abgeschlossen\u201d"},"content":{"rendered":"<h5><strong>\u201eWir haben die Verhandlungen mit der Europ\u00e4ischen Kommission \u00fcber das Partnerschaftsabkommen abgeschlossen\u201d, teilte Premierminister Mateusz Morawiecki am Donnerstag mit. Der Ministerpr\u00e4sident erinnerte daran, dass Polen der gr\u00f6\u00dfte Empf\u00e4nger von Mitteln aus der Koh\u00e4sionspolitik sei und davon \u00fcber 76 Mrd. EUR erhalten werde.<\/strong><\/h5>\n<p>Am 30. November 2021 verabschiedete der Ministerrat den Entwurf des Partnerschaftsabkommens, der anschlie\u00dfend Gegenstand von Verhandlungen mit der Europ\u00e4ischen Kommission wurde. Das Partnerschaftsabkommen ist ein Schl\u00fcsseldokument f\u00fcr die Beschaffung von EU-Mitteln im Zeitraum 2021-2027.<\/p>\n<p>Laut Mateusz Morawiecki sei der Abschluss der Verhandlungen mit der Europ\u00e4ischen Kommission eine besonders gute Nachricht, da die Regierung sich darauf konzentrieren wolle, dass das Geld f\u00fcr die notwendigen Ver\u00e4nderungen an l\u00e4ndliche Gebiete, Landkreise, kleinere St\u00e4dte und Gebiete, die eine Umwelt- und Energiewende erfordern, gehe. Das Abkommen erm\u00f6glicht auch die Mobilisierung von Mitteln f\u00fcr die Gemeinsame Agrarpolitik und sektorale Politiken.<\/p>\n<p>Der Regierungschef betonte, dass das Partnerschaftsabkommen eine Strategie sei, Mittel aus dem EU-Haushalt f\u00fcr verschiedene Projekte zu verwenden, die bisher allen Polen bekannt seien. \u201ePolen hat sich auch dank diesen Mitteln ver\u00e4ndert\u201d, betonte er.<\/p>\n<p>Laut Premierminister Morawiecki bleibe Polen in vielen Sektoren der gr\u00f6\u00dfte Nutznie\u00dfer der Koh\u00e4sionspolitik, und polnische Landwirte w\u00fcrden dank der Mittel die Chancengleichheit sp\u00fcren.<\/p>\n<p>\u201eWir wollen die durchschnittliche Subvention pro Hektar f\u00fcr die \u00fcberwiegende Mehrheit der Landwirte, f\u00fcr 95-97 Prozent der Landwirte auf das Niveau des EU-Durchschnitts und sogar \u00fcber dem Durchschnitt der Europ\u00e4ischen Union bringen\u201d, sagte der Regierungschef.<\/p>\n<p>Mateusz Morawiecki wies darauf hin, dass Polen auch in der Qualit\u00e4t der Verwendung von EU-Mitteln f\u00fchrend sei.<\/p>\n<p>\u201eWeil uns die faire Ausf\u00fchrung des Budgets sehr am Herzen liegt. Der Kampf gegen Korruption liegt in unserer DNA. Und ich m\u00f6chte, dass es so bleibt\u201d, sagte der Ministerpr\u00e4sident, zitiert auf dem Portal polsatnews.pl.<\/p>\n<p>Arkadiusz S\u0142omczy\u0144ski<\/p>\n","protected":false},"excerpt":{"rendered":"<p>\u201eWir haben die Verhandlungen mit der Europ\u00e4ischen Kommission \u00fcber das Partnerschaftsabkommen abgeschlossen\u201d, teilte Premierminister Mateusz Morawiecki am Donnerstag mit. Der Ministerpr\u00e4sident erinnerte daran, dass Polen der gr\u00f6\u00dfte Empf\u00e4nger von Mitteln&hellip;<\/p>\n","protected":false},"author":7,"featured_media":22881,"comment_status":"closed","ping_status":"open","sticky":false,"template":"","format":"standard","meta":{"_mi_skip_tracking":false,"footnotes":""},"categories":[53],"tags":[],"class_list":["post-22939","post","type-post","status-publish","format-standard","has-post-thumbnail","hentry","category-nachrichten"],"yoast_head":"<!-- This site is optimized with the Yoast SEO plugin v19.4 - https:\/\/yoast.com\/wordpress\/plugins\/seo\/ -->\n<title>Premierminister: \u201eWir haben die Verhandlungen mit der Europ\u00e4ischen Kommission \u00fcber das Partnerschaftsabkommen abgeschlossen\u201d - W\u00fcrde - DignityNews.eu<\/title>\n<meta name=\"robots\" content=\"index, follow, max-snippet:-1, max-image-preview:large, max-video-preview:-1\" \/>\n<link rel=\"canonical\" href=\"https:\/\/dignitynews.eu\/de\/premierminister-wir-haben-die-verhandlungen-mit-der-europaeischen-kommission-ueber-das-partnerschaftsabkommen-abgeschlossen\/\" \/>\n<meta property=\"og:locale\" content=\"de_DE\" \/>\n<meta property=\"og:type\" content=\"article\" \/>\n<meta property=\"og:title\" content=\"Premierminister: \u201eWir haben die Verhandlungen mit der Europ\u00e4ischen Kommission \u00fcber das Partnerschaftsabkommen abgeschlossen\u201d - W\u00fcrde - DignityNews.eu\" \/>\n<meta property=\"og:description\" content=\"\u201eWir haben die Verhandlungen mit der Europ\u00e4ischen Kommission \u00fcber das Partnerschaftsabkommen abgeschlossen\u201d, teilte Premierminister Mateusz Morawiecki am Donnerstag mit. Der Ministerpr\u00e4sident erinnerte daran, dass Polen der gr\u00f6\u00dfte Empf\u00e4nger von Mitteln&hellip;\" \/>\n<meta property=\"og:url\" content=\"https:\/\/dignitynews.eu\/de\/premierminister-wir-haben-die-verhandlungen-mit-der-europaeischen-kommission-ueber-das-partnerschaftsabkommen-abgeschlossen\/\" \/>\n<meta property=\"og:site_name\" content=\"W\u00fcrde - DignityNews.eu\" \/>\n<meta property=\"article:published_time\" content=\"2022-07-01T10:04:17+00:00\" \/>\n<meta property=\"article:modified_time\" content=\"2022-07-01T16:45:52+00:00\" \/>\n<meta property=\"og:image\" content=\"https:\/\/dignitynews.eu\/wp-content\/uploads\/2022\/07\/Premier-o-zakonczeniu-negocjacji-z-KE-fot.-Jacek-Dominski-REPORTER.jpg\" \/>\n\t<meta property=\"og:image:width\" content=\"1500\" \/>\n\t<meta property=\"og:image:height\" content=\"1000\" \/>\n\t<meta property=\"og:image:type\" content=\"image\/jpeg\" \/>\n<meta name=\"author\" content=\"Dignity News\" \/>\n<meta name=\"twitter:card\" content=\"summary_large_image\" \/>\n<meta name=\"twitter:label1\" content=\"Verfasst von\" \/>\n\t<meta name=\"twitter:data1\" content=\"Dignity News\" \/>\n\t<meta name=\"twitter:label2\" content=\"Gesch\u00e4tzte Lesezeit\" \/>\n\t<meta name=\"twitter:data2\" content=\"2\u00a0Minuten\" \/>\n<script type=\"application\/ld+json\" class=\"yoast-schema-graph\">{\"@context\":\"https:\/\/schema.org\",\"@graph\":[{\"@type\":\"WebSite\",\"@id\":\"https:\/\/dignitynews.eu\/pl\/#website\",\"url\":\"https:\/\/dignitynews.eu\/pl\/\",\"name\":\"W\u00fcrde - DignityNews.eu\",\"description\":\"\",\"potentialAction\":[{\"@type\":\"SearchAction\",\"target\":{\"@type\":\"EntryPoint\",\"urlTemplate\":\"https:\/\/dignitynews.eu\/pl\/?s={search_term_string}\"},\"query-input\":\"required name=search_term_string\"}],\"inLanguage\":\"de\"},{\"@type\":\"WebPage\",\"@id\":\"https:\/\/dignitynews.eu\/de\/premierminister-wir-haben-die-verhandlungen-mit-der-europaeischen-kommission-ueber-das-partnerschaftsabkommen-abgeschlossen\/\",\"url\":\"https:\/\/dignitynews.eu\/de\/premierminister-wir-haben-die-verhandlungen-mit-der-europaeischen-kommission-ueber-das-partnerschaftsabkommen-abgeschlossen\/\",\"name\":\"Premierminister: \u201eWir haben die Verhandlungen mit der Europ\u00e4ischen Kommission \u00fcber das Partnerschaftsabkommen abgeschlossen\u201d - W\u00fcrde - DignityNews.eu\",\"isPartOf\":{\"@id\":\"https:\/\/dignitynews.eu\/pl\/#website\"},\"datePublished\":\"2022-07-01T10:04:17+00:00\",\"dateModified\":\"2022-07-01T16:45:52+00:00\",\"author\":{\"@id\":\"https:\/\/dignitynews.eu\/pl\/#\/schema\/person\/0b62b762b8174802fabc81a3ecb1bfcb\"},\"breadcrumb\":{\"@id\":\"https:\/\/dignitynews.eu\/de\/premierminister-wir-haben-die-verhandlungen-mit-der-europaeischen-kommission-ueber-das-partnerschaftsabkommen-abgeschlossen\/#breadcrumb\"},\"inLanguage\":\"de\",\"potentialAction\":[{\"@type\":\"ReadAction\",\"target\":[\"https:\/\/dignitynews.eu\/de\/premierminister-wir-haben-die-verhandlungen-mit-der-europaeischen-kommission-ueber-das-partnerschaftsabkommen-abgeschlossen\/\"]}]},{\"@type\":\"BreadcrumbList\",\"@id\":\"https:\/\/dignitynews.eu\/de\/premierminister-wir-haben-die-verhandlungen-mit-der-europaeischen-kommission-ueber-das-partnerschaftsabkommen-abgeschlossen\/#breadcrumb\",\"itemListElement\":[{\"@type\":\"ListItem\",\"position\":1,\"name\":\"Strona g\u0142\u00f3wna\",\"item\":\"https:\/\/dignitynews.eu\/de\/\"},{\"@type\":\"ListItem\",\"position\":2,\"name\":\"Premierminister: \u201eWir haben die Verhandlungen mit der Europ\u00e4ischen Kommission \u00fcber das Partnerschaftsabkommen abgeschlossen\u201d\"}]},{\"@type\":\"Person\",\"@id\":\"https:\/\/dignitynews.eu\/pl\/#\/schema\/person\/0b62b762b8174802fabc81a3ecb1bfcb\",\"name\":\"Dignity News\",\"image\":{\"@type\":\"ImageObject\",\"inLanguage\":\"de\",\"@id\":\"https:\/\/dignitynews.eu\/pl\/#\/schema\/person\/image\/\",\"url\":\"https:\/\/secure.gravatar.com\/avatar\/97963171a6d9108f8381bbefb1c6b150c445b6ddd9e3077b96c86cf5892c85dc?s=96&d=mm&r=g\",\"contentUrl\":\"https:\/\/secure.gravatar.com\/avatar\/97963171a6d9108f8381bbefb1c6b150c445b6ddd9e3077b96c86cf5892c85dc?s=96&d=mm&r=g\",\"caption\":\"Dignity News\"},\"url\":\"https:\/\/dignitynews.eu\/de\/author\/mikolaj-palade\/\"}]}<\/script>\n<!-- \/ Yoast SEO plugin. -->","yoast_head_json":{"title":"Premierminister: \u201eWir haben die Verhandlungen mit der Europ\u00e4ischen Kommission \u00fcber das Partnerschaftsabkommen abgeschlossen\u201d - W\u00fcrde - DignityNews.eu","robots":{"index":"index","follow":"follow","max-snippet":"max-snippet:-1","max-image-preview":"max-image-preview:large","max-video-preview":"max-video-preview:-1"},"canonical":"https:\/\/dignitynews.eu\/de\/premierminister-wir-haben-die-verhandlungen-mit-der-europaeischen-kommission-ueber-das-partnerschaftsabkommen-abgeschlossen\/","og_locale":"de_DE","og_type":"article","og_title":"Premierminister: \u201eWir haben die Verhandlungen mit der Europ\u00e4ischen Kommission \u00fcber das Partnerschaftsabkommen abgeschlossen\u201d - W\u00fcrde - DignityNews.eu","og_description":"\u201eWir haben die Verhandlungen mit der Europ\u00e4ischen Kommission \u00fcber das Partnerschaftsabkommen abgeschlossen\u201d, teilte Premierminister Mateusz Morawiecki am Donnerstag mit. Der Ministerpr\u00e4sident erinnerte daran, dass Polen der gr\u00f6\u00dfte Empf\u00e4nger von Mitteln&hellip;","og_url":"https:\/\/dignitynews.eu\/de\/premierminister-wir-haben-die-verhandlungen-mit-der-europaeischen-kommission-ueber-das-partnerschaftsabkommen-abgeschlossen\/","og_site_name":"W\u00fcrde - DignityNews.eu","article_published_time":"2022-07-01T10:04:17+00:00","article_modified_time":"2022-07-01T16:45:52+00:00","og_image":[{"width":1500,"height":1000,"url":"https:\/\/dignitynews.eu\/wp-content\/uploads\/2022\/07\/Premier-o-zakonczeniu-negocjacji-z-KE-fot.-Jacek-Dominski-REPORTER.jpg","type":"image\/jpeg"}],"author":"Dignity News","twitter_card":"summary_large_image","twitter_misc":{"Verfasst von":"Dignity News","Gesch\u00e4tzte Lesezeit":"2\u00a0Minuten"},"schema":{"@context":"https:\/\/schema.org","@graph":[{"@type":"WebSite","@id":"https:\/\/dignitynews.eu\/pl\/#website","url":"https:\/\/dignitynews.eu\/pl\/","name":"W\u00fcrde - DignityNews.eu","description":"","potentialAction":[{"@type":"SearchAction","target":{"@type":"EntryPoint","urlTemplate":"https:\/\/dignitynews.eu\/pl\/?s={search_term_string}"},"query-input":"required name=search_term_string"}],"inLanguage":"de"},{"@type":"WebPage","@id":"https:\/\/dignitynews.eu\/de\/premierminister-wir-haben-die-verhandlungen-mit-der-europaeischen-kommission-ueber-das-partnerschaftsabkommen-abgeschlossen\/","url":"https:\/\/dignitynews.eu\/de\/premierminister-wir-haben-die-verhandlungen-mit-der-europaeischen-kommission-ueber-das-partnerschaftsabkommen-abgeschlossen\/","name":"Premierminister: \u201eWir haben die Verhandlungen mit der Europ\u00e4ischen Kommission \u00fcber das Partnerschaftsabkommen abgeschlossen\u201d - W\u00fcrde - DignityNews.eu","isPartOf":{"@id":"https:\/\/dignitynews.eu\/pl\/#website"},"datePublished":"2022-07-01T10:04:17+00:00","dateModified":"2022-07-01T16:45:52+00:00","author":{"@id":"https:\/\/dignitynews.eu\/pl\/#\/schema\/person\/0b62b762b8174802fabc81a3ecb1bfcb"},"breadcrumb":{"@id":"https:\/\/dignitynews.eu\/de\/premierminister-wir-haben-die-verhandlungen-mit-der-europaeischen-kommission-ueber-das-partnerschaftsabkommen-abgeschlossen\/#breadcrumb"},"inLanguage":"de","potentialAction":[{"@type":"ReadAction","target":["https:\/\/dignitynews.eu\/de\/premierminister-wir-haben-die-verhandlungen-mit-der-europaeischen-kommission-ueber-das-partnerschaftsabkommen-abgeschlossen\/"]}]},{"@type":"BreadcrumbList","@id":"https:\/\/dignitynews.eu\/de\/premierminister-wir-haben-die-verhandlungen-mit-der-europaeischen-kommission-ueber-das-partnerschaftsabkommen-abgeschlossen\/#breadcrumb","itemListElement":[{"@type":"ListItem","position":1,"name":"Strona g\u0142\u00f3wna","item":"https:\/\/dignitynews.eu\/de\/"},{"@type":"ListItem","position":2,"name":"Premierminister: \u201eWir haben die Verhandlungen mit der Europ\u00e4ischen Kommission \u00fcber das Partnerschaftsabkommen abgeschlossen\u201d"}]},{"@type":"Person","@id":"https:\/\/dignitynews.eu\/pl\/#\/schema\/person\/0b62b762b8174802fabc81a3ecb1bfcb","name":"Dignity News","image":{"@type":"ImageObject","inLanguage":"de","@id":"https:\/\/dignitynews.eu\/pl\/#\/schema\/person\/image\/","url":"https:\/\/secure.gravatar.com\/avatar\/97963171a6d9108f8381bbefb1c6b150c445b6ddd9e3077b96c86cf5892c85dc?s=96&d=mm&r=g","contentUrl":"https:\/\/secure.gravatar.com\/avatar\/97963171a6d9108f8381bbefb1c6b150c445b6ddd9e3077b96c86cf5892c85dc?s=96&d=mm&r=g","caption":"Dignity News"},"url":"https:\/\/dignitynews.eu\/de\/author\/mikolaj-palade\/"}]}},"_links":{"self":[{"href":"https:\/\/dignitynews.eu\/de\/wp-json\/wp\/v2\/posts\/22939","targetHints":{"allow":["GET"]}}],"collection":[{"href":"https:\/\/dignitynews.eu\/de\/wp-json\/wp\/v2\/posts"}],"about":[{"href":"https:\/\/dignitynews.eu\/de\/wp-json\/wp\/v2\/types\/post"}],"author":[{"embeddable":true,"href":"https:\/\/dignitynews.eu\/de\/wp-json\/wp\/v2\/users\/7"}],"replies":[{"embeddable":true,"href":"https:\/\/dignitynews.eu\/de\/wp-json\/wp\/v2\/comments?post=22939"}],"version-history":[{"count":1,"href":"https:\/\/dignitynews.eu\/de\/wp-json\/wp\/v2\/posts\/22939\/revisions"}],"predecessor-version":[{"id":22940,"href":"https:\/\/dignitynews.eu\/de\/wp-json\/wp\/v2\/posts\/22939\/revisions\/22940"}],"wp:featuredmedia":[{"embeddable":true,"href":"https:\/\/dignitynews.eu\/de\/wp-json\/wp\/v2\/media\/22881"}],"wp:attachment":[{"href":"https:\/\/dignitynews.eu\/de\/wp-json\/wp\/v2\/media?parent=22939"}],"wp:term":[{"taxonomy":"category","embeddable":true,"href":"https:\/\/dignitynews.eu\/de\/wp-json\/wp\/v2\/categories?post=22939"},{"taxonomy":"post_tag","embeddable":true,"href":"https:\/\/dignitynews.eu\/de\/wp-json\/wp\/v2\/tags?post=22939"}],"curies":[{"name":"wp","href":"https:\/\/api.w.org\/{rel}","templated":true}]}}