{"id":22675,"date":"2022-06-30T11:14:05","date_gmt":"2022-06-30T09:14:05","guid":{"rendered":"https:\/\/dignitynews.eu\/?p=22675"},"modified":"2022-06-30T16:22:39","modified_gmt":"2022-06-30T14:22:39","slug":"befestigung-an-der-grenze-zu-belarus-fertig","status":"publish","type":"post","link":"https:\/\/dignitynews.eu\/de\/befestigung-an-der-grenze-zu-belarus-fertig\/","title":{"rendered":"Befestigung an der Grenze zu Belarus fertig"},"content":{"rendered":"<h5><strong>\u201eAm Donnerstag, dem<\/strong><strong> 30. Juni, <\/strong><strong>endet der Bau des Grenzzauns\u201d, teilte Oberleutnant Anna Michalska, Sprecherin des polnisches Grenzschutzes, in einem Interview mit der Rundfunk-Nachrichtenagentur. Der Bau der dauerhaften Barriere, die auf dem 187 km langen Podlachien-Abschnitt der polnisch-wei\u00dfrussischen Grenze stehen wird, begann am 25. Januar.<\/strong><\/h5>\n<p>\u201eWir nehmen fortlaufend neue Abschnitte des Grenzzauns ab. Mehrere Abschnitte pro Tag. Die Abnahmen sowie die Montage der Elemente des Zauns dauern bis in den sp\u00e4ten Abend\u201d, teilte Michalska mit.<\/p>\n<p>Parallel zur Abnahme der physischen Barriere wurde mit dem Bau einer elektronischen Sperre zur Sicherung des 202 Kilometer langen Abschnitts der polnischen Grenze begonnen. Der Grenzschutz m\u00f6chte, dass es bis Ende August dieses Jahres in Betrieb genommen wird. F\u00fcr die Kalibrierung, d.h. den Abgleich aller Systeme, werden nach Angaben der Grenzschutzsprecherin weitere 30 Tage ben\u00f6tigt. So soll die polnisch-wei\u00dfrussische Grenze ab dem 1. Oktober sowohl physisch als auch elektronisch gesichert werden.<\/p>\n<p>Bei der physischen Barriere handelt es sich um einen 5,5 Meter hohen Stahlzaun, der spiralf\u00f6rmig mit Stacheldraht bewehrt ist. F\u00fcr den Bau wurden mehr als 40.000 Stahltr\u00e4ger verwendet. Die elektronische Sperre wird alle Abschnitte der physischen Barriere sowie einen Teil der Grenzgew\u00e4sser abdecken. Es werden moderne elektronische Grenzkontrollmethoden wie Bewegungsmelder und Kameras eingesetzt.<\/p>\n<p>Die physische Barriere umfasst 24 Durchl\u00e4sse f\u00fcr Gro\u00dftiere und 140.000 \u00d6ffnungen f\u00fcr Kleintiere sowie Durchl\u00e4sse an bestehenden Wasserl\u00e4ufen.<\/p>\n<p>Die physische Barriere wird von Budimex und einem Konsortium aus Unibep und der Tochtergesellschaft Budrex gebaut. Ihre Stahlelemente wurden von einem Konsortium aus drei Unternehmen hergestellt: Polimex-Mostostal, Mostostal Siedlce und W\u0119glokoks. Die elektronische Barriere wird von Elektrotim erstellt. Der Wert der Vertr\u00e4ge mit diesen Unternehmen betr\u00e4gt 1 Milliarde 565 Millionen PLN.<\/p>\n<p>Adrian Andrzejewski<\/p>\n","protected":false},"excerpt":{"rendered":"<p>\u201eAm Donnerstag, dem 30. Juni, endet der Bau des Grenzzauns\u201d, teilte Oberleutnant Anna Michalska, Sprecherin des polnisches Grenzschutzes, in einem Interview mit der Rundfunk-Nachrichtenagentur. Der Bau der dauerhaften Barriere, die&hellip;<\/p>\n","protected":false},"author":7,"featured_media":22590,"comment_status":"closed","ping_status":"open","sticky":false,"template":"","format":"standard","meta":{"_mi_skip_tracking":false,"footnotes":""},"categories":[53],"tags":[],"class_list":["post-22675","post","type-post","status-publish","format-standard","has-post-thumbnail","hentry","category-nachrichten"],"yoast_head":"<!-- This site is optimized with the Yoast SEO plugin v19.4 - https:\/\/yoast.com\/wordpress\/plugins\/seo\/ -->\n<title>Befestigung an der Grenze zu Belarus fertig - W\u00fcrde - DignityNews.eu<\/title>\n<meta name=\"robots\" content=\"index, follow, max-snippet:-1, max-image-preview:large, max-video-preview:-1\" \/>\n<link rel=\"canonical\" href=\"https:\/\/dignitynews.eu\/de\/befestigung-an-der-grenze-zu-belarus-fertig\/\" \/>\n<meta property=\"og:locale\" content=\"de_DE\" \/>\n<meta property=\"og:type\" content=\"article\" \/>\n<meta property=\"og:title\" content=\"Befestigung an der Grenze zu Belarus fertig - W\u00fcrde - DignityNews.eu\" \/>\n<meta property=\"og:description\" content=\"\u201eAm Donnerstag, dem 30. Juni, endet der Bau des Grenzzauns\u201d, teilte Oberleutnant Anna Michalska, Sprecherin des polnisches Grenzschutzes, in einem Interview mit der Rundfunk-Nachrichtenagentur. Der Bau der dauerhaften Barriere, die&hellip;\" \/>\n<meta property=\"og:url\" content=\"https:\/\/dignitynews.eu\/de\/befestigung-an-der-grenze-zu-belarus-fertig\/\" \/>\n<meta property=\"og:site_name\" content=\"W\u00fcrde - DignityNews.eu\" \/>\n<meta property=\"article:published_time\" content=\"2022-06-30T09:14:05+00:00\" \/>\n<meta property=\"article:modified_time\" content=\"2022-06-30T14:22:39+00:00\" \/>\n<meta property=\"og:image\" content=\"https:\/\/dignitynews.eu\/wp-content\/uploads\/2022\/06\/Bariera-na-granicy-fot.-Piotr-Molecki-East-News.jpg\" \/>\n\t<meta property=\"og:image:width\" content=\"1500\" \/>\n\t<meta property=\"og:image:height\" content=\"856\" \/>\n\t<meta property=\"og:image:type\" content=\"image\/jpeg\" \/>\n<meta name=\"author\" content=\"Dignity News\" \/>\n<meta name=\"twitter:card\" content=\"summary_large_image\" \/>\n<meta name=\"twitter:label1\" content=\"Verfasst von\" \/>\n\t<meta name=\"twitter:data1\" content=\"Dignity News\" \/>\n\t<meta name=\"twitter:label2\" content=\"Gesch\u00e4tzte Lesezeit\" \/>\n\t<meta name=\"twitter:data2\" content=\"1\u00a0Minute\" \/>\n<script type=\"application\/ld+json\" class=\"yoast-schema-graph\">{\"@context\":\"https:\/\/schema.org\",\"@graph\":[{\"@type\":\"WebSite\",\"@id\":\"https:\/\/dignitynews.eu\/pl\/#website\",\"url\":\"https:\/\/dignitynews.eu\/pl\/\",\"name\":\"W\u00fcrde - DignityNews.eu\",\"description\":\"\",\"potentialAction\":[{\"@type\":\"SearchAction\",\"target\":{\"@type\":\"EntryPoint\",\"urlTemplate\":\"https:\/\/dignitynews.eu\/pl\/?s={search_term_string}\"},\"query-input\":\"required name=search_term_string\"}],\"inLanguage\":\"de\"},{\"@type\":\"WebPage\",\"@id\":\"https:\/\/dignitynews.eu\/de\/befestigung-an-der-grenze-zu-belarus-fertig\/\",\"url\":\"https:\/\/dignitynews.eu\/de\/befestigung-an-der-grenze-zu-belarus-fertig\/\",\"name\":\"Befestigung an der Grenze zu Belarus fertig - W\u00fcrde - DignityNews.eu\",\"isPartOf\":{\"@id\":\"https:\/\/dignitynews.eu\/pl\/#website\"},\"datePublished\":\"2022-06-30T09:14:05+00:00\",\"dateModified\":\"2022-06-30T14:22:39+00:00\",\"author\":{\"@id\":\"https:\/\/dignitynews.eu\/pl\/#\/schema\/person\/0b62b762b8174802fabc81a3ecb1bfcb\"},\"breadcrumb\":{\"@id\":\"https:\/\/dignitynews.eu\/de\/befestigung-an-der-grenze-zu-belarus-fertig\/#breadcrumb\"},\"inLanguage\":\"de\",\"potentialAction\":[{\"@type\":\"ReadAction\",\"target\":[\"https:\/\/dignitynews.eu\/de\/befestigung-an-der-grenze-zu-belarus-fertig\/\"]}]},{\"@type\":\"BreadcrumbList\",\"@id\":\"https:\/\/dignitynews.eu\/de\/befestigung-an-der-grenze-zu-belarus-fertig\/#breadcrumb\",\"itemListElement\":[{\"@type\":\"ListItem\",\"position\":1,\"name\":\"Strona g\u0142\u00f3wna\",\"item\":\"https:\/\/dignitynews.eu\/de\/\"},{\"@type\":\"ListItem\",\"position\":2,\"name\":\"Befestigung an der Grenze zu Belarus fertig\"}]},{\"@type\":\"Person\",\"@id\":\"https:\/\/dignitynews.eu\/pl\/#\/schema\/person\/0b62b762b8174802fabc81a3ecb1bfcb\",\"name\":\"Dignity News\",\"image\":{\"@type\":\"ImageObject\",\"inLanguage\":\"de\",\"@id\":\"https:\/\/dignitynews.eu\/pl\/#\/schema\/person\/image\/\",\"url\":\"https:\/\/secure.gravatar.com\/avatar\/97963171a6d9108f8381bbefb1c6b150c445b6ddd9e3077b96c86cf5892c85dc?s=96&d=mm&r=g\",\"contentUrl\":\"https:\/\/secure.gravatar.com\/avatar\/97963171a6d9108f8381bbefb1c6b150c445b6ddd9e3077b96c86cf5892c85dc?s=96&d=mm&r=g\",\"caption\":\"Dignity News\"},\"url\":\"https:\/\/dignitynews.eu\/de\/author\/mikolaj-palade\/\"}]}<\/script>\n<!-- \/ Yoast SEO plugin. -->","yoast_head_json":{"title":"Befestigung an der Grenze zu Belarus fertig - W\u00fcrde - DignityNews.eu","robots":{"index":"index","follow":"follow","max-snippet":"max-snippet:-1","max-image-preview":"max-image-preview:large","max-video-preview":"max-video-preview:-1"},"canonical":"https:\/\/dignitynews.eu\/de\/befestigung-an-der-grenze-zu-belarus-fertig\/","og_locale":"de_DE","og_type":"article","og_title":"Befestigung an der Grenze zu Belarus fertig - W\u00fcrde - DignityNews.eu","og_description":"\u201eAm Donnerstag, dem 30. Juni, endet der Bau des Grenzzauns\u201d, teilte Oberleutnant Anna Michalska, Sprecherin des polnisches Grenzschutzes, in einem Interview mit der Rundfunk-Nachrichtenagentur. Der Bau der dauerhaften Barriere, die&hellip;","og_url":"https:\/\/dignitynews.eu\/de\/befestigung-an-der-grenze-zu-belarus-fertig\/","og_site_name":"W\u00fcrde - DignityNews.eu","article_published_time":"2022-06-30T09:14:05+00:00","article_modified_time":"2022-06-30T14:22:39+00:00","og_image":[{"width":1500,"height":856,"url":"https:\/\/dignitynews.eu\/wp-content\/uploads\/2022\/06\/Bariera-na-granicy-fot.-Piotr-Molecki-East-News.jpg","type":"image\/jpeg"}],"author":"Dignity News","twitter_card":"summary_large_image","twitter_misc":{"Verfasst von":"Dignity News","Gesch\u00e4tzte Lesezeit":"1\u00a0Minute"},"schema":{"@context":"https:\/\/schema.org","@graph":[{"@type":"WebSite","@id":"https:\/\/dignitynews.eu\/pl\/#website","url":"https:\/\/dignitynews.eu\/pl\/","name":"W\u00fcrde - DignityNews.eu","description":"","potentialAction":[{"@type":"SearchAction","target":{"@type":"EntryPoint","urlTemplate":"https:\/\/dignitynews.eu\/pl\/?s={search_term_string}"},"query-input":"required name=search_term_string"}],"inLanguage":"de"},{"@type":"WebPage","@id":"https:\/\/dignitynews.eu\/de\/befestigung-an-der-grenze-zu-belarus-fertig\/","url":"https:\/\/dignitynews.eu\/de\/befestigung-an-der-grenze-zu-belarus-fertig\/","name":"Befestigung an der Grenze zu Belarus fertig - W\u00fcrde - DignityNews.eu","isPartOf":{"@id":"https:\/\/dignitynews.eu\/pl\/#website"},"datePublished":"2022-06-30T09:14:05+00:00","dateModified":"2022-06-30T14:22:39+00:00","author":{"@id":"https:\/\/dignitynews.eu\/pl\/#\/schema\/person\/0b62b762b8174802fabc81a3ecb1bfcb"},"breadcrumb":{"@id":"https:\/\/dignitynews.eu\/de\/befestigung-an-der-grenze-zu-belarus-fertig\/#breadcrumb"},"inLanguage":"de","potentialAction":[{"@type":"ReadAction","target":["https:\/\/dignitynews.eu\/de\/befestigung-an-der-grenze-zu-belarus-fertig\/"]}]},{"@type":"BreadcrumbList","@id":"https:\/\/dignitynews.eu\/de\/befestigung-an-der-grenze-zu-belarus-fertig\/#breadcrumb","itemListElement":[{"@type":"ListItem","position":1,"name":"Strona g\u0142\u00f3wna","item":"https:\/\/dignitynews.eu\/de\/"},{"@type":"ListItem","position":2,"name":"Befestigung an der Grenze zu Belarus fertig"}]},{"@type":"Person","@id":"https:\/\/dignitynews.eu\/pl\/#\/schema\/person\/0b62b762b8174802fabc81a3ecb1bfcb","name":"Dignity News","image":{"@type":"ImageObject","inLanguage":"de","@id":"https:\/\/dignitynews.eu\/pl\/#\/schema\/person\/image\/","url":"https:\/\/secure.gravatar.com\/avatar\/97963171a6d9108f8381bbefb1c6b150c445b6ddd9e3077b96c86cf5892c85dc?s=96&d=mm&r=g","contentUrl":"https:\/\/secure.gravatar.com\/avatar\/97963171a6d9108f8381bbefb1c6b150c445b6ddd9e3077b96c86cf5892c85dc?s=96&d=mm&r=g","caption":"Dignity News"},"url":"https:\/\/dignitynews.eu\/de\/author\/mikolaj-palade\/"}]}},"_links":{"self":[{"href":"https:\/\/dignitynews.eu\/de\/wp-json\/wp\/v2\/posts\/22675","targetHints":{"allow":["GET"]}}],"collection":[{"href":"https:\/\/dignitynews.eu\/de\/wp-json\/wp\/v2\/posts"}],"about":[{"href":"https:\/\/dignitynews.eu\/de\/wp-json\/wp\/v2\/types\/post"}],"author":[{"embeddable":true,"href":"https:\/\/dignitynews.eu\/de\/wp-json\/wp\/v2\/users\/7"}],"replies":[{"embeddable":true,"href":"https:\/\/dignitynews.eu\/de\/wp-json\/wp\/v2\/comments?post=22675"}],"version-history":[{"count":1,"href":"https:\/\/dignitynews.eu\/de\/wp-json\/wp\/v2\/posts\/22675\/revisions"}],"predecessor-version":[{"id":22676,"href":"https:\/\/dignitynews.eu\/de\/wp-json\/wp\/v2\/posts\/22675\/revisions\/22676"}],"wp:featuredmedia":[{"embeddable":true,"href":"https:\/\/dignitynews.eu\/de\/wp-json\/wp\/v2\/media\/22590"}],"wp:attachment":[{"href":"https:\/\/dignitynews.eu\/de\/wp-json\/wp\/v2\/media?parent=22675"}],"wp:term":[{"taxonomy":"category","embeddable":true,"href":"https:\/\/dignitynews.eu\/de\/wp-json\/wp\/v2\/categories?post=22675"},{"taxonomy":"post_tag","embeddable":true,"href":"https:\/\/dignitynews.eu\/de\/wp-json\/wp\/v2\/tags?post=22675"}],"curies":[{"name":"wp","href":"https:\/\/api.w.org\/{rel}","templated":true}]}}