{"id":22671,"date":"2022-06-30T11:11:16","date_gmt":"2022-06-30T09:11:16","guid":{"rendered":"https:\/\/dignitynews.eu\/?p=22671"},"modified":"2022-06-30T16:20:43","modified_gmt":"2022-06-30T14:20:43","slug":"staendiges-kommando-des-v-us-corps-in-polen-ja-zu-finnland-und-schweden-in-der-nato","status":"publish","type":"post","link":"https:\/\/dignitynews.eu\/de\/staendiges-kommando-des-v-us-corps-in-polen-ja-zu-finnland-und-schweden-in-der-nato\/","title":{"rendered":"St\u00e4ndiges Kommando des V. US-Corps in Polen. Ja zu Finnland und Schweden in der NATO"},"content":{"rendered":"<h5><strong>Russland sei die gr\u00f6\u00dfte und unmittelbare Bedrohung f\u00fcr die Sicherheit der B\u00fcndnispartner und f\u00fcr den Frieden und die Stabilit\u00e4t im euro-atlantischen Raum. Dies haben die Staats- und Regierungschefs der NATO-L\u00e4nder in einer auf dem NATO-Gipfel in Madrid verabschiedeten Erkl\u00e4rung anerkannt.\u00a0Sie beschlossen, die Ostflanke der NATO zu st\u00e4rken und Finnland und Schweden einzuladen, NATO-Mitglieder zu werden. US-Pr\u00e4<\/strong><strong>sident Joe Biden k<\/strong><strong>\u00fcndigte an, dass das st\u00e4ndige Kommando des V. US-C<\/strong><strong>orps <\/strong><strong>sich <\/strong><strong>in Polen <\/strong><strong>befinden wird.<\/strong><\/h5>\n<p>Nach Ansicht des polnischen Pr\u00e4sidenten Andrzej Duda sei der Gipfel in Madrid ein Erfolg der gesamten Nordatlantischen Allianz. Er betonte, dass das st\u00e4ndige Kommando des V. US-Corps in Polen unsere Sicherheit st\u00e4rken werde. Die Entscheidung, die NATO um Finnland und Schweden zu erweitern, betrachte er als historisch.<\/p>\n<p>\u201eEs ist uns gelungen, die Einheit zu bewahren. Das Nordatlantische B\u00fcndnis ist Einheit, es ist solidarisch. Es gibt gr\u00fcnes Licht f\u00fcr den Beitritt Schwedens und Finnlands zur NATO, und dies ist sicherlich eine absolut historische Entscheidung aus Sicht des gesamten B\u00fcndnisses\u201d, sagte der polnische Pr\u00e4sident bei einem Treffen mit Journalisten.<\/p>\n<p>Andrzej Duda betonte, dass dies f\u00fcr unsere Region und die Ostflanke der NATO eine absolut grundlegende Entscheidung sei.<\/p>\n<p>\u201eZwei sehr m\u00e4chtige L\u00e4nder mit einer gro\u00dfen Geschichte, aber auch mit einem sehr ernsten milit\u00e4rischen Hintergrund, n\u00e4mlich Schweden und Finnland, die Staaten des Ostseeraums, werden in das Nordatlantische B\u00fcndnis aufgenommen, was vor allem bedeutet, dass die Grenze der Ostflanke der NATO, die Grenze dieser Flanke mit Russland, um mehr als 1.600 km verl\u00e4ngert wird\u201d, sagte er.<\/p>\n<p>Der stellvertretende Ministerpr\u00e4sident und Verteidigungsminister Mariusz B\u0142aszczak kommentierte die Ergebnisse des ersten Tages des NATO-Gipfels mit den Worten, dass die USA die von Polen gew\u00fcnschte Entscheidung getroffen h\u00e4tten.<\/p>\n<p>\u201eEs ist sehr wichtig, dass das vorgeschobene Hauptquartier des V. US-Corps dauerhaft in Polen bleibt. Fr\u00fcher hatten wir eine rotierende Pr\u00e4senz, dann kamen wir w\u00e4hrend der Verhandlungen zu einer verst\u00e4rkten Pr\u00e4senz, und jetzt haben wir eine st\u00e4ndige Pr\u00e4senz. Das wollten wir erreichen\u201d, gab B\u0142aszczak zu.<\/p>\n<p>Adrian Andrzejewski<\/p>\n","protected":false},"excerpt":{"rendered":"<p>Russland sei die gr\u00f6\u00dfte und unmittelbare Bedrohung f\u00fcr die Sicherheit der B\u00fcndnispartner und f\u00fcr den Frieden und die Stabilit\u00e4t im euro-atlantischen Raum. Dies haben die Staats- und Regierungschefs der NATO-L\u00e4nder&hellip;<\/p>\n","protected":false},"author":7,"featured_media":22568,"comment_status":"closed","ping_status":"open","sticky":false,"template":"","format":"standard","meta":{"_mi_skip_tracking":false,"footnotes":""},"categories":[53],"tags":[],"class_list":["post-22671","post","type-post","status-publish","format-standard","has-post-thumbnail","hentry","category-nachrichten"],"yoast_head":"<!-- This site is optimized with the Yoast SEO plugin v19.4 - https:\/\/yoast.com\/wordpress\/plugins\/seo\/ -->\n<title>St\u00e4ndiges Kommando des V. US-Corps in Polen. Ja zu Finnland und Schweden in der NATO - W\u00fcrde - DignityNews.eu<\/title>\n<meta name=\"robots\" content=\"index, follow, max-snippet:-1, max-image-preview:large, max-video-preview:-1\" \/>\n<link rel=\"canonical\" href=\"https:\/\/dignitynews.eu\/de\/staendiges-kommando-des-v-us-corps-in-polen-ja-zu-finnland-und-schweden-in-der-nato\/\" \/>\n<meta property=\"og:locale\" content=\"de_DE\" \/>\n<meta property=\"og:type\" content=\"article\" \/>\n<meta property=\"og:title\" content=\"St\u00e4ndiges Kommando des V. US-Corps in Polen. Ja zu Finnland und Schweden in der NATO - W\u00fcrde - DignityNews.eu\" \/>\n<meta property=\"og:description\" content=\"Russland sei die gr\u00f6\u00dfte und unmittelbare Bedrohung f\u00fcr die Sicherheit der B\u00fcndnispartner und f\u00fcr den Frieden und die Stabilit\u00e4t im euro-atlantischen Raum. Dies haben die Staats- und Regierungschefs der NATO-L\u00e4nder&hellip;\" \/>\n<meta property=\"og:url\" content=\"https:\/\/dignitynews.eu\/de\/staendiges-kommando-des-v-us-corps-in-polen-ja-zu-finnland-und-schweden-in-der-nato\/\" \/>\n<meta property=\"og:site_name\" content=\"W\u00fcrde - DignityNews.eu\" \/>\n<meta property=\"article:published_time\" content=\"2022-06-30T09:11:16+00:00\" \/>\n<meta property=\"article:modified_time\" content=\"2022-06-30T14:20:43+00:00\" \/>\n<meta property=\"og:image\" content=\"https:\/\/dignitynews.eu\/wp-content\/uploads\/2022\/06\/Andrzej_Duda_Madryt-fot.-Marek-Borawski-KPRP.jpg\" \/>\n\t<meta property=\"og:image:width\" content=\"1600\" \/>\n\t<meta property=\"og:image:height\" content=\"1066\" \/>\n\t<meta property=\"og:image:type\" content=\"image\/jpeg\" \/>\n<meta name=\"author\" content=\"Dignity News\" \/>\n<meta name=\"twitter:card\" content=\"summary_large_image\" \/>\n<meta name=\"twitter:label1\" content=\"Verfasst von\" \/>\n\t<meta name=\"twitter:data1\" content=\"Dignity News\" \/>\n\t<meta name=\"twitter:label2\" content=\"Gesch\u00e4tzte Lesezeit\" \/>\n\t<meta name=\"twitter:data2\" content=\"2\u00a0Minuten\" \/>\n<script type=\"application\/ld+json\" class=\"yoast-schema-graph\">{\"@context\":\"https:\/\/schema.org\",\"@graph\":[{\"@type\":\"WebSite\",\"@id\":\"https:\/\/dignitynews.eu\/pl\/#website\",\"url\":\"https:\/\/dignitynews.eu\/pl\/\",\"name\":\"W\u00fcrde - DignityNews.eu\",\"description\":\"\",\"potentialAction\":[{\"@type\":\"SearchAction\",\"target\":{\"@type\":\"EntryPoint\",\"urlTemplate\":\"https:\/\/dignitynews.eu\/pl\/?s={search_term_string}\"},\"query-input\":\"required name=search_term_string\"}],\"inLanguage\":\"de\"},{\"@type\":\"WebPage\",\"@id\":\"https:\/\/dignitynews.eu\/de\/staendiges-kommando-des-v-us-corps-in-polen-ja-zu-finnland-und-schweden-in-der-nato\/\",\"url\":\"https:\/\/dignitynews.eu\/de\/staendiges-kommando-des-v-us-corps-in-polen-ja-zu-finnland-und-schweden-in-der-nato\/\",\"name\":\"St\u00e4ndiges Kommando des V. US-Corps in Polen. Ja zu Finnland und Schweden in der NATO - W\u00fcrde - DignityNews.eu\",\"isPartOf\":{\"@id\":\"https:\/\/dignitynews.eu\/pl\/#website\"},\"datePublished\":\"2022-06-30T09:11:16+00:00\",\"dateModified\":\"2022-06-30T14:20:43+00:00\",\"author\":{\"@id\":\"https:\/\/dignitynews.eu\/pl\/#\/schema\/person\/0b62b762b8174802fabc81a3ecb1bfcb\"},\"breadcrumb\":{\"@id\":\"https:\/\/dignitynews.eu\/de\/staendiges-kommando-des-v-us-corps-in-polen-ja-zu-finnland-und-schweden-in-der-nato\/#breadcrumb\"},\"inLanguage\":\"de\",\"potentialAction\":[{\"@type\":\"ReadAction\",\"target\":[\"https:\/\/dignitynews.eu\/de\/staendiges-kommando-des-v-us-corps-in-polen-ja-zu-finnland-und-schweden-in-der-nato\/\"]}]},{\"@type\":\"BreadcrumbList\",\"@id\":\"https:\/\/dignitynews.eu\/de\/staendiges-kommando-des-v-us-corps-in-polen-ja-zu-finnland-und-schweden-in-der-nato\/#breadcrumb\",\"itemListElement\":[{\"@type\":\"ListItem\",\"position\":1,\"name\":\"Strona g\u0142\u00f3wna\",\"item\":\"https:\/\/dignitynews.eu\/de\/\"},{\"@type\":\"ListItem\",\"position\":2,\"name\":\"St\u00e4ndiges Kommando des V. US-Corps in Polen. Ja zu Finnland und Schweden in der NATO\"}]},{\"@type\":\"Person\",\"@id\":\"https:\/\/dignitynews.eu\/pl\/#\/schema\/person\/0b62b762b8174802fabc81a3ecb1bfcb\",\"name\":\"Dignity News\",\"image\":{\"@type\":\"ImageObject\",\"inLanguage\":\"de\",\"@id\":\"https:\/\/dignitynews.eu\/pl\/#\/schema\/person\/image\/\",\"url\":\"https:\/\/secure.gravatar.com\/avatar\/97963171a6d9108f8381bbefb1c6b150c445b6ddd9e3077b96c86cf5892c85dc?s=96&d=mm&r=g\",\"contentUrl\":\"https:\/\/secure.gravatar.com\/avatar\/97963171a6d9108f8381bbefb1c6b150c445b6ddd9e3077b96c86cf5892c85dc?s=96&d=mm&r=g\",\"caption\":\"Dignity News\"},\"url\":\"https:\/\/dignitynews.eu\/de\/author\/mikolaj-palade\/\"}]}<\/script>\n<!-- \/ Yoast SEO plugin. -->","yoast_head_json":{"title":"St\u00e4ndiges Kommando des V. US-Corps in Polen. Ja zu Finnland und Schweden in der NATO - W\u00fcrde - DignityNews.eu","robots":{"index":"index","follow":"follow","max-snippet":"max-snippet:-1","max-image-preview":"max-image-preview:large","max-video-preview":"max-video-preview:-1"},"canonical":"https:\/\/dignitynews.eu\/de\/staendiges-kommando-des-v-us-corps-in-polen-ja-zu-finnland-und-schweden-in-der-nato\/","og_locale":"de_DE","og_type":"article","og_title":"St\u00e4ndiges Kommando des V. US-Corps in Polen. Ja zu Finnland und Schweden in der NATO - W\u00fcrde - DignityNews.eu","og_description":"Russland sei die gr\u00f6\u00dfte und unmittelbare Bedrohung f\u00fcr die Sicherheit der B\u00fcndnispartner und f\u00fcr den Frieden und die Stabilit\u00e4t im euro-atlantischen Raum. Dies haben die Staats- und Regierungschefs der NATO-L\u00e4nder&hellip;","og_url":"https:\/\/dignitynews.eu\/de\/staendiges-kommando-des-v-us-corps-in-polen-ja-zu-finnland-und-schweden-in-der-nato\/","og_site_name":"W\u00fcrde - DignityNews.eu","article_published_time":"2022-06-30T09:11:16+00:00","article_modified_time":"2022-06-30T14:20:43+00:00","og_image":[{"width":1600,"height":1066,"url":"https:\/\/dignitynews.eu\/wp-content\/uploads\/2022\/06\/Andrzej_Duda_Madryt-fot.-Marek-Borawski-KPRP.jpg","type":"image\/jpeg"}],"author":"Dignity News","twitter_card":"summary_large_image","twitter_misc":{"Verfasst von":"Dignity News","Gesch\u00e4tzte Lesezeit":"2\u00a0Minuten"},"schema":{"@context":"https:\/\/schema.org","@graph":[{"@type":"WebSite","@id":"https:\/\/dignitynews.eu\/pl\/#website","url":"https:\/\/dignitynews.eu\/pl\/","name":"W\u00fcrde - DignityNews.eu","description":"","potentialAction":[{"@type":"SearchAction","target":{"@type":"EntryPoint","urlTemplate":"https:\/\/dignitynews.eu\/pl\/?s={search_term_string}"},"query-input":"required name=search_term_string"}],"inLanguage":"de"},{"@type":"WebPage","@id":"https:\/\/dignitynews.eu\/de\/staendiges-kommando-des-v-us-corps-in-polen-ja-zu-finnland-und-schweden-in-der-nato\/","url":"https:\/\/dignitynews.eu\/de\/staendiges-kommando-des-v-us-corps-in-polen-ja-zu-finnland-und-schweden-in-der-nato\/","name":"St\u00e4ndiges Kommando des V. US-Corps in Polen. Ja zu Finnland und Schweden in der NATO - W\u00fcrde - DignityNews.eu","isPartOf":{"@id":"https:\/\/dignitynews.eu\/pl\/#website"},"datePublished":"2022-06-30T09:11:16+00:00","dateModified":"2022-06-30T14:20:43+00:00","author":{"@id":"https:\/\/dignitynews.eu\/pl\/#\/schema\/person\/0b62b762b8174802fabc81a3ecb1bfcb"},"breadcrumb":{"@id":"https:\/\/dignitynews.eu\/de\/staendiges-kommando-des-v-us-corps-in-polen-ja-zu-finnland-und-schweden-in-der-nato\/#breadcrumb"},"inLanguage":"de","potentialAction":[{"@type":"ReadAction","target":["https:\/\/dignitynews.eu\/de\/staendiges-kommando-des-v-us-corps-in-polen-ja-zu-finnland-und-schweden-in-der-nato\/"]}]},{"@type":"BreadcrumbList","@id":"https:\/\/dignitynews.eu\/de\/staendiges-kommando-des-v-us-corps-in-polen-ja-zu-finnland-und-schweden-in-der-nato\/#breadcrumb","itemListElement":[{"@type":"ListItem","position":1,"name":"Strona g\u0142\u00f3wna","item":"https:\/\/dignitynews.eu\/de\/"},{"@type":"ListItem","position":2,"name":"St\u00e4ndiges Kommando des V. US-Corps in Polen. Ja zu Finnland und Schweden in der NATO"}]},{"@type":"Person","@id":"https:\/\/dignitynews.eu\/pl\/#\/schema\/person\/0b62b762b8174802fabc81a3ecb1bfcb","name":"Dignity News","image":{"@type":"ImageObject","inLanguage":"de","@id":"https:\/\/dignitynews.eu\/pl\/#\/schema\/person\/image\/","url":"https:\/\/secure.gravatar.com\/avatar\/97963171a6d9108f8381bbefb1c6b150c445b6ddd9e3077b96c86cf5892c85dc?s=96&d=mm&r=g","contentUrl":"https:\/\/secure.gravatar.com\/avatar\/97963171a6d9108f8381bbefb1c6b150c445b6ddd9e3077b96c86cf5892c85dc?s=96&d=mm&r=g","caption":"Dignity News"},"url":"https:\/\/dignitynews.eu\/de\/author\/mikolaj-palade\/"}]}},"_links":{"self":[{"href":"https:\/\/dignitynews.eu\/de\/wp-json\/wp\/v2\/posts\/22671","targetHints":{"allow":["GET"]}}],"collection":[{"href":"https:\/\/dignitynews.eu\/de\/wp-json\/wp\/v2\/posts"}],"about":[{"href":"https:\/\/dignitynews.eu\/de\/wp-json\/wp\/v2\/types\/post"}],"author":[{"embeddable":true,"href":"https:\/\/dignitynews.eu\/de\/wp-json\/wp\/v2\/users\/7"}],"replies":[{"embeddable":true,"href":"https:\/\/dignitynews.eu\/de\/wp-json\/wp\/v2\/comments?post=22671"}],"version-history":[{"count":1,"href":"https:\/\/dignitynews.eu\/de\/wp-json\/wp\/v2\/posts\/22671\/revisions"}],"predecessor-version":[{"id":22672,"href":"https:\/\/dignitynews.eu\/de\/wp-json\/wp\/v2\/posts\/22671\/revisions\/22672"}],"wp:featuredmedia":[{"embeddable":true,"href":"https:\/\/dignitynews.eu\/de\/wp-json\/wp\/v2\/media\/22568"}],"wp:attachment":[{"href":"https:\/\/dignitynews.eu\/de\/wp-json\/wp\/v2\/media?parent=22671"}],"wp:term":[{"taxonomy":"category","embeddable":true,"href":"https:\/\/dignitynews.eu\/de\/wp-json\/wp\/v2\/categories?post=22671"},{"taxonomy":"post_tag","embeddable":true,"href":"https:\/\/dignitynews.eu\/de\/wp-json\/wp\/v2\/tags?post=22671"}],"curies":[{"name":"wp","href":"https:\/\/api.w.org\/{rel}","templated":true}]}}