{"id":22544,"date":"2022-06-29T12:04:01","date_gmt":"2022-06-29T10:04:01","guid":{"rendered":"https:\/\/dignitynews.eu\/?p=22544"},"modified":"2022-06-29T17:03:32","modified_gmt":"2022-06-29T15:03:32","slug":"polen-bereitet-sich-auf-die-ausweitung-der-us-militaerpraesenz-in-einer-notfallsituation-vor","status":"publish","type":"post","link":"https:\/\/dignitynews.eu\/de\/polen-bereitet-sich-auf-die-ausweitung-der-us-militaerpraesenz-in-einer-notfallsituation-vor\/","title":{"rendered":"Polen bereitet sich auf die Ausweitung der US-Milit\u00e4rpr\u00e4senz in einer Notfallsituation vor"},"content":{"rendered":"<h5><strong>\u201eDie NATO erkennt, dass die gr\u00f6\u00dfte Bedrohung heute in Osteuropa, an der Ostflanke der NATO, besteht, und dass die Verst\u00e4rkung der Pr\u00e4senz der verb\u00fcndeten Truppen, der amerikanischen Truppen, von entscheidender Bedeutung ist\u201d, beurteilte der stellvertretende Verteidigungsminister Wojciech Skurkiewicz. <\/strong><\/h5>\n<p>Der stellvertretende Verteidigungsminister und Senator der Partei Recht und Gerechtigkeit (PiS), Wojciech Skurkiewicz, \u00e4u\u00dferte sich in der Sendung \u201eSygna\u0142y dnia\u201d des Polnischen Rundfunks zu den Entscheidungen, die auf dem NATO-Gipfel in Madrid getroffen werden.<\/p>\n<p>\u201eDie wichtigste Information des gestrigen Abends ist die Tatsache, dass die T\u00fcrkei der Erweiterung des B\u00fcndnisses zustimmt, denn dies war die gr\u00f6\u00dfte Bef\u00fcrchtung\u201d, sagte der Politiker. Er verwies auch auf die Informationen \u00fcber die neuen Vereinbarungen bez\u00fcglich der schnellen Eingreiftruppen der NATO.<\/p>\n<p>\u201eAuch dies ist eine absolut bahnbrechende Entscheidung, eine Steigerung von 40.000 auf 300.000 Soldaten, also um das 7,5-fache. Dies ist ein gigantischer Anstieg, und alle L\u00e4nder des B\u00fcndnisses m\u00fcssen daran beteiligt sein. Es ist nicht so, das diese Last die USA, Gro\u00dfbritannien oder Polen an der Ostflanke tragen werden \u2014 hier m\u00fcssen alle L\u00e4nder einbezogen werden\u201d, sagte Skurkiewicz.<\/p>\n<p>Der stellvertretende Verteidigungsminister wurde auch nach den heute in unserem Land stationierten NATO-Truppen gefragt. \u201eIn Polen gibt es ca. 12 Tausend US-Soldaten plus Soldaten verb\u00fcndeter Streitkr\u00e4fte, die in verschiedenen Formaten stationiert sind, wie z.B. eFP (enhanced Forward Presence) im Nordosten, das heute das Schl\u00fcsselelement darstellt. Es sind die Amerikaner, die Rum\u00e4nen, die Briten, die Kroaten, es ist ein multinationales Bataillon\u201d, erkl\u00e4rte der stellvertretende Minister.<\/p>\n<p>\u201eWir bereiten uns auf eine bedeutende Ausweitung der Pr\u00e4senz amerikanischer Truppen in einer Notdfallsituation vor, es handelt sich um eine sehr gro\u00dfe quantitative Ausweitung in Bezug auf Menschen und Ausr\u00fcstung, ich spreche von Zehntausenden. Wir schaffen M\u00f6glichkeiten, sie aufzunehmen, es geht um eine Notfallsituation\u201d, erkl\u00e4rte Wojciech Skurkiewicz.<\/p>\n<p>Der amerikanische Fernsehsender NBC News hat unter Berufung auf Quellen im Wei\u00dfen Haus eine Verl\u00e4ngerung der verst\u00e4rkten US-Milit\u00e4rpr\u00e4senz in Polen angek\u00fcndigt.<\/p>\n<p>Arkadiusz S\u0142omczy\u0144ski<\/p>\n","protected":false},"excerpt":{"rendered":"<p>\u201eDie NATO erkennt, dass die gr\u00f6\u00dfte Bedrohung heute in Osteuropa, an der Ostflanke der NATO, besteht, und dass die Verst\u00e4rkung der Pr\u00e4senz der verb\u00fcndeten Truppen, der amerikanischen Truppen, von entscheidender&hellip;<\/p>\n","protected":false},"author":7,"featured_media":22451,"comment_status":"closed","ping_status":"open","sticky":false,"template":"","format":"standard","meta":{"_mi_skip_tracking":false,"footnotes":""},"categories":[53],"tags":[],"class_list":["post-22544","post","type-post","status-publish","format-standard","has-post-thumbnail","hentry","category-nachrichten"],"yoast_head":"<!-- This site is optimized with the Yoast SEO plugin v19.4 - https:\/\/yoast.com\/wordpress\/plugins\/seo\/ -->\n<title>Polen bereitet sich auf die Ausweitung der US-Milit\u00e4rpr\u00e4senz in einer Notfallsituation vor - W\u00fcrde - DignityNews.eu<\/title>\n<meta name=\"robots\" content=\"index, follow, max-snippet:-1, max-image-preview:large, max-video-preview:-1\" \/>\n<link rel=\"canonical\" href=\"https:\/\/dignitynews.eu\/de\/polen-bereitet-sich-auf-die-ausweitung-der-us-militaerpraesenz-in-einer-notfallsituation-vor\/\" \/>\n<meta property=\"og:locale\" content=\"de_DE\" \/>\n<meta property=\"og:type\" content=\"article\" \/>\n<meta property=\"og:title\" content=\"Polen bereitet sich auf die Ausweitung der US-Milit\u00e4rpr\u00e4senz in einer Notfallsituation vor - W\u00fcrde - DignityNews.eu\" \/>\n<meta property=\"og:description\" content=\"\u201eDie NATO erkennt, dass die gr\u00f6\u00dfte Bedrohung heute in Osteuropa, an der Ostflanke der NATO, besteht, und dass die Verst\u00e4rkung der Pr\u00e4senz der verb\u00fcndeten Truppen, der amerikanischen Truppen, von entscheidender&hellip;\" \/>\n<meta property=\"og:url\" content=\"https:\/\/dignitynews.eu\/de\/polen-bereitet-sich-auf-die-ausweitung-der-us-militaerpraesenz-in-einer-notfallsituation-vor\/\" \/>\n<meta property=\"og:site_name\" content=\"W\u00fcrde - DignityNews.eu\" \/>\n<meta property=\"article:published_time\" content=\"2022-06-29T10:04:01+00:00\" \/>\n<meta property=\"article:modified_time\" content=\"2022-06-29T15:03:32+00:00\" \/>\n<meta property=\"og:image\" content=\"https:\/\/dignitynews.eu\/wp-content\/uploads\/2022\/06\/zwiekszona-obecnosc-wojsk-USA-w-Polsce-fot-.-EAST-NEWS.jpg\" \/>\n\t<meta property=\"og:image:width\" content=\"1500\" \/>\n\t<meta property=\"og:image:height\" content=\"1001\" \/>\n\t<meta property=\"og:image:type\" content=\"image\/jpeg\" \/>\n<meta name=\"author\" content=\"Dignity News\" \/>\n<meta name=\"twitter:card\" content=\"summary_large_image\" \/>\n<meta name=\"twitter:label1\" content=\"Verfasst von\" \/>\n\t<meta name=\"twitter:data1\" content=\"Dignity News\" \/>\n\t<meta name=\"twitter:label2\" content=\"Gesch\u00e4tzte Lesezeit\" \/>\n\t<meta name=\"twitter:data2\" content=\"2\u00a0Minuten\" \/>\n<script type=\"application\/ld+json\" class=\"yoast-schema-graph\">{\"@context\":\"https:\/\/schema.org\",\"@graph\":[{\"@type\":\"WebSite\",\"@id\":\"https:\/\/dignitynews.eu\/pl\/#website\",\"url\":\"https:\/\/dignitynews.eu\/pl\/\",\"name\":\"W\u00fcrde - DignityNews.eu\",\"description\":\"\",\"potentialAction\":[{\"@type\":\"SearchAction\",\"target\":{\"@type\":\"EntryPoint\",\"urlTemplate\":\"https:\/\/dignitynews.eu\/pl\/?s={search_term_string}\"},\"query-input\":\"required name=search_term_string\"}],\"inLanguage\":\"de\"},{\"@type\":\"WebPage\",\"@id\":\"https:\/\/dignitynews.eu\/de\/polen-bereitet-sich-auf-die-ausweitung-der-us-militaerpraesenz-in-einer-notfallsituation-vor\/\",\"url\":\"https:\/\/dignitynews.eu\/de\/polen-bereitet-sich-auf-die-ausweitung-der-us-militaerpraesenz-in-einer-notfallsituation-vor\/\",\"name\":\"Polen bereitet sich auf die Ausweitung der US-Milit\u00e4rpr\u00e4senz in einer Notfallsituation vor - W\u00fcrde - DignityNews.eu\",\"isPartOf\":{\"@id\":\"https:\/\/dignitynews.eu\/pl\/#website\"},\"datePublished\":\"2022-06-29T10:04:01+00:00\",\"dateModified\":\"2022-06-29T15:03:32+00:00\",\"author\":{\"@id\":\"https:\/\/dignitynews.eu\/pl\/#\/schema\/person\/0b62b762b8174802fabc81a3ecb1bfcb\"},\"breadcrumb\":{\"@id\":\"https:\/\/dignitynews.eu\/de\/polen-bereitet-sich-auf-die-ausweitung-der-us-militaerpraesenz-in-einer-notfallsituation-vor\/#breadcrumb\"},\"inLanguage\":\"de\",\"potentialAction\":[{\"@type\":\"ReadAction\",\"target\":[\"https:\/\/dignitynews.eu\/de\/polen-bereitet-sich-auf-die-ausweitung-der-us-militaerpraesenz-in-einer-notfallsituation-vor\/\"]}]},{\"@type\":\"BreadcrumbList\",\"@id\":\"https:\/\/dignitynews.eu\/de\/polen-bereitet-sich-auf-die-ausweitung-der-us-militaerpraesenz-in-einer-notfallsituation-vor\/#breadcrumb\",\"itemListElement\":[{\"@type\":\"ListItem\",\"position\":1,\"name\":\"Strona g\u0142\u00f3wna\",\"item\":\"https:\/\/dignitynews.eu\/de\/\"},{\"@type\":\"ListItem\",\"position\":2,\"name\":\"Polen bereitet sich auf die Ausweitung der US-Milit\u00e4rpr\u00e4senz in einer Notfallsituation vor\"}]},{\"@type\":\"Person\",\"@id\":\"https:\/\/dignitynews.eu\/pl\/#\/schema\/person\/0b62b762b8174802fabc81a3ecb1bfcb\",\"name\":\"Dignity News\",\"image\":{\"@type\":\"ImageObject\",\"inLanguage\":\"de\",\"@id\":\"https:\/\/dignitynews.eu\/pl\/#\/schema\/person\/image\/\",\"url\":\"https:\/\/secure.gravatar.com\/avatar\/97963171a6d9108f8381bbefb1c6b150c445b6ddd9e3077b96c86cf5892c85dc?s=96&d=mm&r=g\",\"contentUrl\":\"https:\/\/secure.gravatar.com\/avatar\/97963171a6d9108f8381bbefb1c6b150c445b6ddd9e3077b96c86cf5892c85dc?s=96&d=mm&r=g\",\"caption\":\"Dignity News\"},\"url\":\"https:\/\/dignitynews.eu\/de\/author\/mikolaj-palade\/\"}]}<\/script>\n<!-- \/ Yoast SEO plugin. -->","yoast_head_json":{"title":"Polen bereitet sich auf die Ausweitung der US-Milit\u00e4rpr\u00e4senz in einer Notfallsituation vor - W\u00fcrde - DignityNews.eu","robots":{"index":"index","follow":"follow","max-snippet":"max-snippet:-1","max-image-preview":"max-image-preview:large","max-video-preview":"max-video-preview:-1"},"canonical":"https:\/\/dignitynews.eu\/de\/polen-bereitet-sich-auf-die-ausweitung-der-us-militaerpraesenz-in-einer-notfallsituation-vor\/","og_locale":"de_DE","og_type":"article","og_title":"Polen bereitet sich auf die Ausweitung der US-Milit\u00e4rpr\u00e4senz in einer Notfallsituation vor - W\u00fcrde - DignityNews.eu","og_description":"\u201eDie NATO erkennt, dass die gr\u00f6\u00dfte Bedrohung heute in Osteuropa, an der Ostflanke der NATO, besteht, und dass die Verst\u00e4rkung der Pr\u00e4senz der verb\u00fcndeten Truppen, der amerikanischen Truppen, von entscheidender&hellip;","og_url":"https:\/\/dignitynews.eu\/de\/polen-bereitet-sich-auf-die-ausweitung-der-us-militaerpraesenz-in-einer-notfallsituation-vor\/","og_site_name":"W\u00fcrde - DignityNews.eu","article_published_time":"2022-06-29T10:04:01+00:00","article_modified_time":"2022-06-29T15:03:32+00:00","og_image":[{"width":1500,"height":1001,"url":"https:\/\/dignitynews.eu\/wp-content\/uploads\/2022\/06\/zwiekszona-obecnosc-wojsk-USA-w-Polsce-fot-.-EAST-NEWS.jpg","type":"image\/jpeg"}],"author":"Dignity News","twitter_card":"summary_large_image","twitter_misc":{"Verfasst von":"Dignity News","Gesch\u00e4tzte Lesezeit":"2\u00a0Minuten"},"schema":{"@context":"https:\/\/schema.org","@graph":[{"@type":"WebSite","@id":"https:\/\/dignitynews.eu\/pl\/#website","url":"https:\/\/dignitynews.eu\/pl\/","name":"W\u00fcrde - DignityNews.eu","description":"","potentialAction":[{"@type":"SearchAction","target":{"@type":"EntryPoint","urlTemplate":"https:\/\/dignitynews.eu\/pl\/?s={search_term_string}"},"query-input":"required name=search_term_string"}],"inLanguage":"de"},{"@type":"WebPage","@id":"https:\/\/dignitynews.eu\/de\/polen-bereitet-sich-auf-die-ausweitung-der-us-militaerpraesenz-in-einer-notfallsituation-vor\/","url":"https:\/\/dignitynews.eu\/de\/polen-bereitet-sich-auf-die-ausweitung-der-us-militaerpraesenz-in-einer-notfallsituation-vor\/","name":"Polen bereitet sich auf die Ausweitung der US-Milit\u00e4rpr\u00e4senz in einer Notfallsituation vor - W\u00fcrde - DignityNews.eu","isPartOf":{"@id":"https:\/\/dignitynews.eu\/pl\/#website"},"datePublished":"2022-06-29T10:04:01+00:00","dateModified":"2022-06-29T15:03:32+00:00","author":{"@id":"https:\/\/dignitynews.eu\/pl\/#\/schema\/person\/0b62b762b8174802fabc81a3ecb1bfcb"},"breadcrumb":{"@id":"https:\/\/dignitynews.eu\/de\/polen-bereitet-sich-auf-die-ausweitung-der-us-militaerpraesenz-in-einer-notfallsituation-vor\/#breadcrumb"},"inLanguage":"de","potentialAction":[{"@type":"ReadAction","target":["https:\/\/dignitynews.eu\/de\/polen-bereitet-sich-auf-die-ausweitung-der-us-militaerpraesenz-in-einer-notfallsituation-vor\/"]}]},{"@type":"BreadcrumbList","@id":"https:\/\/dignitynews.eu\/de\/polen-bereitet-sich-auf-die-ausweitung-der-us-militaerpraesenz-in-einer-notfallsituation-vor\/#breadcrumb","itemListElement":[{"@type":"ListItem","position":1,"name":"Strona g\u0142\u00f3wna","item":"https:\/\/dignitynews.eu\/de\/"},{"@type":"ListItem","position":2,"name":"Polen bereitet sich auf die Ausweitung der US-Milit\u00e4rpr\u00e4senz in einer Notfallsituation vor"}]},{"@type":"Person","@id":"https:\/\/dignitynews.eu\/pl\/#\/schema\/person\/0b62b762b8174802fabc81a3ecb1bfcb","name":"Dignity News","image":{"@type":"ImageObject","inLanguage":"de","@id":"https:\/\/dignitynews.eu\/pl\/#\/schema\/person\/image\/","url":"https:\/\/secure.gravatar.com\/avatar\/97963171a6d9108f8381bbefb1c6b150c445b6ddd9e3077b96c86cf5892c85dc?s=96&d=mm&r=g","contentUrl":"https:\/\/secure.gravatar.com\/avatar\/97963171a6d9108f8381bbefb1c6b150c445b6ddd9e3077b96c86cf5892c85dc?s=96&d=mm&r=g","caption":"Dignity News"},"url":"https:\/\/dignitynews.eu\/de\/author\/mikolaj-palade\/"}]}},"_links":{"self":[{"href":"https:\/\/dignitynews.eu\/de\/wp-json\/wp\/v2\/posts\/22544","targetHints":{"allow":["GET"]}}],"collection":[{"href":"https:\/\/dignitynews.eu\/de\/wp-json\/wp\/v2\/posts"}],"about":[{"href":"https:\/\/dignitynews.eu\/de\/wp-json\/wp\/v2\/types\/post"}],"author":[{"embeddable":true,"href":"https:\/\/dignitynews.eu\/de\/wp-json\/wp\/v2\/users\/7"}],"replies":[{"embeddable":true,"href":"https:\/\/dignitynews.eu\/de\/wp-json\/wp\/v2\/comments?post=22544"}],"version-history":[{"count":1,"href":"https:\/\/dignitynews.eu\/de\/wp-json\/wp\/v2\/posts\/22544\/revisions"}],"predecessor-version":[{"id":22545,"href":"https:\/\/dignitynews.eu\/de\/wp-json\/wp\/v2\/posts\/22544\/revisions\/22545"}],"wp:featuredmedia":[{"embeddable":true,"href":"https:\/\/dignitynews.eu\/de\/wp-json\/wp\/v2\/media\/22451"}],"wp:attachment":[{"href":"https:\/\/dignitynews.eu\/de\/wp-json\/wp\/v2\/media?parent=22544"}],"wp:term":[{"taxonomy":"category","embeddable":true,"href":"https:\/\/dignitynews.eu\/de\/wp-json\/wp\/v2\/categories?post=22544"},{"taxonomy":"post_tag","embeddable":true,"href":"https:\/\/dignitynews.eu\/de\/wp-json\/wp\/v2\/tags?post=22544"}],"curies":[{"name":"wp","href":"https:\/\/api.w.org\/{rel}","templated":true}]}}