{"id":22395,"date":"2022-06-28T12:23:00","date_gmt":"2022-06-28T10:23:00","guid":{"rendered":"https:\/\/dignitynews.eu\/?p=22395"},"modified":"2022-06-28T16:59:40","modified_gmt":"2022-06-28T14:59:40","slug":"fuer-unsere-und-eure-freiheit-zerstoerte-russische-ausruestung-in-warschau-ausgestellt","status":"publish","type":"post","link":"https:\/\/dignitynews.eu\/de\/fuer-unsere-und-eure-freiheit-zerstoerte-russische-ausruestung-in-warschau-ausgestellt\/","title":{"rendered":"\u201eF\u00fcr unsere und eure Freiheit\u201d. Zerst\u00f6rte russische Ausr\u00fcstung in Warschau ausgestellt"},"content":{"rendered":"<h5><strong>In der Ausstellung \u201eF\u00fcr unsere und eure Freiheit\u201d kann man die \u00dcberreste von Ausr\u00fcstungsgegenst\u00e4nden, die die ukrainischen Streitkr\u00e4fte bei der Abwehr der russischen Aggression erbeutet haben, sehen. Zerst<\/strong><strong>\u00f6<\/strong><strong>rte russische Panzer sowie Kanonen und Raketen befinden sich auf dem Schlossplatz in Warschau. Die Ausstellung soll auch in anderen St\u00e4dten Polens und Westeuropas gezeigt werden, um die Bev<\/strong><strong>\u00f6<\/strong><strong>lkerung auf die Grausamkeit des Krieges aufmerksam zu machen.<\/strong><\/h5>\n<p>Zu den Exponaten geh\u00f6ren ein T-72BA-Kampfpanzer und eine russische Kanonenhaubitze. Die Ausstellung ist in drei Sprachen beschrieben: Polnisch, Ukrainisch und Englisch. Die Ausstellung, die vom Leiter der Kanzlei des Ministerpr\u00e4sidenten Micha\u0142 Dworczyk und der stellvertretenden Verteidigungsministerin der Ukraine Hanna Maliar er\u00f6ffnet wurde, ist bis zum 6. Juli in Warschau zu sehen.<\/p>\n<p>\u201eDie ukrainische Armee, die ihr Land verteidigt, verteidigt auch Polen. Es lohnt sich, all jene daran zu erinnern, die am Sinn der milit\u00e4rischen Hilfe zweifeln, die die Ukraine von Polen und anderen L\u00e4ndern erh\u00e4lt\u201d, sagte Micha\u0142 Dworczyk.<\/p>\n<p>Der Chef der Kanzlei des Premierministers wies darauf hin, dass die Ausstellung ein Beweis daf\u00fcr sei, dass die Russen besiegt werden k\u00f6nnen. \u201eIn vielen Kreisen wird behauptet, die russische Armee sei unbesiegbar und Russland sei so bedrohlich, dass man sich mit ihm um jeden Preis einigen solle. Diese zerst\u00f6rte Ausr\u00fcstung ist ein Beweis daf\u00fcr, dass Entschlossenheit, Mut und Professionalit\u00e4t es erm\u00f6glichen, diese scheinbar unbesiegbare Armee zu besiegen\u201d, f\u00fcgte er hinzu.<\/p>\n<p>Die stellvertretende Verteidigungsministerin der Ukraine bedankte sich ihrerseits f\u00fcr die Unterst\u00fctzung durch Polen und polnische B\u00fcrger vom ersten Tag des Krieges an.<\/p>\n<p>\u201eDanke, dass Sie sich um unsere Kinder und Frauen k\u00fcmmern und unsere Soldaten an der Front unterst\u00fctzen\u201d, sagte Hanna Maliar.<\/p>\n<p>Der Wert der von Polen an die ukrainische Armee geleisteten Milit\u00e4rhilfe \u00fcberstieg bereits 1,8 Milliarden EUR. Polen steht an zweiter Stelle in der Welt und an erster Stelle in Europa, was den Wert der Milit\u00e4rhilfe f\u00fcr die Ukraine angeht.<\/p>\n<p>Adrian Andrzejewski<\/p>\n","protected":false},"excerpt":{"rendered":"<p>In der Ausstellung \u201eF\u00fcr unsere und eure Freiheit\u201d kann man die \u00dcberreste von Ausr\u00fcstungsgegenst\u00e4nden, die die ukrainischen Streitkr\u00e4fte bei der Abwehr der russischen Aggression erbeutet haben, sehen. Zerst\u00f6rte russische Panzer&hellip;<\/p>\n","protected":false},"author":7,"featured_media":22295,"comment_status":"closed","ping_status":"open","sticky":false,"template":"","format":"standard","meta":{"_mi_skip_tracking":false,"footnotes":""},"categories":[53],"tags":[],"class_list":["post-22395","post","type-post","status-publish","format-standard","has-post-thumbnail","hentry","category-nachrichten"],"yoast_head":"<!-- This site is optimized with the Yoast SEO plugin v19.4 - https:\/\/yoast.com\/wordpress\/plugins\/seo\/ -->\n<title>\u201eF\u00fcr unsere und eure Freiheit\u201d. Zerst\u00f6rte russische Ausr\u00fcstung in Warschau ausgestellt - W\u00fcrde - DignityNews.eu<\/title>\n<meta name=\"robots\" content=\"index, follow, max-snippet:-1, max-image-preview:large, max-video-preview:-1\" \/>\n<link rel=\"canonical\" href=\"https:\/\/dignitynews.eu\/de\/fuer-unsere-und-eure-freiheit-zerstoerte-russische-ausruestung-in-warschau-ausgestellt\/\" \/>\n<meta property=\"og:locale\" content=\"de_DE\" \/>\n<meta property=\"og:type\" content=\"article\" \/>\n<meta property=\"og:title\" content=\"\u201eF\u00fcr unsere und eure Freiheit\u201d. Zerst\u00f6rte russische Ausr\u00fcstung in Warschau ausgestellt - W\u00fcrde - DignityNews.eu\" \/>\n<meta property=\"og:description\" content=\"In der Ausstellung \u201eF\u00fcr unsere und eure Freiheit\u201d kann man die \u00dcberreste von Ausr\u00fcstungsgegenst\u00e4nden, die die ukrainischen Streitkr\u00e4fte bei der Abwehr der russischen Aggression erbeutet haben, sehen. Zerst\u00f6rte russische Panzer&hellip;\" \/>\n<meta property=\"og:url\" content=\"https:\/\/dignitynews.eu\/de\/fuer-unsere-und-eure-freiheit-zerstoerte-russische-ausruestung-in-warschau-ausgestellt\/\" \/>\n<meta property=\"og:site_name\" content=\"W\u00fcrde - DignityNews.eu\" \/>\n<meta property=\"article:published_time\" content=\"2022-06-28T10:23:00+00:00\" \/>\n<meta property=\"article:modified_time\" content=\"2022-06-28T14:59:40+00:00\" \/>\n<meta property=\"og:image\" content=\"https:\/\/dignitynews.eu\/wp-content\/uploads\/2022\/06\/Za-wolnosc-nasza-i-wasza-fot.-Wojciech-Olkusnik-East-News.jpg\" \/>\n\t<meta property=\"og:image:width\" content=\"1500\" \/>\n\t<meta property=\"og:image:height\" content=\"1000\" \/>\n\t<meta property=\"og:image:type\" content=\"image\/jpeg\" \/>\n<meta name=\"author\" content=\"Dignity News\" \/>\n<meta name=\"twitter:card\" content=\"summary_large_image\" \/>\n<meta name=\"twitter:label1\" content=\"Verfasst von\" \/>\n\t<meta name=\"twitter:data1\" content=\"Dignity News\" \/>\n\t<meta name=\"twitter:label2\" content=\"Gesch\u00e4tzte Lesezeit\" \/>\n\t<meta name=\"twitter:data2\" content=\"2\u00a0Minuten\" \/>\n<script type=\"application\/ld+json\" class=\"yoast-schema-graph\">{\"@context\":\"https:\/\/schema.org\",\"@graph\":[{\"@type\":\"WebSite\",\"@id\":\"https:\/\/dignitynews.eu\/pl\/#website\",\"url\":\"https:\/\/dignitynews.eu\/pl\/\",\"name\":\"W\u00fcrde - DignityNews.eu\",\"description\":\"\",\"potentialAction\":[{\"@type\":\"SearchAction\",\"target\":{\"@type\":\"EntryPoint\",\"urlTemplate\":\"https:\/\/dignitynews.eu\/pl\/?s={search_term_string}\"},\"query-input\":\"required name=search_term_string\"}],\"inLanguage\":\"de\"},{\"@type\":\"WebPage\",\"@id\":\"https:\/\/dignitynews.eu\/de\/fuer-unsere-und-eure-freiheit-zerstoerte-russische-ausruestung-in-warschau-ausgestellt\/\",\"url\":\"https:\/\/dignitynews.eu\/de\/fuer-unsere-und-eure-freiheit-zerstoerte-russische-ausruestung-in-warschau-ausgestellt\/\",\"name\":\"\u201eF\u00fcr unsere und eure Freiheit\u201d. Zerst\u00f6rte russische Ausr\u00fcstung in Warschau ausgestellt - W\u00fcrde - DignityNews.eu\",\"isPartOf\":{\"@id\":\"https:\/\/dignitynews.eu\/pl\/#website\"},\"datePublished\":\"2022-06-28T10:23:00+00:00\",\"dateModified\":\"2022-06-28T14:59:40+00:00\",\"author\":{\"@id\":\"https:\/\/dignitynews.eu\/pl\/#\/schema\/person\/0b62b762b8174802fabc81a3ecb1bfcb\"},\"breadcrumb\":{\"@id\":\"https:\/\/dignitynews.eu\/de\/fuer-unsere-und-eure-freiheit-zerstoerte-russische-ausruestung-in-warschau-ausgestellt\/#breadcrumb\"},\"inLanguage\":\"de\",\"potentialAction\":[{\"@type\":\"ReadAction\",\"target\":[\"https:\/\/dignitynews.eu\/de\/fuer-unsere-und-eure-freiheit-zerstoerte-russische-ausruestung-in-warschau-ausgestellt\/\"]}]},{\"@type\":\"BreadcrumbList\",\"@id\":\"https:\/\/dignitynews.eu\/de\/fuer-unsere-und-eure-freiheit-zerstoerte-russische-ausruestung-in-warschau-ausgestellt\/#breadcrumb\",\"itemListElement\":[{\"@type\":\"ListItem\",\"position\":1,\"name\":\"Strona g\u0142\u00f3wna\",\"item\":\"https:\/\/dignitynews.eu\/de\/\"},{\"@type\":\"ListItem\",\"position\":2,\"name\":\"\u201eF\u00fcr unsere und eure Freiheit\u201d. Zerst\u00f6rte russische Ausr\u00fcstung in Warschau ausgestellt\"}]},{\"@type\":\"Person\",\"@id\":\"https:\/\/dignitynews.eu\/pl\/#\/schema\/person\/0b62b762b8174802fabc81a3ecb1bfcb\",\"name\":\"Dignity News\",\"image\":{\"@type\":\"ImageObject\",\"inLanguage\":\"de\",\"@id\":\"https:\/\/dignitynews.eu\/pl\/#\/schema\/person\/image\/\",\"url\":\"https:\/\/secure.gravatar.com\/avatar\/97963171a6d9108f8381bbefb1c6b150c445b6ddd9e3077b96c86cf5892c85dc?s=96&d=mm&r=g\",\"contentUrl\":\"https:\/\/secure.gravatar.com\/avatar\/97963171a6d9108f8381bbefb1c6b150c445b6ddd9e3077b96c86cf5892c85dc?s=96&d=mm&r=g\",\"caption\":\"Dignity News\"},\"url\":\"https:\/\/dignitynews.eu\/de\/author\/mikolaj-palade\/\"}]}<\/script>\n<!-- \/ Yoast SEO plugin. -->","yoast_head_json":{"title":"\u201eF\u00fcr unsere und eure Freiheit\u201d. Zerst\u00f6rte russische Ausr\u00fcstung in Warschau ausgestellt - W\u00fcrde - DignityNews.eu","robots":{"index":"index","follow":"follow","max-snippet":"max-snippet:-1","max-image-preview":"max-image-preview:large","max-video-preview":"max-video-preview:-1"},"canonical":"https:\/\/dignitynews.eu\/de\/fuer-unsere-und-eure-freiheit-zerstoerte-russische-ausruestung-in-warschau-ausgestellt\/","og_locale":"de_DE","og_type":"article","og_title":"\u201eF\u00fcr unsere und eure Freiheit\u201d. Zerst\u00f6rte russische Ausr\u00fcstung in Warschau ausgestellt - W\u00fcrde - DignityNews.eu","og_description":"In der Ausstellung \u201eF\u00fcr unsere und eure Freiheit\u201d kann man die \u00dcberreste von Ausr\u00fcstungsgegenst\u00e4nden, die die ukrainischen Streitkr\u00e4fte bei der Abwehr der russischen Aggression erbeutet haben, sehen. Zerst\u00f6rte russische Panzer&hellip;","og_url":"https:\/\/dignitynews.eu\/de\/fuer-unsere-und-eure-freiheit-zerstoerte-russische-ausruestung-in-warschau-ausgestellt\/","og_site_name":"W\u00fcrde - DignityNews.eu","article_published_time":"2022-06-28T10:23:00+00:00","article_modified_time":"2022-06-28T14:59:40+00:00","og_image":[{"width":1500,"height":1000,"url":"https:\/\/dignitynews.eu\/wp-content\/uploads\/2022\/06\/Za-wolnosc-nasza-i-wasza-fot.-Wojciech-Olkusnik-East-News.jpg","type":"image\/jpeg"}],"author":"Dignity News","twitter_card":"summary_large_image","twitter_misc":{"Verfasst von":"Dignity News","Gesch\u00e4tzte Lesezeit":"2\u00a0Minuten"},"schema":{"@context":"https:\/\/schema.org","@graph":[{"@type":"WebSite","@id":"https:\/\/dignitynews.eu\/pl\/#website","url":"https:\/\/dignitynews.eu\/pl\/","name":"W\u00fcrde - DignityNews.eu","description":"","potentialAction":[{"@type":"SearchAction","target":{"@type":"EntryPoint","urlTemplate":"https:\/\/dignitynews.eu\/pl\/?s={search_term_string}"},"query-input":"required name=search_term_string"}],"inLanguage":"de"},{"@type":"WebPage","@id":"https:\/\/dignitynews.eu\/de\/fuer-unsere-und-eure-freiheit-zerstoerte-russische-ausruestung-in-warschau-ausgestellt\/","url":"https:\/\/dignitynews.eu\/de\/fuer-unsere-und-eure-freiheit-zerstoerte-russische-ausruestung-in-warschau-ausgestellt\/","name":"\u201eF\u00fcr unsere und eure Freiheit\u201d. Zerst\u00f6rte russische Ausr\u00fcstung in Warschau ausgestellt - W\u00fcrde - DignityNews.eu","isPartOf":{"@id":"https:\/\/dignitynews.eu\/pl\/#website"},"datePublished":"2022-06-28T10:23:00+00:00","dateModified":"2022-06-28T14:59:40+00:00","author":{"@id":"https:\/\/dignitynews.eu\/pl\/#\/schema\/person\/0b62b762b8174802fabc81a3ecb1bfcb"},"breadcrumb":{"@id":"https:\/\/dignitynews.eu\/de\/fuer-unsere-und-eure-freiheit-zerstoerte-russische-ausruestung-in-warschau-ausgestellt\/#breadcrumb"},"inLanguage":"de","potentialAction":[{"@type":"ReadAction","target":["https:\/\/dignitynews.eu\/de\/fuer-unsere-und-eure-freiheit-zerstoerte-russische-ausruestung-in-warschau-ausgestellt\/"]}]},{"@type":"BreadcrumbList","@id":"https:\/\/dignitynews.eu\/de\/fuer-unsere-und-eure-freiheit-zerstoerte-russische-ausruestung-in-warschau-ausgestellt\/#breadcrumb","itemListElement":[{"@type":"ListItem","position":1,"name":"Strona g\u0142\u00f3wna","item":"https:\/\/dignitynews.eu\/de\/"},{"@type":"ListItem","position":2,"name":"\u201eF\u00fcr unsere und eure Freiheit\u201d. Zerst\u00f6rte russische Ausr\u00fcstung in Warschau ausgestellt"}]},{"@type":"Person","@id":"https:\/\/dignitynews.eu\/pl\/#\/schema\/person\/0b62b762b8174802fabc81a3ecb1bfcb","name":"Dignity News","image":{"@type":"ImageObject","inLanguage":"de","@id":"https:\/\/dignitynews.eu\/pl\/#\/schema\/person\/image\/","url":"https:\/\/secure.gravatar.com\/avatar\/97963171a6d9108f8381bbefb1c6b150c445b6ddd9e3077b96c86cf5892c85dc?s=96&d=mm&r=g","contentUrl":"https:\/\/secure.gravatar.com\/avatar\/97963171a6d9108f8381bbefb1c6b150c445b6ddd9e3077b96c86cf5892c85dc?s=96&d=mm&r=g","caption":"Dignity News"},"url":"https:\/\/dignitynews.eu\/de\/author\/mikolaj-palade\/"}]}},"_links":{"self":[{"href":"https:\/\/dignitynews.eu\/de\/wp-json\/wp\/v2\/posts\/22395","targetHints":{"allow":["GET"]}}],"collection":[{"href":"https:\/\/dignitynews.eu\/de\/wp-json\/wp\/v2\/posts"}],"about":[{"href":"https:\/\/dignitynews.eu\/de\/wp-json\/wp\/v2\/types\/post"}],"author":[{"embeddable":true,"href":"https:\/\/dignitynews.eu\/de\/wp-json\/wp\/v2\/users\/7"}],"replies":[{"embeddable":true,"href":"https:\/\/dignitynews.eu\/de\/wp-json\/wp\/v2\/comments?post=22395"}],"version-history":[{"count":1,"href":"https:\/\/dignitynews.eu\/de\/wp-json\/wp\/v2\/posts\/22395\/revisions"}],"predecessor-version":[{"id":22396,"href":"https:\/\/dignitynews.eu\/de\/wp-json\/wp\/v2\/posts\/22395\/revisions\/22396"}],"wp:featuredmedia":[{"embeddable":true,"href":"https:\/\/dignitynews.eu\/de\/wp-json\/wp\/v2\/media\/22295"}],"wp:attachment":[{"href":"https:\/\/dignitynews.eu\/de\/wp-json\/wp\/v2\/media?parent=22395"}],"wp:term":[{"taxonomy":"category","embeddable":true,"href":"https:\/\/dignitynews.eu\/de\/wp-json\/wp\/v2\/categories?post=22395"},{"taxonomy":"post_tag","embeddable":true,"href":"https:\/\/dignitynews.eu\/de\/wp-json\/wp\/v2\/tags?post=22395"}],"curies":[{"name":"wp","href":"https:\/\/api.w.org\/{rel}","templated":true}]}}