{"id":22153,"date":"2022-06-27T11:07:10","date_gmt":"2022-06-27T09:07:10","guid":{"rendered":"https:\/\/dignitynews.eu\/?p=22153"},"modified":"2022-06-27T16:28:39","modified_gmt":"2022-06-27T14:28:39","slug":"in-butscha-wurde-eine-fluechtlingsstadt-eroeffnet-es-ist-geplant-solche-zentren-fuer-20-tausend-menschen-zu-bauen","status":"publish","type":"post","link":"https:\/\/dignitynews.eu\/de\/in-butscha-wurde-eine-fluechtlingsstadt-eroeffnet-es-ist-geplant-solche-zentren-fuer-20-tausend-menschen-zu-bauen\/","title":{"rendered":"In Butscha wurde eine Fl\u00fcchtlingsstadt er\u00f6ffnet. Es ist geplant, solche Zentren f\u00fcr 20 Tausend Menschen zu bauen"},"content":{"rendered":"<h5><strong>In Butscha, Ukraine, wurde eine Fl\u00fcchtlingsstadt er<\/strong><strong>\u00f6ffnet. Die polnische Regierung plant den Bau von \u00dcbergangszentren f\u00fcr 20 000 Menschen, die von der russischen Aggression betroffen sind, darunter f\u00fcr 4.000 Personen in der Region Kiew.<\/strong><\/h5>\n<p>\u201eWeitere Zentren werden in Hostomel und Irpin gebaut, wo russische Truppen viele Wohnh\u00e4user zerst\u00f6rt und damit die Lebensleistung vieler Menschen zunichte gemacht haben\u201d, sagte der Chef der Kanzlei des Ministerpr\u00e4sidenten Micha\u0142 Dworczyk bei der Er\u00f6ffnung der modularen Unterk\u00fcnfte in Butscha bei Kiew, wo russische Soldaten Massenverbrechen an der Zivilbev\u00f6lkerung begangen haben.<\/p>\n<p>Die modulare Siedlung auf dem Gel\u00e4nde der Schule Nr. 3 in Butscha ist f\u00fcr 22 Familien vorgesehen. Acht von ihnen haben sich bereits im Zentrum niedergelassen, weitere werden voraussichtlich in den n\u00e4chsten Tagen einziehen. An der Zeremonie nahmen der Minister f\u00fcr lokale Gemeinschaften und territoriale Entwicklung der Ukraine Oleksiy Chernyshov und der B\u00fcrgermeister von Butscha Anatoly Fedoruk teil. Zuvor waren in Borodjanka und Lwiw \u00e4hnliche St\u00e4dte mit Containerh\u00e4usern errichtet worden, die von der polnischen Regierung unterst\u00fctzt wurden.<\/p>\n<p>\u201eIch m\u00f6chte mich bei der polnischen Regierung und Gesellschaft bedanken; das Ausma\u00df Ihrer Unterst\u00fctzung f\u00fcr die Ukraine ist beispiellos\u201d, sagte Oleksiy Chernyshov bei der Er\u00f6ffnung des Zentrums in Butscha, zitiert von polskieradio24.pl.<\/p>\n<p>Der Chef der Kanzlei des Premierministers sprach auch \u00fcber die Entscheidung des Europ\u00e4ischen Rates \u00fcber die Gew\u00e4hrung der Ukraine und Moldawiens des Status eines EU-Kandidaten.<\/p>\n<p>\u201eIch begl\u00fcckw\u00fcnsche die Ukraine dazu, dass sie den Status eines EU-Beitrittskandidaten erhalten hat. Premierminister Mateusz Morawiecki hat sich seit drei Monaten pers\u00f6nlich darum bem\u00fcht. Dies ist ein historischer Moment, denn vor nicht allzu langer Zeit h\u00e4tten nur wenige Menschen daran geglaubt. (&#8230;) Wir danken Ihnen, weil Sie die Unabh\u00e4ngigkeit Polens und Europas verteidigen\u201d, sagte Dworczyk.<\/p>\n<p>Auch Pr\u00e4sident Andrzej Duda zeigte sich erfreut \u00fcber die Entscheidung des Europ\u00e4ischen Rates. \u201eDas ist eine gro\u00dfartige Nachricht! Herzlichen Gl\u00fcckwunsch! Wir haben die Antr\u00e4ge der Ukraine und Moldawiens aktiv unterst\u00fctzt und freuen uns nun mit ihnen\u201d, schrieb der Pr\u00e4sident auf Twitter.<\/p>\n<p>Arkadiusz S\u0142omczy\u0144ski<\/p>\n","protected":false},"excerpt":{"rendered":"<p>In Butscha, Ukraine, wurde eine Fl\u00fcchtlingsstadt er\u00f6ffnet. Die polnische Regierung plant den Bau von \u00dcbergangszentren f\u00fcr 20 000 Menschen, die von der russischen Aggression betroffen sind, darunter f\u00fcr 4.000 Personen&hellip;<\/p>\n","protected":false},"author":7,"featured_media":22096,"comment_status":"closed","ping_status":"open","sticky":false,"template":"","format":"standard","meta":{"_mi_skip_tracking":false,"footnotes":""},"categories":[53],"tags":[],"class_list":["post-22153","post","type-post","status-publish","format-standard","has-post-thumbnail","hentry","category-nachrichten"],"yoast_head":"<!-- This site is optimized with the Yoast SEO plugin v19.4 - https:\/\/yoast.com\/wordpress\/plugins\/seo\/ -->\n<title>In Butscha wurde eine Fl\u00fcchtlingsstadt er\u00f6ffnet. Es ist geplant, solche Zentren f\u00fcr 20 Tausend Menschen zu bauen - W\u00fcrde - DignityNews.eu<\/title>\n<meta name=\"robots\" content=\"index, follow, max-snippet:-1, max-image-preview:large, max-video-preview:-1\" \/>\n<link rel=\"canonical\" href=\"https:\/\/dignitynews.eu\/de\/in-butscha-wurde-eine-fluechtlingsstadt-eroeffnet-es-ist-geplant-solche-zentren-fuer-20-tausend-menschen-zu-bauen\/\" \/>\n<meta property=\"og:locale\" content=\"de_DE\" \/>\n<meta property=\"og:type\" content=\"article\" \/>\n<meta property=\"og:title\" content=\"In Butscha wurde eine Fl\u00fcchtlingsstadt er\u00f6ffnet. Es ist geplant, solche Zentren f\u00fcr 20 Tausend Menschen zu bauen - W\u00fcrde - DignityNews.eu\" \/>\n<meta property=\"og:description\" content=\"In Butscha, Ukraine, wurde eine Fl\u00fcchtlingsstadt er\u00f6ffnet. Die polnische Regierung plant den Bau von \u00dcbergangszentren f\u00fcr 20 000 Menschen, die von der russischen Aggression betroffen sind, darunter f\u00fcr 4.000 Personen&hellip;\" \/>\n<meta property=\"og:url\" content=\"https:\/\/dignitynews.eu\/de\/in-butscha-wurde-eine-fluechtlingsstadt-eroeffnet-es-ist-geplant-solche-zentren-fuer-20-tausend-menschen-zu-bauen\/\" \/>\n<meta property=\"og:site_name\" content=\"W\u00fcrde - DignityNews.eu\" \/>\n<meta property=\"article:published_time\" content=\"2022-06-27T09:07:10+00:00\" \/>\n<meta property=\"article:modified_time\" content=\"2022-06-27T14:28:39+00:00\" \/>\n<meta property=\"og:image\" content=\"https:\/\/dignitynews.eu\/wp-content\/uploads\/2022\/06\/Bucza-osrodki-dla-uchodzcow-fot.-Jakub-KaminskiEast-News.jpg\" \/>\n\t<meta property=\"og:image:width\" content=\"1500\" \/>\n\t<meta property=\"og:image:height\" content=\"1000\" \/>\n\t<meta property=\"og:image:type\" content=\"image\/jpeg\" \/>\n<meta name=\"author\" content=\"Dignity News\" \/>\n<meta name=\"twitter:card\" content=\"summary_large_image\" \/>\n<meta name=\"twitter:label1\" content=\"Verfasst von\" \/>\n\t<meta name=\"twitter:data1\" content=\"Dignity News\" \/>\n\t<meta name=\"twitter:label2\" content=\"Gesch\u00e4tzte Lesezeit\" \/>\n\t<meta name=\"twitter:data2\" content=\"2\u00a0Minuten\" \/>\n<script type=\"application\/ld+json\" class=\"yoast-schema-graph\">{\"@context\":\"https:\/\/schema.org\",\"@graph\":[{\"@type\":\"WebSite\",\"@id\":\"https:\/\/dignitynews.eu\/pl\/#website\",\"url\":\"https:\/\/dignitynews.eu\/pl\/\",\"name\":\"W\u00fcrde - DignityNews.eu\",\"description\":\"\",\"potentialAction\":[{\"@type\":\"SearchAction\",\"target\":{\"@type\":\"EntryPoint\",\"urlTemplate\":\"https:\/\/dignitynews.eu\/pl\/?s={search_term_string}\"},\"query-input\":\"required name=search_term_string\"}],\"inLanguage\":\"de\"},{\"@type\":\"WebPage\",\"@id\":\"https:\/\/dignitynews.eu\/de\/in-butscha-wurde-eine-fluechtlingsstadt-eroeffnet-es-ist-geplant-solche-zentren-fuer-20-tausend-menschen-zu-bauen\/\",\"url\":\"https:\/\/dignitynews.eu\/de\/in-butscha-wurde-eine-fluechtlingsstadt-eroeffnet-es-ist-geplant-solche-zentren-fuer-20-tausend-menschen-zu-bauen\/\",\"name\":\"In Butscha wurde eine Fl\u00fcchtlingsstadt er\u00f6ffnet. Es ist geplant, solche Zentren f\u00fcr 20 Tausend Menschen zu bauen - W\u00fcrde - DignityNews.eu\",\"isPartOf\":{\"@id\":\"https:\/\/dignitynews.eu\/pl\/#website\"},\"datePublished\":\"2022-06-27T09:07:10+00:00\",\"dateModified\":\"2022-06-27T14:28:39+00:00\",\"author\":{\"@id\":\"https:\/\/dignitynews.eu\/pl\/#\/schema\/person\/0b62b762b8174802fabc81a3ecb1bfcb\"},\"breadcrumb\":{\"@id\":\"https:\/\/dignitynews.eu\/de\/in-butscha-wurde-eine-fluechtlingsstadt-eroeffnet-es-ist-geplant-solche-zentren-fuer-20-tausend-menschen-zu-bauen\/#breadcrumb\"},\"inLanguage\":\"de\",\"potentialAction\":[{\"@type\":\"ReadAction\",\"target\":[\"https:\/\/dignitynews.eu\/de\/in-butscha-wurde-eine-fluechtlingsstadt-eroeffnet-es-ist-geplant-solche-zentren-fuer-20-tausend-menschen-zu-bauen\/\"]}]},{\"@type\":\"BreadcrumbList\",\"@id\":\"https:\/\/dignitynews.eu\/de\/in-butscha-wurde-eine-fluechtlingsstadt-eroeffnet-es-ist-geplant-solche-zentren-fuer-20-tausend-menschen-zu-bauen\/#breadcrumb\",\"itemListElement\":[{\"@type\":\"ListItem\",\"position\":1,\"name\":\"Strona g\u0142\u00f3wna\",\"item\":\"https:\/\/dignitynews.eu\/de\/\"},{\"@type\":\"ListItem\",\"position\":2,\"name\":\"In Butscha wurde eine Fl\u00fcchtlingsstadt er\u00f6ffnet. Es ist geplant, solche Zentren f\u00fcr 20 Tausend Menschen zu bauen\"}]},{\"@type\":\"Person\",\"@id\":\"https:\/\/dignitynews.eu\/pl\/#\/schema\/person\/0b62b762b8174802fabc81a3ecb1bfcb\",\"name\":\"Dignity News\",\"image\":{\"@type\":\"ImageObject\",\"inLanguage\":\"de\",\"@id\":\"https:\/\/dignitynews.eu\/pl\/#\/schema\/person\/image\/\",\"url\":\"https:\/\/secure.gravatar.com\/avatar\/97963171a6d9108f8381bbefb1c6b150c445b6ddd9e3077b96c86cf5892c85dc?s=96&d=mm&r=g\",\"contentUrl\":\"https:\/\/secure.gravatar.com\/avatar\/97963171a6d9108f8381bbefb1c6b150c445b6ddd9e3077b96c86cf5892c85dc?s=96&d=mm&r=g\",\"caption\":\"Dignity News\"},\"url\":\"https:\/\/dignitynews.eu\/de\/author\/mikolaj-palade\/\"}]}<\/script>\n<!-- \/ Yoast SEO plugin. -->","yoast_head_json":{"title":"In Butscha wurde eine Fl\u00fcchtlingsstadt er\u00f6ffnet. Es ist geplant, solche Zentren f\u00fcr 20 Tausend Menschen zu bauen - W\u00fcrde - DignityNews.eu","robots":{"index":"index","follow":"follow","max-snippet":"max-snippet:-1","max-image-preview":"max-image-preview:large","max-video-preview":"max-video-preview:-1"},"canonical":"https:\/\/dignitynews.eu\/de\/in-butscha-wurde-eine-fluechtlingsstadt-eroeffnet-es-ist-geplant-solche-zentren-fuer-20-tausend-menschen-zu-bauen\/","og_locale":"de_DE","og_type":"article","og_title":"In Butscha wurde eine Fl\u00fcchtlingsstadt er\u00f6ffnet. Es ist geplant, solche Zentren f\u00fcr 20 Tausend Menschen zu bauen - W\u00fcrde - DignityNews.eu","og_description":"In Butscha, Ukraine, wurde eine Fl\u00fcchtlingsstadt er\u00f6ffnet. Die polnische Regierung plant den Bau von \u00dcbergangszentren f\u00fcr 20 000 Menschen, die von der russischen Aggression betroffen sind, darunter f\u00fcr 4.000 Personen&hellip;","og_url":"https:\/\/dignitynews.eu\/de\/in-butscha-wurde-eine-fluechtlingsstadt-eroeffnet-es-ist-geplant-solche-zentren-fuer-20-tausend-menschen-zu-bauen\/","og_site_name":"W\u00fcrde - DignityNews.eu","article_published_time":"2022-06-27T09:07:10+00:00","article_modified_time":"2022-06-27T14:28:39+00:00","og_image":[{"width":1500,"height":1000,"url":"https:\/\/dignitynews.eu\/wp-content\/uploads\/2022\/06\/Bucza-osrodki-dla-uchodzcow-fot.-Jakub-KaminskiEast-News.jpg","type":"image\/jpeg"}],"author":"Dignity News","twitter_card":"summary_large_image","twitter_misc":{"Verfasst von":"Dignity News","Gesch\u00e4tzte Lesezeit":"2\u00a0Minuten"},"schema":{"@context":"https:\/\/schema.org","@graph":[{"@type":"WebSite","@id":"https:\/\/dignitynews.eu\/pl\/#website","url":"https:\/\/dignitynews.eu\/pl\/","name":"W\u00fcrde - DignityNews.eu","description":"","potentialAction":[{"@type":"SearchAction","target":{"@type":"EntryPoint","urlTemplate":"https:\/\/dignitynews.eu\/pl\/?s={search_term_string}"},"query-input":"required name=search_term_string"}],"inLanguage":"de"},{"@type":"WebPage","@id":"https:\/\/dignitynews.eu\/de\/in-butscha-wurde-eine-fluechtlingsstadt-eroeffnet-es-ist-geplant-solche-zentren-fuer-20-tausend-menschen-zu-bauen\/","url":"https:\/\/dignitynews.eu\/de\/in-butscha-wurde-eine-fluechtlingsstadt-eroeffnet-es-ist-geplant-solche-zentren-fuer-20-tausend-menschen-zu-bauen\/","name":"In Butscha wurde eine Fl\u00fcchtlingsstadt er\u00f6ffnet. Es ist geplant, solche Zentren f\u00fcr 20 Tausend Menschen zu bauen - W\u00fcrde - DignityNews.eu","isPartOf":{"@id":"https:\/\/dignitynews.eu\/pl\/#website"},"datePublished":"2022-06-27T09:07:10+00:00","dateModified":"2022-06-27T14:28:39+00:00","author":{"@id":"https:\/\/dignitynews.eu\/pl\/#\/schema\/person\/0b62b762b8174802fabc81a3ecb1bfcb"},"breadcrumb":{"@id":"https:\/\/dignitynews.eu\/de\/in-butscha-wurde-eine-fluechtlingsstadt-eroeffnet-es-ist-geplant-solche-zentren-fuer-20-tausend-menschen-zu-bauen\/#breadcrumb"},"inLanguage":"de","potentialAction":[{"@type":"ReadAction","target":["https:\/\/dignitynews.eu\/de\/in-butscha-wurde-eine-fluechtlingsstadt-eroeffnet-es-ist-geplant-solche-zentren-fuer-20-tausend-menschen-zu-bauen\/"]}]},{"@type":"BreadcrumbList","@id":"https:\/\/dignitynews.eu\/de\/in-butscha-wurde-eine-fluechtlingsstadt-eroeffnet-es-ist-geplant-solche-zentren-fuer-20-tausend-menschen-zu-bauen\/#breadcrumb","itemListElement":[{"@type":"ListItem","position":1,"name":"Strona g\u0142\u00f3wna","item":"https:\/\/dignitynews.eu\/de\/"},{"@type":"ListItem","position":2,"name":"In Butscha wurde eine Fl\u00fcchtlingsstadt er\u00f6ffnet. Es ist geplant, solche Zentren f\u00fcr 20 Tausend Menschen zu bauen"}]},{"@type":"Person","@id":"https:\/\/dignitynews.eu\/pl\/#\/schema\/person\/0b62b762b8174802fabc81a3ecb1bfcb","name":"Dignity News","image":{"@type":"ImageObject","inLanguage":"de","@id":"https:\/\/dignitynews.eu\/pl\/#\/schema\/person\/image\/","url":"https:\/\/secure.gravatar.com\/avatar\/97963171a6d9108f8381bbefb1c6b150c445b6ddd9e3077b96c86cf5892c85dc?s=96&d=mm&r=g","contentUrl":"https:\/\/secure.gravatar.com\/avatar\/97963171a6d9108f8381bbefb1c6b150c445b6ddd9e3077b96c86cf5892c85dc?s=96&d=mm&r=g","caption":"Dignity News"},"url":"https:\/\/dignitynews.eu\/de\/author\/mikolaj-palade\/"}]}},"_links":{"self":[{"href":"https:\/\/dignitynews.eu\/de\/wp-json\/wp\/v2\/posts\/22153","targetHints":{"allow":["GET"]}}],"collection":[{"href":"https:\/\/dignitynews.eu\/de\/wp-json\/wp\/v2\/posts"}],"about":[{"href":"https:\/\/dignitynews.eu\/de\/wp-json\/wp\/v2\/types\/post"}],"author":[{"embeddable":true,"href":"https:\/\/dignitynews.eu\/de\/wp-json\/wp\/v2\/users\/7"}],"replies":[{"embeddable":true,"href":"https:\/\/dignitynews.eu\/de\/wp-json\/wp\/v2\/comments?post=22153"}],"version-history":[{"count":1,"href":"https:\/\/dignitynews.eu\/de\/wp-json\/wp\/v2\/posts\/22153\/revisions"}],"predecessor-version":[{"id":22154,"href":"https:\/\/dignitynews.eu\/de\/wp-json\/wp\/v2\/posts\/22153\/revisions\/22154"}],"wp:featuredmedia":[{"embeddable":true,"href":"https:\/\/dignitynews.eu\/de\/wp-json\/wp\/v2\/media\/22096"}],"wp:attachment":[{"href":"https:\/\/dignitynews.eu\/de\/wp-json\/wp\/v2\/media?parent=22153"}],"wp:term":[{"taxonomy":"category","embeddable":true,"href":"https:\/\/dignitynews.eu\/de\/wp-json\/wp\/v2\/categories?post=22153"},{"taxonomy":"post_tag","embeddable":true,"href":"https:\/\/dignitynews.eu\/de\/wp-json\/wp\/v2\/tags?post=22153"}],"curies":[{"name":"wp","href":"https:\/\/api.w.org\/{rel}","templated":true}]}}