{"id":22020,"date":"2022-06-24T11:49:03","date_gmt":"2022-06-24T09:49:03","guid":{"rendered":"https:\/\/dignitynews.eu\/?p=22020"},"modified":"2022-06-24T17:28:31","modified_gmt":"2022-06-24T15:28:31","slug":"minister-fuer-bildung-und-wissenschaft-ueber-die-kopernikanische-akademie-hier-werden-wir-die-zukuenftige-polnische-elite-ausbilden","status":"publish","type":"post","link":"https:\/\/dignitynews.eu\/de\/minister-fuer-bildung-und-wissenschaft-ueber-die-kopernikanische-akademie-hier-werden-wir-die-zukuenftige-polnische-elite-ausbilden\/","title":{"rendered":"Minister f\u00fcr Bildung und Wissenschaft \u00fcber die Kopernikanische Akademie: \u201eHier werden wir die zuk\u00fcnftige polnische Elite ausbilden\u201d"},"content":{"rendered":"<h5><strong>\u201eWir haben etwas erreicht, von dem viele seit Jahrzehnten getr\u00e4<\/strong><strong>umt haben: eine Elite-Hochschule, die Kopernikanische Akademie\u201d, sagte der Leiter des Ministeriums f\u00fc<\/strong><strong>r Bildung und Wissenschaft (MEiN) Przemys\u0142<\/strong><strong>aw Czarnek. Das Gesetz \u00fc<\/strong><strong>ber die Gr\u00fc<\/strong><strong>ndung der Akademie wurde von Pr\u00e4<\/strong><strong>sident Andrzej Duda unterzeichnet.<\/strong><\/h5>\n<p>Ziel der Kopernikanischen Akademie ist es, die Wettbewerbsf\u00e4higkeit und Anerkennung der polnischen Wissenschaft in der Welt zu steigern. Die Akademie wird ein Programm durchf\u00fchren, das die Finanzierung wissenschaftlicher Forschung umfasst, einschlie\u00dflich der Vergabe von Kopernikus-Stipendien, Kopernikus-Zusch\u00fcssen, der Unterst\u00fctzung der Nikolaus-Kopernikus-Hochschule, der Verleihung von Kopernikus-Preisen und der Ernennung von Botschaftern der Kopernikanischen Akademie.<\/p>\n<p>\u201eDies ist auch der Ort, an dem wir die k\u00fcnftigen polnischen Eliten im Rahmen der der Kopernikus-Hochschule in den wichtigsten Studienf\u00e4chern und in einem solchen Elitesystem ausbilden werden. Wir brauchen Eliten, wir m\u00fcssen Eliten ausbilden, und daf\u00fcr wurde die Kopernikanische Akademie konzipiert. Es ist auch eine Plattform f\u00fcr die Finanzierung verschiedener Forschungsprojekte, f\u00fcr die Vergabe von Stipendien an junge Wissenschaftler nicht nur aus Polen, sondern auch (&#8230;) aus der Region der Drei-Meere-Initiative \u2014 bei gemeinsamer Forschungen, die wir durchf\u00fchren k\u00f6nnen\u201d, sagte der Leiter des Ministeriums f\u00fcr Bildung und Wissenschaft, zitiert von polskieradio24.pl.<\/p>\n<p>Die Akademie soll durch die Nikolaus-Kopernikus-Hochschule erg\u00e4nzt werden, die strukturell mit ihr verbunden sein wird. Die Einrichtung wird folgende in Polen t\u00e4tige Einrichtungen integrieren: Collegium f\u00fcr Astronomie und Naturwissenschaften Toru\u0144, Collegium f\u00fcr Medizinische Wissenschaften Olsztyn, Collegium f\u00fcr Wirtschaftswissenschaften und Management Warschau, Collegium f\u00fcr Philosophie und Theologie Krak\u00f3w und Collegium f\u00fcr Rechtswissenschaften Lublin.<\/p>\n<p>Minister Czarnek wies darauf hin, dass man in die sechs Kammern der Akademie (f\u00fcr Astronomie, Mathematik- und Naturwissenschaften, f\u00fcr medizinische Wissenschaften, f\u00fcr Wirtschaftswissenschaften und Management, f\u00fcr Philosophie und Theologie sowie die Kammer f\u00fcr Rechtswissenschaften und die Kammer der Kopernikus-Preistr\u00e4ger) Wissenschaftler aus dem Ausland einladen wird.<\/p>\n<p>Arkadiusz S\u0142omczy\u0144ski<\/p>\n","protected":false},"excerpt":{"rendered":"<p>\u201eWir haben etwas erreicht, von dem viele seit Jahrzehnten getr\u00e4umt haben: eine Elite-Hochschule, die Kopernikanische Akademie\u201d, sagte der Leiter des Ministeriums f\u00fcr Bildung und Wissenschaft (MEiN) Przemys\u0142aw Czarnek. Das Gesetz&hellip;<\/p>\n","protected":false},"author":7,"featured_media":21948,"comment_status":"closed","ping_status":"open","sticky":false,"template":"","format":"standard","meta":{"_mi_skip_tracking":false,"footnotes":""},"categories":[53],"tags":[],"class_list":["post-22020","post","type-post","status-publish","format-standard","has-post-thumbnail","hentry","category-nachrichten"],"yoast_head":"<!-- This site is optimized with the Yoast SEO plugin v19.4 - https:\/\/yoast.com\/wordpress\/plugins\/seo\/ -->\n<title>Minister f\u00fcr Bildung und Wissenschaft \u00fcber die Kopernikanische Akademie: \u201eHier werden wir die zuk\u00fcnftige polnische Elite ausbilden\u201d - W\u00fcrde - DignityNews.eu<\/title>\n<meta name=\"robots\" content=\"index, follow, max-snippet:-1, max-image-preview:large, max-video-preview:-1\" \/>\n<link rel=\"canonical\" href=\"https:\/\/dignitynews.eu\/de\/minister-fuer-bildung-und-wissenschaft-ueber-die-kopernikanische-akademie-hier-werden-wir-die-zukuenftige-polnische-elite-ausbilden\/\" \/>\n<meta property=\"og:locale\" content=\"de_DE\" \/>\n<meta property=\"og:type\" content=\"article\" \/>\n<meta property=\"og:title\" content=\"Minister f\u00fcr Bildung und Wissenschaft \u00fcber die Kopernikanische Akademie: \u201eHier werden wir die zuk\u00fcnftige polnische Elite ausbilden\u201d - W\u00fcrde - DignityNews.eu\" \/>\n<meta property=\"og:description\" content=\"\u201eWir haben etwas erreicht, von dem viele seit Jahrzehnten getr\u00e4umt haben: eine Elite-Hochschule, die Kopernikanische Akademie\u201d, sagte der Leiter des Ministeriums f\u00fcr Bildung und Wissenschaft (MEiN) Przemys\u0142aw Czarnek. Das Gesetz&hellip;\" \/>\n<meta property=\"og:url\" content=\"https:\/\/dignitynews.eu\/de\/minister-fuer-bildung-und-wissenschaft-ueber-die-kopernikanische-akademie-hier-werden-wir-die-zukuenftige-polnische-elite-ausbilden\/\" \/>\n<meta property=\"og:site_name\" content=\"W\u00fcrde - DignityNews.eu\" \/>\n<meta property=\"article:published_time\" content=\"2022-06-24T09:49:03+00:00\" \/>\n<meta property=\"article:modified_time\" content=\"2022-06-24T15:28:31+00:00\" \/>\n<meta property=\"og:image\" content=\"https:\/\/dignitynews.eu\/wp-content\/uploads\/2022\/06\/minister-o-Akademii-Kopernikanskiej-fot.-Zbyszek-Kaczmarek-REPORTER.jpg\" \/>\n\t<meta property=\"og:image:width\" content=\"1500\" \/>\n\t<meta property=\"og:image:height\" content=\"998\" \/>\n\t<meta property=\"og:image:type\" content=\"image\/jpeg\" \/>\n<meta name=\"author\" content=\"Dignity News\" \/>\n<meta name=\"twitter:card\" content=\"summary_large_image\" \/>\n<meta name=\"twitter:label1\" content=\"Verfasst von\" \/>\n\t<meta name=\"twitter:data1\" content=\"Dignity News\" \/>\n\t<meta name=\"twitter:label2\" content=\"Gesch\u00e4tzte Lesezeit\" \/>\n\t<meta name=\"twitter:data2\" content=\"2\u00a0Minuten\" \/>\n<script type=\"application\/ld+json\" class=\"yoast-schema-graph\">{\"@context\":\"https:\/\/schema.org\",\"@graph\":[{\"@type\":\"WebSite\",\"@id\":\"https:\/\/dignitynews.eu\/pl\/#website\",\"url\":\"https:\/\/dignitynews.eu\/pl\/\",\"name\":\"W\u00fcrde - DignityNews.eu\",\"description\":\"\",\"potentialAction\":[{\"@type\":\"SearchAction\",\"target\":{\"@type\":\"EntryPoint\",\"urlTemplate\":\"https:\/\/dignitynews.eu\/pl\/?s={search_term_string}\"},\"query-input\":\"required name=search_term_string\"}],\"inLanguage\":\"de\"},{\"@type\":\"WebPage\",\"@id\":\"https:\/\/dignitynews.eu\/de\/minister-fuer-bildung-und-wissenschaft-ueber-die-kopernikanische-akademie-hier-werden-wir-die-zukuenftige-polnische-elite-ausbilden\/\",\"url\":\"https:\/\/dignitynews.eu\/de\/minister-fuer-bildung-und-wissenschaft-ueber-die-kopernikanische-akademie-hier-werden-wir-die-zukuenftige-polnische-elite-ausbilden\/\",\"name\":\"Minister f\u00fcr Bildung und Wissenschaft \u00fcber die Kopernikanische Akademie: \u201eHier werden wir die zuk\u00fcnftige polnische Elite ausbilden\u201d - W\u00fcrde - DignityNews.eu\",\"isPartOf\":{\"@id\":\"https:\/\/dignitynews.eu\/pl\/#website\"},\"datePublished\":\"2022-06-24T09:49:03+00:00\",\"dateModified\":\"2022-06-24T15:28:31+00:00\",\"author\":{\"@id\":\"https:\/\/dignitynews.eu\/pl\/#\/schema\/person\/0b62b762b8174802fabc81a3ecb1bfcb\"},\"breadcrumb\":{\"@id\":\"https:\/\/dignitynews.eu\/de\/minister-fuer-bildung-und-wissenschaft-ueber-die-kopernikanische-akademie-hier-werden-wir-die-zukuenftige-polnische-elite-ausbilden\/#breadcrumb\"},\"inLanguage\":\"de\",\"potentialAction\":[{\"@type\":\"ReadAction\",\"target\":[\"https:\/\/dignitynews.eu\/de\/minister-fuer-bildung-und-wissenschaft-ueber-die-kopernikanische-akademie-hier-werden-wir-die-zukuenftige-polnische-elite-ausbilden\/\"]}]},{\"@type\":\"BreadcrumbList\",\"@id\":\"https:\/\/dignitynews.eu\/de\/minister-fuer-bildung-und-wissenschaft-ueber-die-kopernikanische-akademie-hier-werden-wir-die-zukuenftige-polnische-elite-ausbilden\/#breadcrumb\",\"itemListElement\":[{\"@type\":\"ListItem\",\"position\":1,\"name\":\"Strona g\u0142\u00f3wna\",\"item\":\"https:\/\/dignitynews.eu\/de\/\"},{\"@type\":\"ListItem\",\"position\":2,\"name\":\"Minister f\u00fcr Bildung und Wissenschaft \u00fcber die Kopernikanische Akademie: \u201eHier werden wir die zuk\u00fcnftige polnische Elite ausbilden\u201d\"}]},{\"@type\":\"Person\",\"@id\":\"https:\/\/dignitynews.eu\/pl\/#\/schema\/person\/0b62b762b8174802fabc81a3ecb1bfcb\",\"name\":\"Dignity News\",\"image\":{\"@type\":\"ImageObject\",\"inLanguage\":\"de\",\"@id\":\"https:\/\/dignitynews.eu\/pl\/#\/schema\/person\/image\/\",\"url\":\"https:\/\/secure.gravatar.com\/avatar\/97963171a6d9108f8381bbefb1c6b150c445b6ddd9e3077b96c86cf5892c85dc?s=96&d=mm&r=g\",\"contentUrl\":\"https:\/\/secure.gravatar.com\/avatar\/97963171a6d9108f8381bbefb1c6b150c445b6ddd9e3077b96c86cf5892c85dc?s=96&d=mm&r=g\",\"caption\":\"Dignity News\"},\"url\":\"https:\/\/dignitynews.eu\/de\/author\/mikolaj-palade\/\"}]}<\/script>\n<!-- \/ Yoast SEO plugin. -->","yoast_head_json":{"title":"Minister f\u00fcr Bildung und Wissenschaft \u00fcber die Kopernikanische Akademie: \u201eHier werden wir die zuk\u00fcnftige polnische Elite ausbilden\u201d - W\u00fcrde - DignityNews.eu","robots":{"index":"index","follow":"follow","max-snippet":"max-snippet:-1","max-image-preview":"max-image-preview:large","max-video-preview":"max-video-preview:-1"},"canonical":"https:\/\/dignitynews.eu\/de\/minister-fuer-bildung-und-wissenschaft-ueber-die-kopernikanische-akademie-hier-werden-wir-die-zukuenftige-polnische-elite-ausbilden\/","og_locale":"de_DE","og_type":"article","og_title":"Minister f\u00fcr Bildung und Wissenschaft \u00fcber die Kopernikanische Akademie: \u201eHier werden wir die zuk\u00fcnftige polnische Elite ausbilden\u201d - W\u00fcrde - DignityNews.eu","og_description":"\u201eWir haben etwas erreicht, von dem viele seit Jahrzehnten getr\u00e4umt haben: eine Elite-Hochschule, die Kopernikanische Akademie\u201d, sagte der Leiter des Ministeriums f\u00fcr Bildung und Wissenschaft (MEiN) Przemys\u0142aw Czarnek. Das Gesetz&hellip;","og_url":"https:\/\/dignitynews.eu\/de\/minister-fuer-bildung-und-wissenschaft-ueber-die-kopernikanische-akademie-hier-werden-wir-die-zukuenftige-polnische-elite-ausbilden\/","og_site_name":"W\u00fcrde - DignityNews.eu","article_published_time":"2022-06-24T09:49:03+00:00","article_modified_time":"2022-06-24T15:28:31+00:00","og_image":[{"width":1500,"height":998,"url":"https:\/\/dignitynews.eu\/wp-content\/uploads\/2022\/06\/minister-o-Akademii-Kopernikanskiej-fot.-Zbyszek-Kaczmarek-REPORTER.jpg","type":"image\/jpeg"}],"author":"Dignity News","twitter_card":"summary_large_image","twitter_misc":{"Verfasst von":"Dignity News","Gesch\u00e4tzte Lesezeit":"2\u00a0Minuten"},"schema":{"@context":"https:\/\/schema.org","@graph":[{"@type":"WebSite","@id":"https:\/\/dignitynews.eu\/pl\/#website","url":"https:\/\/dignitynews.eu\/pl\/","name":"W\u00fcrde - DignityNews.eu","description":"","potentialAction":[{"@type":"SearchAction","target":{"@type":"EntryPoint","urlTemplate":"https:\/\/dignitynews.eu\/pl\/?s={search_term_string}"},"query-input":"required name=search_term_string"}],"inLanguage":"de"},{"@type":"WebPage","@id":"https:\/\/dignitynews.eu\/de\/minister-fuer-bildung-und-wissenschaft-ueber-die-kopernikanische-akademie-hier-werden-wir-die-zukuenftige-polnische-elite-ausbilden\/","url":"https:\/\/dignitynews.eu\/de\/minister-fuer-bildung-und-wissenschaft-ueber-die-kopernikanische-akademie-hier-werden-wir-die-zukuenftige-polnische-elite-ausbilden\/","name":"Minister f\u00fcr Bildung und Wissenschaft \u00fcber die Kopernikanische Akademie: \u201eHier werden wir die zuk\u00fcnftige polnische Elite ausbilden\u201d - W\u00fcrde - DignityNews.eu","isPartOf":{"@id":"https:\/\/dignitynews.eu\/pl\/#website"},"datePublished":"2022-06-24T09:49:03+00:00","dateModified":"2022-06-24T15:28:31+00:00","author":{"@id":"https:\/\/dignitynews.eu\/pl\/#\/schema\/person\/0b62b762b8174802fabc81a3ecb1bfcb"},"breadcrumb":{"@id":"https:\/\/dignitynews.eu\/de\/minister-fuer-bildung-und-wissenschaft-ueber-die-kopernikanische-akademie-hier-werden-wir-die-zukuenftige-polnische-elite-ausbilden\/#breadcrumb"},"inLanguage":"de","potentialAction":[{"@type":"ReadAction","target":["https:\/\/dignitynews.eu\/de\/minister-fuer-bildung-und-wissenschaft-ueber-die-kopernikanische-akademie-hier-werden-wir-die-zukuenftige-polnische-elite-ausbilden\/"]}]},{"@type":"BreadcrumbList","@id":"https:\/\/dignitynews.eu\/de\/minister-fuer-bildung-und-wissenschaft-ueber-die-kopernikanische-akademie-hier-werden-wir-die-zukuenftige-polnische-elite-ausbilden\/#breadcrumb","itemListElement":[{"@type":"ListItem","position":1,"name":"Strona g\u0142\u00f3wna","item":"https:\/\/dignitynews.eu\/de\/"},{"@type":"ListItem","position":2,"name":"Minister f\u00fcr Bildung und Wissenschaft \u00fcber die Kopernikanische Akademie: \u201eHier werden wir die zuk\u00fcnftige polnische Elite ausbilden\u201d"}]},{"@type":"Person","@id":"https:\/\/dignitynews.eu\/pl\/#\/schema\/person\/0b62b762b8174802fabc81a3ecb1bfcb","name":"Dignity News","image":{"@type":"ImageObject","inLanguage":"de","@id":"https:\/\/dignitynews.eu\/pl\/#\/schema\/person\/image\/","url":"https:\/\/secure.gravatar.com\/avatar\/97963171a6d9108f8381bbefb1c6b150c445b6ddd9e3077b96c86cf5892c85dc?s=96&d=mm&r=g","contentUrl":"https:\/\/secure.gravatar.com\/avatar\/97963171a6d9108f8381bbefb1c6b150c445b6ddd9e3077b96c86cf5892c85dc?s=96&d=mm&r=g","caption":"Dignity News"},"url":"https:\/\/dignitynews.eu\/de\/author\/mikolaj-palade\/"}]}},"_links":{"self":[{"href":"https:\/\/dignitynews.eu\/de\/wp-json\/wp\/v2\/posts\/22020","targetHints":{"allow":["GET"]}}],"collection":[{"href":"https:\/\/dignitynews.eu\/de\/wp-json\/wp\/v2\/posts"}],"about":[{"href":"https:\/\/dignitynews.eu\/de\/wp-json\/wp\/v2\/types\/post"}],"author":[{"embeddable":true,"href":"https:\/\/dignitynews.eu\/de\/wp-json\/wp\/v2\/users\/7"}],"replies":[{"embeddable":true,"href":"https:\/\/dignitynews.eu\/de\/wp-json\/wp\/v2\/comments?post=22020"}],"version-history":[{"count":1,"href":"https:\/\/dignitynews.eu\/de\/wp-json\/wp\/v2\/posts\/22020\/revisions"}],"predecessor-version":[{"id":22021,"href":"https:\/\/dignitynews.eu\/de\/wp-json\/wp\/v2\/posts\/22020\/revisions\/22021"}],"wp:featuredmedia":[{"embeddable":true,"href":"https:\/\/dignitynews.eu\/de\/wp-json\/wp\/v2\/media\/21948"}],"wp:attachment":[{"href":"https:\/\/dignitynews.eu\/de\/wp-json\/wp\/v2\/media?parent=22020"}],"wp:term":[{"taxonomy":"category","embeddable":true,"href":"https:\/\/dignitynews.eu\/de\/wp-json\/wp\/v2\/categories?post=22020"},{"taxonomy":"post_tag","embeddable":true,"href":"https:\/\/dignitynews.eu\/de\/wp-json\/wp\/v2\/tags?post=22020"}],"curies":[{"name":"wp","href":"https:\/\/api.w.org\/{rel}","templated":true}]}}