{"id":21890,"date":"2022-06-23T11:25:57","date_gmt":"2022-06-23T09:25:57","guid":{"rendered":"https:\/\/dignitynews.eu\/?p=21890"},"modified":"2022-06-23T17:08:24","modified_gmt":"2022-06-23T15:08:24","slug":"20-milliarden-pln-fuer-den-unterstuetzungsfonds-der-streitkraefte-in-diesem-jahr","status":"publish","type":"post","link":"https:\/\/dignitynews.eu\/de\/20-milliarden-pln-fuer-den-unterstuetzungsfonds-der-streitkraefte-in-diesem-jahr\/","title":{"rendered":"20 Milliarden PLN f\u00fcr den Unterst\u00fctzungsfonds der Streitkr\u00e4fte in diesem Jahr"},"content":{"rendered":"<h5><strong>Der Verteidigungsausschuss des polnischen Sejm hat die Finanzpl\u00e4ne f\u00fcr die Jahre 2022 und 2023 f\u00fcr den Fonds zur Unterst\u00fctzung der Streitkr\u00e4fte, der auf der Grundlage des im April dieses Jahres in Kraft getretenen Gesetzes \u00fcber die Verteidigung des Vaterlandes eingerichtet wurde, genehmigt. Der Fonds wird von der Bank Gospodarstwa Krajowego verwaltet, und die daraus stammenden Mittel sollen f\u00fcr die Modernisierung der polnischen Armee verwendet werden.<\/strong><\/h5>\n<p>Der neue stellvertretende Ministerpr\u00e4sident f\u00fcr Sicherheitsfragen und Minister f\u00fcr Nationale Verteidigung, Mariusz B\u0142aszczak, hat auf einer Pressekonferenz Einzelheiten zur Einrichtung des Fonds zur Unterst\u00fctzung der Streitkr\u00e4fte vorgestellt.<\/p>\n<p>Ziel des Fonds sei es, die Ausgaben f\u00fcr die Modernisierung der polnischen Streitkr\u00e4fte deutlich zu erh\u00f6hen. Der Minister teilte mit, dass sich die geplanten Einnahmen des Fonds im Finanzplan f\u00fcr das Jahr 2022 auf fast 20,5 Milliarden PLN und im n\u00e4chsten Jahr auf fast 49 Milliarden PLN belaufen w\u00fcrden. Die Mittel sollen fast vollst\u00e4ndig f\u00fcr die Modernisierung der Ausr\u00fcstung der polnischen Armee verwendet werden.<\/p>\n<p>\u201eUnser Handeln ist auf die Entwicklung der polnischen Armee ausgerichtet. Diese Entwicklung ist m\u00f6glich, wenn wir eine finanzielle Grundlage haben. Diese Grundlage ist das Gesetz zur Verteidigung des Heimatlandes. Im n\u00e4chsten Jahr werden wir mindestens 3% des BIP f\u00fcr die Verteidigung bestimmen. In diesem Jahr werden es 2,4% des BIP sein. Wir haben uns auch auf einen Finanzplan f\u00fcr den Unterst\u00fctzungsfonds der Streitkr\u00e4fte geeinigt. Ich spreche dar\u00fcber, um zu zeigen, dass diese Anstrengungen real sind\u201d, betonte der stellvertretende Premierminister.<\/p>\n<p>Es sei daran erinnert, dass der Leiter des Verteidigungsministeriums im Mai 2022 eine Vereinbarung mit dem Pr\u00e4sidenten der Bank Gospodarstwa Krajowego (BGK) \u00fcber die Verwaltung des Fonds zur Unterst\u00fctzung der Streitkr\u00e4fte unterzeichnet hat.<\/p>\n<p>Dem Fonds werden u. a. Mittel aus Staatsanleihen, von der BGK begebenen und vom Staatsschatz garantierten Anleihen, aus dem Staatshaushalt und aus Gewinnbeitr\u00e4gen der Polnischen Nationalbank (poln. <em>Narodowy Bank Polski,<\/em> NBP) zugef\u00fchrt. In den Fonds werden auch Gelder aus der Unterst\u00fctzung ausl\u00e4ndischer Truppen, aus der Bereitstellung von Truppen\u00fcbungspl\u00e4tzen oder aus milit\u00e4rischen Spezialdiensten flie\u00dfen.<\/p>\n<p>Adrian Andrzejewski<\/p>\n","protected":false},"excerpt":{"rendered":"<p>Der Verteidigungsausschuss des polnischen Sejm hat die Finanzpl\u00e4ne f\u00fcr die Jahre 2022 und 2023 f\u00fcr den Fonds zur Unterst\u00fctzung der Streitkr\u00e4fte, der auf der Grundlage des im April dieses Jahres&hellip;<\/p>\n","protected":false},"author":7,"featured_media":21793,"comment_status":"closed","ping_status":"open","sticky":false,"template":"","format":"standard","meta":{"_mi_skip_tracking":false,"footnotes":""},"categories":[53],"tags":[],"class_list":["post-21890","post","type-post","status-publish","format-standard","has-post-thumbnail","hentry","category-nachrichten"],"yoast_head":"<!-- This site is optimized with the Yoast SEO plugin v19.4 - https:\/\/yoast.com\/wordpress\/plugins\/seo\/ -->\n<title>20 Milliarden PLN f\u00fcr den Unterst\u00fctzungsfonds der Streitkr\u00e4fte in diesem Jahr - W\u00fcrde - DignityNews.eu<\/title>\n<meta name=\"robots\" content=\"index, follow, max-snippet:-1, max-image-preview:large, max-video-preview:-1\" \/>\n<link rel=\"canonical\" href=\"https:\/\/dignitynews.eu\/de\/20-milliarden-pln-fuer-den-unterstuetzungsfonds-der-streitkraefte-in-diesem-jahr\/\" \/>\n<meta property=\"og:locale\" content=\"de_DE\" \/>\n<meta property=\"og:type\" content=\"article\" \/>\n<meta property=\"og:title\" content=\"20 Milliarden PLN f\u00fcr den Unterst\u00fctzungsfonds der Streitkr\u00e4fte in diesem Jahr - W\u00fcrde - DignityNews.eu\" \/>\n<meta property=\"og:description\" content=\"Der Verteidigungsausschuss des polnischen Sejm hat die Finanzpl\u00e4ne f\u00fcr die Jahre 2022 und 2023 f\u00fcr den Fonds zur Unterst\u00fctzung der Streitkr\u00e4fte, der auf der Grundlage des im April dieses Jahres&hellip;\" \/>\n<meta property=\"og:url\" content=\"https:\/\/dignitynews.eu\/de\/20-milliarden-pln-fuer-den-unterstuetzungsfonds-der-streitkraefte-in-diesem-jahr\/\" \/>\n<meta property=\"og:site_name\" content=\"W\u00fcrde - DignityNews.eu\" \/>\n<meta property=\"article:published_time\" content=\"2022-06-23T09:25:57+00:00\" \/>\n<meta property=\"article:modified_time\" content=\"2022-06-23T15:08:24+00:00\" \/>\n<meta property=\"og:image\" content=\"https:\/\/dignitynews.eu\/wp-content\/uploads\/2022\/06\/Fundusz-Wsparcia-Sil-Zbrojnych-fot.-Piotr-Molecki-East-News.jpg\" \/>\n\t<meta property=\"og:image:width\" content=\"1500\" \/>\n\t<meta property=\"og:image:height\" content=\"866\" \/>\n\t<meta property=\"og:image:type\" content=\"image\/jpeg\" \/>\n<meta name=\"author\" content=\"Dignity News\" \/>\n<meta name=\"twitter:card\" content=\"summary_large_image\" \/>\n<meta name=\"twitter:label1\" content=\"Verfasst von\" \/>\n\t<meta name=\"twitter:data1\" content=\"Dignity News\" \/>\n\t<meta name=\"twitter:label2\" content=\"Gesch\u00e4tzte Lesezeit\" \/>\n\t<meta name=\"twitter:data2\" content=\"2\u00a0Minuten\" \/>\n<script type=\"application\/ld+json\" class=\"yoast-schema-graph\">{\"@context\":\"https:\/\/schema.org\",\"@graph\":[{\"@type\":\"WebSite\",\"@id\":\"https:\/\/dignitynews.eu\/pl\/#website\",\"url\":\"https:\/\/dignitynews.eu\/pl\/\",\"name\":\"W\u00fcrde - DignityNews.eu\",\"description\":\"\",\"potentialAction\":[{\"@type\":\"SearchAction\",\"target\":{\"@type\":\"EntryPoint\",\"urlTemplate\":\"https:\/\/dignitynews.eu\/pl\/?s={search_term_string}\"},\"query-input\":\"required name=search_term_string\"}],\"inLanguage\":\"de\"},{\"@type\":\"WebPage\",\"@id\":\"https:\/\/dignitynews.eu\/de\/20-milliarden-pln-fuer-den-unterstuetzungsfonds-der-streitkraefte-in-diesem-jahr\/\",\"url\":\"https:\/\/dignitynews.eu\/de\/20-milliarden-pln-fuer-den-unterstuetzungsfonds-der-streitkraefte-in-diesem-jahr\/\",\"name\":\"20 Milliarden PLN f\u00fcr den Unterst\u00fctzungsfonds der Streitkr\u00e4fte in diesem Jahr - W\u00fcrde - DignityNews.eu\",\"isPartOf\":{\"@id\":\"https:\/\/dignitynews.eu\/pl\/#website\"},\"datePublished\":\"2022-06-23T09:25:57+00:00\",\"dateModified\":\"2022-06-23T15:08:24+00:00\",\"author\":{\"@id\":\"https:\/\/dignitynews.eu\/pl\/#\/schema\/person\/0b62b762b8174802fabc81a3ecb1bfcb\"},\"breadcrumb\":{\"@id\":\"https:\/\/dignitynews.eu\/de\/20-milliarden-pln-fuer-den-unterstuetzungsfonds-der-streitkraefte-in-diesem-jahr\/#breadcrumb\"},\"inLanguage\":\"de\",\"potentialAction\":[{\"@type\":\"ReadAction\",\"target\":[\"https:\/\/dignitynews.eu\/de\/20-milliarden-pln-fuer-den-unterstuetzungsfonds-der-streitkraefte-in-diesem-jahr\/\"]}]},{\"@type\":\"BreadcrumbList\",\"@id\":\"https:\/\/dignitynews.eu\/de\/20-milliarden-pln-fuer-den-unterstuetzungsfonds-der-streitkraefte-in-diesem-jahr\/#breadcrumb\",\"itemListElement\":[{\"@type\":\"ListItem\",\"position\":1,\"name\":\"Strona g\u0142\u00f3wna\",\"item\":\"https:\/\/dignitynews.eu\/de\/\"},{\"@type\":\"ListItem\",\"position\":2,\"name\":\"20 Milliarden PLN f\u00fcr den Unterst\u00fctzungsfonds der Streitkr\u00e4fte in diesem Jahr\"}]},{\"@type\":\"Person\",\"@id\":\"https:\/\/dignitynews.eu\/pl\/#\/schema\/person\/0b62b762b8174802fabc81a3ecb1bfcb\",\"name\":\"Dignity News\",\"image\":{\"@type\":\"ImageObject\",\"inLanguage\":\"de\",\"@id\":\"https:\/\/dignitynews.eu\/pl\/#\/schema\/person\/image\/\",\"url\":\"https:\/\/secure.gravatar.com\/avatar\/97963171a6d9108f8381bbefb1c6b150c445b6ddd9e3077b96c86cf5892c85dc?s=96&d=mm&r=g\",\"contentUrl\":\"https:\/\/secure.gravatar.com\/avatar\/97963171a6d9108f8381bbefb1c6b150c445b6ddd9e3077b96c86cf5892c85dc?s=96&d=mm&r=g\",\"caption\":\"Dignity News\"},\"url\":\"https:\/\/dignitynews.eu\/de\/author\/mikolaj-palade\/\"}]}<\/script>\n<!-- \/ Yoast SEO plugin. -->","yoast_head_json":{"title":"20 Milliarden PLN f\u00fcr den Unterst\u00fctzungsfonds der Streitkr\u00e4fte in diesem Jahr - W\u00fcrde - DignityNews.eu","robots":{"index":"index","follow":"follow","max-snippet":"max-snippet:-1","max-image-preview":"max-image-preview:large","max-video-preview":"max-video-preview:-1"},"canonical":"https:\/\/dignitynews.eu\/de\/20-milliarden-pln-fuer-den-unterstuetzungsfonds-der-streitkraefte-in-diesem-jahr\/","og_locale":"de_DE","og_type":"article","og_title":"20 Milliarden PLN f\u00fcr den Unterst\u00fctzungsfonds der Streitkr\u00e4fte in diesem Jahr - W\u00fcrde - DignityNews.eu","og_description":"Der Verteidigungsausschuss des polnischen Sejm hat die Finanzpl\u00e4ne f\u00fcr die Jahre 2022 und 2023 f\u00fcr den Fonds zur Unterst\u00fctzung der Streitkr\u00e4fte, der auf der Grundlage des im April dieses Jahres&hellip;","og_url":"https:\/\/dignitynews.eu\/de\/20-milliarden-pln-fuer-den-unterstuetzungsfonds-der-streitkraefte-in-diesem-jahr\/","og_site_name":"W\u00fcrde - DignityNews.eu","article_published_time":"2022-06-23T09:25:57+00:00","article_modified_time":"2022-06-23T15:08:24+00:00","og_image":[{"width":1500,"height":866,"url":"https:\/\/dignitynews.eu\/wp-content\/uploads\/2022\/06\/Fundusz-Wsparcia-Sil-Zbrojnych-fot.-Piotr-Molecki-East-News.jpg","type":"image\/jpeg"}],"author":"Dignity News","twitter_card":"summary_large_image","twitter_misc":{"Verfasst von":"Dignity News","Gesch\u00e4tzte Lesezeit":"2\u00a0Minuten"},"schema":{"@context":"https:\/\/schema.org","@graph":[{"@type":"WebSite","@id":"https:\/\/dignitynews.eu\/pl\/#website","url":"https:\/\/dignitynews.eu\/pl\/","name":"W\u00fcrde - DignityNews.eu","description":"","potentialAction":[{"@type":"SearchAction","target":{"@type":"EntryPoint","urlTemplate":"https:\/\/dignitynews.eu\/pl\/?s={search_term_string}"},"query-input":"required name=search_term_string"}],"inLanguage":"de"},{"@type":"WebPage","@id":"https:\/\/dignitynews.eu\/de\/20-milliarden-pln-fuer-den-unterstuetzungsfonds-der-streitkraefte-in-diesem-jahr\/","url":"https:\/\/dignitynews.eu\/de\/20-milliarden-pln-fuer-den-unterstuetzungsfonds-der-streitkraefte-in-diesem-jahr\/","name":"20 Milliarden PLN f\u00fcr den Unterst\u00fctzungsfonds der Streitkr\u00e4fte in diesem Jahr - W\u00fcrde - DignityNews.eu","isPartOf":{"@id":"https:\/\/dignitynews.eu\/pl\/#website"},"datePublished":"2022-06-23T09:25:57+00:00","dateModified":"2022-06-23T15:08:24+00:00","author":{"@id":"https:\/\/dignitynews.eu\/pl\/#\/schema\/person\/0b62b762b8174802fabc81a3ecb1bfcb"},"breadcrumb":{"@id":"https:\/\/dignitynews.eu\/de\/20-milliarden-pln-fuer-den-unterstuetzungsfonds-der-streitkraefte-in-diesem-jahr\/#breadcrumb"},"inLanguage":"de","potentialAction":[{"@type":"ReadAction","target":["https:\/\/dignitynews.eu\/de\/20-milliarden-pln-fuer-den-unterstuetzungsfonds-der-streitkraefte-in-diesem-jahr\/"]}]},{"@type":"BreadcrumbList","@id":"https:\/\/dignitynews.eu\/de\/20-milliarden-pln-fuer-den-unterstuetzungsfonds-der-streitkraefte-in-diesem-jahr\/#breadcrumb","itemListElement":[{"@type":"ListItem","position":1,"name":"Strona g\u0142\u00f3wna","item":"https:\/\/dignitynews.eu\/de\/"},{"@type":"ListItem","position":2,"name":"20 Milliarden PLN f\u00fcr den Unterst\u00fctzungsfonds der Streitkr\u00e4fte in diesem Jahr"}]},{"@type":"Person","@id":"https:\/\/dignitynews.eu\/pl\/#\/schema\/person\/0b62b762b8174802fabc81a3ecb1bfcb","name":"Dignity News","image":{"@type":"ImageObject","inLanguage":"de","@id":"https:\/\/dignitynews.eu\/pl\/#\/schema\/person\/image\/","url":"https:\/\/secure.gravatar.com\/avatar\/97963171a6d9108f8381bbefb1c6b150c445b6ddd9e3077b96c86cf5892c85dc?s=96&d=mm&r=g","contentUrl":"https:\/\/secure.gravatar.com\/avatar\/97963171a6d9108f8381bbefb1c6b150c445b6ddd9e3077b96c86cf5892c85dc?s=96&d=mm&r=g","caption":"Dignity News"},"url":"https:\/\/dignitynews.eu\/de\/author\/mikolaj-palade\/"}]}},"_links":{"self":[{"href":"https:\/\/dignitynews.eu\/de\/wp-json\/wp\/v2\/posts\/21890","targetHints":{"allow":["GET"]}}],"collection":[{"href":"https:\/\/dignitynews.eu\/de\/wp-json\/wp\/v2\/posts"}],"about":[{"href":"https:\/\/dignitynews.eu\/de\/wp-json\/wp\/v2\/types\/post"}],"author":[{"embeddable":true,"href":"https:\/\/dignitynews.eu\/de\/wp-json\/wp\/v2\/users\/7"}],"replies":[{"embeddable":true,"href":"https:\/\/dignitynews.eu\/de\/wp-json\/wp\/v2\/comments?post=21890"}],"version-history":[{"count":1,"href":"https:\/\/dignitynews.eu\/de\/wp-json\/wp\/v2\/posts\/21890\/revisions"}],"predecessor-version":[{"id":21891,"href":"https:\/\/dignitynews.eu\/de\/wp-json\/wp\/v2\/posts\/21890\/revisions\/21891"}],"wp:featuredmedia":[{"embeddable":true,"href":"https:\/\/dignitynews.eu\/de\/wp-json\/wp\/v2\/media\/21793"}],"wp:attachment":[{"href":"https:\/\/dignitynews.eu\/de\/wp-json\/wp\/v2\/media?parent=21890"}],"wp:term":[{"taxonomy":"category","embeddable":true,"href":"https:\/\/dignitynews.eu\/de\/wp-json\/wp\/v2\/categories?post=21890"},{"taxonomy":"post_tag","embeddable":true,"href":"https:\/\/dignitynews.eu\/de\/wp-json\/wp\/v2\/tags?post=21890"}],"curies":[{"name":"wp","href":"https:\/\/api.w.org\/{rel}","templated":true}]}}