{"id":21569,"date":"2022-06-21T11:52:04","date_gmt":"2022-06-21T09:52:04","guid":{"rendered":"https:\/\/dignitynews.eu\/?p=21569"},"modified":"2022-06-21T16:11:44","modified_gmt":"2022-06-21T14:11:44","slug":"gipfel-der-drei-meere-initiative-in-riga","status":"publish","type":"post","link":"https:\/\/dignitynews.eu\/de\/gipfel-der-drei-meere-initiative-in-riga\/","title":{"rendered":"Gipfel der Drei-Meere-Initiative in Riga"},"content":{"rendered":"<h5><strong>\u201eWir alle unterst\u00fctzen die Verleihung des EU-Kandidatenstatus an die Ukraine. Wir sind fest davon \u00fcberzeugt, dass sie diesen Status erhalten wird. Wir haben beschlossen, eine neue Art von Partnerschaft mit der Drei-Meere-Initiative zu schaffen, und haben sie der Ukraine gew\u00e4hrt. Wir gehen davon aus, dass andere mitteleurop\u00e4ische L\u00e4nder, die noch nicht in der EU sind, aber einen Beitritt anstreben, diese Zusammenarbeit mit der Drei-Meere-Initiative auch eingehen k\u00f6nnen\u201d, sagte der polnische Pr\u00e4sident Andrzej Duda auf einer Pressekonferenz nach dem Gipfel der Drei-Meere-Initiative (<\/strong><strong>Three Seas Initiative<\/strong><strong>, 3SI) in Riga.<\/strong><\/h5>\n<p>Hauptthemen des Treffens in Riga waren die Aussichten auf eine Beendigung der russischen Aggression gegen die Ukraine und der Beitrag der Mitgliedstaaten der Drei-Meere-Initiative zur Vermeidung einer Nahrungsmittelkrise.<\/p>\n<p>Die Staats- und Regierungschefs der 3SI-L\u00e4nder sprachen unter anderem \u00fcber die Entwicklung der Infrastruktur, die St\u00e4rkung der Beziehungen im Bereich der Energiesicherheit und die Zusammenarbeit innerhalb der NATO.<\/p>\n<p>\u201eDie weitere St\u00e4rkung der infrastrukturellen Verbindungen zwischen den L\u00e4ndern der Region, einschlie\u00dflich der Gas- und Stromverbindungen, sind vorrangige Ma\u00dfnahmen, die wir umsetzen m\u00fcssen\u201d, sagte Pr\u00e4sident Andrzej Duda auf dem Gipfel.<\/p>\n<p>Er betonte, dass es um die gemeinsame Schaffung von Wirtschafts- und Kommunikationsbeziehungen und vor allem um den Aufbau von Sicherheitssph\u00e4ren in unserem Teil von Europa gehe.<\/p>\n<p>Die Zusammenarbeit der L\u00e4nder im Rahmen der Drei-Meere-Initiative wurde von Pr\u00e4sident Andrzej Duda und der damaligen kroatischen Pr\u00e4sidentin Kolinda Grabar-Kitarovi\u0107 initiiert.<\/p>\n<p>An dem Projekt sind 12 L\u00e4nder beteiligt: \u00d6sterreich, Bulgarien, Kroatien, Tschechische Republik, Estland, Ungarn, Lettland, Litauen, Polen, Rum\u00e4nien, Slowakei und Slowenien. Ziel des Projekts ist es, die wirtschaftliche Entwicklung der mittel- und osteurop\u00e4ischen L\u00e4nder zu f\u00f6rdern und eine stabile und koh\u00e4rente Partnerschaft zwischen den L\u00e4ndern des Raums zwischen der Ostsee, der Adria und dem Schwarzen Meer aufzubauen.<\/p>\n<p>Adrian Andrzejewski<\/p>\n","protected":false},"excerpt":{"rendered":"<p>\u201eWir alle unterst\u00fctzen die Verleihung des EU-Kandidatenstatus an die Ukraine. Wir sind fest davon \u00fcberzeugt, dass sie diesen Status erhalten wird. Wir haben beschlossen, eine neue Art von Partnerschaft mit&hellip;<\/p>\n","protected":false},"author":7,"featured_media":21521,"comment_status":"closed","ping_status":"open","sticky":false,"template":"","format":"standard","meta":{"_mi_skip_tracking":false,"footnotes":""},"categories":[53],"tags":[],"class_list":["post-21569","post","type-post","status-publish","format-standard","has-post-thumbnail","hentry","category-nachrichten"],"yoast_head":"<!-- This site is optimized with the Yoast SEO plugin v19.4 - https:\/\/yoast.com\/wordpress\/plugins\/seo\/ -->\n<title>Gipfel der Drei-Meere-Initiative in Riga - W\u00fcrde - DignityNews.eu<\/title>\n<meta name=\"robots\" content=\"index, follow, max-snippet:-1, max-image-preview:large, max-video-preview:-1\" \/>\n<link rel=\"canonical\" href=\"https:\/\/dignitynews.eu\/de\/gipfel-der-drei-meere-initiative-in-riga\/\" \/>\n<meta property=\"og:locale\" content=\"de_DE\" \/>\n<meta property=\"og:type\" content=\"article\" \/>\n<meta property=\"og:title\" content=\"Gipfel der Drei-Meere-Initiative in Riga - W\u00fcrde - DignityNews.eu\" \/>\n<meta property=\"og:description\" content=\"\u201eWir alle unterst\u00fctzen die Verleihung des EU-Kandidatenstatus an die Ukraine. Wir sind fest davon \u00fcberzeugt, dass sie diesen Status erhalten wird. Wir haben beschlossen, eine neue Art von Partnerschaft mit&hellip;\" \/>\n<meta property=\"og:url\" content=\"https:\/\/dignitynews.eu\/de\/gipfel-der-drei-meere-initiative-in-riga\/\" \/>\n<meta property=\"og:site_name\" content=\"W\u00fcrde - DignityNews.eu\" \/>\n<meta property=\"article:published_time\" content=\"2022-06-21T09:52:04+00:00\" \/>\n<meta property=\"article:modified_time\" content=\"2022-06-21T14:11:44+00:00\" \/>\n<meta property=\"og:image\" content=\"https:\/\/dignitynews.eu\/wp-content\/uploads\/2022\/06\/Andrzej_Duda_Szczyt_Trojmorza-fot.-Marek-Borawski-KPRP.jpg\" \/>\n\t<meta property=\"og:image:width\" content=\"1600\" \/>\n\t<meta property=\"og:image:height\" content=\"1066\" \/>\n\t<meta property=\"og:image:type\" content=\"image\/jpeg\" \/>\n<meta name=\"author\" content=\"Dignity News\" \/>\n<meta name=\"twitter:card\" content=\"summary_large_image\" \/>\n<meta name=\"twitter:label1\" content=\"Verfasst von\" \/>\n\t<meta name=\"twitter:data1\" content=\"Dignity News\" \/>\n\t<meta name=\"twitter:label2\" content=\"Gesch\u00e4tzte Lesezeit\" \/>\n\t<meta name=\"twitter:data2\" content=\"2\u00a0Minuten\" \/>\n<script type=\"application\/ld+json\" class=\"yoast-schema-graph\">{\"@context\":\"https:\/\/schema.org\",\"@graph\":[{\"@type\":\"WebSite\",\"@id\":\"https:\/\/dignitynews.eu\/pl\/#website\",\"url\":\"https:\/\/dignitynews.eu\/pl\/\",\"name\":\"W\u00fcrde - DignityNews.eu\",\"description\":\"\",\"potentialAction\":[{\"@type\":\"SearchAction\",\"target\":{\"@type\":\"EntryPoint\",\"urlTemplate\":\"https:\/\/dignitynews.eu\/pl\/?s={search_term_string}\"},\"query-input\":\"required name=search_term_string\"}],\"inLanguage\":\"de\"},{\"@type\":\"WebPage\",\"@id\":\"https:\/\/dignitynews.eu\/de\/gipfel-der-drei-meere-initiative-in-riga\/\",\"url\":\"https:\/\/dignitynews.eu\/de\/gipfel-der-drei-meere-initiative-in-riga\/\",\"name\":\"Gipfel der Drei-Meere-Initiative in Riga - W\u00fcrde - DignityNews.eu\",\"isPartOf\":{\"@id\":\"https:\/\/dignitynews.eu\/pl\/#website\"},\"datePublished\":\"2022-06-21T09:52:04+00:00\",\"dateModified\":\"2022-06-21T14:11:44+00:00\",\"author\":{\"@id\":\"https:\/\/dignitynews.eu\/pl\/#\/schema\/person\/0b62b762b8174802fabc81a3ecb1bfcb\"},\"breadcrumb\":{\"@id\":\"https:\/\/dignitynews.eu\/de\/gipfel-der-drei-meere-initiative-in-riga\/#breadcrumb\"},\"inLanguage\":\"de\",\"potentialAction\":[{\"@type\":\"ReadAction\",\"target\":[\"https:\/\/dignitynews.eu\/de\/gipfel-der-drei-meere-initiative-in-riga\/\"]}]},{\"@type\":\"BreadcrumbList\",\"@id\":\"https:\/\/dignitynews.eu\/de\/gipfel-der-drei-meere-initiative-in-riga\/#breadcrumb\",\"itemListElement\":[{\"@type\":\"ListItem\",\"position\":1,\"name\":\"Strona g\u0142\u00f3wna\",\"item\":\"https:\/\/dignitynews.eu\/de\/\"},{\"@type\":\"ListItem\",\"position\":2,\"name\":\"Gipfel der Drei-Meere-Initiative in Riga\"}]},{\"@type\":\"Person\",\"@id\":\"https:\/\/dignitynews.eu\/pl\/#\/schema\/person\/0b62b762b8174802fabc81a3ecb1bfcb\",\"name\":\"Dignity News\",\"image\":{\"@type\":\"ImageObject\",\"inLanguage\":\"de\",\"@id\":\"https:\/\/dignitynews.eu\/pl\/#\/schema\/person\/image\/\",\"url\":\"https:\/\/secure.gravatar.com\/avatar\/97963171a6d9108f8381bbefb1c6b150c445b6ddd9e3077b96c86cf5892c85dc?s=96&d=mm&r=g\",\"contentUrl\":\"https:\/\/secure.gravatar.com\/avatar\/97963171a6d9108f8381bbefb1c6b150c445b6ddd9e3077b96c86cf5892c85dc?s=96&d=mm&r=g\",\"caption\":\"Dignity News\"},\"url\":\"https:\/\/dignitynews.eu\/de\/author\/mikolaj-palade\/\"}]}<\/script>\n<!-- \/ Yoast SEO plugin. -->","yoast_head_json":{"title":"Gipfel der Drei-Meere-Initiative in Riga - W\u00fcrde - DignityNews.eu","robots":{"index":"index","follow":"follow","max-snippet":"max-snippet:-1","max-image-preview":"max-image-preview:large","max-video-preview":"max-video-preview:-1"},"canonical":"https:\/\/dignitynews.eu\/de\/gipfel-der-drei-meere-initiative-in-riga\/","og_locale":"de_DE","og_type":"article","og_title":"Gipfel der Drei-Meere-Initiative in Riga - W\u00fcrde - DignityNews.eu","og_description":"\u201eWir alle unterst\u00fctzen die Verleihung des EU-Kandidatenstatus an die Ukraine. Wir sind fest davon \u00fcberzeugt, dass sie diesen Status erhalten wird. Wir haben beschlossen, eine neue Art von Partnerschaft mit&hellip;","og_url":"https:\/\/dignitynews.eu\/de\/gipfel-der-drei-meere-initiative-in-riga\/","og_site_name":"W\u00fcrde - DignityNews.eu","article_published_time":"2022-06-21T09:52:04+00:00","article_modified_time":"2022-06-21T14:11:44+00:00","og_image":[{"width":1600,"height":1066,"url":"https:\/\/dignitynews.eu\/wp-content\/uploads\/2022\/06\/Andrzej_Duda_Szczyt_Trojmorza-fot.-Marek-Borawski-KPRP.jpg","type":"image\/jpeg"}],"author":"Dignity News","twitter_card":"summary_large_image","twitter_misc":{"Verfasst von":"Dignity News","Gesch\u00e4tzte Lesezeit":"2\u00a0Minuten"},"schema":{"@context":"https:\/\/schema.org","@graph":[{"@type":"WebSite","@id":"https:\/\/dignitynews.eu\/pl\/#website","url":"https:\/\/dignitynews.eu\/pl\/","name":"W\u00fcrde - DignityNews.eu","description":"","potentialAction":[{"@type":"SearchAction","target":{"@type":"EntryPoint","urlTemplate":"https:\/\/dignitynews.eu\/pl\/?s={search_term_string}"},"query-input":"required name=search_term_string"}],"inLanguage":"de"},{"@type":"WebPage","@id":"https:\/\/dignitynews.eu\/de\/gipfel-der-drei-meere-initiative-in-riga\/","url":"https:\/\/dignitynews.eu\/de\/gipfel-der-drei-meere-initiative-in-riga\/","name":"Gipfel der Drei-Meere-Initiative in Riga - W\u00fcrde - DignityNews.eu","isPartOf":{"@id":"https:\/\/dignitynews.eu\/pl\/#website"},"datePublished":"2022-06-21T09:52:04+00:00","dateModified":"2022-06-21T14:11:44+00:00","author":{"@id":"https:\/\/dignitynews.eu\/pl\/#\/schema\/person\/0b62b762b8174802fabc81a3ecb1bfcb"},"breadcrumb":{"@id":"https:\/\/dignitynews.eu\/de\/gipfel-der-drei-meere-initiative-in-riga\/#breadcrumb"},"inLanguage":"de","potentialAction":[{"@type":"ReadAction","target":["https:\/\/dignitynews.eu\/de\/gipfel-der-drei-meere-initiative-in-riga\/"]}]},{"@type":"BreadcrumbList","@id":"https:\/\/dignitynews.eu\/de\/gipfel-der-drei-meere-initiative-in-riga\/#breadcrumb","itemListElement":[{"@type":"ListItem","position":1,"name":"Strona g\u0142\u00f3wna","item":"https:\/\/dignitynews.eu\/de\/"},{"@type":"ListItem","position":2,"name":"Gipfel der Drei-Meere-Initiative in Riga"}]},{"@type":"Person","@id":"https:\/\/dignitynews.eu\/pl\/#\/schema\/person\/0b62b762b8174802fabc81a3ecb1bfcb","name":"Dignity News","image":{"@type":"ImageObject","inLanguage":"de","@id":"https:\/\/dignitynews.eu\/pl\/#\/schema\/person\/image\/","url":"https:\/\/secure.gravatar.com\/avatar\/97963171a6d9108f8381bbefb1c6b150c445b6ddd9e3077b96c86cf5892c85dc?s=96&d=mm&r=g","contentUrl":"https:\/\/secure.gravatar.com\/avatar\/97963171a6d9108f8381bbefb1c6b150c445b6ddd9e3077b96c86cf5892c85dc?s=96&d=mm&r=g","caption":"Dignity News"},"url":"https:\/\/dignitynews.eu\/de\/author\/mikolaj-palade\/"}]}},"_links":{"self":[{"href":"https:\/\/dignitynews.eu\/de\/wp-json\/wp\/v2\/posts\/21569","targetHints":{"allow":["GET"]}}],"collection":[{"href":"https:\/\/dignitynews.eu\/de\/wp-json\/wp\/v2\/posts"}],"about":[{"href":"https:\/\/dignitynews.eu\/de\/wp-json\/wp\/v2\/types\/post"}],"author":[{"embeddable":true,"href":"https:\/\/dignitynews.eu\/de\/wp-json\/wp\/v2\/users\/7"}],"replies":[{"embeddable":true,"href":"https:\/\/dignitynews.eu\/de\/wp-json\/wp\/v2\/comments?post=21569"}],"version-history":[{"count":1,"href":"https:\/\/dignitynews.eu\/de\/wp-json\/wp\/v2\/posts\/21569\/revisions"}],"predecessor-version":[{"id":21570,"href":"https:\/\/dignitynews.eu\/de\/wp-json\/wp\/v2\/posts\/21569\/revisions\/21570"}],"wp:featuredmedia":[{"embeddable":true,"href":"https:\/\/dignitynews.eu\/de\/wp-json\/wp\/v2\/media\/21521"}],"wp:attachment":[{"href":"https:\/\/dignitynews.eu\/de\/wp-json\/wp\/v2\/media?parent=21569"}],"wp:term":[{"taxonomy":"category","embeddable":true,"href":"https:\/\/dignitynews.eu\/de\/wp-json\/wp\/v2\/categories?post=21569"},{"taxonomy":"post_tag","embeddable":true,"href":"https:\/\/dignitynews.eu\/de\/wp-json\/wp\/v2\/tags?post=21569"}],"curies":[{"name":"wp","href":"https:\/\/api.w.org\/{rel}","templated":true}]}}