{"id":21561,"date":"2022-06-21T11:48:14","date_gmt":"2022-06-21T09:48:14","guid":{"rendered":"https:\/\/dignitynews.eu\/?p=21561"},"modified":"2022-06-21T16:00:52","modified_gmt":"2022-06-21T14:00:52","slug":"jozef-walaszczyk-der-aeltesten-gerechte-unter-den-voelkern-ist-verstorben","status":"publish","type":"post","link":"https:\/\/dignitynews.eu\/de\/jozef-walaszczyk-der-aeltesten-gerechte-unter-den-voelkern-ist-verstorben\/","title":{"rendered":"J\u00f3zef Walaszczyk \u2014 der \u00e4ltesten Gerechte unter den V\u00f6lkern \u2014 ist verstorben"},"content":{"rendered":"<h5><strong>\u201eWas die Deutschen getan haben, war verwerflich. Man muss f<\/strong><strong>\u00fc<\/strong><strong>r Schmerz und Ungl<\/strong><strong>\u00fc<\/strong><strong>ck empf<\/strong><strong>\u00e4<\/strong><strong>nglich sein und mitf<\/strong><strong>\u00fc<\/strong><strong>hlen k<\/strong><strong>\u00f6<\/strong><strong>nnen. Ich kann sagen, dass ich mit meinem Leben zufrieden bin. Ich habe meine menschliche Aufgabe erf<\/strong><strong>\u00fc<\/strong><strong>llt und habe ein Gef<\/strong><strong>\u00fc<\/strong><strong>hl des inneren Friedens\u201d, sagte J<\/strong><strong>\u00f3<\/strong><strong>zef Walaszczyk im Mai 2019 in eine<\/strong><strong>r Reportage des Polnischen Rundfunks. W<\/strong><strong>\u00e4<\/strong><strong>hrend des Zweiten Weltkriegs rettete er 56 Juden. Er starb am 20. Juni 2022 im Alter von 103 Jahren. Er war der <\/strong><strong>\u00e4<\/strong><strong>lteste Gerechte unter den V<\/strong><strong>\u00f6<\/strong><strong>lkern.<\/strong><\/h5>\n<p>Das Institut f\u00fcr Nationales Gedenken (poln. <em>Instytut Pami\u0119ci Narodowej<\/em>, IPN) informierte \u00fcber den Tod von J\u00f3zef Walaszczyk.<\/p>\n<p>J\u00f3zef Walaszczyk wurde am 13. November 1919 in Cz\u0119stochowa geboren. Er sprach flie\u00dfend Deutsch. W\u00e4hrend des Zweiten Weltkriegs wurde er mit der Leitung einer Kartoffelmehlfabrik in Rylsk bei Rawa Mazowiecka beauftragt, die f\u00fcr die Besatzungsmacht arbeitete.<\/p>\n<p>Im Jahr 1940 verliebte er sich in ein j\u00fcdisches M\u00e4dchen, Irena Front. Er erfuhr von der Herkunft des M\u00e4dchens bei einer Durchsuchung des Hotels, in dem sie zusammen wohnten. Er half ihr, sich zu verstecken, und verschaffte ihr dann falsche Papiere und eine Wohnung. Bald darauf wurde Irena zusammen mit 20 anderen Personen verhaftet und im Gestapo-Hauptquartier in der Schuch-Allee inhaftiert. Innerhalb weniger Stunden hat J\u00f3zef Walaszczyk ein Kilogramm Gold gesammelt und befreite die gesamte Gruppe aus dem Gef\u00e4ngnis, wie man auf der Website des Instituts f\u00fcr Nationales Gedenken lesen kann.<\/p>\n<p>J\u00f3zef Walaszczyk engagierte sich nicht nur f\u00fcr die Rettung von Irena Front, sondern auch f\u00fcr Juden, die er nicht kannte. Er betrat wiederholt das Warschauer Ghetto, von wo aus er f\u00fcr die Heimatarmee Berichte \u00fcber die Lage der eingeschlossenen Bev\u00f6lkerung erstellte.<\/p>\n<p>Er half auch mehreren Dutzend Juden aus Rawa Mazowiecka. Im Jahr 1941 wurde er von einem H\u00e4ndler, den er noch aus der Vorkriegszeit kannte, angesprochen und gebeten, 40 junge Juden in der Fabrik einzustellen. Es gelang ihm, die Zustimmung des Leiters des Arbeitsamtes f\u00fcr die Einstellung von 30 Arbeitern auszuhandeln, die dank ihm den Holocaust \u00fcberlebten.<\/p>\n<p>Im Jahr 2002 wurde ihm der Titel \u201eGerechter unter den V\u00f6lkern\u201d verliehen. Er war Vizepr\u00e4sident des Hauptvorstandes der Polnischen Gesellschaft der Gerechten unter den V\u00f6lkern.<\/p>\n<p>Adrian Andrzejewski<\/p>\n","protected":false},"excerpt":{"rendered":"<p>\u201eWas die Deutschen getan haben, war verwerflich. Man muss f\u00fcr Schmerz und Ungl\u00fcck empf\u00e4nglich sein und mitf\u00fchlen k\u00f6nnen. Ich kann sagen, dass ich mit meinem Leben zufrieden bin. Ich habe&hellip;<\/p>\n","protected":false},"author":7,"featured_media":21507,"comment_status":"closed","ping_status":"open","sticky":false,"template":"","format":"standard","meta":{"_mi_skip_tracking":false,"footnotes":""},"categories":[53],"tags":[],"class_list":["post-21561","post","type-post","status-publish","format-standard","has-post-thumbnail","hentry","category-nachrichten"],"yoast_head":"<!-- This site is optimized with the Yoast SEO plugin v19.4 - https:\/\/yoast.com\/wordpress\/plugins\/seo\/ -->\n<title>J\u00f3zef Walaszczyk \u2014 der \u00e4ltesten Gerechte unter den V\u00f6lkern \u2014 ist verstorben - W\u00fcrde - DignityNews.eu<\/title>\n<meta name=\"robots\" content=\"index, follow, max-snippet:-1, max-image-preview:large, max-video-preview:-1\" \/>\n<link rel=\"canonical\" href=\"https:\/\/dignitynews.eu\/de\/jozef-walaszczyk-der-aeltesten-gerechte-unter-den-voelkern-ist-verstorben\/\" \/>\n<meta property=\"og:locale\" content=\"de_DE\" \/>\n<meta property=\"og:type\" content=\"article\" \/>\n<meta property=\"og:title\" content=\"J\u00f3zef Walaszczyk \u2014 der \u00e4ltesten Gerechte unter den V\u00f6lkern \u2014 ist verstorben - W\u00fcrde - DignityNews.eu\" \/>\n<meta property=\"og:description\" content=\"\u201eWas die Deutschen getan haben, war verwerflich. Man muss f\u00fcr Schmerz und Ungl\u00fcck empf\u00e4nglich sein und mitf\u00fchlen k\u00f6nnen. Ich kann sagen, dass ich mit meinem Leben zufrieden bin. Ich habe&hellip;\" \/>\n<meta property=\"og:url\" content=\"https:\/\/dignitynews.eu\/de\/jozef-walaszczyk-der-aeltesten-gerechte-unter-den-voelkern-ist-verstorben\/\" \/>\n<meta property=\"og:site_name\" content=\"W\u00fcrde - DignityNews.eu\" \/>\n<meta property=\"article:published_time\" content=\"2022-06-21T09:48:14+00:00\" \/>\n<meta property=\"article:modified_time\" content=\"2022-06-21T14:00:52+00:00\" \/>\n<meta property=\"og:image\" content=\"https:\/\/dignitynews.eu\/wp-content\/uploads\/2022\/06\/Jozef-Walaszczyk-fot.-PL1918.png\" \/>\n\t<meta property=\"og:image:width\" content=\"491\" \/>\n\t<meta property=\"og:image:height\" content=\"433\" \/>\n\t<meta property=\"og:image:type\" content=\"image\/png\" \/>\n<meta name=\"author\" content=\"Dignity News\" \/>\n<meta name=\"twitter:card\" content=\"summary_large_image\" \/>\n<meta name=\"twitter:label1\" content=\"Verfasst von\" \/>\n\t<meta name=\"twitter:data1\" content=\"Dignity News\" \/>\n\t<meta name=\"twitter:label2\" content=\"Gesch\u00e4tzte Lesezeit\" \/>\n\t<meta name=\"twitter:data2\" content=\"2\u00a0Minuten\" \/>\n<script type=\"application\/ld+json\" class=\"yoast-schema-graph\">{\"@context\":\"https:\/\/schema.org\",\"@graph\":[{\"@type\":\"WebSite\",\"@id\":\"https:\/\/dignitynews.eu\/pl\/#website\",\"url\":\"https:\/\/dignitynews.eu\/pl\/\",\"name\":\"W\u00fcrde - DignityNews.eu\",\"description\":\"\",\"potentialAction\":[{\"@type\":\"SearchAction\",\"target\":{\"@type\":\"EntryPoint\",\"urlTemplate\":\"https:\/\/dignitynews.eu\/pl\/?s={search_term_string}\"},\"query-input\":\"required name=search_term_string\"}],\"inLanguage\":\"de\"},{\"@type\":\"WebPage\",\"@id\":\"https:\/\/dignitynews.eu\/de\/jozef-walaszczyk-der-aeltesten-gerechte-unter-den-voelkern-ist-verstorben\/\",\"url\":\"https:\/\/dignitynews.eu\/de\/jozef-walaszczyk-der-aeltesten-gerechte-unter-den-voelkern-ist-verstorben\/\",\"name\":\"J\u00f3zef Walaszczyk \u2014 der \u00e4ltesten Gerechte unter den V\u00f6lkern \u2014 ist verstorben - W\u00fcrde - DignityNews.eu\",\"isPartOf\":{\"@id\":\"https:\/\/dignitynews.eu\/pl\/#website\"},\"datePublished\":\"2022-06-21T09:48:14+00:00\",\"dateModified\":\"2022-06-21T14:00:52+00:00\",\"author\":{\"@id\":\"https:\/\/dignitynews.eu\/pl\/#\/schema\/person\/0b62b762b8174802fabc81a3ecb1bfcb\"},\"breadcrumb\":{\"@id\":\"https:\/\/dignitynews.eu\/de\/jozef-walaszczyk-der-aeltesten-gerechte-unter-den-voelkern-ist-verstorben\/#breadcrumb\"},\"inLanguage\":\"de\",\"potentialAction\":[{\"@type\":\"ReadAction\",\"target\":[\"https:\/\/dignitynews.eu\/de\/jozef-walaszczyk-der-aeltesten-gerechte-unter-den-voelkern-ist-verstorben\/\"]}]},{\"@type\":\"BreadcrumbList\",\"@id\":\"https:\/\/dignitynews.eu\/de\/jozef-walaszczyk-der-aeltesten-gerechte-unter-den-voelkern-ist-verstorben\/#breadcrumb\",\"itemListElement\":[{\"@type\":\"ListItem\",\"position\":1,\"name\":\"Strona g\u0142\u00f3wna\",\"item\":\"https:\/\/dignitynews.eu\/de\/\"},{\"@type\":\"ListItem\",\"position\":2,\"name\":\"J\u00f3zef Walaszczyk \u2014 der \u00e4ltesten Gerechte unter den V\u00f6lkern \u2014 ist verstorben\"}]},{\"@type\":\"Person\",\"@id\":\"https:\/\/dignitynews.eu\/pl\/#\/schema\/person\/0b62b762b8174802fabc81a3ecb1bfcb\",\"name\":\"Dignity News\",\"image\":{\"@type\":\"ImageObject\",\"inLanguage\":\"de\",\"@id\":\"https:\/\/dignitynews.eu\/pl\/#\/schema\/person\/image\/\",\"url\":\"https:\/\/secure.gravatar.com\/avatar\/97963171a6d9108f8381bbefb1c6b150c445b6ddd9e3077b96c86cf5892c85dc?s=96&d=mm&r=g\",\"contentUrl\":\"https:\/\/secure.gravatar.com\/avatar\/97963171a6d9108f8381bbefb1c6b150c445b6ddd9e3077b96c86cf5892c85dc?s=96&d=mm&r=g\",\"caption\":\"Dignity News\"},\"url\":\"https:\/\/dignitynews.eu\/de\/author\/mikolaj-palade\/\"}]}<\/script>\n<!-- \/ Yoast SEO plugin. -->","yoast_head_json":{"title":"J\u00f3zef Walaszczyk \u2014 der \u00e4ltesten Gerechte unter den V\u00f6lkern \u2014 ist verstorben - W\u00fcrde - DignityNews.eu","robots":{"index":"index","follow":"follow","max-snippet":"max-snippet:-1","max-image-preview":"max-image-preview:large","max-video-preview":"max-video-preview:-1"},"canonical":"https:\/\/dignitynews.eu\/de\/jozef-walaszczyk-der-aeltesten-gerechte-unter-den-voelkern-ist-verstorben\/","og_locale":"de_DE","og_type":"article","og_title":"J\u00f3zef Walaszczyk \u2014 der \u00e4ltesten Gerechte unter den V\u00f6lkern \u2014 ist verstorben - W\u00fcrde - DignityNews.eu","og_description":"\u201eWas die Deutschen getan haben, war verwerflich. Man muss f\u00fcr Schmerz und Ungl\u00fcck empf\u00e4nglich sein und mitf\u00fchlen k\u00f6nnen. Ich kann sagen, dass ich mit meinem Leben zufrieden bin. Ich habe&hellip;","og_url":"https:\/\/dignitynews.eu\/de\/jozef-walaszczyk-der-aeltesten-gerechte-unter-den-voelkern-ist-verstorben\/","og_site_name":"W\u00fcrde - DignityNews.eu","article_published_time":"2022-06-21T09:48:14+00:00","article_modified_time":"2022-06-21T14:00:52+00:00","og_image":[{"width":491,"height":433,"url":"https:\/\/dignitynews.eu\/wp-content\/uploads\/2022\/06\/Jozef-Walaszczyk-fot.-PL1918.png","type":"image\/png"}],"author":"Dignity News","twitter_card":"summary_large_image","twitter_misc":{"Verfasst von":"Dignity News","Gesch\u00e4tzte Lesezeit":"2\u00a0Minuten"},"schema":{"@context":"https:\/\/schema.org","@graph":[{"@type":"WebSite","@id":"https:\/\/dignitynews.eu\/pl\/#website","url":"https:\/\/dignitynews.eu\/pl\/","name":"W\u00fcrde - DignityNews.eu","description":"","potentialAction":[{"@type":"SearchAction","target":{"@type":"EntryPoint","urlTemplate":"https:\/\/dignitynews.eu\/pl\/?s={search_term_string}"},"query-input":"required name=search_term_string"}],"inLanguage":"de"},{"@type":"WebPage","@id":"https:\/\/dignitynews.eu\/de\/jozef-walaszczyk-der-aeltesten-gerechte-unter-den-voelkern-ist-verstorben\/","url":"https:\/\/dignitynews.eu\/de\/jozef-walaszczyk-der-aeltesten-gerechte-unter-den-voelkern-ist-verstorben\/","name":"J\u00f3zef Walaszczyk \u2014 der \u00e4ltesten Gerechte unter den V\u00f6lkern \u2014 ist verstorben - W\u00fcrde - DignityNews.eu","isPartOf":{"@id":"https:\/\/dignitynews.eu\/pl\/#website"},"datePublished":"2022-06-21T09:48:14+00:00","dateModified":"2022-06-21T14:00:52+00:00","author":{"@id":"https:\/\/dignitynews.eu\/pl\/#\/schema\/person\/0b62b762b8174802fabc81a3ecb1bfcb"},"breadcrumb":{"@id":"https:\/\/dignitynews.eu\/de\/jozef-walaszczyk-der-aeltesten-gerechte-unter-den-voelkern-ist-verstorben\/#breadcrumb"},"inLanguage":"de","potentialAction":[{"@type":"ReadAction","target":["https:\/\/dignitynews.eu\/de\/jozef-walaszczyk-der-aeltesten-gerechte-unter-den-voelkern-ist-verstorben\/"]}]},{"@type":"BreadcrumbList","@id":"https:\/\/dignitynews.eu\/de\/jozef-walaszczyk-der-aeltesten-gerechte-unter-den-voelkern-ist-verstorben\/#breadcrumb","itemListElement":[{"@type":"ListItem","position":1,"name":"Strona g\u0142\u00f3wna","item":"https:\/\/dignitynews.eu\/de\/"},{"@type":"ListItem","position":2,"name":"J\u00f3zef Walaszczyk \u2014 der \u00e4ltesten Gerechte unter den V\u00f6lkern \u2014 ist verstorben"}]},{"@type":"Person","@id":"https:\/\/dignitynews.eu\/pl\/#\/schema\/person\/0b62b762b8174802fabc81a3ecb1bfcb","name":"Dignity News","image":{"@type":"ImageObject","inLanguage":"de","@id":"https:\/\/dignitynews.eu\/pl\/#\/schema\/person\/image\/","url":"https:\/\/secure.gravatar.com\/avatar\/97963171a6d9108f8381bbefb1c6b150c445b6ddd9e3077b96c86cf5892c85dc?s=96&d=mm&r=g","contentUrl":"https:\/\/secure.gravatar.com\/avatar\/97963171a6d9108f8381bbefb1c6b150c445b6ddd9e3077b96c86cf5892c85dc?s=96&d=mm&r=g","caption":"Dignity News"},"url":"https:\/\/dignitynews.eu\/de\/author\/mikolaj-palade\/"}]}},"_links":{"self":[{"href":"https:\/\/dignitynews.eu\/de\/wp-json\/wp\/v2\/posts\/21561","targetHints":{"allow":["GET"]}}],"collection":[{"href":"https:\/\/dignitynews.eu\/de\/wp-json\/wp\/v2\/posts"}],"about":[{"href":"https:\/\/dignitynews.eu\/de\/wp-json\/wp\/v2\/types\/post"}],"author":[{"embeddable":true,"href":"https:\/\/dignitynews.eu\/de\/wp-json\/wp\/v2\/users\/7"}],"replies":[{"embeddable":true,"href":"https:\/\/dignitynews.eu\/de\/wp-json\/wp\/v2\/comments?post=21561"}],"version-history":[{"count":1,"href":"https:\/\/dignitynews.eu\/de\/wp-json\/wp\/v2\/posts\/21561\/revisions"}],"predecessor-version":[{"id":21562,"href":"https:\/\/dignitynews.eu\/de\/wp-json\/wp\/v2\/posts\/21561\/revisions\/21562"}],"wp:featuredmedia":[{"embeddable":true,"href":"https:\/\/dignitynews.eu\/de\/wp-json\/wp\/v2\/media\/21507"}],"wp:attachment":[{"href":"https:\/\/dignitynews.eu\/de\/wp-json\/wp\/v2\/media?parent=21561"}],"wp:term":[{"taxonomy":"category","embeddable":true,"href":"https:\/\/dignitynews.eu\/de\/wp-json\/wp\/v2\/categories?post=21561"},{"taxonomy":"post_tag","embeddable":true,"href":"https:\/\/dignitynews.eu\/de\/wp-json\/wp\/v2\/tags?post=21561"}],"curies":[{"name":"wp","href":"https:\/\/api.w.org\/{rel}","templated":true}]}}