{"id":20274,"date":"2022-06-07T11:33:26","date_gmt":"2022-06-07T09:33:26","guid":{"rendered":"https:\/\/dignitynews.eu\/?p=20274"},"modified":"2022-06-07T18:44:05","modified_gmt":"2022-06-07T16:44:05","slug":"priester-der-vor-dem-zweiten-weltkrieg-nationalist-war-rettete-waehrend-des-krieges-juden","status":"publish","type":"post","link":"https:\/\/dignitynews.eu\/de\/priester-der-vor-dem-zweiten-weltkrieg-nationalist-war-rettete-waehrend-des-krieges-juden\/","title":{"rendered":"Priester, der vor dem Zweiten Weltkrieg Nationalist war, rettete w\u00e4hrend des Krieges Juden"},"content":{"rendered":"<h5><strong>Priester Marceli Godlewski unterst\u00fctzte die Ansichten der Nationaldemokratie und war in Gruppen aktiv, die mit der polnischen Nationalbewegung verbunden waren.\u00a0 Er war den Juden gegen\u00fcber nicht wohlwollend eingestellt, da er sie als wirtschaftliche Konkurrenten ansah. Als die Deutschen jedoch den Holocaust begannen, \u00e4nderte er seine Haltung gegen\u00fcber Menschen j\u00fcdischer Nationalit\u00e4t radikal. <\/strong><\/h5>\n<p>Im Jahr 1915 trat der Geistliche das Amt des Pfarrers in der Gemeinde Allerheiligen in Warschau an. 1940, weniger als ein Jahr nach dem Einmarsch in Polen, richteten die Deutschen in der besetzten polnischen Hauptstadt ein Ghetto f\u00fcr Juden ein, in dem mehrere hunderttausend Menschen auf engstem Raum zusammengepfercht waren. Dort herrschten Hunger, Krankheit und Tod.<\/p>\n<p><strong>Gemeindepfarrer aus dem Ghetto<\/strong><\/p>\n<p>Zum Gemeindegebiet von Pfarrer Godlewski geh\u00f6rte auch das j\u00fcdische Ghetto. Als er das Leiden der Juden sah, konnte er nicht tatenlos zusehen, wie die Deutschen sie verfolgten und ausrotteten. Er beschloss zu helfen.<\/p>\n<p>Der Geistliche besorgte falsche Dokumente. Als Gemeindepfarrer hatte er Zugang zu den Kirchenb\u00fcchern. Er gab also falsche Namen an, unter denen sich die Juden versteckten. Die Namen stimmten mit den gef\u00e4lschten Dokumenten \u00fcberein, und der Eintrag im Kirchenbuch best\u00e4tigte die Identit\u00e4t.<\/p>\n<p>Sein Privathaus \u00fcberlie\u00df er der Kongregation der Franziskanerinnen, um es in ein Waisenhaus umzuwandeln.\u00a0 J\u00fcdische Kinder wurden dort versteckt. Zusammen mit einem anderen katholischen Priester, Antoni Czarnecki, leitete Pfarrer Godlewski auch eine Gastst\u00e4tte f\u00fcr hungernde Juden aus dem Ghetto. Die Deutschen verboten es 1941, als im besetzten Polen die Todesstrafe f\u00fcr Judenhilfe eingef\u00fchrt wurde. Es ist erw\u00e4hnenswert, dass das von den Deutschen besetzte Polen der einzige Ort war, an dem es eine solche Strafe gab. Dar\u00fcber hinaus konnten die Geistlichen dank ihren Passierscheinen das Ghetto verlassen. Sie nutzten dies, um Lebensmittel und Medikamente zu den Juden zu schmuggeln.<\/p>\n<p><strong>Wie viele Menschen hat er gerettet? <\/strong><\/p>\n<p>Pfarrer Godlewski starb 1945, nach dem Ende des Zweiten Weltkriegs. Historiker sch\u00e4tzen, dass er bis zu 3.000 Juden helfen k\u00f6nnte. Im Jahr 2009 verlieh ihm das Institut Yad Vashem die Medaille \u201eGerechter unter den V\u00f6lkern der Welt\u201d. Am 7. Juni 2017 wurde die Allerheiligenkirche, in der Pater Godlewski Pfarrer war, von der Raoul-Wallenberg-Stiftung mit dem Titel \u201eHaus des Lebens\u201d ausgezeichnet.<\/p>\n","protected":false},"excerpt":{"rendered":"<p>Priester Marceli Godlewski unterst\u00fctzte die Ansichten der Nationaldemokratie und war in Gruppen aktiv, die mit der polnischen Nationalbewegung verbunden waren.\u00a0 Er war den Juden gegen\u00fcber nicht wohlwollend eingestellt, da er&hellip;<\/p>\n","protected":false},"author":7,"featured_media":20205,"comment_status":"closed","ping_status":"open","sticky":false,"template":"","format":"standard","meta":{"_mi_skip_tracking":false,"footnotes":""},"categories":[52],"tags":[],"class_list":["post-20274","post","type-post","status-publish","format-standard","has-post-thumbnail","hentry","category-geschichte"],"yoast_head":"<!-- This site is optimized with the Yoast SEO plugin v19.4 - https:\/\/yoast.com\/wordpress\/plugins\/seo\/ -->\n<title>Priester, der vor dem Zweiten Weltkrieg Nationalist war, rettete w\u00e4hrend des Krieges Juden - W\u00fcrde - DignityNews.eu<\/title>\n<meta name=\"robots\" content=\"index, follow, max-snippet:-1, max-image-preview:large, max-video-preview:-1\" \/>\n<link rel=\"canonical\" href=\"https:\/\/dignitynews.eu\/de\/priester-der-vor-dem-zweiten-weltkrieg-nationalist-war-rettete-waehrend-des-krieges-juden\/\" \/>\n<meta property=\"og:locale\" content=\"de_DE\" \/>\n<meta property=\"og:type\" content=\"article\" \/>\n<meta property=\"og:title\" content=\"Priester, der vor dem Zweiten Weltkrieg Nationalist war, rettete w\u00e4hrend des Krieges Juden - W\u00fcrde - DignityNews.eu\" \/>\n<meta property=\"og:description\" content=\"Priester Marceli Godlewski unterst\u00fctzte die Ansichten der Nationaldemokratie und war in Gruppen aktiv, die mit der polnischen Nationalbewegung verbunden waren.\u00a0 Er war den Juden gegen\u00fcber nicht wohlwollend eingestellt, da er&hellip;\" \/>\n<meta property=\"og:url\" content=\"https:\/\/dignitynews.eu\/de\/priester-der-vor-dem-zweiten-weltkrieg-nationalist-war-rettete-waehrend-des-krieges-juden\/\" \/>\n<meta property=\"og:site_name\" content=\"W\u00fcrde - DignityNews.eu\" \/>\n<meta property=\"article:published_time\" content=\"2022-06-07T09:33:26+00:00\" \/>\n<meta property=\"article:modified_time\" content=\"2022-06-07T16:44:05+00:00\" \/>\n<meta property=\"og:image\" content=\"https:\/\/dignitynews.eu\/wp-content\/uploads\/2022\/06\/ks.-Marceli-Godlewski.webp\" \/>\n\t<meta property=\"og:image:width\" content=\"500\" \/>\n\t<meta property=\"og:image:height\" content=\"750\" \/>\n\t<meta property=\"og:image:type\" content=\"image\/webp\" \/>\n<meta name=\"author\" content=\"Dignity News\" \/>\n<meta name=\"twitter:card\" content=\"summary_large_image\" \/>\n<meta name=\"twitter:label1\" content=\"Verfasst von\" \/>\n\t<meta name=\"twitter:data1\" content=\"Dignity News\" \/>\n\t<meta name=\"twitter:label2\" content=\"Gesch\u00e4tzte Lesezeit\" \/>\n\t<meta name=\"twitter:data2\" content=\"2\u00a0Minuten\" \/>\n<script type=\"application\/ld+json\" class=\"yoast-schema-graph\">{\"@context\":\"https:\/\/schema.org\",\"@graph\":[{\"@type\":\"WebSite\",\"@id\":\"https:\/\/dignitynews.eu\/pl\/#website\",\"url\":\"https:\/\/dignitynews.eu\/pl\/\",\"name\":\"W\u00fcrde - DignityNews.eu\",\"description\":\"\",\"potentialAction\":[{\"@type\":\"SearchAction\",\"target\":{\"@type\":\"EntryPoint\",\"urlTemplate\":\"https:\/\/dignitynews.eu\/pl\/?s={search_term_string}\"},\"query-input\":\"required name=search_term_string\"}],\"inLanguage\":\"de\"},{\"@type\":\"WebPage\",\"@id\":\"https:\/\/dignitynews.eu\/de\/priester-der-vor-dem-zweiten-weltkrieg-nationalist-war-rettete-waehrend-des-krieges-juden\/\",\"url\":\"https:\/\/dignitynews.eu\/de\/priester-der-vor-dem-zweiten-weltkrieg-nationalist-war-rettete-waehrend-des-krieges-juden\/\",\"name\":\"Priester, der vor dem Zweiten Weltkrieg Nationalist war, rettete w\u00e4hrend des Krieges Juden - W\u00fcrde - DignityNews.eu\",\"isPartOf\":{\"@id\":\"https:\/\/dignitynews.eu\/pl\/#website\"},\"datePublished\":\"2022-06-07T09:33:26+00:00\",\"dateModified\":\"2022-06-07T16:44:05+00:00\",\"author\":{\"@id\":\"https:\/\/dignitynews.eu\/pl\/#\/schema\/person\/0b62b762b8174802fabc81a3ecb1bfcb\"},\"breadcrumb\":{\"@id\":\"https:\/\/dignitynews.eu\/de\/priester-der-vor-dem-zweiten-weltkrieg-nationalist-war-rettete-waehrend-des-krieges-juden\/#breadcrumb\"},\"inLanguage\":\"de\",\"potentialAction\":[{\"@type\":\"ReadAction\",\"target\":[\"https:\/\/dignitynews.eu\/de\/priester-der-vor-dem-zweiten-weltkrieg-nationalist-war-rettete-waehrend-des-krieges-juden\/\"]}]},{\"@type\":\"BreadcrumbList\",\"@id\":\"https:\/\/dignitynews.eu\/de\/priester-der-vor-dem-zweiten-weltkrieg-nationalist-war-rettete-waehrend-des-krieges-juden\/#breadcrumb\",\"itemListElement\":[{\"@type\":\"ListItem\",\"position\":1,\"name\":\"Strona g\u0142\u00f3wna\",\"item\":\"https:\/\/dignitynews.eu\/de\/\"},{\"@type\":\"ListItem\",\"position\":2,\"name\":\"Priester, der vor dem Zweiten Weltkrieg Nationalist war, rettete w\u00e4hrend des Krieges Juden\"}]},{\"@type\":\"Person\",\"@id\":\"https:\/\/dignitynews.eu\/pl\/#\/schema\/person\/0b62b762b8174802fabc81a3ecb1bfcb\",\"name\":\"Dignity News\",\"image\":{\"@type\":\"ImageObject\",\"inLanguage\":\"de\",\"@id\":\"https:\/\/dignitynews.eu\/pl\/#\/schema\/person\/image\/\",\"url\":\"https:\/\/secure.gravatar.com\/avatar\/97963171a6d9108f8381bbefb1c6b150c445b6ddd9e3077b96c86cf5892c85dc?s=96&d=mm&r=g\",\"contentUrl\":\"https:\/\/secure.gravatar.com\/avatar\/97963171a6d9108f8381bbefb1c6b150c445b6ddd9e3077b96c86cf5892c85dc?s=96&d=mm&r=g\",\"caption\":\"Dignity News\"},\"url\":\"https:\/\/dignitynews.eu\/de\/author\/mikolaj-palade\/\"}]}<\/script>\n<!-- \/ Yoast SEO plugin. -->","yoast_head_json":{"title":"Priester, der vor dem Zweiten Weltkrieg Nationalist war, rettete w\u00e4hrend des Krieges Juden - W\u00fcrde - DignityNews.eu","robots":{"index":"index","follow":"follow","max-snippet":"max-snippet:-1","max-image-preview":"max-image-preview:large","max-video-preview":"max-video-preview:-1"},"canonical":"https:\/\/dignitynews.eu\/de\/priester-der-vor-dem-zweiten-weltkrieg-nationalist-war-rettete-waehrend-des-krieges-juden\/","og_locale":"de_DE","og_type":"article","og_title":"Priester, der vor dem Zweiten Weltkrieg Nationalist war, rettete w\u00e4hrend des Krieges Juden - W\u00fcrde - DignityNews.eu","og_description":"Priester Marceli Godlewski unterst\u00fctzte die Ansichten der Nationaldemokratie und war in Gruppen aktiv, die mit der polnischen Nationalbewegung verbunden waren.\u00a0 Er war den Juden gegen\u00fcber nicht wohlwollend eingestellt, da er&hellip;","og_url":"https:\/\/dignitynews.eu\/de\/priester-der-vor-dem-zweiten-weltkrieg-nationalist-war-rettete-waehrend-des-krieges-juden\/","og_site_name":"W\u00fcrde - DignityNews.eu","article_published_time":"2022-06-07T09:33:26+00:00","article_modified_time":"2022-06-07T16:44:05+00:00","og_image":[{"width":500,"height":750,"url":"https:\/\/dignitynews.eu\/wp-content\/uploads\/2022\/06\/ks.-Marceli-Godlewski.webp","type":"image\/webp"}],"author":"Dignity News","twitter_card":"summary_large_image","twitter_misc":{"Verfasst von":"Dignity News","Gesch\u00e4tzte Lesezeit":"2\u00a0Minuten"},"schema":{"@context":"https:\/\/schema.org","@graph":[{"@type":"WebSite","@id":"https:\/\/dignitynews.eu\/pl\/#website","url":"https:\/\/dignitynews.eu\/pl\/","name":"W\u00fcrde - DignityNews.eu","description":"","potentialAction":[{"@type":"SearchAction","target":{"@type":"EntryPoint","urlTemplate":"https:\/\/dignitynews.eu\/pl\/?s={search_term_string}"},"query-input":"required name=search_term_string"}],"inLanguage":"de"},{"@type":"WebPage","@id":"https:\/\/dignitynews.eu\/de\/priester-der-vor-dem-zweiten-weltkrieg-nationalist-war-rettete-waehrend-des-krieges-juden\/","url":"https:\/\/dignitynews.eu\/de\/priester-der-vor-dem-zweiten-weltkrieg-nationalist-war-rettete-waehrend-des-krieges-juden\/","name":"Priester, der vor dem Zweiten Weltkrieg Nationalist war, rettete w\u00e4hrend des Krieges Juden - W\u00fcrde - DignityNews.eu","isPartOf":{"@id":"https:\/\/dignitynews.eu\/pl\/#website"},"datePublished":"2022-06-07T09:33:26+00:00","dateModified":"2022-06-07T16:44:05+00:00","author":{"@id":"https:\/\/dignitynews.eu\/pl\/#\/schema\/person\/0b62b762b8174802fabc81a3ecb1bfcb"},"breadcrumb":{"@id":"https:\/\/dignitynews.eu\/de\/priester-der-vor-dem-zweiten-weltkrieg-nationalist-war-rettete-waehrend-des-krieges-juden\/#breadcrumb"},"inLanguage":"de","potentialAction":[{"@type":"ReadAction","target":["https:\/\/dignitynews.eu\/de\/priester-der-vor-dem-zweiten-weltkrieg-nationalist-war-rettete-waehrend-des-krieges-juden\/"]}]},{"@type":"BreadcrumbList","@id":"https:\/\/dignitynews.eu\/de\/priester-der-vor-dem-zweiten-weltkrieg-nationalist-war-rettete-waehrend-des-krieges-juden\/#breadcrumb","itemListElement":[{"@type":"ListItem","position":1,"name":"Strona g\u0142\u00f3wna","item":"https:\/\/dignitynews.eu\/de\/"},{"@type":"ListItem","position":2,"name":"Priester, der vor dem Zweiten Weltkrieg Nationalist war, rettete w\u00e4hrend des Krieges Juden"}]},{"@type":"Person","@id":"https:\/\/dignitynews.eu\/pl\/#\/schema\/person\/0b62b762b8174802fabc81a3ecb1bfcb","name":"Dignity News","image":{"@type":"ImageObject","inLanguage":"de","@id":"https:\/\/dignitynews.eu\/pl\/#\/schema\/person\/image\/","url":"https:\/\/secure.gravatar.com\/avatar\/97963171a6d9108f8381bbefb1c6b150c445b6ddd9e3077b96c86cf5892c85dc?s=96&d=mm&r=g","contentUrl":"https:\/\/secure.gravatar.com\/avatar\/97963171a6d9108f8381bbefb1c6b150c445b6ddd9e3077b96c86cf5892c85dc?s=96&d=mm&r=g","caption":"Dignity News"},"url":"https:\/\/dignitynews.eu\/de\/author\/mikolaj-palade\/"}]}},"_links":{"self":[{"href":"https:\/\/dignitynews.eu\/de\/wp-json\/wp\/v2\/posts\/20274","targetHints":{"allow":["GET"]}}],"collection":[{"href":"https:\/\/dignitynews.eu\/de\/wp-json\/wp\/v2\/posts"}],"about":[{"href":"https:\/\/dignitynews.eu\/de\/wp-json\/wp\/v2\/types\/post"}],"author":[{"embeddable":true,"href":"https:\/\/dignitynews.eu\/de\/wp-json\/wp\/v2\/users\/7"}],"replies":[{"embeddable":true,"href":"https:\/\/dignitynews.eu\/de\/wp-json\/wp\/v2\/comments?post=20274"}],"version-history":[{"count":1,"href":"https:\/\/dignitynews.eu\/de\/wp-json\/wp\/v2\/posts\/20274\/revisions"}],"predecessor-version":[{"id":20275,"href":"https:\/\/dignitynews.eu\/de\/wp-json\/wp\/v2\/posts\/20274\/revisions\/20275"}],"wp:featuredmedia":[{"embeddable":true,"href":"https:\/\/dignitynews.eu\/de\/wp-json\/wp\/v2\/media\/20205"}],"wp:attachment":[{"href":"https:\/\/dignitynews.eu\/de\/wp-json\/wp\/v2\/media?parent=20274"}],"wp:term":[{"taxonomy":"category","embeddable":true,"href":"https:\/\/dignitynews.eu\/de\/wp-json\/wp\/v2\/categories?post=20274"},{"taxonomy":"post_tag","embeddable":true,"href":"https:\/\/dignitynews.eu\/de\/wp-json\/wp\/v2\/tags?post=20274"}],"curies":[{"name":"wp","href":"https:\/\/api.w.org\/{rel}","templated":true}]}}