{"id":19395,"date":"2022-05-30T10:24:54","date_gmt":"2022-05-30T08:24:54","guid":{"rendered":"https:\/\/dignitynews.eu\/?p=19395"},"modified":"2022-05-30T16:45:27","modified_gmt":"2022-05-30T14:45:27","slug":"baltops-22-nato-uebungen-in-der-ostsee","status":"publish","type":"post","link":"https:\/\/dignitynews.eu\/de\/baltops-22-nato-uebungen-in-der-ostsee\/","title":{"rendered":"BALTOPS 22 \u2014 NATO-\u00dcbungen in der Ostsee"},"content":{"rendered":"<h5><strong>Am Sonntag, dem 5. Juni, beginnt in der Ostsee das Man<\/strong><strong>\u00f6<\/strong><strong>ver BALTOPS 22, ein fast zweiw<\/strong><strong>\u00f6<\/strong><strong>chiges Man<\/strong><strong>\u00f6<\/strong><strong>ver de<\/strong><strong>r NATO<\/strong><strong>, an dem 14 L<\/strong><strong>\u00e4<\/strong><strong>nder teilnehmen werden. Eines der beiden gr\u00f6\u00dften Schiffe der britischen Marine <\/strong><strong>\u2014<\/strong><strong> der Flugzeugtr<\/strong><strong>\u00e4<\/strong><strong>ger HMS <\/strong><strong>\u201e<\/strong><strong>Prince of Wales<\/strong><strong>\u201d \u2014<\/strong><strong> ist bereits auf dem Weg in die Ostsee. <\/strong><\/h5>\n<p>Neben Polen und Gro\u00dfbritannien nehmen folgende L\u00e4nder an den \u00dcbungen teil: Belgien, Bulgarien, D\u00e4nemark, Estland, Frankreich, Deutschland, Lettland, Litauen, die Niederlande, Norwegen, die T\u00fcrkei und die Vereinigten Staaten. Finnland und Schweden wurden ebenfalls zur Teilnahme an BALTOPS 22 eingeladen. Insgesamt werden 45 Schiffe, 75 Flugzeuge und rund 7.000 Soldaten an den \u00dcbungen teilnehmen.<\/p>\n<p>Der Flugzeugtr\u00e4ger HMS \u201ePrince of Wales\u201d wird zum ersten Mal in der Ostsee zu sehen sein. Er kann bis zu 35 F-35-Kampfflugzeuge und vier Mehrzweckhubschrauber Merlin beherbergen. Er hat eine Besatzung von 1.450 Personen.<\/p>\n<p>Die Man\u00f6ver BALTOPS werden seit 1972 von der NATO in der Ostsee organisiert. Seit 1993 wurden neue L\u00e4nder aus dem ehemaligen Ostblock, darunter Polen, zur Teilnahme an den Man\u00f6vern eingeladen.<\/p>\n<p>Das Hauptziel der BALTOPS-\u00dcbungen ist die Verbesserung der Interoperabilit\u00e4t der Seestreitkr\u00e4fte der NATO und der Partnerstaaten im Rahmen des Programms Partnership for Peace (PfP). Die Man\u00f6ver legen besonderen Wert auf die Harmonie und die Teamarbeit der Schiffsbesatzungen und erm\u00f6glichen so eine Erweiterung des Ausbildungsniveaus.<\/p>\n<p>BALTOPS ist eine \u00dcbung, die die Rolle der NATO-Seestreitkr\u00e4fte im internationalen Sicherheitssystem best\u00e4tigt. Zusammen mit den Man\u00f6vern NOBLE JUMP und SABER STRIKE fungiert es als \u201eAllied Shield\u201d (Alliierter Schutzschild), der zeigt, dass die Mitglieder des B\u00fcndnisses bei der Durchf\u00fchrung der kollektiven Verteidigung geeint sind.<\/p>\n<p>Adrian Andrzejewski<\/p>\n","protected":false},"excerpt":{"rendered":"<p>Am Sonntag, dem 5. Juni, beginnt in der Ostsee das Man\u00f6ver BALTOPS 22, ein fast zweiw\u00f6chiges Man\u00f6ver der NATO, an dem 14 L\u00e4nder teilnehmen werden. Eines der beiden gr\u00f6\u00dften Schiffe&hellip;<\/p>\n","protected":false},"author":7,"featured_media":19333,"comment_status":"closed","ping_status":"open","sticky":false,"template":"","format":"standard","meta":{"_mi_skip_tracking":false,"footnotes":""},"categories":[53],"tags":[],"class_list":["post-19395","post","type-post","status-publish","format-standard","has-post-thumbnail","hentry","category-nachrichten"],"yoast_head":"<!-- This site is optimized with the Yoast SEO plugin v19.4 - https:\/\/yoast.com\/wordpress\/plugins\/seo\/ -->\n<title>BALTOPS 22 \u2014 NATO-\u00dcbungen in der Ostsee - W\u00fcrde - DignityNews.eu<\/title>\n<meta name=\"robots\" content=\"index, follow, max-snippet:-1, max-image-preview:large, max-video-preview:-1\" \/>\n<link rel=\"canonical\" href=\"https:\/\/dignitynews.eu\/de\/baltops-22-nato-uebungen-in-der-ostsee\/\" \/>\n<meta property=\"og:locale\" content=\"de_DE\" \/>\n<meta property=\"og:type\" content=\"article\" \/>\n<meta property=\"og:title\" content=\"BALTOPS 22 \u2014 NATO-\u00dcbungen in der Ostsee - W\u00fcrde - DignityNews.eu\" \/>\n<meta property=\"og:description\" content=\"Am Sonntag, dem 5. Juni, beginnt in der Ostsee das Man\u00f6ver BALTOPS 22, ein fast zweiw\u00f6chiges Man\u00f6ver der NATO, an dem 14 L\u00e4nder teilnehmen werden. Eines der beiden gr\u00f6\u00dften Schiffe&hellip;\" \/>\n<meta property=\"og:url\" content=\"https:\/\/dignitynews.eu\/de\/baltops-22-nato-uebungen-in-der-ostsee\/\" \/>\n<meta property=\"og:site_name\" content=\"W\u00fcrde - DignityNews.eu\" \/>\n<meta property=\"article:published_time\" content=\"2022-05-30T08:24:54+00:00\" \/>\n<meta property=\"article:modified_time\" content=\"2022-05-30T14:45:27+00:00\" \/>\n<meta property=\"og:image\" content=\"https:\/\/dignitynews.eu\/wp-content\/uploads\/2022\/05\/BALTOPS-fot.-Wojciech-Strozyk-REPORTER.jpg\" \/>\n\t<meta property=\"og:image:width\" content=\"1500\" \/>\n\t<meta property=\"og:image:height\" content=\"998\" \/>\n\t<meta property=\"og:image:type\" content=\"image\/jpeg\" \/>\n<meta name=\"author\" content=\"Dignity News\" \/>\n<meta name=\"twitter:card\" content=\"summary_large_image\" \/>\n<meta name=\"twitter:label1\" content=\"Verfasst von\" \/>\n\t<meta name=\"twitter:data1\" content=\"Dignity News\" \/>\n\t<meta name=\"twitter:label2\" content=\"Gesch\u00e4tzte Lesezeit\" \/>\n\t<meta name=\"twitter:data2\" content=\"1\u00a0Minute\" \/>\n<script type=\"application\/ld+json\" class=\"yoast-schema-graph\">{\"@context\":\"https:\/\/schema.org\",\"@graph\":[{\"@type\":\"WebSite\",\"@id\":\"https:\/\/dignitynews.eu\/pl\/#website\",\"url\":\"https:\/\/dignitynews.eu\/pl\/\",\"name\":\"W\u00fcrde - DignityNews.eu\",\"description\":\"\",\"potentialAction\":[{\"@type\":\"SearchAction\",\"target\":{\"@type\":\"EntryPoint\",\"urlTemplate\":\"https:\/\/dignitynews.eu\/pl\/?s={search_term_string}\"},\"query-input\":\"required name=search_term_string\"}],\"inLanguage\":\"de\"},{\"@type\":\"WebPage\",\"@id\":\"https:\/\/dignitynews.eu\/de\/baltops-22-nato-uebungen-in-der-ostsee\/\",\"url\":\"https:\/\/dignitynews.eu\/de\/baltops-22-nato-uebungen-in-der-ostsee\/\",\"name\":\"BALTOPS 22 \u2014 NATO-\u00dcbungen in der Ostsee - W\u00fcrde - DignityNews.eu\",\"isPartOf\":{\"@id\":\"https:\/\/dignitynews.eu\/pl\/#website\"},\"datePublished\":\"2022-05-30T08:24:54+00:00\",\"dateModified\":\"2022-05-30T14:45:27+00:00\",\"author\":{\"@id\":\"https:\/\/dignitynews.eu\/pl\/#\/schema\/person\/0b62b762b8174802fabc81a3ecb1bfcb\"},\"breadcrumb\":{\"@id\":\"https:\/\/dignitynews.eu\/de\/baltops-22-nato-uebungen-in-der-ostsee\/#breadcrumb\"},\"inLanguage\":\"de\",\"potentialAction\":[{\"@type\":\"ReadAction\",\"target\":[\"https:\/\/dignitynews.eu\/de\/baltops-22-nato-uebungen-in-der-ostsee\/\"]}]},{\"@type\":\"BreadcrumbList\",\"@id\":\"https:\/\/dignitynews.eu\/de\/baltops-22-nato-uebungen-in-der-ostsee\/#breadcrumb\",\"itemListElement\":[{\"@type\":\"ListItem\",\"position\":1,\"name\":\"Strona g\u0142\u00f3wna\",\"item\":\"https:\/\/dignitynews.eu\/de\/\"},{\"@type\":\"ListItem\",\"position\":2,\"name\":\"BALTOPS 22 \u2014 NATO-\u00dcbungen in der Ostsee\"}]},{\"@type\":\"Person\",\"@id\":\"https:\/\/dignitynews.eu\/pl\/#\/schema\/person\/0b62b762b8174802fabc81a3ecb1bfcb\",\"name\":\"Dignity News\",\"image\":{\"@type\":\"ImageObject\",\"inLanguage\":\"de\",\"@id\":\"https:\/\/dignitynews.eu\/pl\/#\/schema\/person\/image\/\",\"url\":\"https:\/\/secure.gravatar.com\/avatar\/97963171a6d9108f8381bbefb1c6b150c445b6ddd9e3077b96c86cf5892c85dc?s=96&d=mm&r=g\",\"contentUrl\":\"https:\/\/secure.gravatar.com\/avatar\/97963171a6d9108f8381bbefb1c6b150c445b6ddd9e3077b96c86cf5892c85dc?s=96&d=mm&r=g\",\"caption\":\"Dignity News\"},\"url\":\"https:\/\/dignitynews.eu\/de\/author\/mikolaj-palade\/\"}]}<\/script>\n<!-- \/ Yoast SEO plugin. -->","yoast_head_json":{"title":"BALTOPS 22 \u2014 NATO-\u00dcbungen in der Ostsee - W\u00fcrde - DignityNews.eu","robots":{"index":"index","follow":"follow","max-snippet":"max-snippet:-1","max-image-preview":"max-image-preview:large","max-video-preview":"max-video-preview:-1"},"canonical":"https:\/\/dignitynews.eu\/de\/baltops-22-nato-uebungen-in-der-ostsee\/","og_locale":"de_DE","og_type":"article","og_title":"BALTOPS 22 \u2014 NATO-\u00dcbungen in der Ostsee - W\u00fcrde - DignityNews.eu","og_description":"Am Sonntag, dem 5. Juni, beginnt in der Ostsee das Man\u00f6ver BALTOPS 22, ein fast zweiw\u00f6chiges Man\u00f6ver der NATO, an dem 14 L\u00e4nder teilnehmen werden. Eines der beiden gr\u00f6\u00dften Schiffe&hellip;","og_url":"https:\/\/dignitynews.eu\/de\/baltops-22-nato-uebungen-in-der-ostsee\/","og_site_name":"W\u00fcrde - DignityNews.eu","article_published_time":"2022-05-30T08:24:54+00:00","article_modified_time":"2022-05-30T14:45:27+00:00","og_image":[{"width":1500,"height":998,"url":"https:\/\/dignitynews.eu\/wp-content\/uploads\/2022\/05\/BALTOPS-fot.-Wojciech-Strozyk-REPORTER.jpg","type":"image\/jpeg"}],"author":"Dignity News","twitter_card":"summary_large_image","twitter_misc":{"Verfasst von":"Dignity News","Gesch\u00e4tzte Lesezeit":"1\u00a0Minute"},"schema":{"@context":"https:\/\/schema.org","@graph":[{"@type":"WebSite","@id":"https:\/\/dignitynews.eu\/pl\/#website","url":"https:\/\/dignitynews.eu\/pl\/","name":"W\u00fcrde - DignityNews.eu","description":"","potentialAction":[{"@type":"SearchAction","target":{"@type":"EntryPoint","urlTemplate":"https:\/\/dignitynews.eu\/pl\/?s={search_term_string}"},"query-input":"required name=search_term_string"}],"inLanguage":"de"},{"@type":"WebPage","@id":"https:\/\/dignitynews.eu\/de\/baltops-22-nato-uebungen-in-der-ostsee\/","url":"https:\/\/dignitynews.eu\/de\/baltops-22-nato-uebungen-in-der-ostsee\/","name":"BALTOPS 22 \u2014 NATO-\u00dcbungen in der Ostsee - W\u00fcrde - DignityNews.eu","isPartOf":{"@id":"https:\/\/dignitynews.eu\/pl\/#website"},"datePublished":"2022-05-30T08:24:54+00:00","dateModified":"2022-05-30T14:45:27+00:00","author":{"@id":"https:\/\/dignitynews.eu\/pl\/#\/schema\/person\/0b62b762b8174802fabc81a3ecb1bfcb"},"breadcrumb":{"@id":"https:\/\/dignitynews.eu\/de\/baltops-22-nato-uebungen-in-der-ostsee\/#breadcrumb"},"inLanguage":"de","potentialAction":[{"@type":"ReadAction","target":["https:\/\/dignitynews.eu\/de\/baltops-22-nato-uebungen-in-der-ostsee\/"]}]},{"@type":"BreadcrumbList","@id":"https:\/\/dignitynews.eu\/de\/baltops-22-nato-uebungen-in-der-ostsee\/#breadcrumb","itemListElement":[{"@type":"ListItem","position":1,"name":"Strona g\u0142\u00f3wna","item":"https:\/\/dignitynews.eu\/de\/"},{"@type":"ListItem","position":2,"name":"BALTOPS 22 \u2014 NATO-\u00dcbungen in der Ostsee"}]},{"@type":"Person","@id":"https:\/\/dignitynews.eu\/pl\/#\/schema\/person\/0b62b762b8174802fabc81a3ecb1bfcb","name":"Dignity News","image":{"@type":"ImageObject","inLanguage":"de","@id":"https:\/\/dignitynews.eu\/pl\/#\/schema\/person\/image\/","url":"https:\/\/secure.gravatar.com\/avatar\/97963171a6d9108f8381bbefb1c6b150c445b6ddd9e3077b96c86cf5892c85dc?s=96&d=mm&r=g","contentUrl":"https:\/\/secure.gravatar.com\/avatar\/97963171a6d9108f8381bbefb1c6b150c445b6ddd9e3077b96c86cf5892c85dc?s=96&d=mm&r=g","caption":"Dignity News"},"url":"https:\/\/dignitynews.eu\/de\/author\/mikolaj-palade\/"}]}},"_links":{"self":[{"href":"https:\/\/dignitynews.eu\/de\/wp-json\/wp\/v2\/posts\/19395","targetHints":{"allow":["GET"]}}],"collection":[{"href":"https:\/\/dignitynews.eu\/de\/wp-json\/wp\/v2\/posts"}],"about":[{"href":"https:\/\/dignitynews.eu\/de\/wp-json\/wp\/v2\/types\/post"}],"author":[{"embeddable":true,"href":"https:\/\/dignitynews.eu\/de\/wp-json\/wp\/v2\/users\/7"}],"replies":[{"embeddable":true,"href":"https:\/\/dignitynews.eu\/de\/wp-json\/wp\/v2\/comments?post=19395"}],"version-history":[{"count":1,"href":"https:\/\/dignitynews.eu\/de\/wp-json\/wp\/v2\/posts\/19395\/revisions"}],"predecessor-version":[{"id":19396,"href":"https:\/\/dignitynews.eu\/de\/wp-json\/wp\/v2\/posts\/19395\/revisions\/19396"}],"wp:featuredmedia":[{"embeddable":true,"href":"https:\/\/dignitynews.eu\/de\/wp-json\/wp\/v2\/media\/19333"}],"wp:attachment":[{"href":"https:\/\/dignitynews.eu\/de\/wp-json\/wp\/v2\/media?parent=19395"}],"wp:term":[{"taxonomy":"category","embeddable":true,"href":"https:\/\/dignitynews.eu\/de\/wp-json\/wp\/v2\/categories?post=19395"},{"taxonomy":"post_tag","embeddable":true,"href":"https:\/\/dignitynews.eu\/de\/wp-json\/wp\/v2\/tags?post=19395"}],"curies":[{"name":"wp","href":"https:\/\/api.w.org\/{rel}","templated":true}]}}