{"id":17485,"date":"2022-05-11T10:10:14","date_gmt":"2022-05-11T08:10:14","guid":{"rendered":"https:\/\/dignitynews.eu\/?p=17485"},"modified":"2022-05-11T17:11:49","modified_gmt":"2022-05-11T15:11:49","slug":"das-brot-aus-diesem-mehl-wird-richtig-teuer-sein","status":"publish","type":"post","link":"https:\/\/dignitynews.eu\/de\/das-brot-aus-diesem-mehl-wird-richtig-teuer-sein\/","title":{"rendered":"Das Brot aus diesem Mehl wird richtig teuer sein"},"content":{"rendered":"<h5><strong>Der Ausbruch des Krieges in der Ukraine hat auf dem Weltagrarmarkt eine Preisspirale<\/strong><strong>, die bereits <\/strong><strong>raste<\/strong><strong>, noch beschleunigt.<\/strong><strong> Die Auswirkungen sind auch in unseren Geldb<\/strong><strong>\u00f6<\/strong><strong>rsen zu sp<\/strong><strong>\u00fc<\/strong><strong>ren. Die Eink<\/strong><strong>\u00e4<\/strong><strong>ufe werden teurer, aber Experten versichern uns, dass es in Polen keinen Mangel an Lebensmitteln geben wird.<\/strong><\/h5>\n<p>Auf Russland und die Ukraine entfallen mehr als 30 Prozent des weltweiten Weizenhandels, 32 Prozent des Gerstenhandels und 17 Prozent des Maishandels. Beide L\u00e4nder sind f\u00fchrende Exporteure von \u00d6len, Saaten und Sonnenblumenmehl, auf die \u00fcber 50 Prozent des Welthandels entfallen.<\/p>\n<p>Nach Angaben des Ministeriums f\u00fcr Landwirtschaft und l\u00e4ndliche Entwicklung kostete eine Tonne Konsumweizen am 20. Februar dieses Jahres in Polen durchschnittlich 1260 PLN. Am 3. April lag der Preis bereits bei 1569 PLN pro Tonne, was einem Anstieg von mehr als einem F\u00fcnftel entspricht. Zum Vergleich: Am 4. April 2021 lag der Preis bei 952 PLN.<\/p>\n<p>Die \u00d6lpreise brechen Rekorde. Am 3. April wurden f\u00fcr eine Tonne raffiniertes Raps\u00f6l durchschnittlich 7205 PLN gezahlt, gegen\u00fcber 6373 PLN pro Tonne sechs Wochen zuvor. Anfang April 2021 kostete eine Tonne 4097 PLN.<\/p>\n<p>Nach Ansicht des stellvertretenden Ministerpr\u00e4sidenten, des Ministers f\u00fcr Landwirtschaft und l\u00e4ndliche Entwicklung Henryk Kowalczyk, sei unsere Ern\u00e4hrungssicherheit nicht gef\u00e4hrdet. \u201eEs gibt genug Lebensmittel f\u00fcr alle Polen und auch f\u00fcr diejenigen, die aus der Ukraine zu uns gekommen sind\u201d, so der Leiter des polnischen Landwirtschaftsministeriums.<\/p>\n<p>Aufgrund des Krieges in der Ukraine sei jedoch mit einem Anstieg der Lebensmittelpreise, z. B. f\u00fcr Getreide, sowohl auf den internationalen M\u00e4rkten als auch in Polen zu rechnen. \u201eDie Preise im Land folgen den globalen Preisen\u201d, betont Henryk Kowalczyk.<\/p>\n<p>\u201ePolen ist seit Jahren ein Nettoexporteur von Getreide, und auch die letzte Ernte war sehr gut. Die sich verschlechternde Lebensmittelsituation in der Welt veranlasst andere L\u00e4nder, nach alternativen M\u00e4rkten sowohl innerhalb der Europ\u00e4ischen Union als auch beispielsweise in S\u00fcdamerika und den USA zu suchen\u201d, erkl\u00e4rt Monika Pi\u0105tkowska. Es sei jedoch nicht zu bef\u00fcrchten, dass polnisches Getreide gr\u00f6\u00dftenteils importiert werde und es zu einer Verknappung auf dem heimischen Markt kommen werde.<\/p>\n<p>Die Analysten der Bank Credit Agricole weisen darauf hin, dass der Ausbruch des Krieges in der Ukraine die Besorgnis der Anleger \u00fcber das weltweite Getreideangebot in den kommenden Quartalen verst\u00e4rkt habe. Die \u00d6konomen der Bank prognostizieren, dass die Preise f\u00fcr Weizen und Mais in Polen Ende 2022 bei ca. 1400 PLN bzw. 1100 PLN pro Tonne und Ende 2023 bei ca. 1100 PLN bzw. 950 PLN pro Tonne liegen w\u00fcrden. Dies seien niedrigere Preise als in der aktuellen \u201ePreisliste\u201d, aber die Hauptrisikofaktoren f\u00fcr die Prognose seien die endg\u00fcltigen Auswirkungen des Krieges in der Ukraine auf die Nachfrage- und Angebotssituation auf dem Weltmarkt.<\/p>\n<p><a href=\"https:\/\/www.obserwatorfinansowy.pl\/autor\/dominika-pietrzyk\/\">Dominika Pietrzyk<\/a>, Wirtschaftsjurnalistin bei Infor i. A.<\/p>\n","protected":false},"excerpt":{"rendered":"<p>Der Ausbruch des Krieges in der Ukraine hat auf dem Weltagrarmarkt eine Preisspirale, die bereits raste, noch beschleunigt. Die Auswirkungen sind auch in unseren Geldb\u00f6rsen zu sp\u00fcren. Die Eink\u00e4ufe werden&hellip;<\/p>\n","protected":false},"author":7,"featured_media":17413,"comment_status":"closed","ping_status":"open","sticky":false,"template":"","format":"standard","meta":{"_mi_skip_tracking":false,"footnotes":""},"categories":[54],"tags":[],"class_list":["post-17485","post","type-post","status-publish","format-standard","has-post-thumbnail","hentry","category-wirtschaft"],"yoast_head":"<!-- This site is optimized with the Yoast SEO plugin v19.4 - https:\/\/yoast.com\/wordpress\/plugins\/seo\/ -->\n<title>Das Brot aus diesem Mehl wird richtig teuer sein - W\u00fcrde - DignityNews.eu<\/title>\n<meta name=\"robots\" content=\"index, follow, max-snippet:-1, max-image-preview:large, max-video-preview:-1\" \/>\n<link rel=\"canonical\" href=\"https:\/\/dignitynews.eu\/de\/das-brot-aus-diesem-mehl-wird-richtig-teuer-sein\/\" \/>\n<meta property=\"og:locale\" content=\"de_DE\" \/>\n<meta property=\"og:type\" content=\"article\" \/>\n<meta property=\"og:title\" content=\"Das Brot aus diesem Mehl wird richtig teuer sein - W\u00fcrde - DignityNews.eu\" \/>\n<meta property=\"og:description\" content=\"Der Ausbruch des Krieges in der Ukraine hat auf dem Weltagrarmarkt eine Preisspirale, die bereits raste, noch beschleunigt. Die Auswirkungen sind auch in unseren Geldb\u00f6rsen zu sp\u00fcren. Die Eink\u00e4ufe werden&hellip;\" \/>\n<meta property=\"og:url\" content=\"https:\/\/dignitynews.eu\/de\/das-brot-aus-diesem-mehl-wird-richtig-teuer-sein\/\" \/>\n<meta property=\"og:site_name\" content=\"W\u00fcrde - DignityNews.eu\" \/>\n<meta property=\"article:published_time\" content=\"2022-05-11T08:10:14+00:00\" \/>\n<meta property=\"article:modified_time\" content=\"2022-05-11T15:11:49+00:00\" \/>\n<meta property=\"og:image\" content=\"https:\/\/dignitynews.eu\/wp-content\/uploads\/2022\/05\/OF-Z-tej-maki-bedzie-chleb-fot.-LUKASZ-SOLSKI-East-News.jpg\" \/>\n\t<meta property=\"og:image:width\" content=\"1500\" \/>\n\t<meta property=\"og:image:height\" content=\"1000\" \/>\n\t<meta property=\"og:image:type\" content=\"image\/jpeg\" \/>\n<meta name=\"author\" content=\"Dignity News\" \/>\n<meta name=\"twitter:card\" content=\"summary_large_image\" \/>\n<meta name=\"twitter:label1\" content=\"Verfasst von\" \/>\n\t<meta name=\"twitter:data1\" content=\"Dignity News\" \/>\n\t<meta name=\"twitter:label2\" content=\"Gesch\u00e4tzte Lesezeit\" \/>\n\t<meta name=\"twitter:data2\" content=\"2\u00a0Minuten\" \/>\n<script type=\"application\/ld+json\" class=\"yoast-schema-graph\">{\"@context\":\"https:\/\/schema.org\",\"@graph\":[{\"@type\":\"WebSite\",\"@id\":\"https:\/\/dignitynews.eu\/pl\/#website\",\"url\":\"https:\/\/dignitynews.eu\/pl\/\",\"name\":\"W\u00fcrde - DignityNews.eu\",\"description\":\"\",\"potentialAction\":[{\"@type\":\"SearchAction\",\"target\":{\"@type\":\"EntryPoint\",\"urlTemplate\":\"https:\/\/dignitynews.eu\/pl\/?s={search_term_string}\"},\"query-input\":\"required name=search_term_string\"}],\"inLanguage\":\"de\"},{\"@type\":\"WebPage\",\"@id\":\"https:\/\/dignitynews.eu\/de\/das-brot-aus-diesem-mehl-wird-richtig-teuer-sein\/\",\"url\":\"https:\/\/dignitynews.eu\/de\/das-brot-aus-diesem-mehl-wird-richtig-teuer-sein\/\",\"name\":\"Das Brot aus diesem Mehl wird richtig teuer sein - W\u00fcrde - DignityNews.eu\",\"isPartOf\":{\"@id\":\"https:\/\/dignitynews.eu\/pl\/#website\"},\"datePublished\":\"2022-05-11T08:10:14+00:00\",\"dateModified\":\"2022-05-11T15:11:49+00:00\",\"author\":{\"@id\":\"https:\/\/dignitynews.eu\/pl\/#\/schema\/person\/0b62b762b8174802fabc81a3ecb1bfcb\"},\"breadcrumb\":{\"@id\":\"https:\/\/dignitynews.eu\/de\/das-brot-aus-diesem-mehl-wird-richtig-teuer-sein\/#breadcrumb\"},\"inLanguage\":\"de\",\"potentialAction\":[{\"@type\":\"ReadAction\",\"target\":[\"https:\/\/dignitynews.eu\/de\/das-brot-aus-diesem-mehl-wird-richtig-teuer-sein\/\"]}]},{\"@type\":\"BreadcrumbList\",\"@id\":\"https:\/\/dignitynews.eu\/de\/das-brot-aus-diesem-mehl-wird-richtig-teuer-sein\/#breadcrumb\",\"itemListElement\":[{\"@type\":\"ListItem\",\"position\":1,\"name\":\"Strona g\u0142\u00f3wna\",\"item\":\"https:\/\/dignitynews.eu\/de\/\"},{\"@type\":\"ListItem\",\"position\":2,\"name\":\"Das Brot aus diesem Mehl wird richtig teuer sein\"}]},{\"@type\":\"Person\",\"@id\":\"https:\/\/dignitynews.eu\/pl\/#\/schema\/person\/0b62b762b8174802fabc81a3ecb1bfcb\",\"name\":\"Dignity News\",\"image\":{\"@type\":\"ImageObject\",\"inLanguage\":\"de\",\"@id\":\"https:\/\/dignitynews.eu\/pl\/#\/schema\/person\/image\/\",\"url\":\"https:\/\/secure.gravatar.com\/avatar\/97963171a6d9108f8381bbefb1c6b150c445b6ddd9e3077b96c86cf5892c85dc?s=96&d=mm&r=g\",\"contentUrl\":\"https:\/\/secure.gravatar.com\/avatar\/97963171a6d9108f8381bbefb1c6b150c445b6ddd9e3077b96c86cf5892c85dc?s=96&d=mm&r=g\",\"caption\":\"Dignity News\"},\"url\":\"https:\/\/dignitynews.eu\/de\/author\/mikolaj-palade\/\"}]}<\/script>\n<!-- \/ Yoast SEO plugin. -->","yoast_head_json":{"title":"Das Brot aus diesem Mehl wird richtig teuer sein - W\u00fcrde - DignityNews.eu","robots":{"index":"index","follow":"follow","max-snippet":"max-snippet:-1","max-image-preview":"max-image-preview:large","max-video-preview":"max-video-preview:-1"},"canonical":"https:\/\/dignitynews.eu\/de\/das-brot-aus-diesem-mehl-wird-richtig-teuer-sein\/","og_locale":"de_DE","og_type":"article","og_title":"Das Brot aus diesem Mehl wird richtig teuer sein - W\u00fcrde - DignityNews.eu","og_description":"Der Ausbruch des Krieges in der Ukraine hat auf dem Weltagrarmarkt eine Preisspirale, die bereits raste, noch beschleunigt. Die Auswirkungen sind auch in unseren Geldb\u00f6rsen zu sp\u00fcren. Die Eink\u00e4ufe werden&hellip;","og_url":"https:\/\/dignitynews.eu\/de\/das-brot-aus-diesem-mehl-wird-richtig-teuer-sein\/","og_site_name":"W\u00fcrde - DignityNews.eu","article_published_time":"2022-05-11T08:10:14+00:00","article_modified_time":"2022-05-11T15:11:49+00:00","og_image":[{"width":1500,"height":1000,"url":"https:\/\/dignitynews.eu\/wp-content\/uploads\/2022\/05\/OF-Z-tej-maki-bedzie-chleb-fot.-LUKASZ-SOLSKI-East-News.jpg","type":"image\/jpeg"}],"author":"Dignity News","twitter_card":"summary_large_image","twitter_misc":{"Verfasst von":"Dignity News","Gesch\u00e4tzte Lesezeit":"2\u00a0Minuten"},"schema":{"@context":"https:\/\/schema.org","@graph":[{"@type":"WebSite","@id":"https:\/\/dignitynews.eu\/pl\/#website","url":"https:\/\/dignitynews.eu\/pl\/","name":"W\u00fcrde - DignityNews.eu","description":"","potentialAction":[{"@type":"SearchAction","target":{"@type":"EntryPoint","urlTemplate":"https:\/\/dignitynews.eu\/pl\/?s={search_term_string}"},"query-input":"required name=search_term_string"}],"inLanguage":"de"},{"@type":"WebPage","@id":"https:\/\/dignitynews.eu\/de\/das-brot-aus-diesem-mehl-wird-richtig-teuer-sein\/","url":"https:\/\/dignitynews.eu\/de\/das-brot-aus-diesem-mehl-wird-richtig-teuer-sein\/","name":"Das Brot aus diesem Mehl wird richtig teuer sein - W\u00fcrde - DignityNews.eu","isPartOf":{"@id":"https:\/\/dignitynews.eu\/pl\/#website"},"datePublished":"2022-05-11T08:10:14+00:00","dateModified":"2022-05-11T15:11:49+00:00","author":{"@id":"https:\/\/dignitynews.eu\/pl\/#\/schema\/person\/0b62b762b8174802fabc81a3ecb1bfcb"},"breadcrumb":{"@id":"https:\/\/dignitynews.eu\/de\/das-brot-aus-diesem-mehl-wird-richtig-teuer-sein\/#breadcrumb"},"inLanguage":"de","potentialAction":[{"@type":"ReadAction","target":["https:\/\/dignitynews.eu\/de\/das-brot-aus-diesem-mehl-wird-richtig-teuer-sein\/"]}]},{"@type":"BreadcrumbList","@id":"https:\/\/dignitynews.eu\/de\/das-brot-aus-diesem-mehl-wird-richtig-teuer-sein\/#breadcrumb","itemListElement":[{"@type":"ListItem","position":1,"name":"Strona g\u0142\u00f3wna","item":"https:\/\/dignitynews.eu\/de\/"},{"@type":"ListItem","position":2,"name":"Das Brot aus diesem Mehl wird richtig teuer sein"}]},{"@type":"Person","@id":"https:\/\/dignitynews.eu\/pl\/#\/schema\/person\/0b62b762b8174802fabc81a3ecb1bfcb","name":"Dignity News","image":{"@type":"ImageObject","inLanguage":"de","@id":"https:\/\/dignitynews.eu\/pl\/#\/schema\/person\/image\/","url":"https:\/\/secure.gravatar.com\/avatar\/97963171a6d9108f8381bbefb1c6b150c445b6ddd9e3077b96c86cf5892c85dc?s=96&d=mm&r=g","contentUrl":"https:\/\/secure.gravatar.com\/avatar\/97963171a6d9108f8381bbefb1c6b150c445b6ddd9e3077b96c86cf5892c85dc?s=96&d=mm&r=g","caption":"Dignity News"},"url":"https:\/\/dignitynews.eu\/de\/author\/mikolaj-palade\/"}]}},"_links":{"self":[{"href":"https:\/\/dignitynews.eu\/de\/wp-json\/wp\/v2\/posts\/17485","targetHints":{"allow":["GET"]}}],"collection":[{"href":"https:\/\/dignitynews.eu\/de\/wp-json\/wp\/v2\/posts"}],"about":[{"href":"https:\/\/dignitynews.eu\/de\/wp-json\/wp\/v2\/types\/post"}],"author":[{"embeddable":true,"href":"https:\/\/dignitynews.eu\/de\/wp-json\/wp\/v2\/users\/7"}],"replies":[{"embeddable":true,"href":"https:\/\/dignitynews.eu\/de\/wp-json\/wp\/v2\/comments?post=17485"}],"version-history":[{"count":1,"href":"https:\/\/dignitynews.eu\/de\/wp-json\/wp\/v2\/posts\/17485\/revisions"}],"predecessor-version":[{"id":17486,"href":"https:\/\/dignitynews.eu\/de\/wp-json\/wp\/v2\/posts\/17485\/revisions\/17486"}],"wp:featuredmedia":[{"embeddable":true,"href":"https:\/\/dignitynews.eu\/de\/wp-json\/wp\/v2\/media\/17413"}],"wp:attachment":[{"href":"https:\/\/dignitynews.eu\/de\/wp-json\/wp\/v2\/media?parent=17485"}],"wp:term":[{"taxonomy":"category","embeddable":true,"href":"https:\/\/dignitynews.eu\/de\/wp-json\/wp\/v2\/categories?post=17485"},{"taxonomy":"post_tag","embeddable":true,"href":"https:\/\/dignitynews.eu\/de\/wp-json\/wp\/v2\/tags?post=17485"}],"curies":[{"name":"wp","href":"https:\/\/api.w.org\/{rel}","templated":true}]}}