{"id":14957,"date":"2022-04-19T14:46:24","date_gmt":"2022-04-19T12:46:24","guid":{"rendered":"https:\/\/dignitynews.eu\/?p=14957"},"modified":"2022-04-19T19:46:56","modified_gmt":"2022-04-19T17:46:56","slug":"ein-wandgemaelde-in-der-warschauer-u-bahn-station-erinnert-an-den-79-jahrestag-des-ausbruchs-des-ghetto-aufstandes-2","status":"publish","type":"post","link":"https:\/\/dignitynews.eu\/de\/ein-wandgemaelde-in-der-warschauer-u-bahn-station-erinnert-an-den-79-jahrestag-des-ausbruchs-des-ghetto-aufstandes-2\/","title":{"rendered":"Ein Wandgem\u00e4lde in der Warschauer U-Bahn-Station erinnert an den 79. Jahrestag des Ausbruchs des Ghetto-Aufstandes"},"content":{"rendered":"<h5><strong>Bis zum 30. April ist an der Wand der Warschauer U-Bahn-Station Centrum ein Wandgem\u00e4lde zu sehen, das an den 79. Jahrestag des Ausbruchs des Aufstands im Warschauer Ghetto und die Menschen, f\u00fcr die die Liebe zu anderen \u2014 auch w\u00e4hrend des Krieges \u2014 ein \u00fcbergeordneter Wert war, erinnert.\u00a0 <\/strong><\/h5>\n<p>Die vom Museum der Geschichte der polnischen Juden \u201ePolin\u201d organisierte Sozial- und Bildungskampagne \u201eNarzissen\u201d l\u00e4uft noch bis Dienstag. Freiwillige verteilen an Passanten Abzeichen in Form von Narzissen \u2014 ein Symbol der Erinnerung an die Aufst\u00e4ndischen im Ghetto. In diesem Jahr wurden 368 Tausend von ihnen vorbereitet \u2014 das ist so viel wie die Zahl der j\u00fcdischen Einwohner Warschaus vor Ausbruch des Zweiten Weltkriegs, teilt das Museum mit.<\/p>\n<p>Zu den auf dem Wandgem\u00e4lde dargestellten Personen geh\u00f6rt u.a. Dr. Anna Braude-Heller \u2014 \u00c4rztin, Kinder\u00e4rztin, Direktorin und Leiterin der S\u00e4uglingsstation des Bersohn- und Bauman-Krankenhauses in Warschau. Sie war Mitglied des Bundes und wurde posthum mit dem Orden Virtuti Militari ausgezeichnet.<\/p>\n<p>Das Wandgem\u00e4lde erinnert auch an Stefania Wilczy\u0144ska, \u201eFrau Stefa\u201d. Wilczy\u0144ska war P\u00e4dagogin und Hochschullehrern. 1912 wurde sie Leiterin des Waisenhauses f\u00fcr j\u00fcdische Kinder in der Krochmalna-Stra\u00dfe 92, das sie gemeinsam mit Janusz Korczak gr\u00fcndete.<\/p>\n<p>Eine der Figuren auf dem Gem\u00e4lde ist auch Alina Margolis-Edelman, eine \u00c4rztin und Sozialaktivistin. Im Warschauer Ghetto war sie Sch\u00fclerin und Krankenschwester an der J\u00fcdischen Krankenpflegeschule. Sie k\u00e4mpfte im Warschauer Aufstand, wof\u00fcr sie mit dem Tapferkeitskreuz ausgezeichnet wurde. Nach dem Krieg wurde sie Kinder\u00e4rztin.<\/p>\n<p>Maria Ajzensztadt, eine talentierte S\u00e4ngerin, die als \u201eNachtigall des Ghettos\u201d genannt wurde, wurde ebenfalls an der Wand der U-Bahn-Station gew\u00fcrdigt. Zu ihren Auftritten kamen viele Menschen. Dank ihnen konnten die Ghettobewohner die Realit\u00e4t, die sie umgab, zumindest f\u00fcr einen Moment vergessen. Die anderen Figuren auf dem Wandgem\u00e4lde sind: Pola LIfszyc; Cywia Lubetkin \u201eCelina\u201d und Icchak Cukierman \u201eAntek\u201d; Stanis\u0142aw Chmielewski; Gela Seksztajn und Israel Lichtensztajn sowie Irena Sendler und Adam Celnikier.<\/p>\n<p>Arkadiusz S\u0142omczy\u0144ski<\/p>\n","protected":false},"excerpt":{"rendered":"<p>Bis zum 30. April ist an der Wand der Warschauer U-Bahn-Station Centrum ein Wandgem\u00e4lde zu sehen, das an den 79. Jahrestag des Ausbruchs des Aufstands im Warschauer Ghetto und die&hellip;<\/p>\n","protected":false},"author":7,"featured_media":14851,"comment_status":"closed","ping_status":"open","sticky":false,"template":"","format":"standard","meta":{"_mi_skip_tracking":false,"footnotes":""},"categories":[53],"tags":[],"class_list":["post-14957","post","type-post","status-publish","format-standard","has-post-thumbnail","hentry","category-nachrichten"],"yoast_head":"<!-- This site is optimized with the Yoast SEO plugin v19.4 - https:\/\/yoast.com\/wordpress\/plugins\/seo\/ -->\n<title>Ein Wandgem\u00e4lde in der Warschauer U-Bahn-Station erinnert an den 79. Jahrestag des Ausbruchs des Ghetto-Aufstandes - W\u00fcrde - DignityNews.eu<\/title>\n<meta name=\"robots\" content=\"index, follow, max-snippet:-1, max-image-preview:large, max-video-preview:-1\" \/>\n<link rel=\"canonical\" href=\"https:\/\/dignitynews.eu\/de\/ein-wandgemaelde-in-der-warschauer-u-bahn-station-erinnert-an-den-79-jahrestag-des-ausbruchs-des-ghetto-aufstandes-2\/\" \/>\n<meta property=\"og:locale\" content=\"de_DE\" \/>\n<meta property=\"og:type\" content=\"article\" \/>\n<meta property=\"og:title\" content=\"Ein Wandgem\u00e4lde in der Warschauer U-Bahn-Station erinnert an den 79. Jahrestag des Ausbruchs des Ghetto-Aufstandes - W\u00fcrde - DignityNews.eu\" \/>\n<meta property=\"og:description\" content=\"Bis zum 30. April ist an der Wand der Warschauer U-Bahn-Station Centrum ein Wandgem\u00e4lde zu sehen, das an den 79. Jahrestag des Ausbruchs des Aufstands im Warschauer Ghetto und die&hellip;\" \/>\n<meta property=\"og:url\" content=\"https:\/\/dignitynews.eu\/de\/ein-wandgemaelde-in-der-warschauer-u-bahn-station-erinnert-an-den-79-jahrestag-des-ausbruchs-des-ghetto-aufstandes-2\/\" \/>\n<meta property=\"og:site_name\" content=\"W\u00fcrde - DignityNews.eu\" \/>\n<meta property=\"article:published_time\" content=\"2022-04-19T12:46:24+00:00\" \/>\n<meta property=\"article:modified_time\" content=\"2022-04-19T17:46:56+00:00\" \/>\n<meta property=\"og:image\" content=\"https:\/\/dignitynews.eu\/wp-content\/uploads\/2022\/04\/mural-stacja-Centrum-fot.-Muzeum-Historii-Zydow-Polskich-POLIN.jpg\" \/>\n\t<meta property=\"og:image:width\" content=\"1202\" \/>\n\t<meta property=\"og:image:height\" content=\"688\" \/>\n\t<meta property=\"og:image:type\" content=\"image\/jpeg\" \/>\n<meta name=\"author\" content=\"Dignity News\" \/>\n<meta name=\"twitter:card\" content=\"summary_large_image\" \/>\n<meta name=\"twitter:label1\" content=\"Verfasst von\" \/>\n\t<meta name=\"twitter:data1\" content=\"Dignity News\" \/>\n\t<meta name=\"twitter:label2\" content=\"Gesch\u00e4tzte Lesezeit\" \/>\n\t<meta name=\"twitter:data2\" content=\"2\u00a0Minuten\" \/>\n<script type=\"application\/ld+json\" class=\"yoast-schema-graph\">{\"@context\":\"https:\/\/schema.org\",\"@graph\":[{\"@type\":\"WebSite\",\"@id\":\"https:\/\/dignitynews.eu\/pl\/#website\",\"url\":\"https:\/\/dignitynews.eu\/pl\/\",\"name\":\"W\u00fcrde - DignityNews.eu\",\"description\":\"\",\"potentialAction\":[{\"@type\":\"SearchAction\",\"target\":{\"@type\":\"EntryPoint\",\"urlTemplate\":\"https:\/\/dignitynews.eu\/pl\/?s={search_term_string}\"},\"query-input\":\"required name=search_term_string\"}],\"inLanguage\":\"de\"},{\"@type\":\"WebPage\",\"@id\":\"https:\/\/dignitynews.eu\/de\/ein-wandgemaelde-in-der-warschauer-u-bahn-station-erinnert-an-den-79-jahrestag-des-ausbruchs-des-ghetto-aufstandes-2\/\",\"url\":\"https:\/\/dignitynews.eu\/de\/ein-wandgemaelde-in-der-warschauer-u-bahn-station-erinnert-an-den-79-jahrestag-des-ausbruchs-des-ghetto-aufstandes-2\/\",\"name\":\"Ein Wandgem\u00e4lde in der Warschauer U-Bahn-Station erinnert an den 79. Jahrestag des Ausbruchs des Ghetto-Aufstandes - W\u00fcrde - DignityNews.eu\",\"isPartOf\":{\"@id\":\"https:\/\/dignitynews.eu\/pl\/#website\"},\"datePublished\":\"2022-04-19T12:46:24+00:00\",\"dateModified\":\"2022-04-19T17:46:56+00:00\",\"author\":{\"@id\":\"https:\/\/dignitynews.eu\/pl\/#\/schema\/person\/0b62b762b8174802fabc81a3ecb1bfcb\"},\"breadcrumb\":{\"@id\":\"https:\/\/dignitynews.eu\/de\/ein-wandgemaelde-in-der-warschauer-u-bahn-station-erinnert-an-den-79-jahrestag-des-ausbruchs-des-ghetto-aufstandes-2\/#breadcrumb\"},\"inLanguage\":\"de\",\"potentialAction\":[{\"@type\":\"ReadAction\",\"target\":[\"https:\/\/dignitynews.eu\/de\/ein-wandgemaelde-in-der-warschauer-u-bahn-station-erinnert-an-den-79-jahrestag-des-ausbruchs-des-ghetto-aufstandes-2\/\"]}]},{\"@type\":\"BreadcrumbList\",\"@id\":\"https:\/\/dignitynews.eu\/de\/ein-wandgemaelde-in-der-warschauer-u-bahn-station-erinnert-an-den-79-jahrestag-des-ausbruchs-des-ghetto-aufstandes-2\/#breadcrumb\",\"itemListElement\":[{\"@type\":\"ListItem\",\"position\":1,\"name\":\"Strona g\u0142\u00f3wna\",\"item\":\"https:\/\/dignitynews.eu\/de\/\"},{\"@type\":\"ListItem\",\"position\":2,\"name\":\"Ein Wandgem\u00e4lde in der Warschauer U-Bahn-Station erinnert an den 79. Jahrestag des Ausbruchs des Ghetto-Aufstandes\"}]},{\"@type\":\"Person\",\"@id\":\"https:\/\/dignitynews.eu\/pl\/#\/schema\/person\/0b62b762b8174802fabc81a3ecb1bfcb\",\"name\":\"Dignity News\",\"image\":{\"@type\":\"ImageObject\",\"inLanguage\":\"de\",\"@id\":\"https:\/\/dignitynews.eu\/pl\/#\/schema\/person\/image\/\",\"url\":\"https:\/\/secure.gravatar.com\/avatar\/97963171a6d9108f8381bbefb1c6b150c445b6ddd9e3077b96c86cf5892c85dc?s=96&d=mm&r=g\",\"contentUrl\":\"https:\/\/secure.gravatar.com\/avatar\/97963171a6d9108f8381bbefb1c6b150c445b6ddd9e3077b96c86cf5892c85dc?s=96&d=mm&r=g\",\"caption\":\"Dignity News\"},\"url\":\"https:\/\/dignitynews.eu\/de\/author\/mikolaj-palade\/\"}]}<\/script>\n<!-- \/ Yoast SEO plugin. -->","yoast_head_json":{"title":"Ein Wandgem\u00e4lde in der Warschauer U-Bahn-Station erinnert an den 79. Jahrestag des Ausbruchs des Ghetto-Aufstandes - W\u00fcrde - DignityNews.eu","robots":{"index":"index","follow":"follow","max-snippet":"max-snippet:-1","max-image-preview":"max-image-preview:large","max-video-preview":"max-video-preview:-1"},"canonical":"https:\/\/dignitynews.eu\/de\/ein-wandgemaelde-in-der-warschauer-u-bahn-station-erinnert-an-den-79-jahrestag-des-ausbruchs-des-ghetto-aufstandes-2\/","og_locale":"de_DE","og_type":"article","og_title":"Ein Wandgem\u00e4lde in der Warschauer U-Bahn-Station erinnert an den 79. Jahrestag des Ausbruchs des Ghetto-Aufstandes - W\u00fcrde - DignityNews.eu","og_description":"Bis zum 30. April ist an der Wand der Warschauer U-Bahn-Station Centrum ein Wandgem\u00e4lde zu sehen, das an den 79. Jahrestag des Ausbruchs des Aufstands im Warschauer Ghetto und die&hellip;","og_url":"https:\/\/dignitynews.eu\/de\/ein-wandgemaelde-in-der-warschauer-u-bahn-station-erinnert-an-den-79-jahrestag-des-ausbruchs-des-ghetto-aufstandes-2\/","og_site_name":"W\u00fcrde - DignityNews.eu","article_published_time":"2022-04-19T12:46:24+00:00","article_modified_time":"2022-04-19T17:46:56+00:00","og_image":[{"width":1202,"height":688,"url":"https:\/\/dignitynews.eu\/wp-content\/uploads\/2022\/04\/mural-stacja-Centrum-fot.-Muzeum-Historii-Zydow-Polskich-POLIN.jpg","type":"image\/jpeg"}],"author":"Dignity News","twitter_card":"summary_large_image","twitter_misc":{"Verfasst von":"Dignity News","Gesch\u00e4tzte Lesezeit":"2\u00a0Minuten"},"schema":{"@context":"https:\/\/schema.org","@graph":[{"@type":"WebSite","@id":"https:\/\/dignitynews.eu\/pl\/#website","url":"https:\/\/dignitynews.eu\/pl\/","name":"W\u00fcrde - DignityNews.eu","description":"","potentialAction":[{"@type":"SearchAction","target":{"@type":"EntryPoint","urlTemplate":"https:\/\/dignitynews.eu\/pl\/?s={search_term_string}"},"query-input":"required name=search_term_string"}],"inLanguage":"de"},{"@type":"WebPage","@id":"https:\/\/dignitynews.eu\/de\/ein-wandgemaelde-in-der-warschauer-u-bahn-station-erinnert-an-den-79-jahrestag-des-ausbruchs-des-ghetto-aufstandes-2\/","url":"https:\/\/dignitynews.eu\/de\/ein-wandgemaelde-in-der-warschauer-u-bahn-station-erinnert-an-den-79-jahrestag-des-ausbruchs-des-ghetto-aufstandes-2\/","name":"Ein Wandgem\u00e4lde in der Warschauer U-Bahn-Station erinnert an den 79. Jahrestag des Ausbruchs des Ghetto-Aufstandes - W\u00fcrde - DignityNews.eu","isPartOf":{"@id":"https:\/\/dignitynews.eu\/pl\/#website"},"datePublished":"2022-04-19T12:46:24+00:00","dateModified":"2022-04-19T17:46:56+00:00","author":{"@id":"https:\/\/dignitynews.eu\/pl\/#\/schema\/person\/0b62b762b8174802fabc81a3ecb1bfcb"},"breadcrumb":{"@id":"https:\/\/dignitynews.eu\/de\/ein-wandgemaelde-in-der-warschauer-u-bahn-station-erinnert-an-den-79-jahrestag-des-ausbruchs-des-ghetto-aufstandes-2\/#breadcrumb"},"inLanguage":"de","potentialAction":[{"@type":"ReadAction","target":["https:\/\/dignitynews.eu\/de\/ein-wandgemaelde-in-der-warschauer-u-bahn-station-erinnert-an-den-79-jahrestag-des-ausbruchs-des-ghetto-aufstandes-2\/"]}]},{"@type":"BreadcrumbList","@id":"https:\/\/dignitynews.eu\/de\/ein-wandgemaelde-in-der-warschauer-u-bahn-station-erinnert-an-den-79-jahrestag-des-ausbruchs-des-ghetto-aufstandes-2\/#breadcrumb","itemListElement":[{"@type":"ListItem","position":1,"name":"Strona g\u0142\u00f3wna","item":"https:\/\/dignitynews.eu\/de\/"},{"@type":"ListItem","position":2,"name":"Ein Wandgem\u00e4lde in der Warschauer U-Bahn-Station erinnert an den 79. Jahrestag des Ausbruchs des Ghetto-Aufstandes"}]},{"@type":"Person","@id":"https:\/\/dignitynews.eu\/pl\/#\/schema\/person\/0b62b762b8174802fabc81a3ecb1bfcb","name":"Dignity News","image":{"@type":"ImageObject","inLanguage":"de","@id":"https:\/\/dignitynews.eu\/pl\/#\/schema\/person\/image\/","url":"https:\/\/secure.gravatar.com\/avatar\/97963171a6d9108f8381bbefb1c6b150c445b6ddd9e3077b96c86cf5892c85dc?s=96&d=mm&r=g","contentUrl":"https:\/\/secure.gravatar.com\/avatar\/97963171a6d9108f8381bbefb1c6b150c445b6ddd9e3077b96c86cf5892c85dc?s=96&d=mm&r=g","caption":"Dignity News"},"url":"https:\/\/dignitynews.eu\/de\/author\/mikolaj-palade\/"}]}},"_links":{"self":[{"href":"https:\/\/dignitynews.eu\/de\/wp-json\/wp\/v2\/posts\/14957","targetHints":{"allow":["GET"]}}],"collection":[{"href":"https:\/\/dignitynews.eu\/de\/wp-json\/wp\/v2\/posts"}],"about":[{"href":"https:\/\/dignitynews.eu\/de\/wp-json\/wp\/v2\/types\/post"}],"author":[{"embeddable":true,"href":"https:\/\/dignitynews.eu\/de\/wp-json\/wp\/v2\/users\/7"}],"replies":[{"embeddable":true,"href":"https:\/\/dignitynews.eu\/de\/wp-json\/wp\/v2\/comments?post=14957"}],"version-history":[{"count":1,"href":"https:\/\/dignitynews.eu\/de\/wp-json\/wp\/v2\/posts\/14957\/revisions"}],"predecessor-version":[{"id":14958,"href":"https:\/\/dignitynews.eu\/de\/wp-json\/wp\/v2\/posts\/14957\/revisions\/14958"}],"wp:featuredmedia":[{"embeddable":true,"href":"https:\/\/dignitynews.eu\/de\/wp-json\/wp\/v2\/media\/14851"}],"wp:attachment":[{"href":"https:\/\/dignitynews.eu\/de\/wp-json\/wp\/v2\/media?parent=14957"}],"wp:term":[{"taxonomy":"category","embeddable":true,"href":"https:\/\/dignitynews.eu\/de\/wp-json\/wp\/v2\/categories?post=14957"},{"taxonomy":"post_tag","embeddable":true,"href":"https:\/\/dignitynews.eu\/de\/wp-json\/wp\/v2\/tags?post=14957"}],"curies":[{"name":"wp","href":"https:\/\/api.w.org\/{rel}","templated":true}]}}