{"id":14785,"date":"2022-04-16T11:07:52","date_gmt":"2022-04-16T09:07:52","guid":{"rendered":"https:\/\/dignitynews.eu\/?p=14785"},"modified":"2022-04-16T11:09:49","modified_gmt":"2022-04-16T09:09:49","slug":"es-lebe-der-kampf-auf-leben-und-tod-gegen-die-besatzer-aufstand-im-warschauer-ghetto-1943","status":"publish","type":"post","link":"https:\/\/dignitynews.eu\/de\/es-lebe-der-kampf-auf-leben-und-tod-gegen-die-besatzer-aufstand-im-warschauer-ghetto-1943\/","title":{"rendered":"\u201eEs lebe der Kampf auf Leben und Tod gegen die Besatzer\u201d. Aufstand im Warschauer Ghetto 1943"},"content":{"rendered":"<h5>\u00a0Die Deutschen gingen davon aus, dass der bewaffnete Widerstand im Warschauer Ghetto nur 3 Tage andauern k\u00f6nnte. So viel Zeit hatten die deutschen Besatzer veranschlagt, um die j\u00fcdischen Aufst\u00e4ndischen milit\u00e4risch zu besiegen und das Ghetto zu liquidieren. Vielleicht\u00a0 plante man, die ganze Aktion sogar noch fr\u00fcher zu beenden, als sich herausstellte, dass der Aufstand am 19. April ausbrach, nur einen Tag vor Hitlers Geburtstag.<\/h5>\n<p>Wie der erste Tag des Aufstands zeigte, waren die K\u00e4mpfe entgegen den Annahmen der Deutschen heftig, und es war nicht leicht, die Juden zu besiegen. Das Ghetto verteidigte sich von der zweiten Aprilh\u00e4lfte 1943 bis Mitte Juni, als die letzte Gruppe des J\u00fcdischen Milit\u00e4rverbands (<em>\u017bydowski Zwi\u0105zek Wojskowy<\/em>, \u017bZW) unter der Leitung von Pawe\u0142 Frenkel im Bunker in der Grzybowska-Stra\u00dfe ums Leben kam.<\/p>\n<p>W\u00e4hrend des deutsch-j\u00fcdischen Kampfes im Ghetto setzten die Deutschen insgesamt: 1174 Gewehre, 135 Maschinenpistolen, 69 leichte Maschinengewehre, 13 schwere Maschinengewehre, Kanonen, Flammenwerfer, 3 Panzerwagen und einen Panzer ein. Ihre milit\u00e4rische \u00dcberlegenheit war enorm. Die Aktion wurde zun\u00e4chst vom Warschauer SS- und Polizeif\u00fchrer, Oberst Ferdinand von Sammern-Frankenegg, befohlen. Doch am Nachmittag des 19. April, nach einer mehrst\u00fcndigen Unterbrechung der K\u00e4mpfe, \u00fcbernahm SS-General J\u00fcrgen Stroop das Kommando und die Deutschen drangen zum zweiten Mal in das Ghetto ein.<\/p>\n<p>Die j\u00fcdischen Aufst\u00e4ndischen bildeten keine einheitliche Untergrundorganisation. Sie k\u00e4mpften mit den Deutschen auf dem Ghettogel\u00e4nde im Rahmen von zwei getrennten Untergrundstrukturen \u2014 der J\u00fcdischen Kampforganisation (<em>\u017bydowska Organizacja Bojowa<\/em>, \u017bOB) unter der Leitung von Mordechaj Anielewicz, die politisch links orientiert war, und des bereits erw\u00e4hnten J\u00fcdischen Milit\u00e4rverbands, in dem sich rechtsgerichtete zionistisch-revisionistische Kr\u00e4fte zusammenschlossen und der etwa 150 Mitglieder z\u00e4hlte. Die erste dieser Organisationen mit etwa 500 K\u00e4mpfern hat den Kontakt mit der Heimatarmee (<em>Armia Krajowa<\/em>) aufgenommen, die versuchte, dem k\u00e4mpfenden Ghetto milit\u00e4risch zu helfen. Bei Ausbruch des Ghettoaufstands beteiligte sich auch die Volksgarde (<em>Gwardia Ludowa<\/em>) an der bewaffneten Aktion auf der arischen Seite. Leider brachten die Kampfhandlungen des polnischen Untergrunds (Codename &#8222;Getto&#8220;), die an den Ghettomauern und auf dem Ghettogel\u00e4nde durchgef\u00fchrt wurden, angesichts der deutschen \u00dcbermacht nicht die erwarteten Ergebnisse.<\/p>\n<p>Der langanhaltende Widerstand der j\u00fcdischen Aufst\u00e4ndischen war nicht nur ihrer Entschlossenheit und ihrem \u00fcberlegten Widerstand zu verdanken, sondern auch ihrem gro\u00dfen Einfallsreichtum bei Nahkampftaktiken unter st\u00e4dtischen Bedingungen. In den Berichten der Heimatarmee wird mit Bewunderung \u00fcber diesen st\u00e4dtischen Partisanenkampf berichtet. Das Ghetto wurde zu einem gro\u00dfen Labyrinth aus unterirdischen Schutzr\u00e4umen und Bunkern. Man sch\u00e4tzt, dass es sich um etwa 500 von ihnen handelte. Die einzige M\u00f6glichkeit, die Juden endg\u00fcltig zu besiegen, bestand also darin, sie zum Verlassen ihrer Verstecke zu zwingen, indem man ihre H\u00e4user systematisch in Brand setzte. Zuvor hatten die Deutschen das Licht und das Gas im Ghetto abgestellt und den Zugang zu Wasser abgeschnitten, w\u00e4hrend abgerichtete Hunde die Versteckten aufsp\u00fcrten. Am 26. April berichtete Stroop, dass sich das Niederbrennen von Geb\u00e4uden als \u201edie einzige und letzte Methode erwiesen hat, dieses Gesindel und diese Untermenschen an die Oberfl\u00e4che zu zwingen\u201d. Es ist bezeichnend, dass die Deutschen mit den Juden verhandelten, die Aufst\u00e4ndischen jedoch das deutsche Ultimatum, ihre Waffen niederzulegen, ablehnten.<\/p>\n<p>Als die Besatzer begannen, die Geb\u00e4ude des Ghettos zu verbrennen, wurde die Situation in den Bunkern f\u00fcr die j\u00fcdischen Menschen, die sich dort versteckt hielten, sehr schwierig. Stella Fidelseid berichtete nach dem Krieg: \u201eNach mehreren Stunden ging die Luft aus, die Kinder weinten f\u00fcrchterlich, die Frauen fielen in Ohnmacht, am Nachmittag ging das Licht aus, in der Dunkelheit nahm die Angst zu. Junge Leute begannen, mit Brechstangen L\u00f6cher in den Schornstein zu stechen, um Luft hineinzulassen. Aber nachdem ich das Loch durchsto\u00dfen hatte, schlugen Flammen aus dem Inneren&#8230;&#8220;.<\/p>\n<p>Stroop gab in seinen t\u00e4glichen Berichten an, dass vom 20. April bis zum 16. Mai 1943 56.065 Juden entdeckt und liquidiert wurden. Er gab an, dass etwa 7.000 an Ort und Stelle ermordet wurden, 6929 wurden nach Treblinka II geschickt, bis zu 6.000 starben im Kampf durch Vergiftung oder bei Br\u00e4nden. Die \u00fcbrigen, etwa 36.000, wurden in andere Lager (Poniatowa, Majdanek, Trawniki) gebracht. Historiker behaupten jedoch, dass die oben genannten Zahlen von den deutschen Streitkr\u00e4ften absichtlich zu hoch angesetzt wurden, weil sie irgendwie die anhaltende Unf\u00e4higkeit, den j\u00fcdischen Widerstand zu durchbrechen, erkl\u00e4rten. Im April 1943 befanden sich wahrscheinlich nicht mehr als 40.000 Menschen im Ghetto. Was die deutschen Verluste betrifft, so sind sie schwer zu sch\u00e4tzen. Die polnische Untergrundpresse schrieb von 86 get\u00f6teten Deutschen und 420 Verwundeten. Stroop hingegen gab in seinem Bericht die Zahl von 16 Toten und 85 Verwundeten an.<\/p>\n<p>Zum Symbol des heldenhaften Kampfes im Ghetto, der bis zum letzten Moment andauerte, wurde die Haltung der \u017bOB-Zentrale im Bunker in der Mi\u0142a-Stra\u00dfe. Als die Deutschen ihn am 8. Mai 1943 entdeckten und 5 der 6 Eing\u00e4nge blockierten, begingen viele K\u00e4mpfer Selbstmord oder baten einen Kampfgenossen um eine Kugel, um nicht in die H\u00e4nde der Deutschen zu fallen. Wie Cywia Lubetkin schreibt, \u201ewaren die Kampftruppen dort nur Untermieter. Die Gastgeber hier waren die so genannten &#8222;czumpi&#8220; \u2014 Leute aus der Warschauer Unterwelt. Sie gruben tief in den Boden, bauten einen gro\u00dfen und starken Bunker [&#8230;], ausgestattet mit Elektrizit\u00e4t, [&#8230;] einem Brunnen, Wasserversorgung, einer K\u00fcche, einem Leseraum und einem Raum f\u00fcr&#8230; Unterhaltung. [&#8230;] Der Bunker wurde von Szmul Oszer beherrscht, dem Anf\u00fchrer der Bande, einem gro\u00dfen, dickb\u00e4uchigen Riesen. [&#8230;]&#8220;. Nur eine kleine Gruppe \u00fcberlebte die deutsche Belagerung und verlie\u00df den Bunker durch den sechsten \u00a0Eingang, der von den Deutschen nicht entdeckt wurde.<\/p>\n<p>Das Ghetto h\u00f6rte in den deutschen Unterlagen offiziell am 16. Mai um 20.15 Uhr auf zu existieren, als Stroop als Symbol des deutschen Sieges die Sprengung der Gro\u00dfen Synagoge in der T\u0142omackie-Stra\u00dfe anordnete.<\/p>\n","protected":false},"excerpt":{"rendered":"<p>\u00a0Die Deutschen gingen davon aus, dass der bewaffnete Widerstand im Warschauer Ghetto nur 3 Tage andauern k\u00f6nnte. So viel Zeit hatten die deutschen Besatzer veranschlagt, um die j\u00fcdischen Aufst\u00e4ndischen milit\u00e4risch&hellip;<\/p>\n","protected":false},"author":7,"featured_media":14781,"comment_status":"closed","ping_status":"open","sticky":false,"template":"","format":"standard","meta":{"_mi_skip_tracking":false,"footnotes":""},"categories":[52],"tags":[],"class_list":["post-14785","post","type-post","status-publish","format-standard","has-post-thumbnail","hentry","category-geschichte"],"yoast_head":"<!-- This site is optimized with the Yoast SEO plugin v19.4 - https:\/\/yoast.com\/wordpress\/plugins\/seo\/ -->\n<title>\u201eEs lebe der Kampf auf Leben und Tod gegen die Besatzer\u201d. Aufstand im Warschauer Ghetto 1943 - W\u00fcrde - DignityNews.eu<\/title>\n<meta name=\"robots\" content=\"index, follow, max-snippet:-1, max-image-preview:large, max-video-preview:-1\" \/>\n<link rel=\"canonical\" href=\"https:\/\/dignitynews.eu\/de\/es-lebe-der-kampf-auf-leben-und-tod-gegen-die-besatzer-aufstand-im-warschauer-ghetto-1943\/\" \/>\n<meta property=\"og:locale\" content=\"de_DE\" \/>\n<meta property=\"og:type\" content=\"article\" \/>\n<meta property=\"og:title\" content=\"\u201eEs lebe der Kampf auf Leben und Tod gegen die Besatzer\u201d. Aufstand im Warschauer Ghetto 1943 - W\u00fcrde - DignityNews.eu\" \/>\n<meta property=\"og:description\" content=\"\u00a0Die Deutschen gingen davon aus, dass der bewaffnete Widerstand im Warschauer Ghetto nur 3 Tage andauern k\u00f6nnte. So viel Zeit hatten die deutschen Besatzer veranschlagt, um die j\u00fcdischen Aufst\u00e4ndischen milit\u00e4risch&hellip;\" \/>\n<meta property=\"og:url\" content=\"https:\/\/dignitynews.eu\/de\/es-lebe-der-kampf-auf-leben-und-tod-gegen-die-besatzer-aufstand-im-warschauer-ghetto-1943\/\" \/>\n<meta property=\"og:site_name\" content=\"W\u00fcrde - DignityNews.eu\" \/>\n<meta property=\"article:published_time\" content=\"2022-04-16T09:07:52+00:00\" \/>\n<meta property=\"article:modified_time\" content=\"2022-04-16T09:09:49+00:00\" \/>\n<meta property=\"og:image\" content=\"https:\/\/dignitynews.eu\/wp-content\/uploads\/2022\/04\/httpspl.wikipedia.orgwikiPowstanie_w_getcie_warszawskimmediaPlikStroop_Report_-_Warsaw_Ghetto_Uprising_03.jpg.jpg\" \/>\n\t<meta property=\"og:image:width\" content=\"1868\" \/>\n\t<meta property=\"og:image:height\" content=\"1289\" \/>\n\t<meta property=\"og:image:type\" content=\"image\/jpeg\" \/>\n<meta name=\"author\" content=\"Dignity News\" \/>\n<meta name=\"twitter:card\" content=\"summary_large_image\" \/>\n<meta name=\"twitter:label1\" content=\"Verfasst von\" \/>\n\t<meta name=\"twitter:data1\" content=\"Dignity News\" \/>\n\t<meta name=\"twitter:label2\" content=\"Gesch\u00e4tzte Lesezeit\" \/>\n\t<meta name=\"twitter:data2\" content=\"6\u00a0Minuten\" \/>\n<script type=\"application\/ld+json\" class=\"yoast-schema-graph\">{\"@context\":\"https:\/\/schema.org\",\"@graph\":[{\"@type\":\"WebSite\",\"@id\":\"https:\/\/dignitynews.eu\/pl\/#website\",\"url\":\"https:\/\/dignitynews.eu\/pl\/\",\"name\":\"W\u00fcrde - DignityNews.eu\",\"description\":\"\",\"potentialAction\":[{\"@type\":\"SearchAction\",\"target\":{\"@type\":\"EntryPoint\",\"urlTemplate\":\"https:\/\/dignitynews.eu\/pl\/?s={search_term_string}\"},\"query-input\":\"required name=search_term_string\"}],\"inLanguage\":\"de\"},{\"@type\":\"WebPage\",\"@id\":\"https:\/\/dignitynews.eu\/de\/es-lebe-der-kampf-auf-leben-und-tod-gegen-die-besatzer-aufstand-im-warschauer-ghetto-1943\/\",\"url\":\"https:\/\/dignitynews.eu\/de\/es-lebe-der-kampf-auf-leben-und-tod-gegen-die-besatzer-aufstand-im-warschauer-ghetto-1943\/\",\"name\":\"\u201eEs lebe der Kampf auf Leben und Tod gegen die Besatzer\u201d. Aufstand im Warschauer Ghetto 1943 - W\u00fcrde - DignityNews.eu\",\"isPartOf\":{\"@id\":\"https:\/\/dignitynews.eu\/pl\/#website\"},\"datePublished\":\"2022-04-16T09:07:52+00:00\",\"dateModified\":\"2022-04-16T09:09:49+00:00\",\"author\":{\"@id\":\"https:\/\/dignitynews.eu\/pl\/#\/schema\/person\/0b62b762b8174802fabc81a3ecb1bfcb\"},\"breadcrumb\":{\"@id\":\"https:\/\/dignitynews.eu\/de\/es-lebe-der-kampf-auf-leben-und-tod-gegen-die-besatzer-aufstand-im-warschauer-ghetto-1943\/#breadcrumb\"},\"inLanguage\":\"de\",\"potentialAction\":[{\"@type\":\"ReadAction\",\"target\":[\"https:\/\/dignitynews.eu\/de\/es-lebe-der-kampf-auf-leben-und-tod-gegen-die-besatzer-aufstand-im-warschauer-ghetto-1943\/\"]}]},{\"@type\":\"BreadcrumbList\",\"@id\":\"https:\/\/dignitynews.eu\/de\/es-lebe-der-kampf-auf-leben-und-tod-gegen-die-besatzer-aufstand-im-warschauer-ghetto-1943\/#breadcrumb\",\"itemListElement\":[{\"@type\":\"ListItem\",\"position\":1,\"name\":\"Strona g\u0142\u00f3wna\",\"item\":\"https:\/\/dignitynews.eu\/de\/\"},{\"@type\":\"ListItem\",\"position\":2,\"name\":\"\u201eEs lebe der Kampf auf Leben und Tod gegen die Besatzer\u201d. Aufstand im Warschauer Ghetto 1943\"}]},{\"@type\":\"Person\",\"@id\":\"https:\/\/dignitynews.eu\/pl\/#\/schema\/person\/0b62b762b8174802fabc81a3ecb1bfcb\",\"name\":\"Dignity News\",\"image\":{\"@type\":\"ImageObject\",\"inLanguage\":\"de\",\"@id\":\"https:\/\/dignitynews.eu\/pl\/#\/schema\/person\/image\/\",\"url\":\"https:\/\/secure.gravatar.com\/avatar\/97963171a6d9108f8381bbefb1c6b150c445b6ddd9e3077b96c86cf5892c85dc?s=96&d=mm&r=g\",\"contentUrl\":\"https:\/\/secure.gravatar.com\/avatar\/97963171a6d9108f8381bbefb1c6b150c445b6ddd9e3077b96c86cf5892c85dc?s=96&d=mm&r=g\",\"caption\":\"Dignity News\"},\"url\":\"https:\/\/dignitynews.eu\/de\/author\/mikolaj-palade\/\"}]}<\/script>\n<!-- \/ Yoast SEO plugin. -->","yoast_head_json":{"title":"\u201eEs lebe der Kampf auf Leben und Tod gegen die Besatzer\u201d. Aufstand im Warschauer Ghetto 1943 - W\u00fcrde - DignityNews.eu","robots":{"index":"index","follow":"follow","max-snippet":"max-snippet:-1","max-image-preview":"max-image-preview:large","max-video-preview":"max-video-preview:-1"},"canonical":"https:\/\/dignitynews.eu\/de\/es-lebe-der-kampf-auf-leben-und-tod-gegen-die-besatzer-aufstand-im-warschauer-ghetto-1943\/","og_locale":"de_DE","og_type":"article","og_title":"\u201eEs lebe der Kampf auf Leben und Tod gegen die Besatzer\u201d. Aufstand im Warschauer Ghetto 1943 - W\u00fcrde - DignityNews.eu","og_description":"\u00a0Die Deutschen gingen davon aus, dass der bewaffnete Widerstand im Warschauer Ghetto nur 3 Tage andauern k\u00f6nnte. So viel Zeit hatten die deutschen Besatzer veranschlagt, um die j\u00fcdischen Aufst\u00e4ndischen milit\u00e4risch&hellip;","og_url":"https:\/\/dignitynews.eu\/de\/es-lebe-der-kampf-auf-leben-und-tod-gegen-die-besatzer-aufstand-im-warschauer-ghetto-1943\/","og_site_name":"W\u00fcrde - DignityNews.eu","article_published_time":"2022-04-16T09:07:52+00:00","article_modified_time":"2022-04-16T09:09:49+00:00","og_image":[{"width":1868,"height":1289,"url":"https:\/\/dignitynews.eu\/wp-content\/uploads\/2022\/04\/httpspl.wikipedia.orgwikiPowstanie_w_getcie_warszawskimmediaPlikStroop_Report_-_Warsaw_Ghetto_Uprising_03.jpg.jpg","type":"image\/jpeg"}],"author":"Dignity News","twitter_card":"summary_large_image","twitter_misc":{"Verfasst von":"Dignity News","Gesch\u00e4tzte Lesezeit":"6\u00a0Minuten"},"schema":{"@context":"https:\/\/schema.org","@graph":[{"@type":"WebSite","@id":"https:\/\/dignitynews.eu\/pl\/#website","url":"https:\/\/dignitynews.eu\/pl\/","name":"W\u00fcrde - DignityNews.eu","description":"","potentialAction":[{"@type":"SearchAction","target":{"@type":"EntryPoint","urlTemplate":"https:\/\/dignitynews.eu\/pl\/?s={search_term_string}"},"query-input":"required name=search_term_string"}],"inLanguage":"de"},{"@type":"WebPage","@id":"https:\/\/dignitynews.eu\/de\/es-lebe-der-kampf-auf-leben-und-tod-gegen-die-besatzer-aufstand-im-warschauer-ghetto-1943\/","url":"https:\/\/dignitynews.eu\/de\/es-lebe-der-kampf-auf-leben-und-tod-gegen-die-besatzer-aufstand-im-warschauer-ghetto-1943\/","name":"\u201eEs lebe der Kampf auf Leben und Tod gegen die Besatzer\u201d. Aufstand im Warschauer Ghetto 1943 - W\u00fcrde - DignityNews.eu","isPartOf":{"@id":"https:\/\/dignitynews.eu\/pl\/#website"},"datePublished":"2022-04-16T09:07:52+00:00","dateModified":"2022-04-16T09:09:49+00:00","author":{"@id":"https:\/\/dignitynews.eu\/pl\/#\/schema\/person\/0b62b762b8174802fabc81a3ecb1bfcb"},"breadcrumb":{"@id":"https:\/\/dignitynews.eu\/de\/es-lebe-der-kampf-auf-leben-und-tod-gegen-die-besatzer-aufstand-im-warschauer-ghetto-1943\/#breadcrumb"},"inLanguage":"de","potentialAction":[{"@type":"ReadAction","target":["https:\/\/dignitynews.eu\/de\/es-lebe-der-kampf-auf-leben-und-tod-gegen-die-besatzer-aufstand-im-warschauer-ghetto-1943\/"]}]},{"@type":"BreadcrumbList","@id":"https:\/\/dignitynews.eu\/de\/es-lebe-der-kampf-auf-leben-und-tod-gegen-die-besatzer-aufstand-im-warschauer-ghetto-1943\/#breadcrumb","itemListElement":[{"@type":"ListItem","position":1,"name":"Strona g\u0142\u00f3wna","item":"https:\/\/dignitynews.eu\/de\/"},{"@type":"ListItem","position":2,"name":"\u201eEs lebe der Kampf auf Leben und Tod gegen die Besatzer\u201d. Aufstand im Warschauer Ghetto 1943"}]},{"@type":"Person","@id":"https:\/\/dignitynews.eu\/pl\/#\/schema\/person\/0b62b762b8174802fabc81a3ecb1bfcb","name":"Dignity News","image":{"@type":"ImageObject","inLanguage":"de","@id":"https:\/\/dignitynews.eu\/pl\/#\/schema\/person\/image\/","url":"https:\/\/secure.gravatar.com\/avatar\/97963171a6d9108f8381bbefb1c6b150c445b6ddd9e3077b96c86cf5892c85dc?s=96&d=mm&r=g","contentUrl":"https:\/\/secure.gravatar.com\/avatar\/97963171a6d9108f8381bbefb1c6b150c445b6ddd9e3077b96c86cf5892c85dc?s=96&d=mm&r=g","caption":"Dignity News"},"url":"https:\/\/dignitynews.eu\/de\/author\/mikolaj-palade\/"}]}},"_links":{"self":[{"href":"https:\/\/dignitynews.eu\/de\/wp-json\/wp\/v2\/posts\/14785","targetHints":{"allow":["GET"]}}],"collection":[{"href":"https:\/\/dignitynews.eu\/de\/wp-json\/wp\/v2\/posts"}],"about":[{"href":"https:\/\/dignitynews.eu\/de\/wp-json\/wp\/v2\/types\/post"}],"author":[{"embeddable":true,"href":"https:\/\/dignitynews.eu\/de\/wp-json\/wp\/v2\/users\/7"}],"replies":[{"embeddable":true,"href":"https:\/\/dignitynews.eu\/de\/wp-json\/wp\/v2\/comments?post=14785"}],"version-history":[{"count":1,"href":"https:\/\/dignitynews.eu\/de\/wp-json\/wp\/v2\/posts\/14785\/revisions"}],"predecessor-version":[{"id":14786,"href":"https:\/\/dignitynews.eu\/de\/wp-json\/wp\/v2\/posts\/14785\/revisions\/14786"}],"wp:featuredmedia":[{"embeddable":true,"href":"https:\/\/dignitynews.eu\/de\/wp-json\/wp\/v2\/media\/14781"}],"wp:attachment":[{"href":"https:\/\/dignitynews.eu\/de\/wp-json\/wp\/v2\/media?parent=14785"}],"wp:term":[{"taxonomy":"category","embeddable":true,"href":"https:\/\/dignitynews.eu\/de\/wp-json\/wp\/v2\/categories?post=14785"},{"taxonomy":"post_tag","embeddable":true,"href":"https:\/\/dignitynews.eu\/de\/wp-json\/wp\/v2\/tags?post=14785"}],"curies":[{"name":"wp","href":"https:\/\/api.w.org\/{rel}","templated":true}]}}