{"id":14712,"date":"2022-04-15T10:05:51","date_gmt":"2022-04-15T08:05:51","guid":{"rendered":"https:\/\/dignitynews.eu\/?p=14712"},"modified":"2022-04-15T19:48:34","modified_gmt":"2022-04-15T17:48:34","slug":"erste-raketeneinheit-des-narew-systems-bereits-in-diesem-jahr-in-polen","status":"publish","type":"post","link":"https:\/\/dignitynews.eu\/de\/erste-raketeneinheit-des-narew-systems-bereits-in-diesem-jahr-in-polen\/","title":{"rendered":"Erste Raketeneinheit des NAREW-Systems bereits in diesem Jahr in Polen"},"content":{"rendered":"<h5><strong>\u201eWir ziehen Schlussfolgerungen aus dem, was hinter unserer Ostgrenze geschieht. Es ist ganz klar, dass die Ukraine, die von Russland angegriffen wurde, sich tapfer verteidigt, aber sie verteidigt sich, weil sie darauf gut vorbereitet ist. Wir sehen die Bedeutung der Luftverteidigung, der Flugabwehr im Rahmen der gesamten Verteidigungsanstrengungen. Daher haben wir die Lieferung von Elementen des Kurzstrecken-Luftverteidigungssystems \u201eNarew\u201d an die polnische Armee erheblich beschleunigt\u201d, teilte Polens Verteidigungsminister Mariusz B\u0142aszczak mit.<\/strong><\/h5>\n<p>Am Donnerstag, dem 14. April, genehmigte Minister B\u0142aszczak am Sitz des Verteidigungsministeriums einen Vertrag \u00fcber die Lieferung von Elementen des Kurzstrecken-Luftverteidigungssystems im Rahmen des Programms \u201eNarew\u201d. Die Vertragsparteien sind die Staatskasse, vertreten durch die R\u00fcstungsagentur (poln. <em>Agencja Uzbrojenia<\/em>), und das Konsortium PGZ-Narew.<\/p>\n<p>In Zusammenarbeit mit der in- und ausl\u00e4ndischen R\u00fcstungsindustrie wurde die Entscheidung getroffen, Elemente des CAMM-Systems zu erwerben und diese mit polnischen Komponenten weiter zu integrieren.<\/p>\n<p>Wie das Verteidigungsministerium mitteilt, werden infolge des Vertrags zwei Feuereinheiten des Kurzstrecken-Luftverteidigungssystems erworben, von denen die erste bereits im September dieses Jahres an die polnischen Streitkr\u00e4fte ausgeliefert wird. Die zweite Feuereinheit soll zur Jahreswende 2022 und 2023 \u00fcbergeben werden. Neben den Flugabwehrsystemen sieht der Vertrag den Erwerb eines Ausbildungs- und Logistikpakets sowie die Unterst\u00fctzung des Auftragnehmers beim Betrieb der milit\u00e4rischen Ausr\u00fcstung vor.<\/p>\n<p>\u201eDie polnischen Kurzstrecken-Flugabwehrraketensysteme \u201ePiorun\u201d haben sich in der Ukraine bew\u00e4hrt. Die Patriot-Systeme haben ihren Ruf in der ganzen Welt gefestigt. In diesem Jahr werden die ersten Patriot-Sets an die polnischen Armee geliefert. Im September wird die erste Feuereinheit des Systems \u201eNarew&#8220; die Ausr\u00fcstung der polnischen Armee erg\u00e4nzen, die zweite zur Jahreswende. Diese Zwischenstufe hat uns gefehlt, und nun f\u00fcllen wir diese L\u00fccke\u201d, sagte der Leiter des Verteidigungsministeriums.<\/p>\n<p>Der Verteidigungsminister betonte, dass die Beschleunigung der Lieferungen dank der guten Zusammenarbeit sowohl mit dem britischen Partner als auch mit der heimischen R\u00fcstungsindustrie m\u00f6glich sei.<\/p>\n<p>Adrian Andrzejewski<\/p>\n","protected":false},"excerpt":{"rendered":"<p>\u201eWir ziehen Schlussfolgerungen aus dem, was hinter unserer Ostgrenze geschieht. Es ist ganz klar, dass die Ukraine, die von Russland angegriffen wurde, sich tapfer verteidigt, aber sie verteidigt sich, weil&hellip;<\/p>\n","protected":false},"author":7,"featured_media":14655,"comment_status":"closed","ping_status":"open","sticky":false,"template":"","format":"standard","meta":{"_mi_skip_tracking":false,"footnotes":""},"categories":[53],"tags":[],"class_list":["post-14712","post","type-post","status-publish","format-standard","has-post-thumbnail","hentry","category-nachrichten"],"yoast_head":"<!-- This site is optimized with the Yoast SEO plugin v19.4 - https:\/\/yoast.com\/wordpress\/plugins\/seo\/ -->\n<title>Erste Raketeneinheit des NAREW-Systems bereits in diesem Jahr in Polen - W\u00fcrde - DignityNews.eu<\/title>\n<meta name=\"robots\" content=\"index, follow, max-snippet:-1, max-image-preview:large, max-video-preview:-1\" \/>\n<link rel=\"canonical\" href=\"https:\/\/dignitynews.eu\/de\/erste-raketeneinheit-des-narew-systems-bereits-in-diesem-jahr-in-polen\/\" \/>\n<meta property=\"og:locale\" content=\"de_DE\" \/>\n<meta property=\"og:type\" content=\"article\" \/>\n<meta property=\"og:title\" content=\"Erste Raketeneinheit des NAREW-Systems bereits in diesem Jahr in Polen - W\u00fcrde - DignityNews.eu\" \/>\n<meta property=\"og:description\" content=\"\u201eWir ziehen Schlussfolgerungen aus dem, was hinter unserer Ostgrenze geschieht. Es ist ganz klar, dass die Ukraine, die von Russland angegriffen wurde, sich tapfer verteidigt, aber sie verteidigt sich, weil&hellip;\" \/>\n<meta property=\"og:url\" content=\"https:\/\/dignitynews.eu\/de\/erste-raketeneinheit-des-narew-systems-bereits-in-diesem-jahr-in-polen\/\" \/>\n<meta property=\"og:site_name\" content=\"W\u00fcrde - DignityNews.eu\" \/>\n<meta property=\"article:published_time\" content=\"2022-04-15T08:05:51+00:00\" \/>\n<meta property=\"article:modified_time\" content=\"2022-04-15T17:48:34+00:00\" \/>\n<meta property=\"og:image\" content=\"https:\/\/dignitynews.eu\/wp-content\/uploads\/2022\/04\/NAREW-fot.-Leszek-Chemperek-MON-1024x576.jpg\" \/>\n\t<meta property=\"og:image:width\" content=\"1024\" \/>\n\t<meta property=\"og:image:height\" content=\"576\" \/>\n\t<meta property=\"og:image:type\" content=\"image\/jpeg\" \/>\n<meta name=\"author\" content=\"Dignity News\" \/>\n<meta name=\"twitter:card\" content=\"summary_large_image\" \/>\n<meta name=\"twitter:label1\" content=\"Verfasst von\" \/>\n\t<meta name=\"twitter:data1\" content=\"Dignity News\" \/>\n\t<meta name=\"twitter:label2\" content=\"Gesch\u00e4tzte Lesezeit\" \/>\n\t<meta name=\"twitter:data2\" content=\"2\u00a0Minuten\" \/>\n<script type=\"application\/ld+json\" class=\"yoast-schema-graph\">{\"@context\":\"https:\/\/schema.org\",\"@graph\":[{\"@type\":\"WebSite\",\"@id\":\"https:\/\/dignitynews.eu\/pl\/#website\",\"url\":\"https:\/\/dignitynews.eu\/pl\/\",\"name\":\"W\u00fcrde - DignityNews.eu\",\"description\":\"\",\"potentialAction\":[{\"@type\":\"SearchAction\",\"target\":{\"@type\":\"EntryPoint\",\"urlTemplate\":\"https:\/\/dignitynews.eu\/pl\/?s={search_term_string}\"},\"query-input\":\"required name=search_term_string\"}],\"inLanguage\":\"de\"},{\"@type\":\"WebPage\",\"@id\":\"https:\/\/dignitynews.eu\/de\/erste-raketeneinheit-des-narew-systems-bereits-in-diesem-jahr-in-polen\/\",\"url\":\"https:\/\/dignitynews.eu\/de\/erste-raketeneinheit-des-narew-systems-bereits-in-diesem-jahr-in-polen\/\",\"name\":\"Erste Raketeneinheit des NAREW-Systems bereits in diesem Jahr in Polen - W\u00fcrde - DignityNews.eu\",\"isPartOf\":{\"@id\":\"https:\/\/dignitynews.eu\/pl\/#website\"},\"datePublished\":\"2022-04-15T08:05:51+00:00\",\"dateModified\":\"2022-04-15T17:48:34+00:00\",\"author\":{\"@id\":\"https:\/\/dignitynews.eu\/pl\/#\/schema\/person\/0b62b762b8174802fabc81a3ecb1bfcb\"},\"breadcrumb\":{\"@id\":\"https:\/\/dignitynews.eu\/de\/erste-raketeneinheit-des-narew-systems-bereits-in-diesem-jahr-in-polen\/#breadcrumb\"},\"inLanguage\":\"de\",\"potentialAction\":[{\"@type\":\"ReadAction\",\"target\":[\"https:\/\/dignitynews.eu\/de\/erste-raketeneinheit-des-narew-systems-bereits-in-diesem-jahr-in-polen\/\"]}]},{\"@type\":\"BreadcrumbList\",\"@id\":\"https:\/\/dignitynews.eu\/de\/erste-raketeneinheit-des-narew-systems-bereits-in-diesem-jahr-in-polen\/#breadcrumb\",\"itemListElement\":[{\"@type\":\"ListItem\",\"position\":1,\"name\":\"Strona g\u0142\u00f3wna\",\"item\":\"https:\/\/dignitynews.eu\/de\/\"},{\"@type\":\"ListItem\",\"position\":2,\"name\":\"Erste Raketeneinheit des NAREW-Systems bereits in diesem Jahr in Polen\"}]},{\"@type\":\"Person\",\"@id\":\"https:\/\/dignitynews.eu\/pl\/#\/schema\/person\/0b62b762b8174802fabc81a3ecb1bfcb\",\"name\":\"Dignity News\",\"image\":{\"@type\":\"ImageObject\",\"inLanguage\":\"de\",\"@id\":\"https:\/\/dignitynews.eu\/pl\/#\/schema\/person\/image\/\",\"url\":\"https:\/\/secure.gravatar.com\/avatar\/97963171a6d9108f8381bbefb1c6b150c445b6ddd9e3077b96c86cf5892c85dc?s=96&d=mm&r=g\",\"contentUrl\":\"https:\/\/secure.gravatar.com\/avatar\/97963171a6d9108f8381bbefb1c6b150c445b6ddd9e3077b96c86cf5892c85dc?s=96&d=mm&r=g\",\"caption\":\"Dignity News\"},\"url\":\"https:\/\/dignitynews.eu\/de\/author\/mikolaj-palade\/\"}]}<\/script>\n<!-- \/ Yoast SEO plugin. -->","yoast_head_json":{"title":"Erste Raketeneinheit des NAREW-Systems bereits in diesem Jahr in Polen - W\u00fcrde - DignityNews.eu","robots":{"index":"index","follow":"follow","max-snippet":"max-snippet:-1","max-image-preview":"max-image-preview:large","max-video-preview":"max-video-preview:-1"},"canonical":"https:\/\/dignitynews.eu\/de\/erste-raketeneinheit-des-narew-systems-bereits-in-diesem-jahr-in-polen\/","og_locale":"de_DE","og_type":"article","og_title":"Erste Raketeneinheit des NAREW-Systems bereits in diesem Jahr in Polen - W\u00fcrde - DignityNews.eu","og_description":"\u201eWir ziehen Schlussfolgerungen aus dem, was hinter unserer Ostgrenze geschieht. Es ist ganz klar, dass die Ukraine, die von Russland angegriffen wurde, sich tapfer verteidigt, aber sie verteidigt sich, weil&hellip;","og_url":"https:\/\/dignitynews.eu\/de\/erste-raketeneinheit-des-narew-systems-bereits-in-diesem-jahr-in-polen\/","og_site_name":"W\u00fcrde - DignityNews.eu","article_published_time":"2022-04-15T08:05:51+00:00","article_modified_time":"2022-04-15T17:48:34+00:00","og_image":[{"width":1024,"height":576,"url":"https:\/\/dignitynews.eu\/wp-content\/uploads\/2022\/04\/NAREW-fot.-Leszek-Chemperek-MON-1024x576.jpg","type":"image\/jpeg"}],"author":"Dignity News","twitter_card":"summary_large_image","twitter_misc":{"Verfasst von":"Dignity News","Gesch\u00e4tzte Lesezeit":"2\u00a0Minuten"},"schema":{"@context":"https:\/\/schema.org","@graph":[{"@type":"WebSite","@id":"https:\/\/dignitynews.eu\/pl\/#website","url":"https:\/\/dignitynews.eu\/pl\/","name":"W\u00fcrde - DignityNews.eu","description":"","potentialAction":[{"@type":"SearchAction","target":{"@type":"EntryPoint","urlTemplate":"https:\/\/dignitynews.eu\/pl\/?s={search_term_string}"},"query-input":"required name=search_term_string"}],"inLanguage":"de"},{"@type":"WebPage","@id":"https:\/\/dignitynews.eu\/de\/erste-raketeneinheit-des-narew-systems-bereits-in-diesem-jahr-in-polen\/","url":"https:\/\/dignitynews.eu\/de\/erste-raketeneinheit-des-narew-systems-bereits-in-diesem-jahr-in-polen\/","name":"Erste Raketeneinheit des NAREW-Systems bereits in diesem Jahr in Polen - W\u00fcrde - DignityNews.eu","isPartOf":{"@id":"https:\/\/dignitynews.eu\/pl\/#website"},"datePublished":"2022-04-15T08:05:51+00:00","dateModified":"2022-04-15T17:48:34+00:00","author":{"@id":"https:\/\/dignitynews.eu\/pl\/#\/schema\/person\/0b62b762b8174802fabc81a3ecb1bfcb"},"breadcrumb":{"@id":"https:\/\/dignitynews.eu\/de\/erste-raketeneinheit-des-narew-systems-bereits-in-diesem-jahr-in-polen\/#breadcrumb"},"inLanguage":"de","potentialAction":[{"@type":"ReadAction","target":["https:\/\/dignitynews.eu\/de\/erste-raketeneinheit-des-narew-systems-bereits-in-diesem-jahr-in-polen\/"]}]},{"@type":"BreadcrumbList","@id":"https:\/\/dignitynews.eu\/de\/erste-raketeneinheit-des-narew-systems-bereits-in-diesem-jahr-in-polen\/#breadcrumb","itemListElement":[{"@type":"ListItem","position":1,"name":"Strona g\u0142\u00f3wna","item":"https:\/\/dignitynews.eu\/de\/"},{"@type":"ListItem","position":2,"name":"Erste Raketeneinheit des NAREW-Systems bereits in diesem Jahr in Polen"}]},{"@type":"Person","@id":"https:\/\/dignitynews.eu\/pl\/#\/schema\/person\/0b62b762b8174802fabc81a3ecb1bfcb","name":"Dignity News","image":{"@type":"ImageObject","inLanguage":"de","@id":"https:\/\/dignitynews.eu\/pl\/#\/schema\/person\/image\/","url":"https:\/\/secure.gravatar.com\/avatar\/97963171a6d9108f8381bbefb1c6b150c445b6ddd9e3077b96c86cf5892c85dc?s=96&d=mm&r=g","contentUrl":"https:\/\/secure.gravatar.com\/avatar\/97963171a6d9108f8381bbefb1c6b150c445b6ddd9e3077b96c86cf5892c85dc?s=96&d=mm&r=g","caption":"Dignity News"},"url":"https:\/\/dignitynews.eu\/de\/author\/mikolaj-palade\/"}]}},"_links":{"self":[{"href":"https:\/\/dignitynews.eu\/de\/wp-json\/wp\/v2\/posts\/14712","targetHints":{"allow":["GET"]}}],"collection":[{"href":"https:\/\/dignitynews.eu\/de\/wp-json\/wp\/v2\/posts"}],"about":[{"href":"https:\/\/dignitynews.eu\/de\/wp-json\/wp\/v2\/types\/post"}],"author":[{"embeddable":true,"href":"https:\/\/dignitynews.eu\/de\/wp-json\/wp\/v2\/users\/7"}],"replies":[{"embeddable":true,"href":"https:\/\/dignitynews.eu\/de\/wp-json\/wp\/v2\/comments?post=14712"}],"version-history":[{"count":1,"href":"https:\/\/dignitynews.eu\/de\/wp-json\/wp\/v2\/posts\/14712\/revisions"}],"predecessor-version":[{"id":14713,"href":"https:\/\/dignitynews.eu\/de\/wp-json\/wp\/v2\/posts\/14712\/revisions\/14713"}],"wp:featuredmedia":[{"embeddable":true,"href":"https:\/\/dignitynews.eu\/de\/wp-json\/wp\/v2\/media\/14655"}],"wp:attachment":[{"href":"https:\/\/dignitynews.eu\/de\/wp-json\/wp\/v2\/media?parent=14712"}],"wp:term":[{"taxonomy":"category","embeddable":true,"href":"https:\/\/dignitynews.eu\/de\/wp-json\/wp\/v2\/categories?post=14712"},{"taxonomy":"post_tag","embeddable":true,"href":"https:\/\/dignitynews.eu\/de\/wp-json\/wp\/v2\/tags?post=14712"}],"curies":[{"name":"wp","href":"https:\/\/api.w.org\/{rel}","templated":true}]}}