{"id":14608,"date":"2022-04-14T11:47:28","date_gmt":"2022-04-14T09:47:28","guid":{"rendered":"https:\/\/dignitynews.eu\/?p=14608"},"modified":"2022-04-14T18:05:00","modified_gmt":"2022-04-14T16:05:00","slug":"narzissen-kampagne-zum-79-jahrestag-des-aufstands-im-warschauer-ghetto","status":"publish","type":"post","link":"https:\/\/dignitynews.eu\/de\/narzissen-kampagne-zum-79-jahrestag-des-aufstands-im-warschauer-ghetto\/","title":{"rendered":"Narzissen-Kampagne zum 79. Jahrestag des Aufstands im Warschauer Ghetto"},"content":{"rendered":"<h5><strong>Das Museum der Geschichte der polnischen Juden POLIN l\u00e4<\/strong><strong>dt zur Teilnahme an der sozialp\u00e4dagogischen Jubil\u00e4umskampagne \u201eNarzissen\u201d ein. Das diesj\u00e4hrige Leitmotiv der Kampagne ist die Liebe, um die sich das Veranstaltungsprogramm dreht, das sowohl online als auch vor Ort stattfindet. \u201eAm 19. April j\u00e4hrt sich zum 79. Mal der Ausbruch des Aufstands im Warschauer Ghetto. An diesem Tag wird uns in ganz Polen die Erinnerung verbinden, deren Symbol seit zehn Jahren die Narzisse ist\u201d, hei\u00dft es in der Pressemitteilung.<\/strong><\/h5>\n<p>Das Museum unterstreicht auch die Bedeutung zeitloser und universeller Haltungen, die viel mit der Liebe gemeinsam haben: die Empfindlichkeit f\u00fcr den Schaden, der anderen zugef\u00fcgt wird, und die Hingabe an diejenigen, die in Not sind.<\/p>\n<p>\u201eDie Narzissen-Kampagne ist eine Hommage an die K\u00e4mpfer und Zivilisten, die sich vor 79 Jahren in einer besetzten Stadt ihren Unterdr\u00fcckern entgegenstellten, ohne Hoffnung auf milit\u00e4rischen Erfolg. Die diesj\u00e4hrige Ausgabe findet zu einer Zeit statt, in der jenseits unserer Grenze ein weiterer blutiger Konflikt ausgebrochen ist. Es ist daher selbstverst\u00e4ndlich, dass wir die Liebe auch in der Dimension des zeitlosen Widerstands gegen den Krieg demonstrieren; Wir sind gegen die Aggression, wir sind auf der Seite der Opfer. Wir d\u00fcrfen nicht vergessen und dem B\u00f6sen nicht gleichg\u00fcltig gegen\u00fcberstehen\u201d, erkl\u00e4rt Zygmunt St\u0119pi\u0144ski, Direktor des POLIN-Museums.<\/p>\n<p>Das Programm der Veranstaltungen im Rahmen der Narzissen-Kampagne dreht sich um das Thema Liebe \u2014 einschlie\u00dflich Geschwisterliebe, romantische Liebe und elterliche Liebe. Die Botschafter der diesj\u00e4hrigen Aktion sind Irena Santor, Krzysztof Gonciarz, Eliza Rycembel, Janusz Gajos, Andrzej Piaseczny und Aleksandra Pop\u0142awska.<\/p>\n<p>Die Narzisse ist dank Marek Edelman zu einem Symbol des Respekts und des Gedenkens an den Aufstand geworden. Der letzte \u00fcberlebende Kommandeur des Aufstands im Warschauer Ghetto legte an jedem Jahrestag des Aufstandes einen Strau\u00df gelber Blumen am Denkmal f\u00fcr die Helden des Warschauer Ghettos in Muran\u00f3w nieder. Die vom POLIN-Museum organisierte Kampagne zielt darauf ab, dieses Symbol zu verbreiten und das Wissen \u00fcber den Aufstand selbst zu vertiefen.<\/p>\n<p>Arkadiusz S\u0142omczy\u0144ski<\/p>\n","protected":false},"excerpt":{"rendered":"<p>Das Museum der Geschichte der polnischen Juden POLIN l\u00e4dt zur Teilnahme an der sozialp\u00e4dagogischen Jubil\u00e4umskampagne \u201eNarzissen\u201d ein. Das diesj\u00e4hrige Leitmotiv der Kampagne ist die Liebe, um die sich das Veranstaltungsprogramm&hellip;<\/p>\n","protected":false},"author":7,"featured_media":14476,"comment_status":"closed","ping_status":"open","sticky":false,"template":"","format":"standard","meta":{"_mi_skip_tracking":false,"footnotes":""},"categories":[53],"tags":[],"class_list":["post-14608","post","type-post","status-publish","format-standard","has-post-thumbnail","hentry","category-nachrichten"],"yoast_head":"<!-- This site is optimized with the Yoast SEO plugin v19.4 - https:\/\/yoast.com\/wordpress\/plugins\/seo\/ -->\n<title>Narzissen-Kampagne zum 79. Jahrestag des Aufstands im Warschauer Ghetto - W\u00fcrde - DignityNews.eu<\/title>\n<meta name=\"robots\" content=\"index, follow, max-snippet:-1, max-image-preview:large, max-video-preview:-1\" \/>\n<link rel=\"canonical\" href=\"https:\/\/dignitynews.eu\/de\/narzissen-kampagne-zum-79-jahrestag-des-aufstands-im-warschauer-ghetto\/\" \/>\n<meta property=\"og:locale\" content=\"de_DE\" \/>\n<meta property=\"og:type\" content=\"article\" \/>\n<meta property=\"og:title\" content=\"Narzissen-Kampagne zum 79. Jahrestag des Aufstands im Warschauer Ghetto - W\u00fcrde - DignityNews.eu\" \/>\n<meta property=\"og:description\" content=\"Das Museum der Geschichte der polnischen Juden POLIN l\u00e4dt zur Teilnahme an der sozialp\u00e4dagogischen Jubil\u00e4umskampagne \u201eNarzissen\u201d ein. Das diesj\u00e4hrige Leitmotiv der Kampagne ist die Liebe, um die sich das Veranstaltungsprogramm&hellip;\" \/>\n<meta property=\"og:url\" content=\"https:\/\/dignitynews.eu\/de\/narzissen-kampagne-zum-79-jahrestag-des-aufstands-im-warschauer-ghetto\/\" \/>\n<meta property=\"og:site_name\" content=\"W\u00fcrde - DignityNews.eu\" \/>\n<meta property=\"article:published_time\" content=\"2022-04-14T09:47:28+00:00\" \/>\n<meta property=\"article:modified_time\" content=\"2022-04-14T16:05:00+00:00\" \/>\n<meta property=\"og:image\" content=\"https:\/\/dignitynews.eu\/wp-content\/uploads\/2022\/04\/Akcja-spoleczno-edukacyjna-Zonkile-fot.-Muzeum-Historii-Zydow-Polskich-POLIN_.png\" \/>\n\t<meta property=\"og:image:width\" content=\"1158\" \/>\n\t<meta property=\"og:image:height\" content=\"794\" \/>\n\t<meta property=\"og:image:type\" content=\"image\/png\" \/>\n<meta name=\"author\" content=\"Dignity News\" \/>\n<meta name=\"twitter:card\" content=\"summary_large_image\" \/>\n<meta name=\"twitter:label1\" content=\"Verfasst von\" \/>\n\t<meta name=\"twitter:data1\" content=\"Dignity News\" \/>\n\t<meta name=\"twitter:label2\" content=\"Gesch\u00e4tzte Lesezeit\" \/>\n\t<meta name=\"twitter:data2\" content=\"2\u00a0Minuten\" \/>\n<script type=\"application\/ld+json\" class=\"yoast-schema-graph\">{\"@context\":\"https:\/\/schema.org\",\"@graph\":[{\"@type\":\"WebSite\",\"@id\":\"https:\/\/dignitynews.eu\/pl\/#website\",\"url\":\"https:\/\/dignitynews.eu\/pl\/\",\"name\":\"W\u00fcrde - DignityNews.eu\",\"description\":\"\",\"potentialAction\":[{\"@type\":\"SearchAction\",\"target\":{\"@type\":\"EntryPoint\",\"urlTemplate\":\"https:\/\/dignitynews.eu\/pl\/?s={search_term_string}\"},\"query-input\":\"required name=search_term_string\"}],\"inLanguage\":\"de\"},{\"@type\":\"WebPage\",\"@id\":\"https:\/\/dignitynews.eu\/de\/narzissen-kampagne-zum-79-jahrestag-des-aufstands-im-warschauer-ghetto\/\",\"url\":\"https:\/\/dignitynews.eu\/de\/narzissen-kampagne-zum-79-jahrestag-des-aufstands-im-warschauer-ghetto\/\",\"name\":\"Narzissen-Kampagne zum 79. Jahrestag des Aufstands im Warschauer Ghetto - W\u00fcrde - DignityNews.eu\",\"isPartOf\":{\"@id\":\"https:\/\/dignitynews.eu\/pl\/#website\"},\"datePublished\":\"2022-04-14T09:47:28+00:00\",\"dateModified\":\"2022-04-14T16:05:00+00:00\",\"author\":{\"@id\":\"https:\/\/dignitynews.eu\/pl\/#\/schema\/person\/0b62b762b8174802fabc81a3ecb1bfcb\"},\"breadcrumb\":{\"@id\":\"https:\/\/dignitynews.eu\/de\/narzissen-kampagne-zum-79-jahrestag-des-aufstands-im-warschauer-ghetto\/#breadcrumb\"},\"inLanguage\":\"de\",\"potentialAction\":[{\"@type\":\"ReadAction\",\"target\":[\"https:\/\/dignitynews.eu\/de\/narzissen-kampagne-zum-79-jahrestag-des-aufstands-im-warschauer-ghetto\/\"]}]},{\"@type\":\"BreadcrumbList\",\"@id\":\"https:\/\/dignitynews.eu\/de\/narzissen-kampagne-zum-79-jahrestag-des-aufstands-im-warschauer-ghetto\/#breadcrumb\",\"itemListElement\":[{\"@type\":\"ListItem\",\"position\":1,\"name\":\"Strona g\u0142\u00f3wna\",\"item\":\"https:\/\/dignitynews.eu\/de\/\"},{\"@type\":\"ListItem\",\"position\":2,\"name\":\"Narzissen-Kampagne zum 79. Jahrestag des Aufstands im Warschauer Ghetto\"}]},{\"@type\":\"Person\",\"@id\":\"https:\/\/dignitynews.eu\/pl\/#\/schema\/person\/0b62b762b8174802fabc81a3ecb1bfcb\",\"name\":\"Dignity News\",\"image\":{\"@type\":\"ImageObject\",\"inLanguage\":\"de\",\"@id\":\"https:\/\/dignitynews.eu\/pl\/#\/schema\/person\/image\/\",\"url\":\"https:\/\/secure.gravatar.com\/avatar\/97963171a6d9108f8381bbefb1c6b150c445b6ddd9e3077b96c86cf5892c85dc?s=96&d=mm&r=g\",\"contentUrl\":\"https:\/\/secure.gravatar.com\/avatar\/97963171a6d9108f8381bbefb1c6b150c445b6ddd9e3077b96c86cf5892c85dc?s=96&d=mm&r=g\",\"caption\":\"Dignity News\"},\"url\":\"https:\/\/dignitynews.eu\/de\/author\/mikolaj-palade\/\"}]}<\/script>\n<!-- \/ Yoast SEO plugin. -->","yoast_head_json":{"title":"Narzissen-Kampagne zum 79. Jahrestag des Aufstands im Warschauer Ghetto - W\u00fcrde - DignityNews.eu","robots":{"index":"index","follow":"follow","max-snippet":"max-snippet:-1","max-image-preview":"max-image-preview:large","max-video-preview":"max-video-preview:-1"},"canonical":"https:\/\/dignitynews.eu\/de\/narzissen-kampagne-zum-79-jahrestag-des-aufstands-im-warschauer-ghetto\/","og_locale":"de_DE","og_type":"article","og_title":"Narzissen-Kampagne zum 79. Jahrestag des Aufstands im Warschauer Ghetto - W\u00fcrde - DignityNews.eu","og_description":"Das Museum der Geschichte der polnischen Juden POLIN l\u00e4dt zur Teilnahme an der sozialp\u00e4dagogischen Jubil\u00e4umskampagne \u201eNarzissen\u201d ein. Das diesj\u00e4hrige Leitmotiv der Kampagne ist die Liebe, um die sich das Veranstaltungsprogramm&hellip;","og_url":"https:\/\/dignitynews.eu\/de\/narzissen-kampagne-zum-79-jahrestag-des-aufstands-im-warschauer-ghetto\/","og_site_name":"W\u00fcrde - DignityNews.eu","article_published_time":"2022-04-14T09:47:28+00:00","article_modified_time":"2022-04-14T16:05:00+00:00","og_image":[{"width":1158,"height":794,"url":"https:\/\/dignitynews.eu\/wp-content\/uploads\/2022\/04\/Akcja-spoleczno-edukacyjna-Zonkile-fot.-Muzeum-Historii-Zydow-Polskich-POLIN_.png","type":"image\/png"}],"author":"Dignity News","twitter_card":"summary_large_image","twitter_misc":{"Verfasst von":"Dignity News","Gesch\u00e4tzte Lesezeit":"2\u00a0Minuten"},"schema":{"@context":"https:\/\/schema.org","@graph":[{"@type":"WebSite","@id":"https:\/\/dignitynews.eu\/pl\/#website","url":"https:\/\/dignitynews.eu\/pl\/","name":"W\u00fcrde - DignityNews.eu","description":"","potentialAction":[{"@type":"SearchAction","target":{"@type":"EntryPoint","urlTemplate":"https:\/\/dignitynews.eu\/pl\/?s={search_term_string}"},"query-input":"required name=search_term_string"}],"inLanguage":"de"},{"@type":"WebPage","@id":"https:\/\/dignitynews.eu\/de\/narzissen-kampagne-zum-79-jahrestag-des-aufstands-im-warschauer-ghetto\/","url":"https:\/\/dignitynews.eu\/de\/narzissen-kampagne-zum-79-jahrestag-des-aufstands-im-warschauer-ghetto\/","name":"Narzissen-Kampagne zum 79. Jahrestag des Aufstands im Warschauer Ghetto - W\u00fcrde - DignityNews.eu","isPartOf":{"@id":"https:\/\/dignitynews.eu\/pl\/#website"},"datePublished":"2022-04-14T09:47:28+00:00","dateModified":"2022-04-14T16:05:00+00:00","author":{"@id":"https:\/\/dignitynews.eu\/pl\/#\/schema\/person\/0b62b762b8174802fabc81a3ecb1bfcb"},"breadcrumb":{"@id":"https:\/\/dignitynews.eu\/de\/narzissen-kampagne-zum-79-jahrestag-des-aufstands-im-warschauer-ghetto\/#breadcrumb"},"inLanguage":"de","potentialAction":[{"@type":"ReadAction","target":["https:\/\/dignitynews.eu\/de\/narzissen-kampagne-zum-79-jahrestag-des-aufstands-im-warschauer-ghetto\/"]}]},{"@type":"BreadcrumbList","@id":"https:\/\/dignitynews.eu\/de\/narzissen-kampagne-zum-79-jahrestag-des-aufstands-im-warschauer-ghetto\/#breadcrumb","itemListElement":[{"@type":"ListItem","position":1,"name":"Strona g\u0142\u00f3wna","item":"https:\/\/dignitynews.eu\/de\/"},{"@type":"ListItem","position":2,"name":"Narzissen-Kampagne zum 79. Jahrestag des Aufstands im Warschauer Ghetto"}]},{"@type":"Person","@id":"https:\/\/dignitynews.eu\/pl\/#\/schema\/person\/0b62b762b8174802fabc81a3ecb1bfcb","name":"Dignity News","image":{"@type":"ImageObject","inLanguage":"de","@id":"https:\/\/dignitynews.eu\/pl\/#\/schema\/person\/image\/","url":"https:\/\/secure.gravatar.com\/avatar\/97963171a6d9108f8381bbefb1c6b150c445b6ddd9e3077b96c86cf5892c85dc?s=96&d=mm&r=g","contentUrl":"https:\/\/secure.gravatar.com\/avatar\/97963171a6d9108f8381bbefb1c6b150c445b6ddd9e3077b96c86cf5892c85dc?s=96&d=mm&r=g","caption":"Dignity News"},"url":"https:\/\/dignitynews.eu\/de\/author\/mikolaj-palade\/"}]}},"_links":{"self":[{"href":"https:\/\/dignitynews.eu\/de\/wp-json\/wp\/v2\/posts\/14608","targetHints":{"allow":["GET"]}}],"collection":[{"href":"https:\/\/dignitynews.eu\/de\/wp-json\/wp\/v2\/posts"}],"about":[{"href":"https:\/\/dignitynews.eu\/de\/wp-json\/wp\/v2\/types\/post"}],"author":[{"embeddable":true,"href":"https:\/\/dignitynews.eu\/de\/wp-json\/wp\/v2\/users\/7"}],"replies":[{"embeddable":true,"href":"https:\/\/dignitynews.eu\/de\/wp-json\/wp\/v2\/comments?post=14608"}],"version-history":[{"count":1,"href":"https:\/\/dignitynews.eu\/de\/wp-json\/wp\/v2\/posts\/14608\/revisions"}],"predecessor-version":[{"id":14609,"href":"https:\/\/dignitynews.eu\/de\/wp-json\/wp\/v2\/posts\/14608\/revisions\/14609"}],"wp:featuredmedia":[{"embeddable":true,"href":"https:\/\/dignitynews.eu\/de\/wp-json\/wp\/v2\/media\/14476"}],"wp:attachment":[{"href":"https:\/\/dignitynews.eu\/de\/wp-json\/wp\/v2\/media?parent=14608"}],"wp:term":[{"taxonomy":"category","embeddable":true,"href":"https:\/\/dignitynews.eu\/de\/wp-json\/wp\/v2\/categories?post=14608"},{"taxonomy":"post_tag","embeddable":true,"href":"https:\/\/dignitynews.eu\/de\/wp-json\/wp\/v2\/tags?post=14608"}],"curies":[{"name":"wp","href":"https:\/\/api.w.org\/{rel}","templated":true}]}}