{"id":14378,"date":"2022-04-13T10:41:20","date_gmt":"2022-04-13T08:41:20","guid":{"rendered":"https:\/\/dignitynews.eu\/?p=14378"},"modified":"2022-04-13T15:54:00","modified_gmt":"2022-04-13T13:54:00","slug":"praesidenten-von-polen-litauen-lettland-und-estland-auf-dem-weg-nach-kiew","status":"publish","type":"post","link":"https:\/\/dignitynews.eu\/de\/praesidenten-von-polen-litauen-lettland-und-estland-auf-dem-weg-nach-kiew\/","title":{"rendered":"Pr\u00e4sidenten von Polen, Litauen, Lettland und Estland auf dem Weg nach Kiew"},"content":{"rendered":"<h5><strong>Der polnische Pr<\/strong><strong>\u00e4<\/strong><strong>sident Andrzej Duda, der vom litauischen Pr<\/strong><strong>\u00e4<\/strong><strong>sidenten Gitanas Nauseda, dem lettischen Pr<\/strong><strong>\u00e4<\/strong><strong>sidenten Egils Levits und dem estnischen Pr<\/strong><strong>\u00e4<\/strong><strong>sidenten Alar Karis begleitet wird, ist auf dem Weg nach Kiew, um den ukrainischen Pr<\/strong><strong>\u00e4<\/strong><strong>sidenten Wolodymyr Selenskyj zu treffen.<\/strong><\/h5>\n<p>\u201eDieser Besuch hat einen spezifischen Charakter. Der Pr\u00e4sident befindet sich im Kriegsgebiet. Ich kann nur sagen, dass sich der Pr\u00e4sident zusammen mit den Pr\u00e4sidenten von Litauen, Lettland und Estland auf dem Territorium der Ukraine befindet\u201d, sagte Pawe\u0142 Szrot, Kabinettschef des Pr\u00e4sidenten, dem polnischen Fernsehsender Polsat News.<\/p>\n<p>Nach Angaben von Pawe\u0142 Szrot werden sich die Gespr\u00e4che in Kiew auf m\u00f6gliche Formen der Unterst\u00fctzung f\u00fcr die Ukraine konzentrieren. Er erinnerte daran, dass Polen und die baltischen Staaten unsere \u00f6stlichen Nachbarn sehr konkret unterst\u00fctzen, sowohl in Form von Hilfe f\u00fcr die Millionen von Fl\u00fcchtlingen, die die Grenze \u00fcberquert haben, als auch in Form von Unterst\u00fctzung bei der Durchf\u00fchrung von Verteidigungsma\u00dfnahmen.<\/p>\n<p>Jakub Kumoch, Staatssekret\u00e4r in der Pr\u00e4sidentenkanzlei, der den polnischen Pr\u00e4sidenten zusammen mit dem Leiter des Nationalen Sicherheitsb\u00fcros Pawel Soloch und dem stellvertretenden Au\u00dfenminister Marcin Przydacz begleitet, sagte seinerseits: \u201eUnser Ziel ist es, Pr\u00e4sident Selenskyj und die Verteidiger der Ukraine in einem f\u00fcr das Land entscheidenden Moment zu unterst\u00fctzen\u201d.<\/p>\n<p>Vor der Abreise nach Kiew fand am Dienstagabend, dem 12. April, in Rzesz\u00f3w ein au\u00dferordentliches Gipfeltreffen des polnischen und der baltischen Staatschefs statt, das ganz der Lage in der Ukraine gewidmet war. Nach Angaben der Pr\u00e4sidentenkanzlei sei das Treffen eine Gelegenheit gewesen, die Sicherheitslage in der Ukraine und der Region sowie M\u00f6glichkeiten zur Unterst\u00fctzung der Ukraine zu er\u00f6rtern.<\/p>\n<p>Adrian Andrzejewski<\/p>\n","protected":false},"excerpt":{"rendered":"<p>Der polnische Pr\u00e4sident Andrzej Duda, der vom litauischen Pr\u00e4sidenten Gitanas Nauseda, dem lettischen Pr\u00e4sidenten Egils Levits und dem estnischen Pr\u00e4sidenten Alar Karis begleitet wird, ist auf dem Weg nach Kiew,&hellip;<\/p>\n","protected":false},"author":7,"featured_media":14326,"comment_status":"closed","ping_status":"open","sticky":false,"template":"","format":"standard","meta":{"_mi_skip_tracking":false,"footnotes":""},"categories":[53],"tags":[],"class_list":["post-14378","post","type-post","status-publish","format-standard","has-post-thumbnail","hentry","category-nachrichten"],"yoast_head":"<!-- This site is optimized with the Yoast SEO plugin v19.4 - https:\/\/yoast.com\/wordpress\/plugins\/seo\/ -->\n<title>Pr\u00e4sidenten von Polen, Litauen, Lettland und Estland auf dem Weg nach Kiew - W\u00fcrde - DignityNews.eu<\/title>\n<meta name=\"robots\" content=\"index, follow, max-snippet:-1, max-image-preview:large, max-video-preview:-1\" \/>\n<link rel=\"canonical\" href=\"https:\/\/dignitynews.eu\/de\/praesidenten-von-polen-litauen-lettland-und-estland-auf-dem-weg-nach-kiew\/\" \/>\n<meta property=\"og:locale\" content=\"de_DE\" \/>\n<meta property=\"og:type\" content=\"article\" \/>\n<meta property=\"og:title\" content=\"Pr\u00e4sidenten von Polen, Litauen, Lettland und Estland auf dem Weg nach Kiew - W\u00fcrde - DignityNews.eu\" \/>\n<meta property=\"og:description\" content=\"Der polnische Pr\u00e4sident Andrzej Duda, der vom litauischen Pr\u00e4sidenten Gitanas Nauseda, dem lettischen Pr\u00e4sidenten Egils Levits und dem estnischen Pr\u00e4sidenten Alar Karis begleitet wird, ist auf dem Weg nach Kiew,&hellip;\" \/>\n<meta property=\"og:url\" content=\"https:\/\/dignitynews.eu\/de\/praesidenten-von-polen-litauen-lettland-und-estland-auf-dem-weg-nach-kiew\/\" \/>\n<meta property=\"og:site_name\" content=\"W\u00fcrde - DignityNews.eu\" \/>\n<meta property=\"article:published_time\" content=\"2022-04-13T08:41:20+00:00\" \/>\n<meta property=\"article:modified_time\" content=\"2022-04-13T13:54:00+00:00\" \/>\n<meta property=\"og:image\" content=\"https:\/\/dignitynews.eu\/wp-content\/uploads\/2022\/04\/Andrzej_Duda_prezydenci_Kijow-fot.-Jakub-Szymczuk-KPRP.jpg\" \/>\n\t<meta property=\"og:image:width\" content=\"1600\" \/>\n\t<meta property=\"og:image:height\" content=\"1067\" \/>\n\t<meta property=\"og:image:type\" content=\"image\/jpeg\" \/>\n<meta name=\"author\" content=\"Dignity News\" \/>\n<meta name=\"twitter:card\" content=\"summary_large_image\" \/>\n<meta name=\"twitter:label1\" content=\"Verfasst von\" \/>\n\t<meta name=\"twitter:data1\" content=\"Dignity News\" \/>\n\t<meta name=\"twitter:label2\" content=\"Gesch\u00e4tzte Lesezeit\" \/>\n\t<meta name=\"twitter:data2\" content=\"1\u00a0Minute\" \/>\n<script type=\"application\/ld+json\" class=\"yoast-schema-graph\">{\"@context\":\"https:\/\/schema.org\",\"@graph\":[{\"@type\":\"WebSite\",\"@id\":\"https:\/\/dignitynews.eu\/pl\/#website\",\"url\":\"https:\/\/dignitynews.eu\/pl\/\",\"name\":\"W\u00fcrde - DignityNews.eu\",\"description\":\"\",\"potentialAction\":[{\"@type\":\"SearchAction\",\"target\":{\"@type\":\"EntryPoint\",\"urlTemplate\":\"https:\/\/dignitynews.eu\/pl\/?s={search_term_string}\"},\"query-input\":\"required name=search_term_string\"}],\"inLanguage\":\"de\"},{\"@type\":\"WebPage\",\"@id\":\"https:\/\/dignitynews.eu\/de\/praesidenten-von-polen-litauen-lettland-und-estland-auf-dem-weg-nach-kiew\/\",\"url\":\"https:\/\/dignitynews.eu\/de\/praesidenten-von-polen-litauen-lettland-und-estland-auf-dem-weg-nach-kiew\/\",\"name\":\"Pr\u00e4sidenten von Polen, Litauen, Lettland und Estland auf dem Weg nach Kiew - W\u00fcrde - DignityNews.eu\",\"isPartOf\":{\"@id\":\"https:\/\/dignitynews.eu\/pl\/#website\"},\"datePublished\":\"2022-04-13T08:41:20+00:00\",\"dateModified\":\"2022-04-13T13:54:00+00:00\",\"author\":{\"@id\":\"https:\/\/dignitynews.eu\/pl\/#\/schema\/person\/0b62b762b8174802fabc81a3ecb1bfcb\"},\"breadcrumb\":{\"@id\":\"https:\/\/dignitynews.eu\/de\/praesidenten-von-polen-litauen-lettland-und-estland-auf-dem-weg-nach-kiew\/#breadcrumb\"},\"inLanguage\":\"de\",\"potentialAction\":[{\"@type\":\"ReadAction\",\"target\":[\"https:\/\/dignitynews.eu\/de\/praesidenten-von-polen-litauen-lettland-und-estland-auf-dem-weg-nach-kiew\/\"]}]},{\"@type\":\"BreadcrumbList\",\"@id\":\"https:\/\/dignitynews.eu\/de\/praesidenten-von-polen-litauen-lettland-und-estland-auf-dem-weg-nach-kiew\/#breadcrumb\",\"itemListElement\":[{\"@type\":\"ListItem\",\"position\":1,\"name\":\"Strona g\u0142\u00f3wna\",\"item\":\"https:\/\/dignitynews.eu\/de\/\"},{\"@type\":\"ListItem\",\"position\":2,\"name\":\"Pr\u00e4sidenten von Polen, Litauen, Lettland und Estland auf dem Weg nach Kiew\"}]},{\"@type\":\"Person\",\"@id\":\"https:\/\/dignitynews.eu\/pl\/#\/schema\/person\/0b62b762b8174802fabc81a3ecb1bfcb\",\"name\":\"Dignity News\",\"image\":{\"@type\":\"ImageObject\",\"inLanguage\":\"de\",\"@id\":\"https:\/\/dignitynews.eu\/pl\/#\/schema\/person\/image\/\",\"url\":\"https:\/\/secure.gravatar.com\/avatar\/97963171a6d9108f8381bbefb1c6b150c445b6ddd9e3077b96c86cf5892c85dc?s=96&d=mm&r=g\",\"contentUrl\":\"https:\/\/secure.gravatar.com\/avatar\/97963171a6d9108f8381bbefb1c6b150c445b6ddd9e3077b96c86cf5892c85dc?s=96&d=mm&r=g\",\"caption\":\"Dignity News\"},\"url\":\"https:\/\/dignitynews.eu\/de\/author\/mikolaj-palade\/\"}]}<\/script>\n<!-- \/ Yoast SEO plugin. -->","yoast_head_json":{"title":"Pr\u00e4sidenten von Polen, Litauen, Lettland und Estland auf dem Weg nach Kiew - W\u00fcrde - DignityNews.eu","robots":{"index":"index","follow":"follow","max-snippet":"max-snippet:-1","max-image-preview":"max-image-preview:large","max-video-preview":"max-video-preview:-1"},"canonical":"https:\/\/dignitynews.eu\/de\/praesidenten-von-polen-litauen-lettland-und-estland-auf-dem-weg-nach-kiew\/","og_locale":"de_DE","og_type":"article","og_title":"Pr\u00e4sidenten von Polen, Litauen, Lettland und Estland auf dem Weg nach Kiew - W\u00fcrde - DignityNews.eu","og_description":"Der polnische Pr\u00e4sident Andrzej Duda, der vom litauischen Pr\u00e4sidenten Gitanas Nauseda, dem lettischen Pr\u00e4sidenten Egils Levits und dem estnischen Pr\u00e4sidenten Alar Karis begleitet wird, ist auf dem Weg nach Kiew,&hellip;","og_url":"https:\/\/dignitynews.eu\/de\/praesidenten-von-polen-litauen-lettland-und-estland-auf-dem-weg-nach-kiew\/","og_site_name":"W\u00fcrde - DignityNews.eu","article_published_time":"2022-04-13T08:41:20+00:00","article_modified_time":"2022-04-13T13:54:00+00:00","og_image":[{"width":1600,"height":1067,"url":"https:\/\/dignitynews.eu\/wp-content\/uploads\/2022\/04\/Andrzej_Duda_prezydenci_Kijow-fot.-Jakub-Szymczuk-KPRP.jpg","type":"image\/jpeg"}],"author":"Dignity News","twitter_card":"summary_large_image","twitter_misc":{"Verfasst von":"Dignity News","Gesch\u00e4tzte Lesezeit":"1\u00a0Minute"},"schema":{"@context":"https:\/\/schema.org","@graph":[{"@type":"WebSite","@id":"https:\/\/dignitynews.eu\/pl\/#website","url":"https:\/\/dignitynews.eu\/pl\/","name":"W\u00fcrde - DignityNews.eu","description":"","potentialAction":[{"@type":"SearchAction","target":{"@type":"EntryPoint","urlTemplate":"https:\/\/dignitynews.eu\/pl\/?s={search_term_string}"},"query-input":"required name=search_term_string"}],"inLanguage":"de"},{"@type":"WebPage","@id":"https:\/\/dignitynews.eu\/de\/praesidenten-von-polen-litauen-lettland-und-estland-auf-dem-weg-nach-kiew\/","url":"https:\/\/dignitynews.eu\/de\/praesidenten-von-polen-litauen-lettland-und-estland-auf-dem-weg-nach-kiew\/","name":"Pr\u00e4sidenten von Polen, Litauen, Lettland und Estland auf dem Weg nach Kiew - W\u00fcrde - DignityNews.eu","isPartOf":{"@id":"https:\/\/dignitynews.eu\/pl\/#website"},"datePublished":"2022-04-13T08:41:20+00:00","dateModified":"2022-04-13T13:54:00+00:00","author":{"@id":"https:\/\/dignitynews.eu\/pl\/#\/schema\/person\/0b62b762b8174802fabc81a3ecb1bfcb"},"breadcrumb":{"@id":"https:\/\/dignitynews.eu\/de\/praesidenten-von-polen-litauen-lettland-und-estland-auf-dem-weg-nach-kiew\/#breadcrumb"},"inLanguage":"de","potentialAction":[{"@type":"ReadAction","target":["https:\/\/dignitynews.eu\/de\/praesidenten-von-polen-litauen-lettland-und-estland-auf-dem-weg-nach-kiew\/"]}]},{"@type":"BreadcrumbList","@id":"https:\/\/dignitynews.eu\/de\/praesidenten-von-polen-litauen-lettland-und-estland-auf-dem-weg-nach-kiew\/#breadcrumb","itemListElement":[{"@type":"ListItem","position":1,"name":"Strona g\u0142\u00f3wna","item":"https:\/\/dignitynews.eu\/de\/"},{"@type":"ListItem","position":2,"name":"Pr\u00e4sidenten von Polen, Litauen, Lettland und Estland auf dem Weg nach Kiew"}]},{"@type":"Person","@id":"https:\/\/dignitynews.eu\/pl\/#\/schema\/person\/0b62b762b8174802fabc81a3ecb1bfcb","name":"Dignity News","image":{"@type":"ImageObject","inLanguage":"de","@id":"https:\/\/dignitynews.eu\/pl\/#\/schema\/person\/image\/","url":"https:\/\/secure.gravatar.com\/avatar\/97963171a6d9108f8381bbefb1c6b150c445b6ddd9e3077b96c86cf5892c85dc?s=96&d=mm&r=g","contentUrl":"https:\/\/secure.gravatar.com\/avatar\/97963171a6d9108f8381bbefb1c6b150c445b6ddd9e3077b96c86cf5892c85dc?s=96&d=mm&r=g","caption":"Dignity News"},"url":"https:\/\/dignitynews.eu\/de\/author\/mikolaj-palade\/"}]}},"_links":{"self":[{"href":"https:\/\/dignitynews.eu\/de\/wp-json\/wp\/v2\/posts\/14378","targetHints":{"allow":["GET"]}}],"collection":[{"href":"https:\/\/dignitynews.eu\/de\/wp-json\/wp\/v2\/posts"}],"about":[{"href":"https:\/\/dignitynews.eu\/de\/wp-json\/wp\/v2\/types\/post"}],"author":[{"embeddable":true,"href":"https:\/\/dignitynews.eu\/de\/wp-json\/wp\/v2\/users\/7"}],"replies":[{"embeddable":true,"href":"https:\/\/dignitynews.eu\/de\/wp-json\/wp\/v2\/comments?post=14378"}],"version-history":[{"count":1,"href":"https:\/\/dignitynews.eu\/de\/wp-json\/wp\/v2\/posts\/14378\/revisions"}],"predecessor-version":[{"id":14379,"href":"https:\/\/dignitynews.eu\/de\/wp-json\/wp\/v2\/posts\/14378\/revisions\/14379"}],"wp:featuredmedia":[{"embeddable":true,"href":"https:\/\/dignitynews.eu\/de\/wp-json\/wp\/v2\/media\/14326"}],"wp:attachment":[{"href":"https:\/\/dignitynews.eu\/de\/wp-json\/wp\/v2\/media?parent=14378"}],"wp:term":[{"taxonomy":"category","embeddable":true,"href":"https:\/\/dignitynews.eu\/de\/wp-json\/wp\/v2\/categories?post=14378"},{"taxonomy":"post_tag","embeddable":true,"href":"https:\/\/dignitynews.eu\/de\/wp-json\/wp\/v2\/tags?post=14378"}],"curies":[{"name":"wp","href":"https:\/\/api.w.org\/{rel}","templated":true}]}}